{"id":2015,"date":"2025-11-26T14:09:39","date_gmt":"2025-11-26T13:09:39","guid":{"rendered":"https:\/\/www.asajacyl.com\/segovia\/?p=2015"},"modified":"2025-11-26T14:24:33","modified_gmt":"2025-11-26T13:24:33","slug":"asaja-segovia-comparte-la-sentencia-del-tribunal-supremo-donde-se-tumba-la-imposicion-de-reducir-la-cabana-porcina","status":"publish","type":"post","link":"https:\/\/www.asajacyl.com\/segovia\/asaja-segovia-informa\/noticias\/asaja-segovia-comparte-la-sentencia-del-tribunal-supremo-donde-se-tumba-la-imposicion-de-reducir-la-cabana-porcina","title":{"rendered":"ASAJA Segovia celebra la sentencia del TRIBUNAL SUPREMO, donde se tumba la imposici\u00f3n de reducir la caba\u00f1a porcina"},"content":{"rendered":"\n<p><strong>Segovia, 26 de noviembre de 2025.- <\/strong><a>Varapalo judicial al Ministerio: El Supremo tumba la imposici\u00f3n de reducir la caba\u00f1a porcina por falta de rigor econ\u00f3mico. Desde nuestra Organizaci\u00f3n Provincial celebramos que se aplique SENTIDO COM\u00daN en el sector ganadero.<\/a><\/p>\n\n\n\n<p>La Justicia da la raz\u00f3n al sector y anula la ampliaci\u00f3n obligatoria del espacio por cerdo. La sentencia confirma lo que ASAJA denunci\u00f3 desde el primer d\u00eda: no se puede legislar \u00aba golpe de decreto\u00bb sin evaluar la ruina que supone para el ganadero.<\/p>\n\n\n\n<p>El Tribunal Supremo ha puesto freno a la deriva legislativa del Ministerio de Agricultura. En una sentencia que marca un antes y un despu\u00e9s para la ganader\u00eda intensiva espa\u00f1ola, la Sala Tercera ha declarado la nulidad del apartado 4 de la disposici\u00f3n final cuarta del Real Decreto 159\/2023, la normativa que pretend\u00eda endurecer unilateralmente las condiciones de bienestar animal exigiendo m\u00e1s superficie libre por cerdo en las granjas.<\/p>\n\n\n\n<p>Este fallo no es solo una victoria jur\u00eddica para la empresa recurrente \u2014la ganadera navarra Granja Los Alecos S.L.\u2014, sino un respaldo total a los argumentos que ASAJA y el resto del sector han defendido ante una Administraci\u00f3n que parec\u00eda sorda a la realidad econ\u00f3mica del campo.<\/p>\n\n\n\n<p><strong><em>El motivo de la anulaci\u00f3n: Legislar sin hacer los n\u00fameros.<\/em><\/strong><\/p>\n\n\n\n<p>El Alto Tribunal ha sido contundente en su argumentaci\u00f3n. La nulidad de la norma se basa en un vicio de procedimiento inaceptable: la insuficiencia de la Memoria de An\u00e1lisis de Impacto Normativo (MAIN).<\/p>\n\n\n\n<p>Cuando el Gobierno aprob\u00f3 este decreto en marzo de 2023, asegur\u00f3 en su memoria econ\u00f3mica que la medida tendr\u00eda un impacto \u00abnulo\u00bb o m\u00ednimo. El Supremo ha calificado esta afirmaci\u00f3n de irreal. Los magistrados razonan que exigir una menor densidad de animales (m\u00e1s metros cuadrados por cerdo) tiene una \u00abinnegable repercusi\u00f3n econ\u00f3mica\u00bb que el Ministerio ocult\u00f3 o ignor\u00f3 deliberadamente.<\/p>\n\n\n\n<p>La l\u00f3gica es aplastante y desmonta la tesis oficial:<\/p>\n\n\n\n<ul>\n<li>Menos animales o m\u00e1s ladrillo: Para cumplir con las nuevas tablas de densidad, el ganadero solo ten\u00eda dos opciones: reducir su caba\u00f1a (y por tanto sus ingresos directos) o acometer costosas inversiones para ampliar las naves.<\/li>\n\n\n\n<li>Costes inasumibles: El sector hab\u00eda estimado que la adaptaci\u00f3n a estas nuevas normas supondr\u00eda un coste medio de m\u00e1s de 300.000 euros por explotaci\u00f3n o una reducci\u00f3n de la capacidad productiva nacional de entre 4 y 8 millones de cerdos al a\u00f1o (entre un 7% y un 16% de las plazas).<\/li>\n<\/ul>\n\n\n\n<p><strong><em>\u00bfQu\u00e9 implica esta sentencia para el ganadero?<\/em><\/strong><\/p>\n\n\n\n<p>La anulaci\u00f3n tiene efectos inmediatos y directos sobre la planificaci\u00f3n de las granjas:<\/p>\n\n\n\n<p>&#8211; Adi\u00f3s a las nuevas tablas de densidad: Quedan anuladas las exigencias de superficie ampliada que impon\u00eda el RD 159\/2023 para lechones destetados y cerdos de producci\u00f3n.<\/p>\n\n\n\n<p>&#8211; Vuelta a la norma anterior: Al decaer este apartado, la referencia normativa para la densidad en granja vuelve a ser la establecida en el Real Decreto 1135\/2002, eliminando la obligaci\u00f3n de acometer obras urgentes o sacrificar rentabilidad reduciendo animales antes de 2025.<\/p>\n\n\n\n<p>&#8211; Seguridad jur\u00eddica: La sentencia sienta un precedente aviso a navegantes para el Ministerio: no se pueden aprobar normativas medioambientales o de bienestar animal (como la futura Ley de Bienestar Animal europea) sin una memoria econ\u00f3mica real que cuantifique el da\u00f1o al productor.<\/p>\n\n\n\n<p>Valoraci\u00f3n de ASAJA: \u00abEl papel lo aguanta todo, el ganadero no\u00bb<\/p>\n\n\n\n<p>Desde Asaja celebramos que el Tribunal Supremo haya puesto \u00abnegro sobre blanco\u00bb lo que era una evidencia en el campo. Somo los primeros interesados en cuidar nuestro ganado\u2014, pero nos oponemos frontalmente a la demagogia legislativa.<\/p>\n\n\n\n<p>Es inadmisible que la Administraci\u00f3n intente vender como &#8216;inocua&#8217; una medida que ataca directamente a la l\u00ednea de flotaci\u00f3n de la rentabilidad de nuestras explotaciones. profesionales. Esta sentencia nos da ox\u00edgeno y tiempo, pero debemos seguir vigilantes. La Administraci\u00f3n ha recibido un golpe, pero la presi\u00f3n ideol\u00f3gica sobre la ganader\u00eda intensiva contin\u00faa.<\/p>\n","protected":false},"excerpt":{"rendered":"<p>Segovia, 26 de noviembre de 2025.- Varapalo judicial al Ministerio: El Supremo tumba la imposici\u00f3n de reducir la caba\u00f1a porcina por falta de rigor econ\u00f3mico. Desde nuestra Organizaci\u00f3n Provincial celebramos que se aplique SENTIDO COM\u00daN en el sector ganadero. La Justicia da la raz\u00f3n al sector y anula la ampliaci\u00f3n obligatoria del espacio por cerdo. [&hellip;]<\/p>\n","protected":false},"author":11,"featured_media":2017,"comment_status":"open","ping_status":"open","sticky":false,"template":"","format":"standard","meta":{"footnotes":""},"categories":[10,27,26],"tags":[],"yoast_head":"<!-- This site is optimized with the Yoast SEO plugin v24.5 - https:\/\/yoast.com\/wordpress\/plugins\/seo\/ -->\n<title>ASAJA Segovia celebra la sentencia del TRIBUNAL SUPREMO, donde se tumba la imposici\u00f3n de reducir la caba\u00f1a porcina - ASAJA Segovia<\/title>\n<meta name=\"description\" content=\"Segovia, 26 de noviembre de 2025.- Varapalo judicial al Ministerio: El Supremo tumba la imposici\u00f3n de reducir la caba\u00f1a porcina por falta de rigor\" \/>\n<meta name=\"robots\" content=\"index, follow, max-snippet:-1, max-image-preview:large, max-video-preview:-1\" \/>\n<link rel=\"canonical\" href=\"https:\/\/www.asajacyl.com\/segovia\/asaja-segovia-informa\/noticias\/asaja-segovia-comparte-la-sentencia-del-tribunal-supremo-donde-se-tumba-la-imposicion-de-reducir-la-cabana-porcina\" \/>\n<meta property=\"og:locale\" content=\"es_ES\" \/>\n<meta property=\"og:type\" content=\"article\" \/>\n<meta property=\"og:title\" content=\"ASAJA Segovia celebra la sentencia del TRIBUNAL SUPREMO, donde se tumba la imposici\u00f3n de reducir la caba\u00f1a porcina - ASAJA Segovia\" \/>\n<meta property=\"og:description\" content=\"Segovia, 26 de noviembre de 2025.- Varapalo judicial al Ministerio: El Supremo tumba la imposici\u00f3n de reducir la caba\u00f1a porcina por falta de rigor\" \/>\n<meta property=\"og:url\" content=\"https:\/\/www.asajacyl.com\/segovia\/asaja-segovia-informa\/noticias\/asaja-segovia-comparte-la-sentencia-del-tribunal-supremo-donde-se-tumba-la-imposicion-de-reducir-la-cabana-porcina\" \/>\n<meta property=\"og:site_name\" content=\"ASAJA Segovia\" \/>\n<meta property=\"article:published_time\" content=\"2025-11-26T13:09:39+00:00\" \/>\n<meta property=\"article:modified_time\" content=\"2025-11-26T13:24:33+00:00\" \/>\n<meta property=\"og:image\" content=\"https:\/\/www.asajacyl.com\/segovia\/wp-content\/uploads\/sites\/8\/2025\/11\/CERDOS-1-1.jpg\" \/>\n\t<meta property=\"og:image:width\" content=\"1024\" \/>\n\t<meta property=\"og:image:height\" content=\"576\" \/>\n\t<meta property=\"og:image:type\" content=\"image\/jpeg\" \/>\n<meta name=\"author\" content=\"Alicia\" \/>\n<meta name=\"twitter:card\" content=\"summary_large_image\" \/>\n<meta name=\"twitter:label1\" content=\"Escrito por\" \/>\n\t<meta name=\"twitter:data1\" content=\"Alicia\" \/>\n\t<meta name=\"twitter:label2\" content=\"Tiempo de lectura\" \/>\n\t<meta name=\"twitter:data2\" content=\"4 minutos\" \/>\n<script type=\"application\/ld+json\" class=\"yoast-schema-graph\">{\"@context\":\"https:\/\/schema.org\",\"@graph\":[{\"@type\":\"WebPage\",\"@id\":\"https:\/\/www.asajacyl.com\/segovia\/asaja-segovia-informa\/noticias\/asaja-segovia-comparte-la-sentencia-del-tribunal-supremo-donde-se-tumba-la-imposicion-de-reducir-la-cabana-porcina\",\"url\":\"https:\/\/www.asajacyl.com\/segovia\/asaja-segovia-informa\/noticias\/asaja-segovia-comparte-la-sentencia-del-tribunal-supremo-donde-se-tumba-la-imposicion-de-reducir-la-cabana-porcina\",\"name\":\"ASAJA Segovia celebra la sentencia del TRIBUNAL SUPREMO, donde se tumba la imposici\u00f3n de reducir la caba\u00f1a porcina - ASAJA Segovia\",\"isPartOf\":{\"@id\":\"https:\/\/www.asajacyl.com\/segovia\/#website\"},\"primaryImageOfPage\":{\"@id\":\"https:\/\/www.asajacyl.com\/segovia\/asaja-segovia-informa\/noticias\/asaja-segovia-comparte-la-sentencia-del-tribunal-supremo-donde-se-tumba-la-imposicion-de-reducir-la-cabana-porcina#primaryimage\"},\"image\":{\"@id\":\"https:\/\/www.asajacyl.com\/segovia\/asaja-segovia-informa\/noticias\/asaja-segovia-comparte-la-sentencia-del-tribunal-supremo-donde-se-tumba-la-imposicion-de-reducir-la-cabana-porcina#primaryimage\"},\"thumbnailUrl\":\"https:\/\/www.asajacyl.com\/segovia\/wp-content\/uploads\/sites\/8\/2025\/11\/CERDOS-1-1.jpg\",\"datePublished\":\"2025-11-26T13:09:39+00:00\",\"dateModified\":\"2025-11-26T13:24:33+00:00\",\"author\":{\"@id\":\"https:\/\/www.asajacyl.com\/segovia\/#\/schema\/person\/f044fca5805bb46713e11715709aef4d\"},\"description\":\"Segovia, 26 de noviembre de 2025.- Varapalo judicial al Ministerio: El Supremo tumba la imposici\u00f3n de reducir la caba\u00f1a porcina por falta de rigor\",\"breadcrumb\":{\"@id\":\"https:\/\/www.asajacyl.com\/segovia\/asaja-segovia-informa\/noticias\/asaja-segovia-comparte-la-sentencia-del-tribunal-supremo-donde-se-tumba-la-imposicion-de-reducir-la-cabana-porcina#breadcrumb\"},\"inLanguage\":\"es\",\"potentialAction\":[{\"@type\":\"ReadAction\",\"target\":[\"https:\/\/www.asajacyl.com\/segovia\/asaja-segovia-informa\/noticias\/asaja-segovia-comparte-la-sentencia-del-tribunal-supremo-donde-se-tumba-la-imposicion-de-reducir-la-cabana-porcina\"]}]},{\"@type\":\"ImageObject\",\"inLanguage\":\"es\",\"@id\":\"https:\/\/www.asajacyl.com\/segovia\/asaja-segovia-informa\/noticias\/asaja-segovia-comparte-la-sentencia-del-tribunal-supremo-donde-se-tumba-la-imposicion-de-reducir-la-cabana-porcina#primaryimage\",\"url\":\"https:\/\/www.asajacyl.com\/segovia\/wp-content\/uploads\/sites\/8\/2025\/11\/CERDOS-1-1.jpg\",\"contentUrl\":\"https:\/\/www.asajacyl.com\/segovia\/wp-content\/uploads\/sites\/8\/2025\/11\/CERDOS-1-1.jpg\",\"width\":1024,\"height\":576},{\"@type\":\"BreadcrumbList\",\"@id\":\"https:\/\/www.asajacyl.com\/segovia\/asaja-segovia-informa\/noticias\/asaja-segovia-comparte-la-sentencia-del-tribunal-supremo-donde-se-tumba-la-imposicion-de-reducir-la-cabana-porcina#breadcrumb\",\"itemListElement\":[{\"@type\":\"ListItem\",\"position\":1,\"name\":\"Portada\",\"item\":\"https:\/\/www.asajacyl.com\/segovia\/\"},{\"@type\":\"ListItem\",\"position\":2,\"name\":\"ASAJA Segovia celebra la sentencia del TRIBUNAL SUPREMO, donde se tumba la imposici\u00f3n de reducir la caba\u00f1a porcina\"}]},{\"@type\":\"WebSite\",\"@id\":\"https:\/\/www.asajacyl.com\/segovia\/#website\",\"url\":\"https:\/\/www.asajacyl.com\/segovia\/\",\"name\":\"ASAJA Segovia\",\"description\":\"Otro sitio m\u00e1s de Provincias ASAJA Castilla y Le\u00f3n\",\"potentialAction\":[{\"@type\":\"SearchAction\",\"target\":{\"@type\":\"EntryPoint\",\"urlTemplate\":\"https:\/\/www.asajacyl.com\/segovia\/?s={search_term_string}\"},\"query-input\":{\"@type\":\"PropertyValueSpecification\",\"valueRequired\":true,\"valueName\":\"search_term_string\"}}],\"inLanguage\":\"es\"},{\"@type\":\"Person\",\"@id\":\"https:\/\/www.asajacyl.com\/segovia\/#\/schema\/person\/f044fca5805bb46713e11715709aef4d\",\"name\":\"Alicia\",\"image\":{\"@type\":\"ImageObject\",\"inLanguage\":\"es\",\"@id\":\"https:\/\/www.asajacyl.com\/segovia\/#\/schema\/person\/image\/\",\"url\":\"https:\/\/secure.gravatar.com\/avatar\/054cff43263e39aa6e74950dc4bb1690?s=96&d=mm&r=g\",\"contentUrl\":\"https:\/\/secure.gravatar.com\/avatar\/054cff43263e39aa6e74950dc4bb1690?s=96&d=mm&r=g\",\"caption\":\"Alicia\"},\"url\":\"https:\/\/www.asajacyl.com\/segovia\/author\/aliciasc\"}]}<\/script>\n<!-- \/ Yoast SEO plugin. -->","yoast_head_json":{"title":"ASAJA Segovia celebra la sentencia del TRIBUNAL SUPREMO, donde se tumba la imposici\u00f3n de reducir la caba\u00f1a porcina - ASAJA Segovia","description":"Segovia, 26 de noviembre de 2025.- Varapalo judicial al Ministerio: El Supremo tumba la imposici\u00f3n de reducir la caba\u00f1a porcina por falta de rigor","robots":{"index":"index","follow":"follow","max-snippet":"max-snippet:-1","max-image-preview":"max-image-preview:large","max-video-preview":"max-video-preview:-1"},"canonical":"https:\/\/www.asajacyl.com\/segovia\/asaja-segovia-informa\/noticias\/asaja-segovia-comparte-la-sentencia-del-tribunal-supremo-donde-se-tumba-la-imposicion-de-reducir-la-cabana-porcina","og_locale":"es_ES","og_type":"article","og_title":"ASAJA Segovia celebra la sentencia del TRIBUNAL SUPREMO, donde se tumba la imposici\u00f3n de reducir la caba\u00f1a porcina - ASAJA Segovia","og_description":"Segovia, 26 de noviembre de 2025.- Varapalo judicial al Ministerio: El Supremo tumba la imposici\u00f3n de reducir la caba\u00f1a porcina por falta de rigor","og_url":"https:\/\/www.asajacyl.com\/segovia\/asaja-segovia-informa\/noticias\/asaja-segovia-comparte-la-sentencia-del-tribunal-supremo-donde-se-tumba-la-imposicion-de-reducir-la-cabana-porcina","og_site_name":"ASAJA Segovia","article_published_time":"2025-11-26T13:09:39+00:00","article_modified_time":"2025-11-26T13:24:33+00:00","og_image":[{"width":1024,"height":576,"url":"https:\/\/www.asajacyl.com\/segovia\/wp-content\/uploads\/sites\/8\/2025\/11\/CERDOS-1-1.jpg","type":"image\/jpeg"}],"author":"Alicia","twitter_card":"summary_large_image","twitter_misc":{"Escrito por":"Alicia","Tiempo de lectura":"4 minutos"},"schema":{"@context":"https:\/\/schema.org","@graph":[{"@type":"WebPage","@id":"https:\/\/www.asajacyl.com\/segovia\/asaja-segovia-informa\/noticias\/asaja-segovia-comparte-la-sentencia-del-tribunal-supremo-donde-se-tumba-la-imposicion-de-reducir-la-cabana-porcina","url":"https:\/\/www.asajacyl.com\/segovia\/asaja-segovia-informa\/noticias\/asaja-segovia-comparte-la-sentencia-del-tribunal-supremo-donde-se-tumba-la-imposicion-de-reducir-la-cabana-porcina","name":"ASAJA Segovia celebra la sentencia del TRIBUNAL SUPREMO, donde se tumba la imposici\u00f3n de reducir la caba\u00f1a porcina - ASAJA Segovia","isPartOf":{"@id":"https:\/\/www.asajacyl.com\/segovia\/#website"},"primaryImageOfPage":{"@id":"https:\/\/www.asajacyl.com\/segovia\/asaja-segovia-informa\/noticias\/asaja-segovia-comparte-la-sentencia-del-tribunal-supremo-donde-se-tumba-la-imposicion-de-reducir-la-cabana-porcina#primaryimage"},"image":{"@id":"https:\/\/www.asajacyl.com\/segovia\/asaja-segovia-informa\/noticias\/asaja-segovia-comparte-la-sentencia-del-tribunal-supremo-donde-se-tumba-la-imposicion-de-reducir-la-cabana-porcina#primaryimage"},"thumbnailUrl":"https:\/\/www.asajacyl.com\/segovia\/wp-content\/uploads\/sites\/8\/2025\/11\/CERDOS-1-1.jpg","datePublished":"2025-11-26T13:09:39+00:00","dateModified":"2025-11-26T13:24:33+00:00","author":{"@id":"https:\/\/www.asajacyl.com\/segovia\/#\/schema\/person\/f044fca5805bb46713e11715709aef4d"},"description":"Segovia, 26 de noviembre de 2025.- Varapalo judicial al Ministerio: El Supremo tumba la imposici\u00f3n de reducir la caba\u00f1a porcina por falta de rigor","breadcrumb":{"@id":"https:\/\/www.asajacyl.com\/segovia\/asaja-segovia-informa\/noticias\/asaja-segovia-comparte-la-sentencia-del-tribunal-supremo-donde-se-tumba-la-imposicion-de-reducir-la-cabana-porcina#breadcrumb"},"inLanguage":"es","potentialAction":[{"@type":"ReadAction","target":["https:\/\/www.asajacyl.com\/segovia\/asaja-segovia-informa\/noticias\/asaja-segovia-comparte-la-sentencia-del-tribunal-supremo-donde-se-tumba-la-imposicion-de-reducir-la-cabana-porcina"]}]},{"@type":"ImageObject","inLanguage":"es","@id":"https:\/\/www.asajacyl.com\/segovia\/asaja-segovia-informa\/noticias\/asaja-segovia-comparte-la-sentencia-del-tribunal-supremo-donde-se-tumba-la-imposicion-de-reducir-la-cabana-porcina#primaryimage","url":"https:\/\/www.asajacyl.com\/segovia\/wp-content\/uploads\/sites\/8\/2025\/11\/CERDOS-1-1.jpg","contentUrl":"https:\/\/www.asajacyl.com\/segovia\/wp-content\/uploads\/sites\/8\/2025\/11\/CERDOS-1-1.jpg","width":1024,"height":576},{"@type":"BreadcrumbList","@id":"https:\/\/www.asajacyl.com\/segovia\/asaja-segovia-informa\/noticias\/asaja-segovia-comparte-la-sentencia-del-tribunal-supremo-donde-se-tumba-la-imposicion-de-reducir-la-cabana-porcina#breadcrumb","itemListElement":[{"@type":"ListItem","position":1,"name":"Portada","item":"https:\/\/www.asajacyl.com\/segovia\/"},{"@type":"ListItem","position":2,"name":"ASAJA Segovia celebra la sentencia del TRIBUNAL SUPREMO, donde se tumba la imposici\u00f3n de reducir la caba\u00f1a porcina"}]},{"@type":"WebSite","@id":"https:\/\/www.asajacyl.com\/segovia\/#website","url":"https:\/\/www.asajacyl.com\/segovia\/","name":"ASAJA Segovia","description":"Otro sitio m\u00e1s de Provincias ASAJA Castilla y Le\u00f3n","potentialAction":[{"@type":"SearchAction","target":{"@type":"EntryPoint","urlTemplate":"https:\/\/www.asajacyl.com\/segovia\/?s={search_term_string}"},"query-input":{"@type":"PropertyValueSpecification","valueRequired":true,"valueName":"search_term_string"}}],"inLanguage":"es"},{"@type":"Person","@id":"https:\/\/www.asajacyl.com\/segovia\/#\/schema\/person\/f044fca5805bb46713e11715709aef4d","name":"Alicia","image":{"@type":"ImageObject","inLanguage":"es","@id":"https:\/\/www.asajacyl.com\/segovia\/#\/schema\/person\/image\/","url":"https:\/\/secure.gravatar.com\/avatar\/054cff43263e39aa6e74950dc4bb1690?s=96&d=mm&r=g","contentUrl":"https:\/\/secure.gravatar.com\/avatar\/054cff43263e39aa6e74950dc4bb1690?s=96&d=mm&r=g","caption":"Alicia"},"url":"https:\/\/www.asajacyl.com\/segovia\/author\/aliciasc"}]}},"_links":{"self":[{"href":"https:\/\/www.asajacyl.com\/segovia\/wp-json\/wp\/v2\/posts\/2015"}],"collection":[{"href":"https:\/\/www.asajacyl.com\/segovia\/wp-json\/wp\/v2\/posts"}],"about":[{"href":"https:\/\/www.asajacyl.com\/segovia\/wp-json\/wp\/v2\/types\/post"}],"author":[{"embeddable":true,"href":"https:\/\/www.asajacyl.com\/segovia\/wp-json\/wp\/v2\/users\/11"}],"replies":[{"embeddable":true,"href":"https:\/\/www.asajacyl.com\/segovia\/wp-json\/wp\/v2\/comments?post=2015"}],"version-history":[{"count":2,"href":"https:\/\/www.asajacyl.com\/segovia\/wp-json\/wp\/v2\/posts\/2015\/revisions"}],"predecessor-version":[{"id":2019,"href":"https:\/\/www.asajacyl.com\/segovia\/wp-json\/wp\/v2\/posts\/2015\/revisions\/2019"}],"wp:featuredmedia":[{"embeddable":true,"href":"https:\/\/www.asajacyl.com\/segovia\/wp-json\/wp\/v2\/media\/2017"}],"wp:attachment":[{"href":"https:\/\/www.asajacyl.com\/segovia\/wp-json\/wp\/v2\/media?parent=2015"}],"wp:term":[{"taxonomy":"category","embeddable":true,"href":"https:\/\/www.asajacyl.com\/segovia\/wp-json\/wp\/v2\/categories?post=2015"},{"taxonomy":"post_tag","embeddable":true,"href":"https:\/\/www.asajacyl.com\/segovia\/wp-json\/wp\/v2\/tags?post=2015"}],"curies":[{"name":"wp","href":"https:\/\/api.w.org\/{rel}","templated":true}]}}