{"id":2020,"date":"2025-12-01T12:00:13","date_gmt":"2025-12-01T11:00:13","guid":{"rendered":"https:\/\/www.asajacyl.com\/segovia\/?p=2020"},"modified":"2025-12-01T12:00:15","modified_gmt":"2025-12-01T11:00:15","slug":"asaja-segovia-solicita-a-la-delegacion-de-la-junta-de-castilla-y-leon-en-nuestra-provincia-acciones-para-minimizar-el-riesgo-de-entrada-de-las-peste-porcina-africana","status":"publish","type":"post","link":"https:\/\/www.asajacyl.com\/segovia\/asaja-segovia-informa\/asaja-segovia-solicita-a-la-delegacion-de-la-junta-de-castilla-y-leon-en-nuestra-provincia-acciones-para-minimizar-el-riesgo-de-entrada-de-las-peste-porcina-africana","title":{"rendered":"ASAJA Segovia solicita a la Delegaci\u00f3n de la Junta de Castilla y Le\u00f3n en nuestra provincia acciones para minimizar el riesgo de entrada de las Peste Porcina Africana."},"content":{"rendered":"\n<p><strong>Segovia, 1 de diciembre de 2025.- <\/strong><a>Nuestra Organizaci\u00f3n Agraria Provincial ha solicitado a nuestra Delegada y a los Jefes de Servicio de las distintas \u00e1reas implicadas (Medio Ambiente y Agricultura) articular medidas espec\u00edficas para minimizar los riegos de entrada de la Peste Porcina Africana (PPA) a nuestra provincia.<\/a><\/p>\n\n\n\n<p>Hay que destacar que solo se ha detectado PPA en jabal\u00edes en la provincia de Barcelona, pero hay que poner los medios necesarios para minimizar los posibles riesgos de entrada de la enfermedad en nuestra provincia. La fauna silvestre est\u00e1 provocando estragos a nuestra ganader\u00eda y hay que poner los medios necesarios para parar estos da\u00f1os.<\/p>\n\n\n\n<p>Desde ASAJA Segovia se ha solicitado a la Delegaci\u00f3n de Medio Ambiente y Agricultura en nuestra provincia las siguientes medidas:<\/p>\n\n\n\n<ul>\n<li>Se puedan abatir jabal\u00edes en toda la provincia con cualquier modalidad de caza: espera, al salto, aguardo, monter\u00eda,\u2026, durante todos meses del a\u00f1o, sin necesidad de permiso especial.<\/li>\n\n\n\n<li>Se proh\u00edba la comercializaci\u00f3n y entrada de jabal\u00edes a nuestra provincia.<\/li>\n\n\n\n<li>Control de los medios de trasporte que tengan tr\u00e1nsito con las zonas afectadas. Deben de disponer de la desinfecci\u00f3n de los veh\u00edculos de forma adecuada.<\/li>\n\n\n\n<li>Los agentes medio ambientales tengan un trabajo activo en la b\u00fasqueda de posibles animales afectados.<\/li>\n<\/ul>\n\n\n\n<p>Recomendamos a todos los ganaderos que revisen sus controles y medios de bioseguridad para minimizar el riesgo.<\/p>\n\n\n\n<p>Hay que rese\u00f1ar que la PPA no afecta a la salud humana y la seguridad alimentaria del consumo de productos c\u00e1rnicos es total.<\/p>\n\n\n\n<p>El Sector Porcino, tanto en su vertiente de producci\u00f3n de capa blanca como ib\u00e9rico, es el principal sector ganadero de nuestra provincia. Disponemos de una caba\u00f1a de en torno a 135.000 madres-reproductoras lo que se traduce en una caba\u00f1a aproximada de 1,2 millones de cabezas. La producci\u00f3n de carne y ganado de porcino en Segovia supera los 300 millones euros.<\/p>\n\n\n\n<p>El sector porcino tiene una gran actividad econ\u00f3mica en nuestra provincia, no solo la producci\u00f3n directa de cerdo y cochinillo, tambi\u00e9n toda la industria que trabaja a su alrededor: mataderos, industria chacinera, f\u00e1bricas de pienso, servicios veterinarios, trasportistas, hosteler\u00eda,\u2026<\/p>\n\n\n\n<p>El sector porcino ha creado en nuestra provincia 3.000 empleos directos y 5.000 indirectos, de estos datos se puede apreciar la importancia tan grande de este sector ganadero en la actividad econ\u00f3mico-social de nuestra provincia.<\/p>\n\n\n\n<p>Debido a la importancia de este sector ganadero en nuestra provincia, debemos tener una actitud activa y determinante, para minimizar cualquier riesgo de entrada de la PPA; y estas medidas deben de comenzar desde las Administraciones P\u00fablicas implicadas.<\/p>\n","protected":false},"excerpt":{"rendered":"<p>Segovia, 1 de diciembre de 2025.- Nuestra Organizaci\u00f3n Agraria Provincial ha solicitado a nuestra Delegada y a los Jefes de Servicio de las distintas \u00e1reas implicadas (Medio Ambiente y Agricultura) articular medidas espec\u00edficas para minimizar los riegos de entrada de la Peste Porcina Africana (PPA) a nuestra provincia. Hay que destacar que solo se ha [&hellip;]<\/p>\n","protected":false},"author":11,"featured_media":2021,"comment_status":"open","ping_status":"open","sticky":false,"template":"","format":"standard","meta":{"footnotes":""},"categories":[10,27,26],"tags":[],"yoast_head":"<!-- This site is optimized with the Yoast SEO plugin v24.5 - https:\/\/yoast.com\/wordpress\/plugins\/seo\/ -->\n<title>ASAJA Segovia solicita a la Delegaci\u00f3n de la Junta de Castilla y Le\u00f3n en nuestra provincia acciones para minimizar el riesgo de entrada de las Peste Porcina Africana. - ASAJA Segovia<\/title>\n<meta name=\"description\" content=\"Segovia, 1 de diciembre de 2025.- Nuestra Organizaci\u00f3n Agraria Provincial ha solicitado a nuestra Delegada y a los Jefes de Servicio de las distintas\" \/>\n<meta name=\"robots\" content=\"index, follow, max-snippet:-1, max-image-preview:large, max-video-preview:-1\" \/>\n<link rel=\"canonical\" href=\"https:\/\/www.asajacyl.com\/segovia\/asaja-segovia-informa\/asaja-segovia-solicita-a-la-delegacion-de-la-junta-de-castilla-y-leon-en-nuestra-provincia-acciones-para-minimizar-el-riesgo-de-entrada-de-las-peste-porcina-africana\" \/>\n<meta property=\"og:locale\" content=\"es_ES\" \/>\n<meta property=\"og:type\" content=\"article\" \/>\n<meta property=\"og:title\" content=\"ASAJA Segovia solicita a la Delegaci\u00f3n de la Junta de Castilla y Le\u00f3n en nuestra provincia acciones para minimizar el riesgo de entrada de las Peste Porcina Africana. - ASAJA Segovia\" \/>\n<meta property=\"og:description\" content=\"Segovia, 1 de diciembre de 2025.- Nuestra Organizaci\u00f3n Agraria Provincial ha solicitado a nuestra Delegada y a los Jefes de Servicio de las distintas\" \/>\n<meta property=\"og:url\" content=\"https:\/\/www.asajacyl.com\/segovia\/asaja-segovia-informa\/asaja-segovia-solicita-a-la-delegacion-de-la-junta-de-castilla-y-leon-en-nuestra-provincia-acciones-para-minimizar-el-riesgo-de-entrada-de-las-peste-porcina-africana\" \/>\n<meta property=\"og:site_name\" content=\"ASAJA Segovia\" \/>\n<meta property=\"article:published_time\" content=\"2025-12-01T11:00:13+00:00\" \/>\n<meta property=\"article:modified_time\" content=\"2025-12-01T11:00:15+00:00\" \/>\n<meta property=\"og:image\" content=\"https:\/\/www.asajacyl.com\/segovia\/wp-content\/uploads\/sites\/8\/2025\/12\/jabali.jpg\" \/>\n\t<meta property=\"og:image:width\" content=\"800\" \/>\n\t<meta property=\"og:image:height\" content=\"533\" \/>\n\t<meta property=\"og:image:type\" content=\"image\/jpeg\" \/>\n<meta name=\"author\" content=\"Alicia\" \/>\n<meta name=\"twitter:card\" content=\"summary_large_image\" \/>\n<meta name=\"twitter:label1\" content=\"Escrito por\" \/>\n\t<meta name=\"twitter:data1\" content=\"Alicia\" \/>\n\t<meta name=\"twitter:label2\" content=\"Tiempo de lectura\" \/>\n\t<meta name=\"twitter:data2\" content=\"3 minutos\" \/>\n<script type=\"application\/ld+json\" class=\"yoast-schema-graph\">{\"@context\":\"https:\/\/schema.org\",\"@graph\":[{\"@type\":\"WebPage\",\"@id\":\"https:\/\/www.asajacyl.com\/segovia\/asaja-segovia-informa\/asaja-segovia-solicita-a-la-delegacion-de-la-junta-de-castilla-y-leon-en-nuestra-provincia-acciones-para-minimizar-el-riesgo-de-entrada-de-las-peste-porcina-africana\",\"url\":\"https:\/\/www.asajacyl.com\/segovia\/asaja-segovia-informa\/asaja-segovia-solicita-a-la-delegacion-de-la-junta-de-castilla-y-leon-en-nuestra-provincia-acciones-para-minimizar-el-riesgo-de-entrada-de-las-peste-porcina-africana\",\"name\":\"ASAJA Segovia solicita a la Delegaci\u00f3n de la Junta de Castilla y Le\u00f3n en nuestra provincia acciones para minimizar el riesgo de entrada de las Peste Porcina Africana. - ASAJA Segovia\",\"isPartOf\":{\"@id\":\"https:\/\/www.asajacyl.com\/segovia\/#website\"},\"primaryImageOfPage\":{\"@id\":\"https:\/\/www.asajacyl.com\/segovia\/asaja-segovia-informa\/asaja-segovia-solicita-a-la-delegacion-de-la-junta-de-castilla-y-leon-en-nuestra-provincia-acciones-para-minimizar-el-riesgo-de-entrada-de-las-peste-porcina-africana#primaryimage\"},\"image\":{\"@id\":\"https:\/\/www.asajacyl.com\/segovia\/asaja-segovia-informa\/asaja-segovia-solicita-a-la-delegacion-de-la-junta-de-castilla-y-leon-en-nuestra-provincia-acciones-para-minimizar-el-riesgo-de-entrada-de-las-peste-porcina-africana#primaryimage\"},\"thumbnailUrl\":\"https:\/\/www.asajacyl.com\/segovia\/wp-content\/uploads\/sites\/8\/2025\/12\/jabali.jpg\",\"datePublished\":\"2025-12-01T11:00:13+00:00\",\"dateModified\":\"2025-12-01T11:00:15+00:00\",\"author\":{\"@id\":\"https:\/\/www.asajacyl.com\/segovia\/#\/schema\/person\/f044fca5805bb46713e11715709aef4d\"},\"description\":\"Segovia, 1 de diciembre de 2025.- Nuestra Organizaci\u00f3n Agraria Provincial ha solicitado a nuestra Delegada y a los Jefes de Servicio de las distintas\",\"breadcrumb\":{\"@id\":\"https:\/\/www.asajacyl.com\/segovia\/asaja-segovia-informa\/asaja-segovia-solicita-a-la-delegacion-de-la-junta-de-castilla-y-leon-en-nuestra-provincia-acciones-para-minimizar-el-riesgo-de-entrada-de-las-peste-porcina-africana#breadcrumb\"},\"inLanguage\":\"es\",\"potentialAction\":[{\"@type\":\"ReadAction\",\"target\":[\"https:\/\/www.asajacyl.com\/segovia\/asaja-segovia-informa\/asaja-segovia-solicita-a-la-delegacion-de-la-junta-de-castilla-y-leon-en-nuestra-provincia-acciones-para-minimizar-el-riesgo-de-entrada-de-las-peste-porcina-africana\"]}]},{\"@type\":\"ImageObject\",\"inLanguage\":\"es\",\"@id\":\"https:\/\/www.asajacyl.com\/segovia\/asaja-segovia-informa\/asaja-segovia-solicita-a-la-delegacion-de-la-junta-de-castilla-y-leon-en-nuestra-provincia-acciones-para-minimizar-el-riesgo-de-entrada-de-las-peste-porcina-africana#primaryimage\",\"url\":\"https:\/\/www.asajacyl.com\/segovia\/wp-content\/uploads\/sites\/8\/2025\/12\/jabali.jpg\",\"contentUrl\":\"https:\/\/www.asajacyl.com\/segovia\/wp-content\/uploads\/sites\/8\/2025\/12\/jabali.jpg\",\"width\":800,\"height\":533},{\"@type\":\"BreadcrumbList\",\"@id\":\"https:\/\/www.asajacyl.com\/segovia\/asaja-segovia-informa\/asaja-segovia-solicita-a-la-delegacion-de-la-junta-de-castilla-y-leon-en-nuestra-provincia-acciones-para-minimizar-el-riesgo-de-entrada-de-las-peste-porcina-africana#breadcrumb\",\"itemListElement\":[{\"@type\":\"ListItem\",\"position\":1,\"name\":\"Portada\",\"item\":\"https:\/\/www.asajacyl.com\/segovia\/\"},{\"@type\":\"ListItem\",\"position\":2,\"name\":\"ASAJA Segovia solicita a la Delegaci\u00f3n de la Junta de Castilla y Le\u00f3n en nuestra provincia acciones para minimizar el riesgo de entrada de las Peste Porcina Africana.\"}]},{\"@type\":\"WebSite\",\"@id\":\"https:\/\/www.asajacyl.com\/segovia\/#website\",\"url\":\"https:\/\/www.asajacyl.com\/segovia\/\",\"name\":\"ASAJA Segovia\",\"description\":\"Otro sitio m\u00e1s de Provincias ASAJA Castilla y Le\u00f3n\",\"potentialAction\":[{\"@type\":\"SearchAction\",\"target\":{\"@type\":\"EntryPoint\",\"urlTemplate\":\"https:\/\/www.asajacyl.com\/segovia\/?s={search_term_string}\"},\"query-input\":{\"@type\":\"PropertyValueSpecification\",\"valueRequired\":true,\"valueName\":\"search_term_string\"}}],\"inLanguage\":\"es\"},{\"@type\":\"Person\",\"@id\":\"https:\/\/www.asajacyl.com\/segovia\/#\/schema\/person\/f044fca5805bb46713e11715709aef4d\",\"name\":\"Alicia\",\"image\":{\"@type\":\"ImageObject\",\"inLanguage\":\"es\",\"@id\":\"https:\/\/www.asajacyl.com\/segovia\/#\/schema\/person\/image\/\",\"url\":\"https:\/\/secure.gravatar.com\/avatar\/054cff43263e39aa6e74950dc4bb1690?s=96&d=mm&r=g\",\"contentUrl\":\"https:\/\/secure.gravatar.com\/avatar\/054cff43263e39aa6e74950dc4bb1690?s=96&d=mm&r=g\",\"caption\":\"Alicia\"},\"url\":\"https:\/\/www.asajacyl.com\/segovia\/author\/aliciasc\"}]}<\/script>\n<!-- \/ Yoast SEO plugin. -->","yoast_head_json":{"title":"ASAJA Segovia solicita a la Delegaci\u00f3n de la Junta de Castilla y Le\u00f3n en nuestra provincia acciones para minimizar el riesgo de entrada de las Peste Porcina Africana. - ASAJA Segovia","description":"Segovia, 1 de diciembre de 2025.- Nuestra Organizaci\u00f3n Agraria Provincial ha solicitado a nuestra Delegada y a los Jefes de Servicio de las distintas","robots":{"index":"index","follow":"follow","max-snippet":"max-snippet:-1","max-image-preview":"max-image-preview:large","max-video-preview":"max-video-preview:-1"},"canonical":"https:\/\/www.asajacyl.com\/segovia\/asaja-segovia-informa\/asaja-segovia-solicita-a-la-delegacion-de-la-junta-de-castilla-y-leon-en-nuestra-provincia-acciones-para-minimizar-el-riesgo-de-entrada-de-las-peste-porcina-africana","og_locale":"es_ES","og_type":"article","og_title":"ASAJA Segovia solicita a la Delegaci\u00f3n de la Junta de Castilla y Le\u00f3n en nuestra provincia acciones para minimizar el riesgo de entrada de las Peste Porcina Africana. - ASAJA Segovia","og_description":"Segovia, 1 de diciembre de 2025.- Nuestra Organizaci\u00f3n Agraria Provincial ha solicitado a nuestra Delegada y a los Jefes de Servicio de las distintas","og_url":"https:\/\/www.asajacyl.com\/segovia\/asaja-segovia-informa\/asaja-segovia-solicita-a-la-delegacion-de-la-junta-de-castilla-y-leon-en-nuestra-provincia-acciones-para-minimizar-el-riesgo-de-entrada-de-las-peste-porcina-africana","og_site_name":"ASAJA Segovia","article_published_time":"2025-12-01T11:00:13+00:00","article_modified_time":"2025-12-01T11:00:15+00:00","og_image":[{"width":800,"height":533,"url":"https:\/\/www.asajacyl.com\/segovia\/wp-content\/uploads\/sites\/8\/2025\/12\/jabali.jpg","type":"image\/jpeg"}],"author":"Alicia","twitter_card":"summary_large_image","twitter_misc":{"Escrito por":"Alicia","Tiempo de lectura":"3 minutos"},"schema":{"@context":"https:\/\/schema.org","@graph":[{"@type":"WebPage","@id":"https:\/\/www.asajacyl.com\/segovia\/asaja-segovia-informa\/asaja-segovia-solicita-a-la-delegacion-de-la-junta-de-castilla-y-leon-en-nuestra-provincia-acciones-para-minimizar-el-riesgo-de-entrada-de-las-peste-porcina-africana","url":"https:\/\/www.asajacyl.com\/segovia\/asaja-segovia-informa\/asaja-segovia-solicita-a-la-delegacion-de-la-junta-de-castilla-y-leon-en-nuestra-provincia-acciones-para-minimizar-el-riesgo-de-entrada-de-las-peste-porcina-africana","name":"ASAJA Segovia solicita a la Delegaci\u00f3n de la Junta de Castilla y Le\u00f3n en nuestra provincia acciones para minimizar el riesgo de entrada de las Peste Porcina Africana. - ASAJA Segovia","isPartOf":{"@id":"https:\/\/www.asajacyl.com\/segovia\/#website"},"primaryImageOfPage":{"@id":"https:\/\/www.asajacyl.com\/segovia\/asaja-segovia-informa\/asaja-segovia-solicita-a-la-delegacion-de-la-junta-de-castilla-y-leon-en-nuestra-provincia-acciones-para-minimizar-el-riesgo-de-entrada-de-las-peste-porcina-africana#primaryimage"},"image":{"@id":"https:\/\/www.asajacyl.com\/segovia\/asaja-segovia-informa\/asaja-segovia-solicita-a-la-delegacion-de-la-junta-de-castilla-y-leon-en-nuestra-provincia-acciones-para-minimizar-el-riesgo-de-entrada-de-las-peste-porcina-africana#primaryimage"},"thumbnailUrl":"https:\/\/www.asajacyl.com\/segovia\/wp-content\/uploads\/sites\/8\/2025\/12\/jabali.jpg","datePublished":"2025-12-01T11:00:13+00:00","dateModified":"2025-12-01T11:00:15+00:00","author":{"@id":"https:\/\/www.asajacyl.com\/segovia\/#\/schema\/person\/f044fca5805bb46713e11715709aef4d"},"description":"Segovia, 1 de diciembre de 2025.- Nuestra Organizaci\u00f3n Agraria Provincial ha solicitado a nuestra Delegada y a los Jefes de Servicio de las distintas","breadcrumb":{"@id":"https:\/\/www.asajacyl.com\/segovia\/asaja-segovia-informa\/asaja-segovia-solicita-a-la-delegacion-de-la-junta-de-castilla-y-leon-en-nuestra-provincia-acciones-para-minimizar-el-riesgo-de-entrada-de-las-peste-porcina-africana#breadcrumb"},"inLanguage":"es","potentialAction":[{"@type":"ReadAction","target":["https:\/\/www.asajacyl.com\/segovia\/asaja-segovia-informa\/asaja-segovia-solicita-a-la-delegacion-de-la-junta-de-castilla-y-leon-en-nuestra-provincia-acciones-para-minimizar-el-riesgo-de-entrada-de-las-peste-porcina-africana"]}]},{"@type":"ImageObject","inLanguage":"es","@id":"https:\/\/www.asajacyl.com\/segovia\/asaja-segovia-informa\/asaja-segovia-solicita-a-la-delegacion-de-la-junta-de-castilla-y-leon-en-nuestra-provincia-acciones-para-minimizar-el-riesgo-de-entrada-de-las-peste-porcina-africana#primaryimage","url":"https:\/\/www.asajacyl.com\/segovia\/wp-content\/uploads\/sites\/8\/2025\/12\/jabali.jpg","contentUrl":"https:\/\/www.asajacyl.com\/segovia\/wp-content\/uploads\/sites\/8\/2025\/12\/jabali.jpg","width":800,"height":533},{"@type":"BreadcrumbList","@id":"https:\/\/www.asajacyl.com\/segovia\/asaja-segovia-informa\/asaja-segovia-solicita-a-la-delegacion-de-la-junta-de-castilla-y-leon-en-nuestra-provincia-acciones-para-minimizar-el-riesgo-de-entrada-de-las-peste-porcina-africana#breadcrumb","itemListElement":[{"@type":"ListItem","position":1,"name":"Portada","item":"https:\/\/www.asajacyl.com\/segovia\/"},{"@type":"ListItem","position":2,"name":"ASAJA Segovia solicita a la Delegaci\u00f3n de la Junta de Castilla y Le\u00f3n en nuestra provincia acciones para minimizar el riesgo de entrada de las Peste Porcina Africana."}]},{"@type":"WebSite","@id":"https:\/\/www.asajacyl.com\/segovia\/#website","url":"https:\/\/www.asajacyl.com\/segovia\/","name":"ASAJA Segovia","description":"Otro sitio m\u00e1s de Provincias ASAJA Castilla y Le\u00f3n","potentialAction":[{"@type":"SearchAction","target":{"@type":"EntryPoint","urlTemplate":"https:\/\/www.asajacyl.com\/segovia\/?s={search_term_string}"},"query-input":{"@type":"PropertyValueSpecification","valueRequired":true,"valueName":"search_term_string"}}],"inLanguage":"es"},{"@type":"Person","@id":"https:\/\/www.asajacyl.com\/segovia\/#\/schema\/person\/f044fca5805bb46713e11715709aef4d","name":"Alicia","image":{"@type":"ImageObject","inLanguage":"es","@id":"https:\/\/www.asajacyl.com\/segovia\/#\/schema\/person\/image\/","url":"https:\/\/secure.gravatar.com\/avatar\/054cff43263e39aa6e74950dc4bb1690?s=96&d=mm&r=g","contentUrl":"https:\/\/secure.gravatar.com\/avatar\/054cff43263e39aa6e74950dc4bb1690?s=96&d=mm&r=g","caption":"Alicia"},"url":"https:\/\/www.asajacyl.com\/segovia\/author\/aliciasc"}]}},"_links":{"self":[{"href":"https:\/\/www.asajacyl.com\/segovia\/wp-json\/wp\/v2\/posts\/2020"}],"collection":[{"href":"https:\/\/www.asajacyl.com\/segovia\/wp-json\/wp\/v2\/posts"}],"about":[{"href":"https:\/\/www.asajacyl.com\/segovia\/wp-json\/wp\/v2\/types\/post"}],"author":[{"embeddable":true,"href":"https:\/\/www.asajacyl.com\/segovia\/wp-json\/wp\/v2\/users\/11"}],"replies":[{"embeddable":true,"href":"https:\/\/www.asajacyl.com\/segovia\/wp-json\/wp\/v2\/comments?post=2020"}],"version-history":[{"count":1,"href":"https:\/\/www.asajacyl.com\/segovia\/wp-json\/wp\/v2\/posts\/2020\/revisions"}],"predecessor-version":[{"id":2022,"href":"https:\/\/www.asajacyl.com\/segovia\/wp-json\/wp\/v2\/posts\/2020\/revisions\/2022"}],"wp:featuredmedia":[{"embeddable":true,"href":"https:\/\/www.asajacyl.com\/segovia\/wp-json\/wp\/v2\/media\/2021"}],"wp:attachment":[{"href":"https:\/\/www.asajacyl.com\/segovia\/wp-json\/wp\/v2\/media?parent=2020"}],"wp:term":[{"taxonomy":"category","embeddable":true,"href":"https:\/\/www.asajacyl.com\/segovia\/wp-json\/wp\/v2\/categories?post=2020"},{"taxonomy":"post_tag","embeddable":true,"href":"https:\/\/www.asajacyl.com\/segovia\/wp-json\/wp\/v2\/tags?post=2020"}],"curies":[{"name":"wp","href":"https:\/\/api.w.org\/{rel}","templated":true}]}}