{"id":2044,"date":"2026-01-13T19:28:39","date_gmt":"2026-01-13T18:28:39","guid":{"rendered":"https:\/\/www.asajacyl.com\/segovia\/?p=2044"},"modified":"2026-01-13T19:28:42","modified_gmt":"2026-01-13T18:28:42","slug":"asaja-segovia-en-contra-del-derribo-de-la-presa-de-mesa-de-veganzones-y-cabezuela","status":"publish","type":"post","link":"https:\/\/www.asajacyl.com\/segovia\/asaja-segovia-informa\/asaja-segovia-en-contra-del-derribo-de-la-presa-de-mesa-de-veganzones-y-cabezuela","title":{"rendered":"ASAJA Segovia en contra del derribo de la Presa de Mesa de Veganzones y Cabezuela"},"content":{"rendered":"\n<p><strong>Segovia, 13 de enero de 2026.- <a>Desde ASAJA Segovia critica la forma de actuar del Ministerio de Transici\u00f3n Ecol\u00f3gica y no entienden la pol\u00edtica hidr\u00e1ulica de este Gobierno.<\/a><\/strong><\/p>\n\n\n\n<p>Nuestra provincia est\u00e1 padeciendo la irracionalidad del Ministerio de Transici\u00f3n Ecol\u00f3gica y de la Confederaci\u00f3n Hidrogr\u00e1fica del Duero dirigida por el Gobierno de la Naci\u00f3n.<\/p>\n\n\n\n<p>Se siguen derribando presas sin ning\u00fan criterio t\u00e9cnico y con un coste inasumible por el estado. Es una destrucci\u00f3n de riqueza manifiesta. Estas infraestructuras se pueden mejorar para el beneficio de la sociedad en general<\/p>\n\n\n\n<p>En la madrugada del 13 de enero han procedido al derribo de la Presa de Mesa en Veganzones. En nuestra provincia se han derribado las presas de Navafr\u00eda y Moraleja de Coca (Nava de la Asunci\u00f3n). Construcciones que se deber\u00edan mantenerse y limpiarlas por el servicio que suponen y la retenci\u00f3n de agua que causan, tan necesario para nuestra sociedad y m\u00e1s en el periodo que estamos viviendo de sequ\u00edas prolongadas.<\/p>\n\n\n\n<p>Este tipo de actuaciones no atienden a ning\u00fan tipo de criterio t\u00e9cnico, ni medioambiental. Las pol\u00edticas hidr\u00e1ulicas que se est\u00e1n siguiendo en los \u00faltimos a\u00f1os van totalmente en contra del bienestar social y del mantenimiento del medio ambiente, desde nuestra Organizaci\u00f3n Provincial solicitamos que se aplique el sentido com\u00fan y se cuente con el sector y la poblaci\u00f3n del medio rural antes de realizar este tipo de actuaciones.<\/p>\n\n\n\n<p>o&nbsp;&nbsp;&nbsp;&nbsp;&nbsp;&nbsp;&nbsp;&nbsp;&nbsp; Desde ASAJA Segovia solicitamos:<\/p>\n\n\n\n<p>\uf0a7&nbsp;&nbsp;&nbsp;&nbsp;&nbsp;&nbsp;&nbsp;&nbsp; Mantener y mejorar este tipo de infraestructuras.<\/p>\n\n\n\n<p>\uf0a7&nbsp;&nbsp;&nbsp;&nbsp;&nbsp;&nbsp;&nbsp;&nbsp; Optimizar el gasto p\u00fablico mejorando las infraestructuras ya existentes.<\/p>\n\n\n\n<p>\uf0a7&nbsp;&nbsp;&nbsp;&nbsp;&nbsp;&nbsp;&nbsp;&nbsp; Destinar m\u00e1s dinero p\u00fablico a la mejora de nuestros regad\u00edos.<\/p>\n\n\n\n<p>\uf0a7&nbsp;&nbsp;&nbsp;&nbsp;&nbsp;&nbsp;&nbsp;&nbsp; Inversi\u00f3n en infraestructuras de retenci\u00f3n de agua para nuestra agricultura, ganader\u00eda y medio ambiente.<\/p>\n","protected":false},"excerpt":{"rendered":"<p>Segovia, 13 de enero de 2026.- Desde ASAJA Segovia critica la forma de actuar del Ministerio de Transici\u00f3n Ecol\u00f3gica y no entienden la pol\u00edtica hidr\u00e1ulica de este Gobierno. Nuestra provincia est\u00e1 padeciendo la irracionalidad del Ministerio de Transici\u00f3n Ecol\u00f3gica y de la Confederaci\u00f3n Hidrogr\u00e1fica del Duero dirigida por el Gobierno de la Naci\u00f3n. Se siguen [&hellip;]<\/p>\n","protected":false},"author":11,"featured_media":2045,"comment_status":"open","ping_status":"open","sticky":false,"template":"","format":"standard","meta":{"footnotes":""},"categories":[10,27,26],"tags":[],"yoast_head":"<!-- This site is optimized with the Yoast SEO plugin v24.5 - https:\/\/yoast.com\/wordpress\/plugins\/seo\/ -->\n<title>ASAJA Segovia en contra del derribo de la Presa de Mesa de Veganzones y Cabezuela - ASAJA Segovia<\/title>\n<meta name=\"description\" content=\"Segovia, 13 de enero de 2026.- Desde ASAJA Segovia critica la forma de actuar del Ministerio de Transici\u00f3n Ecol\u00f3gica y no entienden la pol\u00edtica hidr\u00e1ulica\" \/>\n<meta name=\"robots\" content=\"index, follow, max-snippet:-1, max-image-preview:large, max-video-preview:-1\" \/>\n<link rel=\"canonical\" href=\"https:\/\/www.asajacyl.com\/segovia\/asaja-segovia-informa\/asaja-segovia-en-contra-del-derribo-de-la-presa-de-mesa-de-veganzones-y-cabezuela\" \/>\n<meta property=\"og:locale\" content=\"es_ES\" \/>\n<meta property=\"og:type\" content=\"article\" \/>\n<meta property=\"og:title\" content=\"ASAJA Segovia en contra del derribo de la Presa de Mesa de Veganzones y Cabezuela - ASAJA Segovia\" \/>\n<meta property=\"og:description\" content=\"Segovia, 13 de enero de 2026.- Desde ASAJA Segovia critica la forma de actuar del Ministerio de Transici\u00f3n Ecol\u00f3gica y no entienden la pol\u00edtica hidr\u00e1ulica\" \/>\n<meta property=\"og:url\" content=\"https:\/\/www.asajacyl.com\/segovia\/asaja-segovia-informa\/asaja-segovia-en-contra-del-derribo-de-la-presa-de-mesa-de-veganzones-y-cabezuela\" \/>\n<meta property=\"og:site_name\" content=\"ASAJA Segovia\" \/>\n<meta property=\"article:published_time\" content=\"2026-01-13T18:28:39+00:00\" \/>\n<meta property=\"article:modified_time\" content=\"2026-01-13T18:28:42+00:00\" \/>\n<meta property=\"og:image\" content=\"https:\/\/www.asajacyl.com\/segovia\/wp-content\/uploads\/sites\/8\/2026\/01\/Presa-de-Mesa.jpeg\" \/>\n\t<meta property=\"og:image:width\" content=\"1600\" \/>\n\t<meta property=\"og:image:height\" content=\"1200\" \/>\n\t<meta property=\"og:image:type\" content=\"image\/jpeg\" \/>\n<meta name=\"author\" content=\"Alicia\" \/>\n<meta name=\"twitter:card\" content=\"summary_large_image\" \/>\n<meta name=\"twitter:label1\" content=\"Escrito por\" \/>\n\t<meta name=\"twitter:data1\" content=\"Alicia\" \/>\n\t<meta name=\"twitter:label2\" content=\"Tiempo de lectura\" \/>\n\t<meta name=\"twitter:data2\" content=\"2 minutos\" \/>\n<script type=\"application\/ld+json\" class=\"yoast-schema-graph\">{\"@context\":\"https:\/\/schema.org\",\"@graph\":[{\"@type\":\"WebPage\",\"@id\":\"https:\/\/www.asajacyl.com\/segovia\/asaja-segovia-informa\/asaja-segovia-en-contra-del-derribo-de-la-presa-de-mesa-de-veganzones-y-cabezuela\",\"url\":\"https:\/\/www.asajacyl.com\/segovia\/asaja-segovia-informa\/asaja-segovia-en-contra-del-derribo-de-la-presa-de-mesa-de-veganzones-y-cabezuela\",\"name\":\"ASAJA Segovia en contra del derribo de la Presa de Mesa de Veganzones y Cabezuela - ASAJA Segovia\",\"isPartOf\":{\"@id\":\"https:\/\/www.asajacyl.com\/segovia\/#website\"},\"primaryImageOfPage\":{\"@id\":\"https:\/\/www.asajacyl.com\/segovia\/asaja-segovia-informa\/asaja-segovia-en-contra-del-derribo-de-la-presa-de-mesa-de-veganzones-y-cabezuela#primaryimage\"},\"image\":{\"@id\":\"https:\/\/www.asajacyl.com\/segovia\/asaja-segovia-informa\/asaja-segovia-en-contra-del-derribo-de-la-presa-de-mesa-de-veganzones-y-cabezuela#primaryimage\"},\"thumbnailUrl\":\"https:\/\/www.asajacyl.com\/segovia\/wp-content\/uploads\/sites\/8\/2026\/01\/Presa-de-Mesa.jpeg\",\"datePublished\":\"2026-01-13T18:28:39+00:00\",\"dateModified\":\"2026-01-13T18:28:42+00:00\",\"author\":{\"@id\":\"https:\/\/www.asajacyl.com\/segovia\/#\/schema\/person\/f044fca5805bb46713e11715709aef4d\"},\"description\":\"Segovia, 13 de enero de 2026.- Desde ASAJA Segovia critica la forma de actuar del Ministerio de Transici\u00f3n Ecol\u00f3gica y no entienden la pol\u00edtica hidr\u00e1ulica\",\"breadcrumb\":{\"@id\":\"https:\/\/www.asajacyl.com\/segovia\/asaja-segovia-informa\/asaja-segovia-en-contra-del-derribo-de-la-presa-de-mesa-de-veganzones-y-cabezuela#breadcrumb\"},\"inLanguage\":\"es\",\"potentialAction\":[{\"@type\":\"ReadAction\",\"target\":[\"https:\/\/www.asajacyl.com\/segovia\/asaja-segovia-informa\/asaja-segovia-en-contra-del-derribo-de-la-presa-de-mesa-de-veganzones-y-cabezuela\"]}]},{\"@type\":\"ImageObject\",\"inLanguage\":\"es\",\"@id\":\"https:\/\/www.asajacyl.com\/segovia\/asaja-segovia-informa\/asaja-segovia-en-contra-del-derribo-de-la-presa-de-mesa-de-veganzones-y-cabezuela#primaryimage\",\"url\":\"https:\/\/www.asajacyl.com\/segovia\/wp-content\/uploads\/sites\/8\/2026\/01\/Presa-de-Mesa.jpeg\",\"contentUrl\":\"https:\/\/www.asajacyl.com\/segovia\/wp-content\/uploads\/sites\/8\/2026\/01\/Presa-de-Mesa.jpeg\",\"width\":1600,\"height\":1200},{\"@type\":\"BreadcrumbList\",\"@id\":\"https:\/\/www.asajacyl.com\/segovia\/asaja-segovia-informa\/asaja-segovia-en-contra-del-derribo-de-la-presa-de-mesa-de-veganzones-y-cabezuela#breadcrumb\",\"itemListElement\":[{\"@type\":\"ListItem\",\"position\":1,\"name\":\"Portada\",\"item\":\"https:\/\/www.asajacyl.com\/segovia\/\"},{\"@type\":\"ListItem\",\"position\":2,\"name\":\"ASAJA Segovia en contra del derribo de la Presa de Mesa de Veganzones y Cabezuela\"}]},{\"@type\":\"WebSite\",\"@id\":\"https:\/\/www.asajacyl.com\/segovia\/#website\",\"url\":\"https:\/\/www.asajacyl.com\/segovia\/\",\"name\":\"ASAJA Segovia\",\"description\":\"Otro sitio m\u00e1s de Provincias ASAJA Castilla y Le\u00f3n\",\"potentialAction\":[{\"@type\":\"SearchAction\",\"target\":{\"@type\":\"EntryPoint\",\"urlTemplate\":\"https:\/\/www.asajacyl.com\/segovia\/?s={search_term_string}\"},\"query-input\":{\"@type\":\"PropertyValueSpecification\",\"valueRequired\":true,\"valueName\":\"search_term_string\"}}],\"inLanguage\":\"es\"},{\"@type\":\"Person\",\"@id\":\"https:\/\/www.asajacyl.com\/segovia\/#\/schema\/person\/f044fca5805bb46713e11715709aef4d\",\"name\":\"Alicia\",\"image\":{\"@type\":\"ImageObject\",\"inLanguage\":\"es\",\"@id\":\"https:\/\/www.asajacyl.com\/segovia\/#\/schema\/person\/image\/\",\"url\":\"https:\/\/secure.gravatar.com\/avatar\/054cff43263e39aa6e74950dc4bb1690?s=96&d=mm&r=g\",\"contentUrl\":\"https:\/\/secure.gravatar.com\/avatar\/054cff43263e39aa6e74950dc4bb1690?s=96&d=mm&r=g\",\"caption\":\"Alicia\"},\"url\":\"https:\/\/www.asajacyl.com\/segovia\/author\/aliciasc\"}]}<\/script>\n<!-- \/ Yoast SEO plugin. -->","yoast_head_json":{"title":"ASAJA Segovia en contra del derribo de la Presa de Mesa de Veganzones y Cabezuela - ASAJA Segovia","description":"Segovia, 13 de enero de 2026.- Desde ASAJA Segovia critica la forma de actuar del Ministerio de Transici\u00f3n Ecol\u00f3gica y no entienden la pol\u00edtica hidr\u00e1ulica","robots":{"index":"index","follow":"follow","max-snippet":"max-snippet:-1","max-image-preview":"max-image-preview:large","max-video-preview":"max-video-preview:-1"},"canonical":"https:\/\/www.asajacyl.com\/segovia\/asaja-segovia-informa\/asaja-segovia-en-contra-del-derribo-de-la-presa-de-mesa-de-veganzones-y-cabezuela","og_locale":"es_ES","og_type":"article","og_title":"ASAJA Segovia en contra del derribo de la Presa de Mesa de Veganzones y Cabezuela - ASAJA Segovia","og_description":"Segovia, 13 de enero de 2026.- Desde ASAJA Segovia critica la forma de actuar del Ministerio de Transici\u00f3n Ecol\u00f3gica y no entienden la pol\u00edtica hidr\u00e1ulica","og_url":"https:\/\/www.asajacyl.com\/segovia\/asaja-segovia-informa\/asaja-segovia-en-contra-del-derribo-de-la-presa-de-mesa-de-veganzones-y-cabezuela","og_site_name":"ASAJA Segovia","article_published_time":"2026-01-13T18:28:39+00:00","article_modified_time":"2026-01-13T18:28:42+00:00","og_image":[{"width":1600,"height":1200,"url":"https:\/\/www.asajacyl.com\/segovia\/wp-content\/uploads\/sites\/8\/2026\/01\/Presa-de-Mesa.jpeg","type":"image\/jpeg"}],"author":"Alicia","twitter_card":"summary_large_image","twitter_misc":{"Escrito por":"Alicia","Tiempo de lectura":"2 minutos"},"schema":{"@context":"https:\/\/schema.org","@graph":[{"@type":"WebPage","@id":"https:\/\/www.asajacyl.com\/segovia\/asaja-segovia-informa\/asaja-segovia-en-contra-del-derribo-de-la-presa-de-mesa-de-veganzones-y-cabezuela","url":"https:\/\/www.asajacyl.com\/segovia\/asaja-segovia-informa\/asaja-segovia-en-contra-del-derribo-de-la-presa-de-mesa-de-veganzones-y-cabezuela","name":"ASAJA Segovia en contra del derribo de la Presa de Mesa de Veganzones y Cabezuela - ASAJA Segovia","isPartOf":{"@id":"https:\/\/www.asajacyl.com\/segovia\/#website"},"primaryImageOfPage":{"@id":"https:\/\/www.asajacyl.com\/segovia\/asaja-segovia-informa\/asaja-segovia-en-contra-del-derribo-de-la-presa-de-mesa-de-veganzones-y-cabezuela#primaryimage"},"image":{"@id":"https:\/\/www.asajacyl.com\/segovia\/asaja-segovia-informa\/asaja-segovia-en-contra-del-derribo-de-la-presa-de-mesa-de-veganzones-y-cabezuela#primaryimage"},"thumbnailUrl":"https:\/\/www.asajacyl.com\/segovia\/wp-content\/uploads\/sites\/8\/2026\/01\/Presa-de-Mesa.jpeg","datePublished":"2026-01-13T18:28:39+00:00","dateModified":"2026-01-13T18:28:42+00:00","author":{"@id":"https:\/\/www.asajacyl.com\/segovia\/#\/schema\/person\/f044fca5805bb46713e11715709aef4d"},"description":"Segovia, 13 de enero de 2026.- Desde ASAJA Segovia critica la forma de actuar del Ministerio de Transici\u00f3n Ecol\u00f3gica y no entienden la pol\u00edtica hidr\u00e1ulica","breadcrumb":{"@id":"https:\/\/www.asajacyl.com\/segovia\/asaja-segovia-informa\/asaja-segovia-en-contra-del-derribo-de-la-presa-de-mesa-de-veganzones-y-cabezuela#breadcrumb"},"inLanguage":"es","potentialAction":[{"@type":"ReadAction","target":["https:\/\/www.asajacyl.com\/segovia\/asaja-segovia-informa\/asaja-segovia-en-contra-del-derribo-de-la-presa-de-mesa-de-veganzones-y-cabezuela"]}]},{"@type":"ImageObject","inLanguage":"es","@id":"https:\/\/www.asajacyl.com\/segovia\/asaja-segovia-informa\/asaja-segovia-en-contra-del-derribo-de-la-presa-de-mesa-de-veganzones-y-cabezuela#primaryimage","url":"https:\/\/www.asajacyl.com\/segovia\/wp-content\/uploads\/sites\/8\/2026\/01\/Presa-de-Mesa.jpeg","contentUrl":"https:\/\/www.asajacyl.com\/segovia\/wp-content\/uploads\/sites\/8\/2026\/01\/Presa-de-Mesa.jpeg","width":1600,"height":1200},{"@type":"BreadcrumbList","@id":"https:\/\/www.asajacyl.com\/segovia\/asaja-segovia-informa\/asaja-segovia-en-contra-del-derribo-de-la-presa-de-mesa-de-veganzones-y-cabezuela#breadcrumb","itemListElement":[{"@type":"ListItem","position":1,"name":"Portada","item":"https:\/\/www.asajacyl.com\/segovia\/"},{"@type":"ListItem","position":2,"name":"ASAJA Segovia en contra del derribo de la Presa de Mesa de Veganzones y Cabezuela"}]},{"@type":"WebSite","@id":"https:\/\/www.asajacyl.com\/segovia\/#website","url":"https:\/\/www.asajacyl.com\/segovia\/","name":"ASAJA Segovia","description":"Otro sitio m\u00e1s de Provincias ASAJA Castilla y Le\u00f3n","potentialAction":[{"@type":"SearchAction","target":{"@type":"EntryPoint","urlTemplate":"https:\/\/www.asajacyl.com\/segovia\/?s={search_term_string}"},"query-input":{"@type":"PropertyValueSpecification","valueRequired":true,"valueName":"search_term_string"}}],"inLanguage":"es"},{"@type":"Person","@id":"https:\/\/www.asajacyl.com\/segovia\/#\/schema\/person\/f044fca5805bb46713e11715709aef4d","name":"Alicia","image":{"@type":"ImageObject","inLanguage":"es","@id":"https:\/\/www.asajacyl.com\/segovia\/#\/schema\/person\/image\/","url":"https:\/\/secure.gravatar.com\/avatar\/054cff43263e39aa6e74950dc4bb1690?s=96&d=mm&r=g","contentUrl":"https:\/\/secure.gravatar.com\/avatar\/054cff43263e39aa6e74950dc4bb1690?s=96&d=mm&r=g","caption":"Alicia"},"url":"https:\/\/www.asajacyl.com\/segovia\/author\/aliciasc"}]}},"_links":{"self":[{"href":"https:\/\/www.asajacyl.com\/segovia\/wp-json\/wp\/v2\/posts\/2044"}],"collection":[{"href":"https:\/\/www.asajacyl.com\/segovia\/wp-json\/wp\/v2\/posts"}],"about":[{"href":"https:\/\/www.asajacyl.com\/segovia\/wp-json\/wp\/v2\/types\/post"}],"author":[{"embeddable":true,"href":"https:\/\/www.asajacyl.com\/segovia\/wp-json\/wp\/v2\/users\/11"}],"replies":[{"embeddable":true,"href":"https:\/\/www.asajacyl.com\/segovia\/wp-json\/wp\/v2\/comments?post=2044"}],"version-history":[{"count":1,"href":"https:\/\/www.asajacyl.com\/segovia\/wp-json\/wp\/v2\/posts\/2044\/revisions"}],"predecessor-version":[{"id":2046,"href":"https:\/\/www.asajacyl.com\/segovia\/wp-json\/wp\/v2\/posts\/2044\/revisions\/2046"}],"wp:featuredmedia":[{"embeddable":true,"href":"https:\/\/www.asajacyl.com\/segovia\/wp-json\/wp\/v2\/media\/2045"}],"wp:attachment":[{"href":"https:\/\/www.asajacyl.com\/segovia\/wp-json\/wp\/v2\/media?parent=2044"}],"wp:term":[{"taxonomy":"category","embeddable":true,"href":"https:\/\/www.asajacyl.com\/segovia\/wp-json\/wp\/v2\/categories?post=2044"},{"taxonomy":"post_tag","embeddable":true,"href":"https:\/\/www.asajacyl.com\/segovia\/wp-json\/wp\/v2\/tags?post=2044"}],"curies":[{"name":"wp","href":"https:\/\/api.w.org\/{rel}","templated":true}]}}