{"id":2051,"date":"2026-01-21T14:11:04","date_gmt":"2026-01-21T13:11:04","guid":{"rendered":"https:\/\/www.asajacyl.com\/segovia\/?p=2051"},"modified":"2026-01-21T14:11:06","modified_gmt":"2026-01-21T13:11:06","slug":"hoy-se-impone-el-sentido-comun-en-estrasburgo","status":"publish","type":"post","link":"https:\/\/www.asajacyl.com\/segovia\/asaja-segovia-informa\/hoy-se-impone-el-sentido-comun-en-estrasburgo","title":{"rendered":"Hoy se impone el Sentido Com\u00fan en Estrasburgo"},"content":{"rendered":"\n<p><strong>Segovia, 21 de enero de 2026.- Hoy en Estrasburgo se ha paralizado de forma provisional el acuerdo con MERCOSUR.<\/strong><\/p>\n\n\n\n<p>La moci\u00f3n para que el Tribunal de Justicia se pronuncie sobre el Acuerdo UE-Mercosur acaba de ser aprobada en el pleno, con una mayor\u00eda muy ajustada (10 votos).<\/p>\n\n\n\n<p>Desde Asaja estamos muy contentos por esta decisi\u00f3n que ha sido clave gracias a las movilizaciones hist\u00f3ricas que hemos impulsado a trav\u00e9s de nuestra vicepresidencia del Copa durante el pasado 18 de diciembre en Bruselas y el lunes 20 en el pleno del Parlamento Europeo en Estrasbrugo.<\/p>\n\n\n\n<p>Ha sido una victoria muy ajustada, y podemos decirles que algunos eurodiputados dudaron hasta el final (pero coincidieron en que el car\u00e1cter extraordinario del acuerdo requer\u00eda un dictamen jur\u00eddico). El acuerdo se va a remitir ahora al Tribunal para que compruebe su compatibilidad con los Tratados de la UE. En cuanto a la aplicaci\u00f3n provisional -puede a\u00fan as\u00ed incluso aplicarse-, los miembros del Parlamento Europeo creen que, si se produce, la presidenta Von der Leyen pondr\u00eda en riesgo la confianza en su Colegio de Comisarios.<\/p>\n\n\n\n<p>Esperamos que no haya aplicaci\u00f3n provisional y veremos si la votaci\u00f3n de hoy cambia las decisiones pol\u00edticas de la Comisi\u00f3n.<\/p>\n\n\n\n<p>En una re\u00f1ida votaci\u00f3n, los legisladores de Estrasburgo votaron por 334 votos a favor y 324 en contra. Desde ASAJA imperamos a que prime el sentido com\u00fan y prime la defensa de nuestro sector. El trabajo que hemos realizado a dado sus frutos y seguiremos en la pelea para defender nuestros intereses y la seguridad alimentaria de nuestra poblaci\u00f3n.<\/p>\n","protected":false},"excerpt":{"rendered":"<p>Segovia, 21 de enero de 2026.- Hoy en Estrasburgo se ha paralizado de forma provisional el acuerdo con MERCOSUR. La moci\u00f3n para que el Tribunal de Justicia se pronuncie sobre el Acuerdo UE-Mercosur acaba de ser aprobada en el pleno, con una mayor\u00eda muy ajustada (10 votos). Desde Asaja estamos muy contentos por esta decisi\u00f3n [&hellip;]<\/p>\n","protected":false},"author":11,"featured_media":2052,"comment_status":"open","ping_status":"open","sticky":false,"template":"","format":"standard","meta":{"footnotes":""},"categories":[10,27,26],"tags":[],"yoast_head":"<!-- This site is optimized with the Yoast SEO plugin v24.5 - https:\/\/yoast.com\/wordpress\/plugins\/seo\/ -->\n<title>Hoy se impone el Sentido Com\u00fan en Estrasburgo - ASAJA Segovia<\/title>\n<meta name=\"description\" content=\"Segovia, 21 de enero de 2026.- Hoy en Estrasburgo se ha paralizado de forma provisional el acuerdo con MERCOSUR. La moci\u00f3n para que el Tribunal de\" \/>\n<meta name=\"robots\" content=\"index, follow, max-snippet:-1, max-image-preview:large, max-video-preview:-1\" \/>\n<link rel=\"canonical\" href=\"https:\/\/www.asajacyl.com\/segovia\/asaja-segovia-informa\/hoy-se-impone-el-sentido-comun-en-estrasburgo\" \/>\n<meta property=\"og:locale\" content=\"es_ES\" \/>\n<meta property=\"og:type\" content=\"article\" \/>\n<meta property=\"og:title\" content=\"Hoy se impone el Sentido Com\u00fan en Estrasburgo - ASAJA Segovia\" \/>\n<meta property=\"og:description\" content=\"Segovia, 21 de enero de 2026.- Hoy en Estrasburgo se ha paralizado de forma provisional el acuerdo con MERCOSUR. La moci\u00f3n para que el Tribunal de\" \/>\n<meta property=\"og:url\" content=\"https:\/\/www.asajacyl.com\/segovia\/asaja-segovia-informa\/hoy-se-impone-el-sentido-comun-en-estrasburgo\" \/>\n<meta property=\"og:site_name\" content=\"ASAJA Segovia\" \/>\n<meta property=\"article:published_time\" content=\"2026-01-21T13:11:04+00:00\" \/>\n<meta property=\"article:modified_time\" content=\"2026-01-21T13:11:06+00:00\" \/>\n<meta property=\"og:image\" content=\"https:\/\/www.asajacyl.com\/segovia\/wp-content\/uploads\/sites\/8\/2026\/01\/223007625_16.jpg\" \/>\n\t<meta property=\"og:image:width\" content=\"2500\" \/>\n\t<meta property=\"og:image:height\" content=\"1638\" \/>\n\t<meta property=\"og:image:type\" content=\"image\/jpeg\" \/>\n<meta name=\"author\" content=\"Alicia\" \/>\n<meta name=\"twitter:card\" content=\"summary_large_image\" \/>\n<meta name=\"twitter:label1\" content=\"Escrito por\" \/>\n\t<meta name=\"twitter:data1\" content=\"Alicia\" \/>\n\t<meta name=\"twitter:label2\" content=\"Tiempo de lectura\" \/>\n\t<meta name=\"twitter:data2\" content=\"2 minutos\" \/>\n<script type=\"application\/ld+json\" class=\"yoast-schema-graph\">{\"@context\":\"https:\/\/schema.org\",\"@graph\":[{\"@type\":\"WebPage\",\"@id\":\"https:\/\/www.asajacyl.com\/segovia\/asaja-segovia-informa\/hoy-se-impone-el-sentido-comun-en-estrasburgo\",\"url\":\"https:\/\/www.asajacyl.com\/segovia\/asaja-segovia-informa\/hoy-se-impone-el-sentido-comun-en-estrasburgo\",\"name\":\"Hoy se impone el Sentido Com\u00fan en Estrasburgo - ASAJA Segovia\",\"isPartOf\":{\"@id\":\"https:\/\/www.asajacyl.com\/segovia\/#website\"},\"primaryImageOfPage\":{\"@id\":\"https:\/\/www.asajacyl.com\/segovia\/asaja-segovia-informa\/hoy-se-impone-el-sentido-comun-en-estrasburgo#primaryimage\"},\"image\":{\"@id\":\"https:\/\/www.asajacyl.com\/segovia\/asaja-segovia-informa\/hoy-se-impone-el-sentido-comun-en-estrasburgo#primaryimage\"},\"thumbnailUrl\":\"https:\/\/www.asajacyl.com\/segovia\/wp-content\/uploads\/sites\/8\/2026\/01\/223007625_16.jpg\",\"datePublished\":\"2026-01-21T13:11:04+00:00\",\"dateModified\":\"2026-01-21T13:11:06+00:00\",\"author\":{\"@id\":\"https:\/\/www.asajacyl.com\/segovia\/#\/schema\/person\/f044fca5805bb46713e11715709aef4d\"},\"description\":\"Segovia, 21 de enero de 2026.- Hoy en Estrasburgo se ha paralizado de forma provisional el acuerdo con MERCOSUR. La moci\u00f3n para que el Tribunal de\",\"breadcrumb\":{\"@id\":\"https:\/\/www.asajacyl.com\/segovia\/asaja-segovia-informa\/hoy-se-impone-el-sentido-comun-en-estrasburgo#breadcrumb\"},\"inLanguage\":\"es\",\"potentialAction\":[{\"@type\":\"ReadAction\",\"target\":[\"https:\/\/www.asajacyl.com\/segovia\/asaja-segovia-informa\/hoy-se-impone-el-sentido-comun-en-estrasburgo\"]}]},{\"@type\":\"ImageObject\",\"inLanguage\":\"es\",\"@id\":\"https:\/\/www.asajacyl.com\/segovia\/asaja-segovia-informa\/hoy-se-impone-el-sentido-comun-en-estrasburgo#primaryimage\",\"url\":\"https:\/\/www.asajacyl.com\/segovia\/wp-content\/uploads\/sites\/8\/2026\/01\/223007625_16.jpg\",\"contentUrl\":\"https:\/\/www.asajacyl.com\/segovia\/wp-content\/uploads\/sites\/8\/2026\/01\/223007625_16.jpg\",\"width\":2500,\"height\":1638},{\"@type\":\"BreadcrumbList\",\"@id\":\"https:\/\/www.asajacyl.com\/segovia\/asaja-segovia-informa\/hoy-se-impone-el-sentido-comun-en-estrasburgo#breadcrumb\",\"itemListElement\":[{\"@type\":\"ListItem\",\"position\":1,\"name\":\"Portada\",\"item\":\"https:\/\/www.asajacyl.com\/segovia\/\"},{\"@type\":\"ListItem\",\"position\":2,\"name\":\"Hoy se impone el Sentido Com\u00fan en Estrasburgo\"}]},{\"@type\":\"WebSite\",\"@id\":\"https:\/\/www.asajacyl.com\/segovia\/#website\",\"url\":\"https:\/\/www.asajacyl.com\/segovia\/\",\"name\":\"ASAJA Segovia\",\"description\":\"Otro sitio m\u00e1s de Provincias ASAJA Castilla y Le\u00f3n\",\"potentialAction\":[{\"@type\":\"SearchAction\",\"target\":{\"@type\":\"EntryPoint\",\"urlTemplate\":\"https:\/\/www.asajacyl.com\/segovia\/?s={search_term_string}\"},\"query-input\":{\"@type\":\"PropertyValueSpecification\",\"valueRequired\":true,\"valueName\":\"search_term_string\"}}],\"inLanguage\":\"es\"},{\"@type\":\"Person\",\"@id\":\"https:\/\/www.asajacyl.com\/segovia\/#\/schema\/person\/f044fca5805bb46713e11715709aef4d\",\"name\":\"Alicia\",\"image\":{\"@type\":\"ImageObject\",\"inLanguage\":\"es\",\"@id\":\"https:\/\/www.asajacyl.com\/segovia\/#\/schema\/person\/image\/\",\"url\":\"https:\/\/secure.gravatar.com\/avatar\/054cff43263e39aa6e74950dc4bb1690?s=96&d=mm&r=g\",\"contentUrl\":\"https:\/\/secure.gravatar.com\/avatar\/054cff43263e39aa6e74950dc4bb1690?s=96&d=mm&r=g\",\"caption\":\"Alicia\"},\"url\":\"https:\/\/www.asajacyl.com\/segovia\/author\/aliciasc\"}]}<\/script>\n<!-- \/ Yoast SEO plugin. -->","yoast_head_json":{"title":"Hoy se impone el Sentido Com\u00fan en Estrasburgo - ASAJA Segovia","description":"Segovia, 21 de enero de 2026.- Hoy en Estrasburgo se ha paralizado de forma provisional el acuerdo con MERCOSUR. La moci\u00f3n para que el Tribunal de","robots":{"index":"index","follow":"follow","max-snippet":"max-snippet:-1","max-image-preview":"max-image-preview:large","max-video-preview":"max-video-preview:-1"},"canonical":"https:\/\/www.asajacyl.com\/segovia\/asaja-segovia-informa\/hoy-se-impone-el-sentido-comun-en-estrasburgo","og_locale":"es_ES","og_type":"article","og_title":"Hoy se impone el Sentido Com\u00fan en Estrasburgo - ASAJA Segovia","og_description":"Segovia, 21 de enero de 2026.- Hoy en Estrasburgo se ha paralizado de forma provisional el acuerdo con MERCOSUR. La moci\u00f3n para que el Tribunal de","og_url":"https:\/\/www.asajacyl.com\/segovia\/asaja-segovia-informa\/hoy-se-impone-el-sentido-comun-en-estrasburgo","og_site_name":"ASAJA Segovia","article_published_time":"2026-01-21T13:11:04+00:00","article_modified_time":"2026-01-21T13:11:06+00:00","og_image":[{"width":2500,"height":1638,"url":"https:\/\/www.asajacyl.com\/segovia\/wp-content\/uploads\/sites\/8\/2026\/01\/223007625_16.jpg","type":"image\/jpeg"}],"author":"Alicia","twitter_card":"summary_large_image","twitter_misc":{"Escrito por":"Alicia","Tiempo de lectura":"2 minutos"},"schema":{"@context":"https:\/\/schema.org","@graph":[{"@type":"WebPage","@id":"https:\/\/www.asajacyl.com\/segovia\/asaja-segovia-informa\/hoy-se-impone-el-sentido-comun-en-estrasburgo","url":"https:\/\/www.asajacyl.com\/segovia\/asaja-segovia-informa\/hoy-se-impone-el-sentido-comun-en-estrasburgo","name":"Hoy se impone el Sentido Com\u00fan en Estrasburgo - ASAJA Segovia","isPartOf":{"@id":"https:\/\/www.asajacyl.com\/segovia\/#website"},"primaryImageOfPage":{"@id":"https:\/\/www.asajacyl.com\/segovia\/asaja-segovia-informa\/hoy-se-impone-el-sentido-comun-en-estrasburgo#primaryimage"},"image":{"@id":"https:\/\/www.asajacyl.com\/segovia\/asaja-segovia-informa\/hoy-se-impone-el-sentido-comun-en-estrasburgo#primaryimage"},"thumbnailUrl":"https:\/\/www.asajacyl.com\/segovia\/wp-content\/uploads\/sites\/8\/2026\/01\/223007625_16.jpg","datePublished":"2026-01-21T13:11:04+00:00","dateModified":"2026-01-21T13:11:06+00:00","author":{"@id":"https:\/\/www.asajacyl.com\/segovia\/#\/schema\/person\/f044fca5805bb46713e11715709aef4d"},"description":"Segovia, 21 de enero de 2026.- Hoy en Estrasburgo se ha paralizado de forma provisional el acuerdo con MERCOSUR. La moci\u00f3n para que el Tribunal de","breadcrumb":{"@id":"https:\/\/www.asajacyl.com\/segovia\/asaja-segovia-informa\/hoy-se-impone-el-sentido-comun-en-estrasburgo#breadcrumb"},"inLanguage":"es","potentialAction":[{"@type":"ReadAction","target":["https:\/\/www.asajacyl.com\/segovia\/asaja-segovia-informa\/hoy-se-impone-el-sentido-comun-en-estrasburgo"]}]},{"@type":"ImageObject","inLanguage":"es","@id":"https:\/\/www.asajacyl.com\/segovia\/asaja-segovia-informa\/hoy-se-impone-el-sentido-comun-en-estrasburgo#primaryimage","url":"https:\/\/www.asajacyl.com\/segovia\/wp-content\/uploads\/sites\/8\/2026\/01\/223007625_16.jpg","contentUrl":"https:\/\/www.asajacyl.com\/segovia\/wp-content\/uploads\/sites\/8\/2026\/01\/223007625_16.jpg","width":2500,"height":1638},{"@type":"BreadcrumbList","@id":"https:\/\/www.asajacyl.com\/segovia\/asaja-segovia-informa\/hoy-se-impone-el-sentido-comun-en-estrasburgo#breadcrumb","itemListElement":[{"@type":"ListItem","position":1,"name":"Portada","item":"https:\/\/www.asajacyl.com\/segovia\/"},{"@type":"ListItem","position":2,"name":"Hoy se impone el Sentido Com\u00fan en Estrasburgo"}]},{"@type":"WebSite","@id":"https:\/\/www.asajacyl.com\/segovia\/#website","url":"https:\/\/www.asajacyl.com\/segovia\/","name":"ASAJA Segovia","description":"Otro sitio m\u00e1s de Provincias ASAJA Castilla y Le\u00f3n","potentialAction":[{"@type":"SearchAction","target":{"@type":"EntryPoint","urlTemplate":"https:\/\/www.asajacyl.com\/segovia\/?s={search_term_string}"},"query-input":{"@type":"PropertyValueSpecification","valueRequired":true,"valueName":"search_term_string"}}],"inLanguage":"es"},{"@type":"Person","@id":"https:\/\/www.asajacyl.com\/segovia\/#\/schema\/person\/f044fca5805bb46713e11715709aef4d","name":"Alicia","image":{"@type":"ImageObject","inLanguage":"es","@id":"https:\/\/www.asajacyl.com\/segovia\/#\/schema\/person\/image\/","url":"https:\/\/secure.gravatar.com\/avatar\/054cff43263e39aa6e74950dc4bb1690?s=96&d=mm&r=g","contentUrl":"https:\/\/secure.gravatar.com\/avatar\/054cff43263e39aa6e74950dc4bb1690?s=96&d=mm&r=g","caption":"Alicia"},"url":"https:\/\/www.asajacyl.com\/segovia\/author\/aliciasc"}]}},"_links":{"self":[{"href":"https:\/\/www.asajacyl.com\/segovia\/wp-json\/wp\/v2\/posts\/2051"}],"collection":[{"href":"https:\/\/www.asajacyl.com\/segovia\/wp-json\/wp\/v2\/posts"}],"about":[{"href":"https:\/\/www.asajacyl.com\/segovia\/wp-json\/wp\/v2\/types\/post"}],"author":[{"embeddable":true,"href":"https:\/\/www.asajacyl.com\/segovia\/wp-json\/wp\/v2\/users\/11"}],"replies":[{"embeddable":true,"href":"https:\/\/www.asajacyl.com\/segovia\/wp-json\/wp\/v2\/comments?post=2051"}],"version-history":[{"count":1,"href":"https:\/\/www.asajacyl.com\/segovia\/wp-json\/wp\/v2\/posts\/2051\/revisions"}],"predecessor-version":[{"id":2053,"href":"https:\/\/www.asajacyl.com\/segovia\/wp-json\/wp\/v2\/posts\/2051\/revisions\/2053"}],"wp:featuredmedia":[{"embeddable":true,"href":"https:\/\/www.asajacyl.com\/segovia\/wp-json\/wp\/v2\/media\/2052"}],"wp:attachment":[{"href":"https:\/\/www.asajacyl.com\/segovia\/wp-json\/wp\/v2\/media?parent=2051"}],"wp:term":[{"taxonomy":"category","embeddable":true,"href":"https:\/\/www.asajacyl.com\/segovia\/wp-json\/wp\/v2\/categories?post=2051"},{"taxonomy":"post_tag","embeddable":true,"href":"https:\/\/www.asajacyl.com\/segovia\/wp-json\/wp\/v2\/tags?post=2051"}],"curies":[{"name":"wp","href":"https:\/\/api.w.org\/{rel}","templated":true}]}}