{"id":2056,"date":"2026-02-05T13:42:55","date_gmt":"2026-02-05T12:42:55","guid":{"rendered":"https:\/\/www.asajacyl.com\/segovia\/?p=2056"},"modified":"2026-02-05T14:21:23","modified_gmt":"2026-02-05T13:21:23","slug":"la-sanidad-animal-el-talon-de-aquiles-de-nuestra-ganaderia","status":"publish","type":"post","link":"https:\/\/www.asajacyl.com\/segovia\/asaja-segovia-informa\/la-sanidad-animal-el-talon-de-aquiles-de-nuestra-ganaderia","title":{"rendered":"La Sanidad animal el tal\u00f3n de Aquiles de nuestra ganader\u00eda."},"content":{"rendered":"\n<p><strong>Segovia, 5 de febrero de 2026.- <a>ASAJA Segovia, propone a C\u00e9sar Cuesta \u00c1lvaro como Jefe de Secci\u00f3n de Sanidad Animal en Segovia.<\/a><\/strong><\/p>\n\n\n\n<p>La sanidad animal y su gesti\u00f3n por parte de la Junta de Castilla y Le\u00f3n es uno de los elementos fundamentales para que nuestra ganader\u00eda sea sostenible y rentable.<\/p>\n\n\n\n<p>Desde Asaja Segovia entendemos que la persona que debe desarrollar la responsabilidad de la gesti\u00f3n de la Sanidad Animal, tiene que reunir varias caracter\u00edsticas, siendo la fundamental el conocimiento de la ganader\u00eda a pie de campo o granja. Nuestra provincia es eminentemente ganadera y debemos cubrir ese puesto de forma urgente, con personas con experiencia y conocedoras de nuestra provincia.<\/p>\n\n\n\n<p>En \u00faltimos meses estamos sufriendo muchos problemas sanitarios en nuestra provincia que afectan a diversas especies ganaderas como: vacuno, porcino, ovino y avicultura principalmente.<\/p>\n\n\n\n<p>Desde nuestra Organizaci\u00f3n Provincial hemos trasladado a la Delegada y al Jefe de Servicio de Agricultura, nuestra propuesta par cubrir el puesto de Jefe de Sanidad Animal en Segovia, puesto clave para el buen desarrollo y gesti\u00f3n de las explotaciones ganaderas en nuestra provincia.<\/p>\n\n\n\n<p>A nivel regional tampoco tenemos Jefe de Sanidad Animal, esperamos que nuestra Consejera pueda nombrar a una persona capaz y conocedora del sector para poder desarrollar esta labor. Pero al tener unas elecciones regionales a la vuelta de la esquina creemos que esta decisi\u00f3n se alargue m\u00e1s de lo deseado.<\/p>\n","protected":false},"excerpt":{"rendered":"<p>Segovia, 5 de febrero de 2026.- ASAJA Segovia, propone a C\u00e9sar Cuesta \u00c1lvaro como Jefe de Secci\u00f3n de Sanidad Animal en Segovia. La sanidad animal y su gesti\u00f3n por parte de la Junta de Castilla y Le\u00f3n es uno de los elementos fundamentales para que nuestra ganader\u00eda sea sostenible y rentable. Desde Asaja Segovia entendemos [&hellip;]<\/p>\n","protected":false},"author":11,"featured_media":2057,"comment_status":"open","ping_status":"open","sticky":false,"template":"","format":"standard","meta":{"footnotes":""},"categories":[10,27,26],"tags":[],"yoast_head":"<!-- This site is optimized with the Yoast SEO plugin v24.5 - https:\/\/yoast.com\/wordpress\/plugins\/seo\/ -->\n<title>La Sanidad animal el tal\u00f3n de Aquiles de nuestra ganader\u00eda. - ASAJA Segovia<\/title>\n<meta name=\"description\" content=\"Segovia, 5 de febrero de 2026.- ASAJA Segovia, propone a C\u00e9sar Cuesta \u00c1lvaro como Jefe de Secci\u00f3n de Sanidad Animal en Segovia. La sanidad animal y su\" \/>\n<meta name=\"robots\" content=\"index, follow, max-snippet:-1, max-image-preview:large, max-video-preview:-1\" \/>\n<link rel=\"canonical\" href=\"https:\/\/www.asajacyl.com\/segovia\/asaja-segovia-informa\/la-sanidad-animal-el-talon-de-aquiles-de-nuestra-ganaderia\" \/>\n<meta property=\"og:locale\" content=\"es_ES\" \/>\n<meta property=\"og:type\" content=\"article\" \/>\n<meta property=\"og:title\" content=\"La Sanidad animal el tal\u00f3n de Aquiles de nuestra ganader\u00eda. - ASAJA Segovia\" \/>\n<meta property=\"og:description\" content=\"Segovia, 5 de febrero de 2026.- ASAJA Segovia, propone a C\u00e9sar Cuesta \u00c1lvaro como Jefe de Secci\u00f3n de Sanidad Animal en Segovia. La sanidad animal y su\" \/>\n<meta property=\"og:url\" content=\"https:\/\/www.asajacyl.com\/segovia\/asaja-segovia-informa\/la-sanidad-animal-el-talon-de-aquiles-de-nuestra-ganaderia\" \/>\n<meta property=\"og:site_name\" content=\"ASAJA Segovia\" \/>\n<meta property=\"article:published_time\" content=\"2026-02-05T12:42:55+00:00\" \/>\n<meta property=\"article:modified_time\" content=\"2026-02-05T13:21:23+00:00\" \/>\n<meta property=\"og:image\" content=\"https:\/\/www.asajacyl.com\/segovia\/wp-content\/uploads\/sites\/8\/2026\/02\/foto-vacuno-extensivo-cerdos.jpg\" \/>\n\t<meta property=\"og:image:width\" content=\"1493\" \/>\n\t<meta property=\"og:image:height\" content=\"450\" \/>\n\t<meta property=\"og:image:type\" content=\"image\/jpeg\" \/>\n<meta name=\"author\" content=\"Alicia\" \/>\n<meta name=\"twitter:card\" content=\"summary_large_image\" \/>\n<meta name=\"twitter:label1\" content=\"Escrito por\" \/>\n\t<meta name=\"twitter:data1\" content=\"Alicia\" \/>\n\t<meta name=\"twitter:label2\" content=\"Tiempo de lectura\" \/>\n\t<meta name=\"twitter:data2\" content=\"2 minutos\" \/>\n<script type=\"application\/ld+json\" class=\"yoast-schema-graph\">{\"@context\":\"https:\/\/schema.org\",\"@graph\":[{\"@type\":\"WebPage\",\"@id\":\"https:\/\/www.asajacyl.com\/segovia\/asaja-segovia-informa\/la-sanidad-animal-el-talon-de-aquiles-de-nuestra-ganaderia\",\"url\":\"https:\/\/www.asajacyl.com\/segovia\/asaja-segovia-informa\/la-sanidad-animal-el-talon-de-aquiles-de-nuestra-ganaderia\",\"name\":\"La Sanidad animal el tal\u00f3n de Aquiles de nuestra ganader\u00eda. - ASAJA Segovia\",\"isPartOf\":{\"@id\":\"https:\/\/www.asajacyl.com\/segovia\/#website\"},\"primaryImageOfPage\":{\"@id\":\"https:\/\/www.asajacyl.com\/segovia\/asaja-segovia-informa\/la-sanidad-animal-el-talon-de-aquiles-de-nuestra-ganaderia#primaryimage\"},\"image\":{\"@id\":\"https:\/\/www.asajacyl.com\/segovia\/asaja-segovia-informa\/la-sanidad-animal-el-talon-de-aquiles-de-nuestra-ganaderia#primaryimage\"},\"thumbnailUrl\":\"https:\/\/www.asajacyl.com\/segovia\/wp-content\/uploads\/sites\/8\/2026\/02\/foto-vacuno-extensivo-cerdos.jpg\",\"datePublished\":\"2026-02-05T12:42:55+00:00\",\"dateModified\":\"2026-02-05T13:21:23+00:00\",\"author\":{\"@id\":\"https:\/\/www.asajacyl.com\/segovia\/#\/schema\/person\/f044fca5805bb46713e11715709aef4d\"},\"description\":\"Segovia, 5 de febrero de 2026.- ASAJA Segovia, propone a C\u00e9sar Cuesta \u00c1lvaro como Jefe de Secci\u00f3n de Sanidad Animal en Segovia. La sanidad animal y su\",\"breadcrumb\":{\"@id\":\"https:\/\/www.asajacyl.com\/segovia\/asaja-segovia-informa\/la-sanidad-animal-el-talon-de-aquiles-de-nuestra-ganaderia#breadcrumb\"},\"inLanguage\":\"es\",\"potentialAction\":[{\"@type\":\"ReadAction\",\"target\":[\"https:\/\/www.asajacyl.com\/segovia\/asaja-segovia-informa\/la-sanidad-animal-el-talon-de-aquiles-de-nuestra-ganaderia\"]}]},{\"@type\":\"ImageObject\",\"inLanguage\":\"es\",\"@id\":\"https:\/\/www.asajacyl.com\/segovia\/asaja-segovia-informa\/la-sanidad-animal-el-talon-de-aquiles-de-nuestra-ganaderia#primaryimage\",\"url\":\"https:\/\/www.asajacyl.com\/segovia\/wp-content\/uploads\/sites\/8\/2026\/02\/foto-vacuno-extensivo-cerdos.jpg\",\"contentUrl\":\"https:\/\/www.asajacyl.com\/segovia\/wp-content\/uploads\/sites\/8\/2026\/02\/foto-vacuno-extensivo-cerdos.jpg\",\"width\":1493,\"height\":450},{\"@type\":\"BreadcrumbList\",\"@id\":\"https:\/\/www.asajacyl.com\/segovia\/asaja-segovia-informa\/la-sanidad-animal-el-talon-de-aquiles-de-nuestra-ganaderia#breadcrumb\",\"itemListElement\":[{\"@type\":\"ListItem\",\"position\":1,\"name\":\"Portada\",\"item\":\"https:\/\/www.asajacyl.com\/segovia\/\"},{\"@type\":\"ListItem\",\"position\":2,\"name\":\"La Sanidad animal el tal\u00f3n de Aquiles de nuestra ganader\u00eda.\"}]},{\"@type\":\"WebSite\",\"@id\":\"https:\/\/www.asajacyl.com\/segovia\/#website\",\"url\":\"https:\/\/www.asajacyl.com\/segovia\/\",\"name\":\"ASAJA Segovia\",\"description\":\"Otro sitio m\u00e1s de Provincias ASAJA Castilla y Le\u00f3n\",\"potentialAction\":[{\"@type\":\"SearchAction\",\"target\":{\"@type\":\"EntryPoint\",\"urlTemplate\":\"https:\/\/www.asajacyl.com\/segovia\/?s={search_term_string}\"},\"query-input\":{\"@type\":\"PropertyValueSpecification\",\"valueRequired\":true,\"valueName\":\"search_term_string\"}}],\"inLanguage\":\"es\"},{\"@type\":\"Person\",\"@id\":\"https:\/\/www.asajacyl.com\/segovia\/#\/schema\/person\/f044fca5805bb46713e11715709aef4d\",\"name\":\"Alicia\",\"image\":{\"@type\":\"ImageObject\",\"inLanguage\":\"es\",\"@id\":\"https:\/\/www.asajacyl.com\/segovia\/#\/schema\/person\/image\/\",\"url\":\"https:\/\/secure.gravatar.com\/avatar\/054cff43263e39aa6e74950dc4bb1690?s=96&d=mm&r=g\",\"contentUrl\":\"https:\/\/secure.gravatar.com\/avatar\/054cff43263e39aa6e74950dc4bb1690?s=96&d=mm&r=g\",\"caption\":\"Alicia\"},\"url\":\"https:\/\/www.asajacyl.com\/segovia\/author\/aliciasc\"}]}<\/script>\n<!-- \/ Yoast SEO plugin. -->","yoast_head_json":{"title":"La Sanidad animal el tal\u00f3n de Aquiles de nuestra ganader\u00eda. - ASAJA Segovia","description":"Segovia, 5 de febrero de 2026.- ASAJA Segovia, propone a C\u00e9sar Cuesta \u00c1lvaro como Jefe de Secci\u00f3n de Sanidad Animal en Segovia. La sanidad animal y su","robots":{"index":"index","follow":"follow","max-snippet":"max-snippet:-1","max-image-preview":"max-image-preview:large","max-video-preview":"max-video-preview:-1"},"canonical":"https:\/\/www.asajacyl.com\/segovia\/asaja-segovia-informa\/la-sanidad-animal-el-talon-de-aquiles-de-nuestra-ganaderia","og_locale":"es_ES","og_type":"article","og_title":"La Sanidad animal el tal\u00f3n de Aquiles de nuestra ganader\u00eda. - ASAJA Segovia","og_description":"Segovia, 5 de febrero de 2026.- ASAJA Segovia, propone a C\u00e9sar Cuesta \u00c1lvaro como Jefe de Secci\u00f3n de Sanidad Animal en Segovia. La sanidad animal y su","og_url":"https:\/\/www.asajacyl.com\/segovia\/asaja-segovia-informa\/la-sanidad-animal-el-talon-de-aquiles-de-nuestra-ganaderia","og_site_name":"ASAJA Segovia","article_published_time":"2026-02-05T12:42:55+00:00","article_modified_time":"2026-02-05T13:21:23+00:00","og_image":[{"width":1493,"height":450,"url":"https:\/\/www.asajacyl.com\/segovia\/wp-content\/uploads\/sites\/8\/2026\/02\/foto-vacuno-extensivo-cerdos.jpg","type":"image\/jpeg"}],"author":"Alicia","twitter_card":"summary_large_image","twitter_misc":{"Escrito por":"Alicia","Tiempo de lectura":"2 minutos"},"schema":{"@context":"https:\/\/schema.org","@graph":[{"@type":"WebPage","@id":"https:\/\/www.asajacyl.com\/segovia\/asaja-segovia-informa\/la-sanidad-animal-el-talon-de-aquiles-de-nuestra-ganaderia","url":"https:\/\/www.asajacyl.com\/segovia\/asaja-segovia-informa\/la-sanidad-animal-el-talon-de-aquiles-de-nuestra-ganaderia","name":"La Sanidad animal el tal\u00f3n de Aquiles de nuestra ganader\u00eda. - ASAJA Segovia","isPartOf":{"@id":"https:\/\/www.asajacyl.com\/segovia\/#website"},"primaryImageOfPage":{"@id":"https:\/\/www.asajacyl.com\/segovia\/asaja-segovia-informa\/la-sanidad-animal-el-talon-de-aquiles-de-nuestra-ganaderia#primaryimage"},"image":{"@id":"https:\/\/www.asajacyl.com\/segovia\/asaja-segovia-informa\/la-sanidad-animal-el-talon-de-aquiles-de-nuestra-ganaderia#primaryimage"},"thumbnailUrl":"https:\/\/www.asajacyl.com\/segovia\/wp-content\/uploads\/sites\/8\/2026\/02\/foto-vacuno-extensivo-cerdos.jpg","datePublished":"2026-02-05T12:42:55+00:00","dateModified":"2026-02-05T13:21:23+00:00","author":{"@id":"https:\/\/www.asajacyl.com\/segovia\/#\/schema\/person\/f044fca5805bb46713e11715709aef4d"},"description":"Segovia, 5 de febrero de 2026.- ASAJA Segovia, propone a C\u00e9sar Cuesta \u00c1lvaro como Jefe de Secci\u00f3n de Sanidad Animal en Segovia. La sanidad animal y su","breadcrumb":{"@id":"https:\/\/www.asajacyl.com\/segovia\/asaja-segovia-informa\/la-sanidad-animal-el-talon-de-aquiles-de-nuestra-ganaderia#breadcrumb"},"inLanguage":"es","potentialAction":[{"@type":"ReadAction","target":["https:\/\/www.asajacyl.com\/segovia\/asaja-segovia-informa\/la-sanidad-animal-el-talon-de-aquiles-de-nuestra-ganaderia"]}]},{"@type":"ImageObject","inLanguage":"es","@id":"https:\/\/www.asajacyl.com\/segovia\/asaja-segovia-informa\/la-sanidad-animal-el-talon-de-aquiles-de-nuestra-ganaderia#primaryimage","url":"https:\/\/www.asajacyl.com\/segovia\/wp-content\/uploads\/sites\/8\/2026\/02\/foto-vacuno-extensivo-cerdos.jpg","contentUrl":"https:\/\/www.asajacyl.com\/segovia\/wp-content\/uploads\/sites\/8\/2026\/02\/foto-vacuno-extensivo-cerdos.jpg","width":1493,"height":450},{"@type":"BreadcrumbList","@id":"https:\/\/www.asajacyl.com\/segovia\/asaja-segovia-informa\/la-sanidad-animal-el-talon-de-aquiles-de-nuestra-ganaderia#breadcrumb","itemListElement":[{"@type":"ListItem","position":1,"name":"Portada","item":"https:\/\/www.asajacyl.com\/segovia\/"},{"@type":"ListItem","position":2,"name":"La Sanidad animal el tal\u00f3n de Aquiles de nuestra ganader\u00eda."}]},{"@type":"WebSite","@id":"https:\/\/www.asajacyl.com\/segovia\/#website","url":"https:\/\/www.asajacyl.com\/segovia\/","name":"ASAJA Segovia","description":"Otro sitio m\u00e1s de Provincias ASAJA Castilla y Le\u00f3n","potentialAction":[{"@type":"SearchAction","target":{"@type":"EntryPoint","urlTemplate":"https:\/\/www.asajacyl.com\/segovia\/?s={search_term_string}"},"query-input":{"@type":"PropertyValueSpecification","valueRequired":true,"valueName":"search_term_string"}}],"inLanguage":"es"},{"@type":"Person","@id":"https:\/\/www.asajacyl.com\/segovia\/#\/schema\/person\/f044fca5805bb46713e11715709aef4d","name":"Alicia","image":{"@type":"ImageObject","inLanguage":"es","@id":"https:\/\/www.asajacyl.com\/segovia\/#\/schema\/person\/image\/","url":"https:\/\/secure.gravatar.com\/avatar\/054cff43263e39aa6e74950dc4bb1690?s=96&d=mm&r=g","contentUrl":"https:\/\/secure.gravatar.com\/avatar\/054cff43263e39aa6e74950dc4bb1690?s=96&d=mm&r=g","caption":"Alicia"},"url":"https:\/\/www.asajacyl.com\/segovia\/author\/aliciasc"}]}},"_links":{"self":[{"href":"https:\/\/www.asajacyl.com\/segovia\/wp-json\/wp\/v2\/posts\/2056"}],"collection":[{"href":"https:\/\/www.asajacyl.com\/segovia\/wp-json\/wp\/v2\/posts"}],"about":[{"href":"https:\/\/www.asajacyl.com\/segovia\/wp-json\/wp\/v2\/types\/post"}],"author":[{"embeddable":true,"href":"https:\/\/www.asajacyl.com\/segovia\/wp-json\/wp\/v2\/users\/11"}],"replies":[{"embeddable":true,"href":"https:\/\/www.asajacyl.com\/segovia\/wp-json\/wp\/v2\/comments?post=2056"}],"version-history":[{"count":1,"href":"https:\/\/www.asajacyl.com\/segovia\/wp-json\/wp\/v2\/posts\/2056\/revisions"}],"predecessor-version":[{"id":2058,"href":"https:\/\/www.asajacyl.com\/segovia\/wp-json\/wp\/v2\/posts\/2056\/revisions\/2058"}],"wp:featuredmedia":[{"embeddable":true,"href":"https:\/\/www.asajacyl.com\/segovia\/wp-json\/wp\/v2\/media\/2057"}],"wp:attachment":[{"href":"https:\/\/www.asajacyl.com\/segovia\/wp-json\/wp\/v2\/media?parent=2056"}],"wp:term":[{"taxonomy":"category","embeddable":true,"href":"https:\/\/www.asajacyl.com\/segovia\/wp-json\/wp\/v2\/categories?post=2056"},{"taxonomy":"post_tag","embeddable":true,"href":"https:\/\/www.asajacyl.com\/segovia\/wp-json\/wp\/v2\/tags?post=2056"}],"curies":[{"name":"wp","href":"https:\/\/api.w.org\/{rel}","templated":true}]}}