{"id":2063,"date":"2026-02-20T11:46:18","date_gmt":"2026-02-20T10:46:18","guid":{"rendered":"https:\/\/www.asajacyl.com\/segovia\/?p=2063"},"modified":"2026-02-20T11:46:20","modified_gmt":"2026-02-20T10:46:20","slug":"asaja-segovia-se-reune-con-los-candidatos-del-pp-a-la-junta-de-castilla-y-leon-por-nuestra-provincia","status":"publish","type":"post","link":"https:\/\/www.asajacyl.com\/segovia\/asaja-segovia-informa\/asaja-segovia-se-reune-con-los-candidatos-del-pp-a-la-junta-de-castilla-y-leon-por-nuestra-provincia","title":{"rendered":"ASAJA Segovia se re\u00fane con los candidatos del PP a la Junta de Castilla y Le\u00f3n por nuestra provincia."},"content":{"rendered":"\n<p><strong>Segovia, 20 de febrero de 2026.- <\/strong><a>Nuestra Organizaci\u00f3n Agraria Provincial ha mostrado las l\u00edneas de trabajo que entendemos que se deben de tomar en la Junta de Castilla y Le\u00f3n a partir del 15 de marzo.<\/a><\/p>\n\n\n\n<p>Nuestra intenci\u00f3n es reunirnos con todos aquellos partidos pol\u00edticos que tengan inter\u00e9s en nuestro sector agrario y hacerles referente a nivel internacional y hacer viable nuestra actividad.<\/p>\n\n\n\n<p>Hemos trasmitido al Partido Popular nuestras principales preocupaciones como son:<strong><\/strong><\/p>\n\n\n\n<p><strong>Debe de haber al frente de la Consejer\u00eda una persona conocedora perfectamente del sector agrario Castellano-Leon\u00e9s, debe de haber un Jefe de Sanidad Animal <\/strong>conocedor del sector, tanto a nivel de regi\u00f3n como de provincia. A nivel provincial ya hemos propuesto nuestro candidato. Un \u00e1rea de trabajo muy complicado de nuestra comunidad y provincia.<\/p>\n\n\n\n<p><strong>Se deben de actualizar los baremos de indemnizaci\u00f3n de da\u00f1os por lobo <\/strong>y ver la posibilidad de incluir nuevas especies como: buitre, zorro y meloncillo.<\/p>\n\n\n\n<p>Desde ASAJA Segovia hemos puesto especial \u00e9nfasis en nuestro sector cerealista<strong>: De manera urgente hay que articular alguna ayuda para el sector cerealista como se ha hecho en otras ocasiones por parte la JUNTA: v\u00eda ayuda directa, v\u00eda ayuda fertilizante \u00f3 v\u00eda ayuda seguro agrario. Es un sector totalmente en ruina estructural y se le debe amparar de forma urgente.<\/strong><\/p>\n\n\n\n<p><strong>Estamos especialmente preocupados por la crisis coyuntural de sector porcino de capa blanca, llevamos tiempo pidiendo medidas que palien la situaci\u00f3n y contengan la proliferaci\u00f3n del jabal\u00ed. hoy se ha publicado en el bolet\u00edn oficial de castilla y le\u00f3n <\/strong>emergencia cineg\u00e9tica por jabal\u00ed<strong>. <\/strong>se permite como medida excepcional, efectuar controles poblacionales sobre esta especie desde el 23 de febrero hasta el 8 de marzo de 2026, en las modalidades de monter\u00eda y gancho.<\/p>\n\n\n\n<p>Se trataron muchos m\u00e1s temas como la inversi\u00f3n para: mejora de regad\u00edos y concentraciones y reconcentraciones parcelarias, las tarifas que cobra la Junta de Castilla y Le\u00f3n en Segovia por el aprovechamiento de pastos nos parecen elevadas y habr\u00eda que reducirlas, aumento de personal en el Servicio Territorial de Segovia, llevando gente principalmente a Carbonero el Mayor y Riaza, facilitar la Incorporaci\u00f3n de J\u00f3venes y Planes de Mejora. Normativa muy liosa que no facilita el incorporar j\u00f3venes ni realizar inversiones (exceso de burocracia), buscar la f\u00f3rmula para poder realizar quemas de rastrojos de forma legal para disminuir plagas, enfermedades e insumos en nuestros negocios, hay que intentar presionar a las industrias agroalimentarias que se han llevado fondos p\u00fablicos a que prioricen consumo de productos de nuestra regi\u00f3n (patatas). <strong>Pusimos especial \u00e9nfasis en el acuerdo con MERCOSUR el cual es totalmente frontal a nuestros intereses.<\/strong><\/p>\n\n\n\n<p>No se entiende el precio actual del ganado porcino, puesto que ninguna granja se ha visto afectada y el consumo de carne no ha bajado. Con esta crisis hay gente ganando mucho dinero y no son nuestros ganaderos.<\/p>\n\n\n\n<p>La fauna silvestre se ha convertido en un problema m\u00e1s para nuestro sector y aunque las Administraciones P\u00fablicas no hagan nada para ayudarnos por lo menos que nos dejen controlarlo por nuestros medios para garantizar la viabilidad de nuestro sector.<\/p>\n","protected":false},"excerpt":{"rendered":"<p>Segovia, 20 de febrero de 2026.- Nuestra Organizaci\u00f3n Agraria Provincial ha mostrado las l\u00edneas de trabajo que entendemos que se deben de tomar en la Junta de Castilla y Le\u00f3n a partir del 15 de marzo. Nuestra intenci\u00f3n es reunirnos con todos aquellos partidos pol\u00edticos que tengan inter\u00e9s en nuestro sector agrario y hacerles referente [&hellip;]<\/p>\n","protected":false},"author":11,"featured_media":2064,"comment_status":"open","ping_status":"open","sticky":false,"template":"","format":"standard","meta":{"footnotes":""},"categories":[10,27,26],"tags":[],"yoast_head":"<!-- This site is optimized with the Yoast SEO plugin v24.5 - https:\/\/yoast.com\/wordpress\/plugins\/seo\/ -->\n<title>ASAJA Segovia se re\u00fane con los candidatos del PP a la Junta de Castilla y Le\u00f3n por nuestra provincia. - ASAJA Segovia<\/title>\n<meta name=\"description\" content=\"Segovia, 20 de febrero de 2026.- Nuestra Organizaci\u00f3n Agraria Provincial ha mostrado las l\u00edneas de trabajo que entendemos que se deben de tomar en la\" \/>\n<meta name=\"robots\" content=\"index, follow, max-snippet:-1, max-image-preview:large, max-video-preview:-1\" \/>\n<link rel=\"canonical\" href=\"https:\/\/www.asajacyl.com\/segovia\/asaja-segovia-informa\/asaja-segovia-se-reune-con-los-candidatos-del-pp-a-la-junta-de-castilla-y-leon-por-nuestra-provincia\" \/>\n<meta property=\"og:locale\" content=\"es_ES\" \/>\n<meta property=\"og:type\" content=\"article\" \/>\n<meta property=\"og:title\" content=\"ASAJA Segovia se re\u00fane con los candidatos del PP a la Junta de Castilla y Le\u00f3n por nuestra provincia. - ASAJA Segovia\" \/>\n<meta property=\"og:description\" content=\"Segovia, 20 de febrero de 2026.- Nuestra Organizaci\u00f3n Agraria Provincial ha mostrado las l\u00edneas de trabajo que entendemos que se deben de tomar en la\" \/>\n<meta property=\"og:url\" content=\"https:\/\/www.asajacyl.com\/segovia\/asaja-segovia-informa\/asaja-segovia-se-reune-con-los-candidatos-del-pp-a-la-junta-de-castilla-y-leon-por-nuestra-provincia\" \/>\n<meta property=\"og:site_name\" content=\"ASAJA Segovia\" \/>\n<meta property=\"article:published_time\" content=\"2026-02-20T10:46:18+00:00\" \/>\n<meta property=\"article:modified_time\" content=\"2026-02-20T10:46:20+00:00\" \/>\n<meta property=\"og:image\" content=\"https:\/\/www.asajacyl.com\/segovia\/wp-content\/uploads\/sites\/8\/2026\/02\/Foto-PP.jpeg\" \/>\n\t<meta property=\"og:image:width\" content=\"2048\" \/>\n\t<meta property=\"og:image:height\" content=\"1536\" \/>\n\t<meta property=\"og:image:type\" content=\"image\/jpeg\" \/>\n<meta name=\"author\" content=\"Alicia\" \/>\n<meta name=\"twitter:card\" content=\"summary_large_image\" \/>\n<meta name=\"twitter:label1\" content=\"Escrito por\" \/>\n\t<meta name=\"twitter:data1\" content=\"Alicia\" \/>\n\t<meta name=\"twitter:label2\" content=\"Tiempo de lectura\" \/>\n\t<meta name=\"twitter:data2\" content=\"3 minutos\" \/>\n<script type=\"application\/ld+json\" class=\"yoast-schema-graph\">{\"@context\":\"https:\/\/schema.org\",\"@graph\":[{\"@type\":\"WebPage\",\"@id\":\"https:\/\/www.asajacyl.com\/segovia\/asaja-segovia-informa\/asaja-segovia-se-reune-con-los-candidatos-del-pp-a-la-junta-de-castilla-y-leon-por-nuestra-provincia\",\"url\":\"https:\/\/www.asajacyl.com\/segovia\/asaja-segovia-informa\/asaja-segovia-se-reune-con-los-candidatos-del-pp-a-la-junta-de-castilla-y-leon-por-nuestra-provincia\",\"name\":\"ASAJA Segovia se re\u00fane con los candidatos del PP a la Junta de Castilla y Le\u00f3n por nuestra provincia. - ASAJA Segovia\",\"isPartOf\":{\"@id\":\"https:\/\/www.asajacyl.com\/segovia\/#website\"},\"primaryImageOfPage\":{\"@id\":\"https:\/\/www.asajacyl.com\/segovia\/asaja-segovia-informa\/asaja-segovia-se-reune-con-los-candidatos-del-pp-a-la-junta-de-castilla-y-leon-por-nuestra-provincia#primaryimage\"},\"image\":{\"@id\":\"https:\/\/www.asajacyl.com\/segovia\/asaja-segovia-informa\/asaja-segovia-se-reune-con-los-candidatos-del-pp-a-la-junta-de-castilla-y-leon-por-nuestra-provincia#primaryimage\"},\"thumbnailUrl\":\"https:\/\/www.asajacyl.com\/segovia\/wp-content\/uploads\/sites\/8\/2026\/02\/Foto-PP.jpeg\",\"datePublished\":\"2026-02-20T10:46:18+00:00\",\"dateModified\":\"2026-02-20T10:46:20+00:00\",\"author\":{\"@id\":\"https:\/\/www.asajacyl.com\/segovia\/#\/schema\/person\/f044fca5805bb46713e11715709aef4d\"},\"description\":\"Segovia, 20 de febrero de 2026.- Nuestra Organizaci\u00f3n Agraria Provincial ha mostrado las l\u00edneas de trabajo que entendemos que se deben de tomar en la\",\"breadcrumb\":{\"@id\":\"https:\/\/www.asajacyl.com\/segovia\/asaja-segovia-informa\/asaja-segovia-se-reune-con-los-candidatos-del-pp-a-la-junta-de-castilla-y-leon-por-nuestra-provincia#breadcrumb\"},\"inLanguage\":\"es\",\"potentialAction\":[{\"@type\":\"ReadAction\",\"target\":[\"https:\/\/www.asajacyl.com\/segovia\/asaja-segovia-informa\/asaja-segovia-se-reune-con-los-candidatos-del-pp-a-la-junta-de-castilla-y-leon-por-nuestra-provincia\"]}]},{\"@type\":\"ImageObject\",\"inLanguage\":\"es\",\"@id\":\"https:\/\/www.asajacyl.com\/segovia\/asaja-segovia-informa\/asaja-segovia-se-reune-con-los-candidatos-del-pp-a-la-junta-de-castilla-y-leon-por-nuestra-provincia#primaryimage\",\"url\":\"https:\/\/www.asajacyl.com\/segovia\/wp-content\/uploads\/sites\/8\/2026\/02\/Foto-PP.jpeg\",\"contentUrl\":\"https:\/\/www.asajacyl.com\/segovia\/wp-content\/uploads\/sites\/8\/2026\/02\/Foto-PP.jpeg\",\"width\":2048,\"height\":1536},{\"@type\":\"BreadcrumbList\",\"@id\":\"https:\/\/www.asajacyl.com\/segovia\/asaja-segovia-informa\/asaja-segovia-se-reune-con-los-candidatos-del-pp-a-la-junta-de-castilla-y-leon-por-nuestra-provincia#breadcrumb\",\"itemListElement\":[{\"@type\":\"ListItem\",\"position\":1,\"name\":\"Portada\",\"item\":\"https:\/\/www.asajacyl.com\/segovia\/\"},{\"@type\":\"ListItem\",\"position\":2,\"name\":\"ASAJA Segovia se re\u00fane con los candidatos del PP a la Junta de Castilla y Le\u00f3n por nuestra provincia.\"}]},{\"@type\":\"WebSite\",\"@id\":\"https:\/\/www.asajacyl.com\/segovia\/#website\",\"url\":\"https:\/\/www.asajacyl.com\/segovia\/\",\"name\":\"ASAJA Segovia\",\"description\":\"Otro sitio m\u00e1s de Provincias ASAJA Castilla y Le\u00f3n\",\"potentialAction\":[{\"@type\":\"SearchAction\",\"target\":{\"@type\":\"EntryPoint\",\"urlTemplate\":\"https:\/\/www.asajacyl.com\/segovia\/?s={search_term_string}\"},\"query-input\":{\"@type\":\"PropertyValueSpecification\",\"valueRequired\":true,\"valueName\":\"search_term_string\"}}],\"inLanguage\":\"es\"},{\"@type\":\"Person\",\"@id\":\"https:\/\/www.asajacyl.com\/segovia\/#\/schema\/person\/f044fca5805bb46713e11715709aef4d\",\"name\":\"Alicia\",\"image\":{\"@type\":\"ImageObject\",\"inLanguage\":\"es\",\"@id\":\"https:\/\/www.asajacyl.com\/segovia\/#\/schema\/person\/image\/\",\"url\":\"https:\/\/secure.gravatar.com\/avatar\/054cff43263e39aa6e74950dc4bb1690?s=96&d=mm&r=g\",\"contentUrl\":\"https:\/\/secure.gravatar.com\/avatar\/054cff43263e39aa6e74950dc4bb1690?s=96&d=mm&r=g\",\"caption\":\"Alicia\"},\"url\":\"https:\/\/www.asajacyl.com\/segovia\/author\/aliciasc\"}]}<\/script>\n<!-- \/ Yoast SEO plugin. -->","yoast_head_json":{"title":"ASAJA Segovia se re\u00fane con los candidatos del PP a la Junta de Castilla y Le\u00f3n por nuestra provincia. - ASAJA Segovia","description":"Segovia, 20 de febrero de 2026.- Nuestra Organizaci\u00f3n Agraria Provincial ha mostrado las l\u00edneas de trabajo que entendemos que se deben de tomar en la","robots":{"index":"index","follow":"follow","max-snippet":"max-snippet:-1","max-image-preview":"max-image-preview:large","max-video-preview":"max-video-preview:-1"},"canonical":"https:\/\/www.asajacyl.com\/segovia\/asaja-segovia-informa\/asaja-segovia-se-reune-con-los-candidatos-del-pp-a-la-junta-de-castilla-y-leon-por-nuestra-provincia","og_locale":"es_ES","og_type":"article","og_title":"ASAJA Segovia se re\u00fane con los candidatos del PP a la Junta de Castilla y Le\u00f3n por nuestra provincia. - ASAJA Segovia","og_description":"Segovia, 20 de febrero de 2026.- Nuestra Organizaci\u00f3n Agraria Provincial ha mostrado las l\u00edneas de trabajo que entendemos que se deben de tomar en la","og_url":"https:\/\/www.asajacyl.com\/segovia\/asaja-segovia-informa\/asaja-segovia-se-reune-con-los-candidatos-del-pp-a-la-junta-de-castilla-y-leon-por-nuestra-provincia","og_site_name":"ASAJA Segovia","article_published_time":"2026-02-20T10:46:18+00:00","article_modified_time":"2026-02-20T10:46:20+00:00","og_image":[{"width":2048,"height":1536,"url":"https:\/\/www.asajacyl.com\/segovia\/wp-content\/uploads\/sites\/8\/2026\/02\/Foto-PP.jpeg","type":"image\/jpeg"}],"author":"Alicia","twitter_card":"summary_large_image","twitter_misc":{"Escrito por":"Alicia","Tiempo de lectura":"3 minutos"},"schema":{"@context":"https:\/\/schema.org","@graph":[{"@type":"WebPage","@id":"https:\/\/www.asajacyl.com\/segovia\/asaja-segovia-informa\/asaja-segovia-se-reune-con-los-candidatos-del-pp-a-la-junta-de-castilla-y-leon-por-nuestra-provincia","url":"https:\/\/www.asajacyl.com\/segovia\/asaja-segovia-informa\/asaja-segovia-se-reune-con-los-candidatos-del-pp-a-la-junta-de-castilla-y-leon-por-nuestra-provincia","name":"ASAJA Segovia se re\u00fane con los candidatos del PP a la Junta de Castilla y Le\u00f3n por nuestra provincia. - ASAJA Segovia","isPartOf":{"@id":"https:\/\/www.asajacyl.com\/segovia\/#website"},"primaryImageOfPage":{"@id":"https:\/\/www.asajacyl.com\/segovia\/asaja-segovia-informa\/asaja-segovia-se-reune-con-los-candidatos-del-pp-a-la-junta-de-castilla-y-leon-por-nuestra-provincia#primaryimage"},"image":{"@id":"https:\/\/www.asajacyl.com\/segovia\/asaja-segovia-informa\/asaja-segovia-se-reune-con-los-candidatos-del-pp-a-la-junta-de-castilla-y-leon-por-nuestra-provincia#primaryimage"},"thumbnailUrl":"https:\/\/www.asajacyl.com\/segovia\/wp-content\/uploads\/sites\/8\/2026\/02\/Foto-PP.jpeg","datePublished":"2026-02-20T10:46:18+00:00","dateModified":"2026-02-20T10:46:20+00:00","author":{"@id":"https:\/\/www.asajacyl.com\/segovia\/#\/schema\/person\/f044fca5805bb46713e11715709aef4d"},"description":"Segovia, 20 de febrero de 2026.- Nuestra Organizaci\u00f3n Agraria Provincial ha mostrado las l\u00edneas de trabajo que entendemos que se deben de tomar en la","breadcrumb":{"@id":"https:\/\/www.asajacyl.com\/segovia\/asaja-segovia-informa\/asaja-segovia-se-reune-con-los-candidatos-del-pp-a-la-junta-de-castilla-y-leon-por-nuestra-provincia#breadcrumb"},"inLanguage":"es","potentialAction":[{"@type":"ReadAction","target":["https:\/\/www.asajacyl.com\/segovia\/asaja-segovia-informa\/asaja-segovia-se-reune-con-los-candidatos-del-pp-a-la-junta-de-castilla-y-leon-por-nuestra-provincia"]}]},{"@type":"ImageObject","inLanguage":"es","@id":"https:\/\/www.asajacyl.com\/segovia\/asaja-segovia-informa\/asaja-segovia-se-reune-con-los-candidatos-del-pp-a-la-junta-de-castilla-y-leon-por-nuestra-provincia#primaryimage","url":"https:\/\/www.asajacyl.com\/segovia\/wp-content\/uploads\/sites\/8\/2026\/02\/Foto-PP.jpeg","contentUrl":"https:\/\/www.asajacyl.com\/segovia\/wp-content\/uploads\/sites\/8\/2026\/02\/Foto-PP.jpeg","width":2048,"height":1536},{"@type":"BreadcrumbList","@id":"https:\/\/www.asajacyl.com\/segovia\/asaja-segovia-informa\/asaja-segovia-se-reune-con-los-candidatos-del-pp-a-la-junta-de-castilla-y-leon-por-nuestra-provincia#breadcrumb","itemListElement":[{"@type":"ListItem","position":1,"name":"Portada","item":"https:\/\/www.asajacyl.com\/segovia\/"},{"@type":"ListItem","position":2,"name":"ASAJA Segovia se re\u00fane con los candidatos del PP a la Junta de Castilla y Le\u00f3n por nuestra provincia."}]},{"@type":"WebSite","@id":"https:\/\/www.asajacyl.com\/segovia\/#website","url":"https:\/\/www.asajacyl.com\/segovia\/","name":"ASAJA Segovia","description":"Otro sitio m\u00e1s de Provincias ASAJA Castilla y Le\u00f3n","potentialAction":[{"@type":"SearchAction","target":{"@type":"EntryPoint","urlTemplate":"https:\/\/www.asajacyl.com\/segovia\/?s={search_term_string}"},"query-input":{"@type":"PropertyValueSpecification","valueRequired":true,"valueName":"search_term_string"}}],"inLanguage":"es"},{"@type":"Person","@id":"https:\/\/www.asajacyl.com\/segovia\/#\/schema\/person\/f044fca5805bb46713e11715709aef4d","name":"Alicia","image":{"@type":"ImageObject","inLanguage":"es","@id":"https:\/\/www.asajacyl.com\/segovia\/#\/schema\/person\/image\/","url":"https:\/\/secure.gravatar.com\/avatar\/054cff43263e39aa6e74950dc4bb1690?s=96&d=mm&r=g","contentUrl":"https:\/\/secure.gravatar.com\/avatar\/054cff43263e39aa6e74950dc4bb1690?s=96&d=mm&r=g","caption":"Alicia"},"url":"https:\/\/www.asajacyl.com\/segovia\/author\/aliciasc"}]}},"_links":{"self":[{"href":"https:\/\/www.asajacyl.com\/segovia\/wp-json\/wp\/v2\/posts\/2063"}],"collection":[{"href":"https:\/\/www.asajacyl.com\/segovia\/wp-json\/wp\/v2\/posts"}],"about":[{"href":"https:\/\/www.asajacyl.com\/segovia\/wp-json\/wp\/v2\/types\/post"}],"author":[{"embeddable":true,"href":"https:\/\/www.asajacyl.com\/segovia\/wp-json\/wp\/v2\/users\/11"}],"replies":[{"embeddable":true,"href":"https:\/\/www.asajacyl.com\/segovia\/wp-json\/wp\/v2\/comments?post=2063"}],"version-history":[{"count":1,"href":"https:\/\/www.asajacyl.com\/segovia\/wp-json\/wp\/v2\/posts\/2063\/revisions"}],"predecessor-version":[{"id":2065,"href":"https:\/\/www.asajacyl.com\/segovia\/wp-json\/wp\/v2\/posts\/2063\/revisions\/2065"}],"wp:featuredmedia":[{"embeddable":true,"href":"https:\/\/www.asajacyl.com\/segovia\/wp-json\/wp\/v2\/media\/2064"}],"wp:attachment":[{"href":"https:\/\/www.asajacyl.com\/segovia\/wp-json\/wp\/v2\/media?parent=2063"}],"wp:term":[{"taxonomy":"category","embeddable":true,"href":"https:\/\/www.asajacyl.com\/segovia\/wp-json\/wp\/v2\/categories?post=2063"},{"taxonomy":"post_tag","embeddable":true,"href":"https:\/\/www.asajacyl.com\/segovia\/wp-json\/wp\/v2\/tags?post=2063"}],"curies":[{"name":"wp","href":"https:\/\/api.w.org\/{rel}","templated":true}]}}