{"id":2067,"date":"2026-02-23T14:01:09","date_gmt":"2026-02-23T13:01:09","guid":{"rendered":"https:\/\/www.asajacyl.com\/segovia\/?p=2067"},"modified":"2026-02-23T14:01:26","modified_gmt":"2026-02-23T13:01:26","slug":"asaja-segovia-se-reune-con-el-partido-socialista-y-le-traslada-sus-demandas","status":"publish","type":"post","link":"https:\/\/www.asajacyl.com\/segovia\/asaja-segovia-informa\/asaja-segovia-se-reune-con-el-partido-socialista-y-le-traslada-sus-demandas","title":{"rendered":"ASAJA Segovia se re\u00fane con el Partido Socialista y le traslada sus demandas."},"content":{"rendered":"\n<p><strong>Segovia, 23 de febrero de 2026.- <\/strong><a>Nuestra Organizaci\u00f3n Agraria Provincial ha trasladado sus demandas al PSOE, para la mejora de la situaci\u00f3n del sector agrario.<\/a><\/p>\n\n\n\n<p>ASAJA Segovia, junto con el resto de OPAs se ha reunido con la direcci\u00f3n del PSOE, donde se han tratado los diversos problemas del sector agrario y las actuaciones que demandados para hacer viable nuestra actividad empresarial.<\/p>\n\n\n\n<p>Hemos trasmitido al Partido Socialista nuestras principales preocupaciones como son:<\/p>\n\n\n\n<ul>\n<li>La situaci\u00f3n del sector cerealista. Es el principal sector, en cuanto a superficie de nuestra provincia y su situaci\u00f3n es dram\u00e1tica. Hemos solicitado una ayuda directa, igual que se articul\u00f3 en 2023. Esa l\u00ednea de ayuda que fue bienvenida por el sector, entendemos que se debe volver a ejecutar puesto que la situaci\u00f3n del sector lo requiere. El poder mejorar el seguro agrario tambi\u00e9n es una v\u00eda de ayuda muy importante para nuestro sector.<\/li>\n\n\n\n<li>La situaci\u00f3n de la Peste Porcina Africana, est\u00e1 causando una grave crisis al precio del porcino, pero el realizar las actuaciones necesarias para evitar su propagaci\u00f3n lo valoramos positivamente.<\/li>\n\n\n\n<li>La situaci\u00f3n de la gesti\u00f3n del lobo en nuestro pa\u00eds es insostenible, nuestra ganader\u00eda extensiva no puede continuar como hasta ahora y se debe poder controlar el lobo mediante la actividad cineg\u00e9tica para que nuestros ganaderos puedan continuar con su actividad de una forma l\u00f3gica.<\/li>\n\n\n\n<li>Las pol\u00edticas de la Confederaci\u00f3n Hidrogr\u00e1fica del Duero en nuestra provincia no han sido nada positivas. Entendemos que las infraestructuras hidr\u00e1ulicas se deben de mantener y mejorar, puesto que la gesti\u00f3n del agua es primordial para el desarrollo de nuestra provincia.<\/li>\n\n\n\n<li>El acuerdo con MERCOSUR es un lastre que no puede asumir el sector. Los condicionantes productivos deben ser los mimos para todos y no es posible introducir productos for\u00e1neos en nuestras fronteras que aqu\u00ed est\u00e1n prohibidos producir.<\/li>\n<\/ul>\n\n\n\n<p>La interlocuci\u00f3n con el PSOE que ha sido en un ambiente cordial e intentando siempre construir; cada uno desde su punto de vista, disponemos de diferentes opiniones, pero el futuro de nuestro sector pasa porque los pol\u00edticos que nos gobiernan, atiendan nuestras demandas y se hagan eco de nuestros problemas.<\/p>\n","protected":false},"excerpt":{"rendered":"<p>Segovia, 23 de febrero de 2026.- Nuestra Organizaci\u00f3n Agraria Provincial ha trasladado sus demandas al PSOE, para la mejora de la situaci\u00f3n del sector agrario. ASAJA Segovia, junto con el resto de OPAs se ha reunido con la direcci\u00f3n del PSOE, donde se han tratado los diversos problemas del sector agrario y las actuaciones que [&hellip;]<\/p>\n","protected":false},"author":11,"featured_media":2068,"comment_status":"open","ping_status":"open","sticky":false,"template":"","format":"standard","meta":{"footnotes":""},"categories":[10,27,26],"tags":[],"yoast_head":"<!-- This site is optimized with the Yoast SEO plugin v24.5 - https:\/\/yoast.com\/wordpress\/plugins\/seo\/ -->\n<title>ASAJA Segovia se re\u00fane con el Partido Socialista y le traslada sus demandas. - ASAJA Segovia<\/title>\n<meta name=\"description\" content=\"Segovia, 23 de febrero de 2026.- Nuestra Organizaci\u00f3n Agraria Provincial ha trasladado sus demandas al PSOE, para la mejora de la situaci\u00f3n del sector\" \/>\n<meta name=\"robots\" content=\"index, follow, max-snippet:-1, max-image-preview:large, max-video-preview:-1\" \/>\n<link rel=\"canonical\" href=\"https:\/\/www.asajacyl.com\/segovia\/asaja-segovia-informa\/asaja-segovia-se-reune-con-el-partido-socialista-y-le-traslada-sus-demandas\" \/>\n<meta property=\"og:locale\" content=\"es_ES\" \/>\n<meta property=\"og:type\" content=\"article\" \/>\n<meta property=\"og:title\" content=\"ASAJA Segovia se re\u00fane con el Partido Socialista y le traslada sus demandas. - ASAJA Segovia\" \/>\n<meta property=\"og:description\" content=\"Segovia, 23 de febrero de 2026.- Nuestra Organizaci\u00f3n Agraria Provincial ha trasladado sus demandas al PSOE, para la mejora de la situaci\u00f3n del sector\" \/>\n<meta property=\"og:url\" content=\"https:\/\/www.asajacyl.com\/segovia\/asaja-segovia-informa\/asaja-segovia-se-reune-con-el-partido-socialista-y-le-traslada-sus-demandas\" \/>\n<meta property=\"og:site_name\" content=\"ASAJA Segovia\" \/>\n<meta property=\"article:published_time\" content=\"2026-02-23T13:01:09+00:00\" \/>\n<meta property=\"article:modified_time\" content=\"2026-02-23T13:01:26+00:00\" \/>\n<meta property=\"og:image\" content=\"https:\/\/www.asajacyl.com\/segovia\/wp-content\/uploads\/sites\/8\/2026\/02\/foto-1-psoe.jpeg\" \/>\n\t<meta property=\"og:image:width\" content=\"1600\" \/>\n\t<meta property=\"og:image:height\" content=\"845\" \/>\n\t<meta property=\"og:image:type\" content=\"image\/jpeg\" \/>\n<meta name=\"author\" content=\"Alicia\" \/>\n<meta name=\"twitter:card\" content=\"summary_large_image\" \/>\n<meta name=\"twitter:label1\" content=\"Escrito por\" \/>\n\t<meta name=\"twitter:data1\" content=\"Alicia\" \/>\n\t<meta name=\"twitter:label2\" content=\"Tiempo de lectura\" \/>\n\t<meta name=\"twitter:data2\" content=\"2 minutos\" \/>\n<script type=\"application\/ld+json\" class=\"yoast-schema-graph\">{\"@context\":\"https:\/\/schema.org\",\"@graph\":[{\"@type\":\"WebPage\",\"@id\":\"https:\/\/www.asajacyl.com\/segovia\/asaja-segovia-informa\/asaja-segovia-se-reune-con-el-partido-socialista-y-le-traslada-sus-demandas\",\"url\":\"https:\/\/www.asajacyl.com\/segovia\/asaja-segovia-informa\/asaja-segovia-se-reune-con-el-partido-socialista-y-le-traslada-sus-demandas\",\"name\":\"ASAJA Segovia se re\u00fane con el Partido Socialista y le traslada sus demandas. - ASAJA Segovia\",\"isPartOf\":{\"@id\":\"https:\/\/www.asajacyl.com\/segovia\/#website\"},\"primaryImageOfPage\":{\"@id\":\"https:\/\/www.asajacyl.com\/segovia\/asaja-segovia-informa\/asaja-segovia-se-reune-con-el-partido-socialista-y-le-traslada-sus-demandas#primaryimage\"},\"image\":{\"@id\":\"https:\/\/www.asajacyl.com\/segovia\/asaja-segovia-informa\/asaja-segovia-se-reune-con-el-partido-socialista-y-le-traslada-sus-demandas#primaryimage\"},\"thumbnailUrl\":\"https:\/\/www.asajacyl.com\/segovia\/wp-content\/uploads\/sites\/8\/2026\/02\/foto-1-psoe.jpeg\",\"datePublished\":\"2026-02-23T13:01:09+00:00\",\"dateModified\":\"2026-02-23T13:01:26+00:00\",\"author\":{\"@id\":\"https:\/\/www.asajacyl.com\/segovia\/#\/schema\/person\/f044fca5805bb46713e11715709aef4d\"},\"description\":\"Segovia, 23 de febrero de 2026.- Nuestra Organizaci\u00f3n Agraria Provincial ha trasladado sus demandas al PSOE, para la mejora de la situaci\u00f3n del sector\",\"breadcrumb\":{\"@id\":\"https:\/\/www.asajacyl.com\/segovia\/asaja-segovia-informa\/asaja-segovia-se-reune-con-el-partido-socialista-y-le-traslada-sus-demandas#breadcrumb\"},\"inLanguage\":\"es\",\"potentialAction\":[{\"@type\":\"ReadAction\",\"target\":[\"https:\/\/www.asajacyl.com\/segovia\/asaja-segovia-informa\/asaja-segovia-se-reune-con-el-partido-socialista-y-le-traslada-sus-demandas\"]}]},{\"@type\":\"ImageObject\",\"inLanguage\":\"es\",\"@id\":\"https:\/\/www.asajacyl.com\/segovia\/asaja-segovia-informa\/asaja-segovia-se-reune-con-el-partido-socialista-y-le-traslada-sus-demandas#primaryimage\",\"url\":\"https:\/\/www.asajacyl.com\/segovia\/wp-content\/uploads\/sites\/8\/2026\/02\/foto-1-psoe.jpeg\",\"contentUrl\":\"https:\/\/www.asajacyl.com\/segovia\/wp-content\/uploads\/sites\/8\/2026\/02\/foto-1-psoe.jpeg\",\"width\":1600,\"height\":845},{\"@type\":\"BreadcrumbList\",\"@id\":\"https:\/\/www.asajacyl.com\/segovia\/asaja-segovia-informa\/asaja-segovia-se-reune-con-el-partido-socialista-y-le-traslada-sus-demandas#breadcrumb\",\"itemListElement\":[{\"@type\":\"ListItem\",\"position\":1,\"name\":\"Portada\",\"item\":\"https:\/\/www.asajacyl.com\/segovia\/\"},{\"@type\":\"ListItem\",\"position\":2,\"name\":\"ASAJA Segovia se re\u00fane con el Partido Socialista y le traslada sus demandas.\"}]},{\"@type\":\"WebSite\",\"@id\":\"https:\/\/www.asajacyl.com\/segovia\/#website\",\"url\":\"https:\/\/www.asajacyl.com\/segovia\/\",\"name\":\"ASAJA Segovia\",\"description\":\"Otro sitio m\u00e1s de Provincias ASAJA Castilla y Le\u00f3n\",\"potentialAction\":[{\"@type\":\"SearchAction\",\"target\":{\"@type\":\"EntryPoint\",\"urlTemplate\":\"https:\/\/www.asajacyl.com\/segovia\/?s={search_term_string}\"},\"query-input\":{\"@type\":\"PropertyValueSpecification\",\"valueRequired\":true,\"valueName\":\"search_term_string\"}}],\"inLanguage\":\"es\"},{\"@type\":\"Person\",\"@id\":\"https:\/\/www.asajacyl.com\/segovia\/#\/schema\/person\/f044fca5805bb46713e11715709aef4d\",\"name\":\"Alicia\",\"image\":{\"@type\":\"ImageObject\",\"inLanguage\":\"es\",\"@id\":\"https:\/\/www.asajacyl.com\/segovia\/#\/schema\/person\/image\/\",\"url\":\"https:\/\/secure.gravatar.com\/avatar\/054cff43263e39aa6e74950dc4bb1690?s=96&d=mm&r=g\",\"contentUrl\":\"https:\/\/secure.gravatar.com\/avatar\/054cff43263e39aa6e74950dc4bb1690?s=96&d=mm&r=g\",\"caption\":\"Alicia\"},\"url\":\"https:\/\/www.asajacyl.com\/segovia\/author\/aliciasc\"}]}<\/script>\n<!-- \/ Yoast SEO plugin. -->","yoast_head_json":{"title":"ASAJA Segovia se re\u00fane con el Partido Socialista y le traslada sus demandas. - ASAJA Segovia","description":"Segovia, 23 de febrero de 2026.- Nuestra Organizaci\u00f3n Agraria Provincial ha trasladado sus demandas al PSOE, para la mejora de la situaci\u00f3n del sector","robots":{"index":"index","follow":"follow","max-snippet":"max-snippet:-1","max-image-preview":"max-image-preview:large","max-video-preview":"max-video-preview:-1"},"canonical":"https:\/\/www.asajacyl.com\/segovia\/asaja-segovia-informa\/asaja-segovia-se-reune-con-el-partido-socialista-y-le-traslada-sus-demandas","og_locale":"es_ES","og_type":"article","og_title":"ASAJA Segovia se re\u00fane con el Partido Socialista y le traslada sus demandas. - ASAJA Segovia","og_description":"Segovia, 23 de febrero de 2026.- Nuestra Organizaci\u00f3n Agraria Provincial ha trasladado sus demandas al PSOE, para la mejora de la situaci\u00f3n del sector","og_url":"https:\/\/www.asajacyl.com\/segovia\/asaja-segovia-informa\/asaja-segovia-se-reune-con-el-partido-socialista-y-le-traslada-sus-demandas","og_site_name":"ASAJA Segovia","article_published_time":"2026-02-23T13:01:09+00:00","article_modified_time":"2026-02-23T13:01:26+00:00","og_image":[{"width":1600,"height":845,"url":"https:\/\/www.asajacyl.com\/segovia\/wp-content\/uploads\/sites\/8\/2026\/02\/foto-1-psoe.jpeg","type":"image\/jpeg"}],"author":"Alicia","twitter_card":"summary_large_image","twitter_misc":{"Escrito por":"Alicia","Tiempo de lectura":"2 minutos"},"schema":{"@context":"https:\/\/schema.org","@graph":[{"@type":"WebPage","@id":"https:\/\/www.asajacyl.com\/segovia\/asaja-segovia-informa\/asaja-segovia-se-reune-con-el-partido-socialista-y-le-traslada-sus-demandas","url":"https:\/\/www.asajacyl.com\/segovia\/asaja-segovia-informa\/asaja-segovia-se-reune-con-el-partido-socialista-y-le-traslada-sus-demandas","name":"ASAJA Segovia se re\u00fane con el Partido Socialista y le traslada sus demandas. - ASAJA Segovia","isPartOf":{"@id":"https:\/\/www.asajacyl.com\/segovia\/#website"},"primaryImageOfPage":{"@id":"https:\/\/www.asajacyl.com\/segovia\/asaja-segovia-informa\/asaja-segovia-se-reune-con-el-partido-socialista-y-le-traslada-sus-demandas#primaryimage"},"image":{"@id":"https:\/\/www.asajacyl.com\/segovia\/asaja-segovia-informa\/asaja-segovia-se-reune-con-el-partido-socialista-y-le-traslada-sus-demandas#primaryimage"},"thumbnailUrl":"https:\/\/www.asajacyl.com\/segovia\/wp-content\/uploads\/sites\/8\/2026\/02\/foto-1-psoe.jpeg","datePublished":"2026-02-23T13:01:09+00:00","dateModified":"2026-02-23T13:01:26+00:00","author":{"@id":"https:\/\/www.asajacyl.com\/segovia\/#\/schema\/person\/f044fca5805bb46713e11715709aef4d"},"description":"Segovia, 23 de febrero de 2026.- Nuestra Organizaci\u00f3n Agraria Provincial ha trasladado sus demandas al PSOE, para la mejora de la situaci\u00f3n del sector","breadcrumb":{"@id":"https:\/\/www.asajacyl.com\/segovia\/asaja-segovia-informa\/asaja-segovia-se-reune-con-el-partido-socialista-y-le-traslada-sus-demandas#breadcrumb"},"inLanguage":"es","potentialAction":[{"@type":"ReadAction","target":["https:\/\/www.asajacyl.com\/segovia\/asaja-segovia-informa\/asaja-segovia-se-reune-con-el-partido-socialista-y-le-traslada-sus-demandas"]}]},{"@type":"ImageObject","inLanguage":"es","@id":"https:\/\/www.asajacyl.com\/segovia\/asaja-segovia-informa\/asaja-segovia-se-reune-con-el-partido-socialista-y-le-traslada-sus-demandas#primaryimage","url":"https:\/\/www.asajacyl.com\/segovia\/wp-content\/uploads\/sites\/8\/2026\/02\/foto-1-psoe.jpeg","contentUrl":"https:\/\/www.asajacyl.com\/segovia\/wp-content\/uploads\/sites\/8\/2026\/02\/foto-1-psoe.jpeg","width":1600,"height":845},{"@type":"BreadcrumbList","@id":"https:\/\/www.asajacyl.com\/segovia\/asaja-segovia-informa\/asaja-segovia-se-reune-con-el-partido-socialista-y-le-traslada-sus-demandas#breadcrumb","itemListElement":[{"@type":"ListItem","position":1,"name":"Portada","item":"https:\/\/www.asajacyl.com\/segovia\/"},{"@type":"ListItem","position":2,"name":"ASAJA Segovia se re\u00fane con el Partido Socialista y le traslada sus demandas."}]},{"@type":"WebSite","@id":"https:\/\/www.asajacyl.com\/segovia\/#website","url":"https:\/\/www.asajacyl.com\/segovia\/","name":"ASAJA Segovia","description":"Otro sitio m\u00e1s de Provincias ASAJA Castilla y Le\u00f3n","potentialAction":[{"@type":"SearchAction","target":{"@type":"EntryPoint","urlTemplate":"https:\/\/www.asajacyl.com\/segovia\/?s={search_term_string}"},"query-input":{"@type":"PropertyValueSpecification","valueRequired":true,"valueName":"search_term_string"}}],"inLanguage":"es"},{"@type":"Person","@id":"https:\/\/www.asajacyl.com\/segovia\/#\/schema\/person\/f044fca5805bb46713e11715709aef4d","name":"Alicia","image":{"@type":"ImageObject","inLanguage":"es","@id":"https:\/\/www.asajacyl.com\/segovia\/#\/schema\/person\/image\/","url":"https:\/\/secure.gravatar.com\/avatar\/054cff43263e39aa6e74950dc4bb1690?s=96&d=mm&r=g","contentUrl":"https:\/\/secure.gravatar.com\/avatar\/054cff43263e39aa6e74950dc4bb1690?s=96&d=mm&r=g","caption":"Alicia"},"url":"https:\/\/www.asajacyl.com\/segovia\/author\/aliciasc"}]}},"_links":{"self":[{"href":"https:\/\/www.asajacyl.com\/segovia\/wp-json\/wp\/v2\/posts\/2067"}],"collection":[{"href":"https:\/\/www.asajacyl.com\/segovia\/wp-json\/wp\/v2\/posts"}],"about":[{"href":"https:\/\/www.asajacyl.com\/segovia\/wp-json\/wp\/v2\/types\/post"}],"author":[{"embeddable":true,"href":"https:\/\/www.asajacyl.com\/segovia\/wp-json\/wp\/v2\/users\/11"}],"replies":[{"embeddable":true,"href":"https:\/\/www.asajacyl.com\/segovia\/wp-json\/wp\/v2\/comments?post=2067"}],"version-history":[{"count":1,"href":"https:\/\/www.asajacyl.com\/segovia\/wp-json\/wp\/v2\/posts\/2067\/revisions"}],"predecessor-version":[{"id":2069,"href":"https:\/\/www.asajacyl.com\/segovia\/wp-json\/wp\/v2\/posts\/2067\/revisions\/2069"}],"wp:featuredmedia":[{"embeddable":true,"href":"https:\/\/www.asajacyl.com\/segovia\/wp-json\/wp\/v2\/media\/2068"}],"wp:attachment":[{"href":"https:\/\/www.asajacyl.com\/segovia\/wp-json\/wp\/v2\/media?parent=2067"}],"wp:term":[{"taxonomy":"category","embeddable":true,"href":"https:\/\/www.asajacyl.com\/segovia\/wp-json\/wp\/v2\/categories?post=2067"},{"taxonomy":"post_tag","embeddable":true,"href":"https:\/\/www.asajacyl.com\/segovia\/wp-json\/wp\/v2\/tags?post=2067"}],"curies":[{"name":"wp","href":"https:\/\/api.w.org\/{rel}","templated":true}]}}