{"id":2077,"date":"2026-03-06T13:36:22","date_gmt":"2026-03-06T12:36:22","guid":{"rendered":"https:\/\/www.asajacyl.com\/segovia\/?p=2077"},"modified":"2026-03-06T13:36:24","modified_gmt":"2026-03-06T12:36:24","slug":"asaja-segovia-se-reune-con-los-candidatos-de-nueve-cyl-a-la-junta-de-castilla-y-leon-por-nuestra-provincia","status":"publish","type":"post","link":"https:\/\/www.asajacyl.com\/segovia\/asaja-segovia-informa\/asaja-segovia-se-reune-con-los-candidatos-de-nueve-cyl-a-la-junta-de-castilla-y-leon-por-nuestra-provincia","title":{"rendered":"ASAJA Segovia se re\u00fane con los candidatos de NUEVE CyL a la Junta de Castilla y Le\u00f3n por nuestra provincia."},"content":{"rendered":"\n<p><strong>Segovia, 6 de febrero de 2026.- <\/strong><a>Nuestra Organizaci\u00f3n Agraria Provincial ha trasladado las l\u00edneas de trabajo que entendemos que se deben de tomar en la Junta de Castilla y Le\u00f3n a partir del 15 de marzo.<\/a><\/p>\n\n\n\n<p>Nuestra intenci\u00f3n es reunirnos con todos aquellos partidos pol\u00edticos que tengan inter\u00e9s en nuestro sector agrario y hacerles participes de nuestros problemas para buscar soluciones viables que hagan rentable y viable nuestro sector.<\/p>\n\n\n\n<p>Hemos trasmitido a NUEVE CyL liderado por Silvia Clemete nuestras principales preocupaciones.<\/p>\n\n\n\n<p>Desde ASAJA Segovia hemos puesto especial \u00e9nfasis en nuestro sector cerealista<strong>: De manera urgente hay que articular alguna ayuda para el sector cerealista como se ha hecho en otras ocasiones por parte la JUNTA: v\u00eda ayuda directa, v\u00eda ayuda fertilizante \u00f3 v\u00eda ayuda seguro agrario. <\/strong>Es un sector totalmente en ruina estructural y se le debe amparar de forma urgente. La situaci\u00f3n se est\u00e1 agravando por el conflicto en Oriente Pr\u00f3ximo y hay que ser \u00e1gil para poder tomar las medidas correspondientes que alivien la situaci\u00f3n del sector.<\/p>\n\n\n\n<p>Hay muchas \u00e1reas de trabajo que afectan a nuestro sector, como la Sanidad Animal; nos encontramos sin jefe de sanidad animal nivel provincial, desde ASAJA Segovia ya hemos propuesto a un candidato. Un \u00e1rea de trabajo muy complicado de nuestra comunidad y provincia.<\/p>\n\n\n\n<p><strong>El tema de la fauna silvestre est\u00e1 siendo un quebradero de cabeza para nuestros agricultores y ganadero, se deben de actualizar los baremos de indemnizaci\u00f3n de da\u00f1os por lobo <\/strong>y ver la posibilidad de incluir nuevas especies como: buitre, zorro y meloncillo.<\/p>\n\n\n\n<p><strong>Estamos especialmente preocupados por la crisis coyuntural de sector porcino de capa blanca debido a la PPA,<\/strong> llevamos tiempo pidiendo medidas que palien la situaci\u00f3n y contengan la proliferaci\u00f3n del jabal\u00ed. Se debe tener previsto un Plan de actuaci\u00f3n por si la situaci\u00f3n se alarga.<\/p>\n\n\n\n<p>No se entiende el precio actual del ganado porcino, puesto que ninguna granja se ha visto afectada y el consumo de carne no ha bajado. Con esta crisis hay gente ganando mucho dinero y no son nuestros ganaderos.<\/p>\n\n\n\n<p>La Normativa actual es muy compleja y liosa que no facilita el incorporar j\u00f3venes, ni realizar inversiones (exceso de burocracia), hay que hacer una normativa que facilite el desarrollo del sector.<\/p>\n\n\n\n<p>A partir del 15 de marzo se determinar\u00e1 el nuevo escenario pol\u00edtico para nuestra comunidad. El plantel que salga debe de trabajar por el futuro de nuestro sector y nuestros pueblos, para que haya prosperidad en el mundo agrario y desarrollo rural real.<\/p>\n","protected":false},"excerpt":{"rendered":"<p>Segovia, 6 de febrero de 2026.- Nuestra Organizaci\u00f3n Agraria Provincial ha trasladado las l\u00edneas de trabajo que entendemos que se deben de tomar en la Junta de Castilla y Le\u00f3n a partir del 15 de marzo. Nuestra intenci\u00f3n es reunirnos con todos aquellos partidos pol\u00edticos que tengan inter\u00e9s en nuestro sector agrario y hacerles participes [&hellip;]<\/p>\n","protected":false},"author":11,"featured_media":2078,"comment_status":"open","ping_status":"open","sticky":false,"template":"","format":"standard","meta":{"footnotes":""},"categories":[10,27,26],"tags":[],"yoast_head":"<!-- This site is optimized with the Yoast SEO plugin v24.5 - https:\/\/yoast.com\/wordpress\/plugins\/seo\/ -->\n<title>ASAJA Segovia se re\u00fane con los candidatos de NUEVE CyL a la Junta de Castilla y Le\u00f3n por nuestra provincia. - ASAJA Segovia<\/title>\n<meta name=\"description\" content=\"Segovia, 6 de febrero de 2026.- Nuestra Organizaci\u00f3n Agraria Provincial ha trasladado las l\u00edneas de trabajo que entendemos que se deben de tomar en la\" \/>\n<meta name=\"robots\" content=\"index, follow, max-snippet:-1, max-image-preview:large, max-video-preview:-1\" \/>\n<link rel=\"canonical\" href=\"https:\/\/www.asajacyl.com\/segovia\/asaja-segovia-informa\/asaja-segovia-se-reune-con-los-candidatos-de-nueve-cyl-a-la-junta-de-castilla-y-leon-por-nuestra-provincia\" \/>\n<meta property=\"og:locale\" content=\"es_ES\" \/>\n<meta property=\"og:type\" content=\"article\" \/>\n<meta property=\"og:title\" content=\"ASAJA Segovia se re\u00fane con los candidatos de NUEVE CyL a la Junta de Castilla y Le\u00f3n por nuestra provincia. - ASAJA Segovia\" \/>\n<meta property=\"og:description\" content=\"Segovia, 6 de febrero de 2026.- Nuestra Organizaci\u00f3n Agraria Provincial ha trasladado las l\u00edneas de trabajo que entendemos que se deben de tomar en la\" \/>\n<meta property=\"og:url\" content=\"https:\/\/www.asajacyl.com\/segovia\/asaja-segovia-informa\/asaja-segovia-se-reune-con-los-candidatos-de-nueve-cyl-a-la-junta-de-castilla-y-leon-por-nuestra-provincia\" \/>\n<meta property=\"og:site_name\" content=\"ASAJA Segovia\" \/>\n<meta property=\"article:published_time\" content=\"2026-03-06T12:36:22+00:00\" \/>\n<meta property=\"article:modified_time\" content=\"2026-03-06T12:36:24+00:00\" \/>\n<meta property=\"og:image\" content=\"https:\/\/www.asajacyl.com\/segovia\/wp-content\/uploads\/sites\/8\/2026\/03\/Reunion-ASAJA-SG-9-CyL.jpeg\" \/>\n\t<meta property=\"og:image:width\" content=\"2500\" \/>\n\t<meta property=\"og:image:height\" content=\"1875\" \/>\n\t<meta property=\"og:image:type\" content=\"image\/jpeg\" \/>\n<meta name=\"author\" content=\"Alicia\" \/>\n<meta name=\"twitter:card\" content=\"summary_large_image\" \/>\n<meta name=\"twitter:label1\" content=\"Escrito por\" \/>\n\t<meta name=\"twitter:data1\" content=\"Alicia\" \/>\n\t<meta name=\"twitter:label2\" content=\"Tiempo de lectura\" \/>\n\t<meta name=\"twitter:data2\" content=\"3 minutos\" \/>\n<script type=\"application\/ld+json\" class=\"yoast-schema-graph\">{\"@context\":\"https:\/\/schema.org\",\"@graph\":[{\"@type\":\"WebPage\",\"@id\":\"https:\/\/www.asajacyl.com\/segovia\/asaja-segovia-informa\/asaja-segovia-se-reune-con-los-candidatos-de-nueve-cyl-a-la-junta-de-castilla-y-leon-por-nuestra-provincia\",\"url\":\"https:\/\/www.asajacyl.com\/segovia\/asaja-segovia-informa\/asaja-segovia-se-reune-con-los-candidatos-de-nueve-cyl-a-la-junta-de-castilla-y-leon-por-nuestra-provincia\",\"name\":\"ASAJA Segovia se re\u00fane con los candidatos de NUEVE CyL a la Junta de Castilla y Le\u00f3n por nuestra provincia. - ASAJA Segovia\",\"isPartOf\":{\"@id\":\"https:\/\/www.asajacyl.com\/segovia\/#website\"},\"primaryImageOfPage\":{\"@id\":\"https:\/\/www.asajacyl.com\/segovia\/asaja-segovia-informa\/asaja-segovia-se-reune-con-los-candidatos-de-nueve-cyl-a-la-junta-de-castilla-y-leon-por-nuestra-provincia#primaryimage\"},\"image\":{\"@id\":\"https:\/\/www.asajacyl.com\/segovia\/asaja-segovia-informa\/asaja-segovia-se-reune-con-los-candidatos-de-nueve-cyl-a-la-junta-de-castilla-y-leon-por-nuestra-provincia#primaryimage\"},\"thumbnailUrl\":\"https:\/\/www.asajacyl.com\/segovia\/wp-content\/uploads\/sites\/8\/2026\/03\/Reunion-ASAJA-SG-9-CyL.jpeg\",\"datePublished\":\"2026-03-06T12:36:22+00:00\",\"dateModified\":\"2026-03-06T12:36:24+00:00\",\"author\":{\"@id\":\"https:\/\/www.asajacyl.com\/segovia\/#\/schema\/person\/f044fca5805bb46713e11715709aef4d\"},\"description\":\"Segovia, 6 de febrero de 2026.- Nuestra Organizaci\u00f3n Agraria Provincial ha trasladado las l\u00edneas de trabajo que entendemos que se deben de tomar en la\",\"breadcrumb\":{\"@id\":\"https:\/\/www.asajacyl.com\/segovia\/asaja-segovia-informa\/asaja-segovia-se-reune-con-los-candidatos-de-nueve-cyl-a-la-junta-de-castilla-y-leon-por-nuestra-provincia#breadcrumb\"},\"inLanguage\":\"es\",\"potentialAction\":[{\"@type\":\"ReadAction\",\"target\":[\"https:\/\/www.asajacyl.com\/segovia\/asaja-segovia-informa\/asaja-segovia-se-reune-con-los-candidatos-de-nueve-cyl-a-la-junta-de-castilla-y-leon-por-nuestra-provincia\"]}]},{\"@type\":\"ImageObject\",\"inLanguage\":\"es\",\"@id\":\"https:\/\/www.asajacyl.com\/segovia\/asaja-segovia-informa\/asaja-segovia-se-reune-con-los-candidatos-de-nueve-cyl-a-la-junta-de-castilla-y-leon-por-nuestra-provincia#primaryimage\",\"url\":\"https:\/\/www.asajacyl.com\/segovia\/wp-content\/uploads\/sites\/8\/2026\/03\/Reunion-ASAJA-SG-9-CyL.jpeg\",\"contentUrl\":\"https:\/\/www.asajacyl.com\/segovia\/wp-content\/uploads\/sites\/8\/2026\/03\/Reunion-ASAJA-SG-9-CyL.jpeg\",\"width\":2500,\"height\":1875},{\"@type\":\"BreadcrumbList\",\"@id\":\"https:\/\/www.asajacyl.com\/segovia\/asaja-segovia-informa\/asaja-segovia-se-reune-con-los-candidatos-de-nueve-cyl-a-la-junta-de-castilla-y-leon-por-nuestra-provincia#breadcrumb\",\"itemListElement\":[{\"@type\":\"ListItem\",\"position\":1,\"name\":\"Portada\",\"item\":\"https:\/\/www.asajacyl.com\/segovia\/\"},{\"@type\":\"ListItem\",\"position\":2,\"name\":\"ASAJA Segovia se re\u00fane con los candidatos de NUEVE CyL a la Junta de Castilla y Le\u00f3n por nuestra provincia.\"}]},{\"@type\":\"WebSite\",\"@id\":\"https:\/\/www.asajacyl.com\/segovia\/#website\",\"url\":\"https:\/\/www.asajacyl.com\/segovia\/\",\"name\":\"ASAJA Segovia\",\"description\":\"Otro sitio m\u00e1s de Provincias ASAJA Castilla y Le\u00f3n\",\"potentialAction\":[{\"@type\":\"SearchAction\",\"target\":{\"@type\":\"EntryPoint\",\"urlTemplate\":\"https:\/\/www.asajacyl.com\/segovia\/?s={search_term_string}\"},\"query-input\":{\"@type\":\"PropertyValueSpecification\",\"valueRequired\":true,\"valueName\":\"search_term_string\"}}],\"inLanguage\":\"es\"},{\"@type\":\"Person\",\"@id\":\"https:\/\/www.asajacyl.com\/segovia\/#\/schema\/person\/f044fca5805bb46713e11715709aef4d\",\"name\":\"Alicia\",\"image\":{\"@type\":\"ImageObject\",\"inLanguage\":\"es\",\"@id\":\"https:\/\/www.asajacyl.com\/segovia\/#\/schema\/person\/image\/\",\"url\":\"https:\/\/secure.gravatar.com\/avatar\/054cff43263e39aa6e74950dc4bb1690?s=96&d=mm&r=g\",\"contentUrl\":\"https:\/\/secure.gravatar.com\/avatar\/054cff43263e39aa6e74950dc4bb1690?s=96&d=mm&r=g\",\"caption\":\"Alicia\"},\"url\":\"https:\/\/www.asajacyl.com\/segovia\/author\/aliciasc\"}]}<\/script>\n<!-- \/ Yoast SEO plugin. -->","yoast_head_json":{"title":"ASAJA Segovia se re\u00fane con los candidatos de NUEVE CyL a la Junta de Castilla y Le\u00f3n por nuestra provincia. - ASAJA Segovia","description":"Segovia, 6 de febrero de 2026.- Nuestra Organizaci\u00f3n Agraria Provincial ha trasladado las l\u00edneas de trabajo que entendemos que se deben de tomar en la","robots":{"index":"index","follow":"follow","max-snippet":"max-snippet:-1","max-image-preview":"max-image-preview:large","max-video-preview":"max-video-preview:-1"},"canonical":"https:\/\/www.asajacyl.com\/segovia\/asaja-segovia-informa\/asaja-segovia-se-reune-con-los-candidatos-de-nueve-cyl-a-la-junta-de-castilla-y-leon-por-nuestra-provincia","og_locale":"es_ES","og_type":"article","og_title":"ASAJA Segovia se re\u00fane con los candidatos de NUEVE CyL a la Junta de Castilla y Le\u00f3n por nuestra provincia. - ASAJA Segovia","og_description":"Segovia, 6 de febrero de 2026.- Nuestra Organizaci\u00f3n Agraria Provincial ha trasladado las l\u00edneas de trabajo que entendemos que se deben de tomar en la","og_url":"https:\/\/www.asajacyl.com\/segovia\/asaja-segovia-informa\/asaja-segovia-se-reune-con-los-candidatos-de-nueve-cyl-a-la-junta-de-castilla-y-leon-por-nuestra-provincia","og_site_name":"ASAJA Segovia","article_published_time":"2026-03-06T12:36:22+00:00","article_modified_time":"2026-03-06T12:36:24+00:00","og_image":[{"width":2500,"height":1875,"url":"https:\/\/www.asajacyl.com\/segovia\/wp-content\/uploads\/sites\/8\/2026\/03\/Reunion-ASAJA-SG-9-CyL.jpeg","type":"image\/jpeg"}],"author":"Alicia","twitter_card":"summary_large_image","twitter_misc":{"Escrito por":"Alicia","Tiempo de lectura":"3 minutos"},"schema":{"@context":"https:\/\/schema.org","@graph":[{"@type":"WebPage","@id":"https:\/\/www.asajacyl.com\/segovia\/asaja-segovia-informa\/asaja-segovia-se-reune-con-los-candidatos-de-nueve-cyl-a-la-junta-de-castilla-y-leon-por-nuestra-provincia","url":"https:\/\/www.asajacyl.com\/segovia\/asaja-segovia-informa\/asaja-segovia-se-reune-con-los-candidatos-de-nueve-cyl-a-la-junta-de-castilla-y-leon-por-nuestra-provincia","name":"ASAJA Segovia se re\u00fane con los candidatos de NUEVE CyL a la Junta de Castilla y Le\u00f3n por nuestra provincia. - ASAJA Segovia","isPartOf":{"@id":"https:\/\/www.asajacyl.com\/segovia\/#website"},"primaryImageOfPage":{"@id":"https:\/\/www.asajacyl.com\/segovia\/asaja-segovia-informa\/asaja-segovia-se-reune-con-los-candidatos-de-nueve-cyl-a-la-junta-de-castilla-y-leon-por-nuestra-provincia#primaryimage"},"image":{"@id":"https:\/\/www.asajacyl.com\/segovia\/asaja-segovia-informa\/asaja-segovia-se-reune-con-los-candidatos-de-nueve-cyl-a-la-junta-de-castilla-y-leon-por-nuestra-provincia#primaryimage"},"thumbnailUrl":"https:\/\/www.asajacyl.com\/segovia\/wp-content\/uploads\/sites\/8\/2026\/03\/Reunion-ASAJA-SG-9-CyL.jpeg","datePublished":"2026-03-06T12:36:22+00:00","dateModified":"2026-03-06T12:36:24+00:00","author":{"@id":"https:\/\/www.asajacyl.com\/segovia\/#\/schema\/person\/f044fca5805bb46713e11715709aef4d"},"description":"Segovia, 6 de febrero de 2026.- Nuestra Organizaci\u00f3n Agraria Provincial ha trasladado las l\u00edneas de trabajo que entendemos que se deben de tomar en la","breadcrumb":{"@id":"https:\/\/www.asajacyl.com\/segovia\/asaja-segovia-informa\/asaja-segovia-se-reune-con-los-candidatos-de-nueve-cyl-a-la-junta-de-castilla-y-leon-por-nuestra-provincia#breadcrumb"},"inLanguage":"es","potentialAction":[{"@type":"ReadAction","target":["https:\/\/www.asajacyl.com\/segovia\/asaja-segovia-informa\/asaja-segovia-se-reune-con-los-candidatos-de-nueve-cyl-a-la-junta-de-castilla-y-leon-por-nuestra-provincia"]}]},{"@type":"ImageObject","inLanguage":"es","@id":"https:\/\/www.asajacyl.com\/segovia\/asaja-segovia-informa\/asaja-segovia-se-reune-con-los-candidatos-de-nueve-cyl-a-la-junta-de-castilla-y-leon-por-nuestra-provincia#primaryimage","url":"https:\/\/www.asajacyl.com\/segovia\/wp-content\/uploads\/sites\/8\/2026\/03\/Reunion-ASAJA-SG-9-CyL.jpeg","contentUrl":"https:\/\/www.asajacyl.com\/segovia\/wp-content\/uploads\/sites\/8\/2026\/03\/Reunion-ASAJA-SG-9-CyL.jpeg","width":2500,"height":1875},{"@type":"BreadcrumbList","@id":"https:\/\/www.asajacyl.com\/segovia\/asaja-segovia-informa\/asaja-segovia-se-reune-con-los-candidatos-de-nueve-cyl-a-la-junta-de-castilla-y-leon-por-nuestra-provincia#breadcrumb","itemListElement":[{"@type":"ListItem","position":1,"name":"Portada","item":"https:\/\/www.asajacyl.com\/segovia\/"},{"@type":"ListItem","position":2,"name":"ASAJA Segovia se re\u00fane con los candidatos de NUEVE CyL a la Junta de Castilla y Le\u00f3n por nuestra provincia."}]},{"@type":"WebSite","@id":"https:\/\/www.asajacyl.com\/segovia\/#website","url":"https:\/\/www.asajacyl.com\/segovia\/","name":"ASAJA Segovia","description":"Otro sitio m\u00e1s de Provincias ASAJA Castilla y Le\u00f3n","potentialAction":[{"@type":"SearchAction","target":{"@type":"EntryPoint","urlTemplate":"https:\/\/www.asajacyl.com\/segovia\/?s={search_term_string}"},"query-input":{"@type":"PropertyValueSpecification","valueRequired":true,"valueName":"search_term_string"}}],"inLanguage":"es"},{"@type":"Person","@id":"https:\/\/www.asajacyl.com\/segovia\/#\/schema\/person\/f044fca5805bb46713e11715709aef4d","name":"Alicia","image":{"@type":"ImageObject","inLanguage":"es","@id":"https:\/\/www.asajacyl.com\/segovia\/#\/schema\/person\/image\/","url":"https:\/\/secure.gravatar.com\/avatar\/054cff43263e39aa6e74950dc4bb1690?s=96&d=mm&r=g","contentUrl":"https:\/\/secure.gravatar.com\/avatar\/054cff43263e39aa6e74950dc4bb1690?s=96&d=mm&r=g","caption":"Alicia"},"url":"https:\/\/www.asajacyl.com\/segovia\/author\/aliciasc"}]}},"_links":{"self":[{"href":"https:\/\/www.asajacyl.com\/segovia\/wp-json\/wp\/v2\/posts\/2077"}],"collection":[{"href":"https:\/\/www.asajacyl.com\/segovia\/wp-json\/wp\/v2\/posts"}],"about":[{"href":"https:\/\/www.asajacyl.com\/segovia\/wp-json\/wp\/v2\/types\/post"}],"author":[{"embeddable":true,"href":"https:\/\/www.asajacyl.com\/segovia\/wp-json\/wp\/v2\/users\/11"}],"replies":[{"embeddable":true,"href":"https:\/\/www.asajacyl.com\/segovia\/wp-json\/wp\/v2\/comments?post=2077"}],"version-history":[{"count":1,"href":"https:\/\/www.asajacyl.com\/segovia\/wp-json\/wp\/v2\/posts\/2077\/revisions"}],"predecessor-version":[{"id":2079,"href":"https:\/\/www.asajacyl.com\/segovia\/wp-json\/wp\/v2\/posts\/2077\/revisions\/2079"}],"wp:featuredmedia":[{"embeddable":true,"href":"https:\/\/www.asajacyl.com\/segovia\/wp-json\/wp\/v2\/media\/2078"}],"wp:attachment":[{"href":"https:\/\/www.asajacyl.com\/segovia\/wp-json\/wp\/v2\/media?parent=2077"}],"wp:term":[{"taxonomy":"category","embeddable":true,"href":"https:\/\/www.asajacyl.com\/segovia\/wp-json\/wp\/v2\/categories?post=2077"},{"taxonomy":"post_tag","embeddable":true,"href":"https:\/\/www.asajacyl.com\/segovia\/wp-json\/wp\/v2\/tags?post=2077"}],"curies":[{"name":"wp","href":"https:\/\/api.w.org\/{rel}","templated":true}]}}