{"id":2082,"date":"2026-03-12T10:24:44","date_gmt":"2026-03-12T09:24:44","guid":{"rendered":"https:\/\/www.asajacyl.com\/segovia\/?p=2082"},"modified":"2026-03-12T11:18:01","modified_gmt":"2026-03-12T10:18:01","slug":"asaja-segovia-se-reune-con-los-candidatos-de-vox-a-la-junta-de-castilla-y-leon-por-nuestra-provincia","status":"publish","type":"post","link":"https:\/\/www.asajacyl.com\/segovia\/asaja-segovia-informa\/asaja-segovia-se-reune-con-los-candidatos-de-vox-a-la-junta-de-castilla-y-leon-por-nuestra-provincia","title":{"rendered":"ASAJA Segovia se re\u00fane con los candidatos de VOX a la Junta de Castilla y Le\u00f3n por nuestra provincia."},"content":{"rendered":"\n<p><strong>Segovia, 12 de marzo de 2026.- <\/strong><a>Nuestra Organizaci\u00f3n Agraria Provincial ha mostrado al partido pol\u00edtico de VOX las l\u00edneas de trabajo que entendemos que se deben de tomar en la Junta de Castilla y Le\u00f3n a partir del 15 de marzo.<\/a><\/p>\n\n\n\n<p>Con esta reuni\u00f3n damos por terminada la ronda con los partidos que optan a presidir la JCYL. ASAJA Segovia se ha reunido con todos los partidos pol\u00edticos que han pedido reuni\u00f3n con nuestra organizaci\u00f3n y a todos les hemos trasmitido que deben trabajar legislar para hacer viable nuestro sector.<\/p>\n\n\n\n<p>Hemos trasmitido a VOX nuestras principales preocupaciones como son:<strong><\/strong><\/p>\n\n\n\n<p><strong>Debe de haber al frente de la Consejer\u00eda una persona conocedora perfectamente del sector agrario castellano-leon\u00e9s, debe de haber un Jefe de Sanidad Animal <\/strong>conocedor del sector, tanto a nivel de regi\u00f3n como de provincia. A nivel provincial ya hemos propuesto nuestro candidato. Un \u00e1rea de trabajo muy complicado de nuestra comunidad y provincia.<\/p>\n\n\n\n<p><strong>Se deben de actualizar los baremos de indemnizaci\u00f3n de da\u00f1os por lobo <\/strong>y ver la posibilidad de incluir nuevas especies como: buitre, zorro y meloncillo.<\/p>\n\n\n\n<p>Desde ASAJA Segovia hemos puesto especial \u00e9nfasis en nuestro sector cerealista<strong>: De manera urgente hay que articular alguna ayuda para el sector cerealista como se ha hecho en otras ocasiones por parte la JUNTA: v\u00eda ayuda directa, v\u00eda ayuda fertilizante \u00f3 v\u00eda ayuda seguro <\/strong>agrario. Es un sector totalmente en ruina estructural y se le debe amparar de forma urgente.<\/p>\n\n\n\n<p>Estamos especialmente preocupados por la crisis coyuntural de sector porcino de capa blanca, llevamos tiempo pidiendo medidas que palien la situaci\u00f3n.<\/p>\n\n\n\n<p>Durante el encuentro, el eje central ha sido la amenaza que supone el acuerdo comercial con Mercosur. La candidata Susana Su\u00e1rez ha sido tajante al recordar que \u201cVOX ha sido el \u00fanico partido que ha votado en contra de la aprobaci\u00f3n del Acuerdo de Mercosur en Europa\u201d.<\/p>\n\n\n\n<p>Desde ASAJA han demandado la mejora de los seguros agrarios, aspecto en el que coincide VOX Promoveremos una revisi\u00f3n del Sistema Espa\u00f1ol de Seguros Agrarios para reforzarlo ante las necesidades del campo y continuaremos promoviendo la modernizaci\u00f3n de los seguros agrarios.<\/p>\n\n\n\n<p>La fauna silvestre se ha convertido en un problema m\u00e1s para nuestro sector y aunque las Administraciones P\u00fablicas no hagan nada para ayudarnos por lo menos que nos dejen controlarlo por nuestros medios para garantizar la viabilidad de nuestro sector.<\/p>\n\n\n\n<p>Con esta reuni\u00f3n cerramos las reuniones con partidos pol\u00edticos y nuestro \u00fanico deseo es que las personas que entren en el \u00e1rea agr\u00edcola-ganadero, se preocupen de nuestro sector y tomen medidas para mejorarlo.<\/p>\n","protected":false},"excerpt":{"rendered":"<p>Segovia, 12 de marzo de 2026.- Nuestra Organizaci\u00f3n Agraria Provincial ha mostrado al partido pol\u00edtico de VOX las l\u00edneas de trabajo que entendemos que se deben de tomar en la Junta de Castilla y Le\u00f3n a partir del 15 de marzo. Con esta reuni\u00f3n damos por terminada la ronda con los partidos que optan a [&hellip;]<\/p>\n","protected":false},"author":11,"featured_media":2083,"comment_status":"open","ping_status":"open","sticky":false,"template":"","format":"standard","meta":{"footnotes":""},"categories":[10,27,26],"tags":[],"yoast_head":"<!-- This site is optimized with the Yoast SEO plugin v24.5 - https:\/\/yoast.com\/wordpress\/plugins\/seo\/ -->\n<title>ASAJA Segovia se re\u00fane con los candidatos de VOX a la Junta de Castilla y Le\u00f3n por nuestra provincia. - ASAJA Segovia<\/title>\n<meta name=\"description\" content=\"Segovia, 12 de marzo de 2026.- Nuestra Organizaci\u00f3n Agraria Provincial ha mostrado al partido pol\u00edtico de VOX las l\u00edneas de trabajo que entendemos que se\" \/>\n<meta name=\"robots\" content=\"index, follow, max-snippet:-1, max-image-preview:large, max-video-preview:-1\" \/>\n<link rel=\"canonical\" href=\"https:\/\/www.asajacyl.com\/segovia\/asaja-segovia-informa\/asaja-segovia-se-reune-con-los-candidatos-de-vox-a-la-junta-de-castilla-y-leon-por-nuestra-provincia\" \/>\n<meta property=\"og:locale\" content=\"es_ES\" \/>\n<meta property=\"og:type\" content=\"article\" \/>\n<meta property=\"og:title\" content=\"ASAJA Segovia se re\u00fane con los candidatos de VOX a la Junta de Castilla y Le\u00f3n por nuestra provincia. - ASAJA Segovia\" \/>\n<meta property=\"og:description\" content=\"Segovia, 12 de marzo de 2026.- Nuestra Organizaci\u00f3n Agraria Provincial ha mostrado al partido pol\u00edtico de VOX las l\u00edneas de trabajo que entendemos que se\" \/>\n<meta property=\"og:url\" content=\"https:\/\/www.asajacyl.com\/segovia\/asaja-segovia-informa\/asaja-segovia-se-reune-con-los-candidatos-de-vox-a-la-junta-de-castilla-y-leon-por-nuestra-provincia\" \/>\n<meta property=\"og:site_name\" content=\"ASAJA Segovia\" \/>\n<meta property=\"article:published_time\" content=\"2026-03-12T09:24:44+00:00\" \/>\n<meta property=\"article:modified_time\" content=\"2026-03-12T10:18:01+00:00\" \/>\n<meta property=\"og:image\" content=\"https:\/\/www.asajacyl.com\/segovia\/wp-content\/uploads\/sites\/8\/2026\/03\/Asaja-1.jpeg\" \/>\n\t<meta property=\"og:image:width\" content=\"1600\" \/>\n\t<meta property=\"og:image:height\" content=\"1200\" \/>\n\t<meta property=\"og:image:type\" content=\"image\/jpeg\" \/>\n<meta name=\"author\" content=\"Alicia\" \/>\n<meta name=\"twitter:card\" content=\"summary_large_image\" \/>\n<meta name=\"twitter:label1\" content=\"Escrito por\" \/>\n\t<meta name=\"twitter:data1\" content=\"Alicia\" \/>\n\t<meta name=\"twitter:label2\" content=\"Tiempo de lectura\" \/>\n\t<meta name=\"twitter:data2\" content=\"3 minutos\" \/>\n<script type=\"application\/ld+json\" class=\"yoast-schema-graph\">{\"@context\":\"https:\/\/schema.org\",\"@graph\":[{\"@type\":\"WebPage\",\"@id\":\"https:\/\/www.asajacyl.com\/segovia\/asaja-segovia-informa\/asaja-segovia-se-reune-con-los-candidatos-de-vox-a-la-junta-de-castilla-y-leon-por-nuestra-provincia\",\"url\":\"https:\/\/www.asajacyl.com\/segovia\/asaja-segovia-informa\/asaja-segovia-se-reune-con-los-candidatos-de-vox-a-la-junta-de-castilla-y-leon-por-nuestra-provincia\",\"name\":\"ASAJA Segovia se re\u00fane con los candidatos de VOX a la Junta de Castilla y Le\u00f3n por nuestra provincia. - ASAJA Segovia\",\"isPartOf\":{\"@id\":\"https:\/\/www.asajacyl.com\/segovia\/#website\"},\"primaryImageOfPage\":{\"@id\":\"https:\/\/www.asajacyl.com\/segovia\/asaja-segovia-informa\/asaja-segovia-se-reune-con-los-candidatos-de-vox-a-la-junta-de-castilla-y-leon-por-nuestra-provincia#primaryimage\"},\"image\":{\"@id\":\"https:\/\/www.asajacyl.com\/segovia\/asaja-segovia-informa\/asaja-segovia-se-reune-con-los-candidatos-de-vox-a-la-junta-de-castilla-y-leon-por-nuestra-provincia#primaryimage\"},\"thumbnailUrl\":\"https:\/\/www.asajacyl.com\/segovia\/wp-content\/uploads\/sites\/8\/2026\/03\/Asaja-1.jpeg\",\"datePublished\":\"2026-03-12T09:24:44+00:00\",\"dateModified\":\"2026-03-12T10:18:01+00:00\",\"author\":{\"@id\":\"https:\/\/www.asajacyl.com\/segovia\/#\/schema\/person\/f044fca5805bb46713e11715709aef4d\"},\"description\":\"Segovia, 12 de marzo de 2026.- Nuestra Organizaci\u00f3n Agraria Provincial ha mostrado al partido pol\u00edtico de VOX las l\u00edneas de trabajo que entendemos que se\",\"breadcrumb\":{\"@id\":\"https:\/\/www.asajacyl.com\/segovia\/asaja-segovia-informa\/asaja-segovia-se-reune-con-los-candidatos-de-vox-a-la-junta-de-castilla-y-leon-por-nuestra-provincia#breadcrumb\"},\"inLanguage\":\"es\",\"potentialAction\":[{\"@type\":\"ReadAction\",\"target\":[\"https:\/\/www.asajacyl.com\/segovia\/asaja-segovia-informa\/asaja-segovia-se-reune-con-los-candidatos-de-vox-a-la-junta-de-castilla-y-leon-por-nuestra-provincia\"]}]},{\"@type\":\"ImageObject\",\"inLanguage\":\"es\",\"@id\":\"https:\/\/www.asajacyl.com\/segovia\/asaja-segovia-informa\/asaja-segovia-se-reune-con-los-candidatos-de-vox-a-la-junta-de-castilla-y-leon-por-nuestra-provincia#primaryimage\",\"url\":\"https:\/\/www.asajacyl.com\/segovia\/wp-content\/uploads\/sites\/8\/2026\/03\/Asaja-1.jpeg\",\"contentUrl\":\"https:\/\/www.asajacyl.com\/segovia\/wp-content\/uploads\/sites\/8\/2026\/03\/Asaja-1.jpeg\",\"width\":1600,\"height\":1200},{\"@type\":\"BreadcrumbList\",\"@id\":\"https:\/\/www.asajacyl.com\/segovia\/asaja-segovia-informa\/asaja-segovia-se-reune-con-los-candidatos-de-vox-a-la-junta-de-castilla-y-leon-por-nuestra-provincia#breadcrumb\",\"itemListElement\":[{\"@type\":\"ListItem\",\"position\":1,\"name\":\"Portada\",\"item\":\"https:\/\/www.asajacyl.com\/segovia\/\"},{\"@type\":\"ListItem\",\"position\":2,\"name\":\"ASAJA Segovia se re\u00fane con los candidatos de VOX a la Junta de Castilla y Le\u00f3n por nuestra provincia.\"}]},{\"@type\":\"WebSite\",\"@id\":\"https:\/\/www.asajacyl.com\/segovia\/#website\",\"url\":\"https:\/\/www.asajacyl.com\/segovia\/\",\"name\":\"ASAJA Segovia\",\"description\":\"Otro sitio m\u00e1s de Provincias ASAJA Castilla y Le\u00f3n\",\"potentialAction\":[{\"@type\":\"SearchAction\",\"target\":{\"@type\":\"EntryPoint\",\"urlTemplate\":\"https:\/\/www.asajacyl.com\/segovia\/?s={search_term_string}\"},\"query-input\":{\"@type\":\"PropertyValueSpecification\",\"valueRequired\":true,\"valueName\":\"search_term_string\"}}],\"inLanguage\":\"es\"},{\"@type\":\"Person\",\"@id\":\"https:\/\/www.asajacyl.com\/segovia\/#\/schema\/person\/f044fca5805bb46713e11715709aef4d\",\"name\":\"Alicia\",\"image\":{\"@type\":\"ImageObject\",\"inLanguage\":\"es\",\"@id\":\"https:\/\/www.asajacyl.com\/segovia\/#\/schema\/person\/image\/\",\"url\":\"https:\/\/secure.gravatar.com\/avatar\/054cff43263e39aa6e74950dc4bb1690?s=96&d=mm&r=g\",\"contentUrl\":\"https:\/\/secure.gravatar.com\/avatar\/054cff43263e39aa6e74950dc4bb1690?s=96&d=mm&r=g\",\"caption\":\"Alicia\"},\"url\":\"https:\/\/www.asajacyl.com\/segovia\/author\/aliciasc\"}]}<\/script>\n<!-- \/ Yoast SEO plugin. -->","yoast_head_json":{"title":"ASAJA Segovia se re\u00fane con los candidatos de VOX a la Junta de Castilla y Le\u00f3n por nuestra provincia. - ASAJA Segovia","description":"Segovia, 12 de marzo de 2026.- Nuestra Organizaci\u00f3n Agraria Provincial ha mostrado al partido pol\u00edtico de VOX las l\u00edneas de trabajo que entendemos que se","robots":{"index":"index","follow":"follow","max-snippet":"max-snippet:-1","max-image-preview":"max-image-preview:large","max-video-preview":"max-video-preview:-1"},"canonical":"https:\/\/www.asajacyl.com\/segovia\/asaja-segovia-informa\/asaja-segovia-se-reune-con-los-candidatos-de-vox-a-la-junta-de-castilla-y-leon-por-nuestra-provincia","og_locale":"es_ES","og_type":"article","og_title":"ASAJA Segovia se re\u00fane con los candidatos de VOX a la Junta de Castilla y Le\u00f3n por nuestra provincia. - ASAJA Segovia","og_description":"Segovia, 12 de marzo de 2026.- Nuestra Organizaci\u00f3n Agraria Provincial ha mostrado al partido pol\u00edtico de VOX las l\u00edneas de trabajo que entendemos que se","og_url":"https:\/\/www.asajacyl.com\/segovia\/asaja-segovia-informa\/asaja-segovia-se-reune-con-los-candidatos-de-vox-a-la-junta-de-castilla-y-leon-por-nuestra-provincia","og_site_name":"ASAJA Segovia","article_published_time":"2026-03-12T09:24:44+00:00","article_modified_time":"2026-03-12T10:18:01+00:00","og_image":[{"width":1600,"height":1200,"url":"https:\/\/www.asajacyl.com\/segovia\/wp-content\/uploads\/sites\/8\/2026\/03\/Asaja-1.jpeg","type":"image\/jpeg"}],"author":"Alicia","twitter_card":"summary_large_image","twitter_misc":{"Escrito por":"Alicia","Tiempo de lectura":"3 minutos"},"schema":{"@context":"https:\/\/schema.org","@graph":[{"@type":"WebPage","@id":"https:\/\/www.asajacyl.com\/segovia\/asaja-segovia-informa\/asaja-segovia-se-reune-con-los-candidatos-de-vox-a-la-junta-de-castilla-y-leon-por-nuestra-provincia","url":"https:\/\/www.asajacyl.com\/segovia\/asaja-segovia-informa\/asaja-segovia-se-reune-con-los-candidatos-de-vox-a-la-junta-de-castilla-y-leon-por-nuestra-provincia","name":"ASAJA Segovia se re\u00fane con los candidatos de VOX a la Junta de Castilla y Le\u00f3n por nuestra provincia. - ASAJA Segovia","isPartOf":{"@id":"https:\/\/www.asajacyl.com\/segovia\/#website"},"primaryImageOfPage":{"@id":"https:\/\/www.asajacyl.com\/segovia\/asaja-segovia-informa\/asaja-segovia-se-reune-con-los-candidatos-de-vox-a-la-junta-de-castilla-y-leon-por-nuestra-provincia#primaryimage"},"image":{"@id":"https:\/\/www.asajacyl.com\/segovia\/asaja-segovia-informa\/asaja-segovia-se-reune-con-los-candidatos-de-vox-a-la-junta-de-castilla-y-leon-por-nuestra-provincia#primaryimage"},"thumbnailUrl":"https:\/\/www.asajacyl.com\/segovia\/wp-content\/uploads\/sites\/8\/2026\/03\/Asaja-1.jpeg","datePublished":"2026-03-12T09:24:44+00:00","dateModified":"2026-03-12T10:18:01+00:00","author":{"@id":"https:\/\/www.asajacyl.com\/segovia\/#\/schema\/person\/f044fca5805bb46713e11715709aef4d"},"description":"Segovia, 12 de marzo de 2026.- Nuestra Organizaci\u00f3n Agraria Provincial ha mostrado al partido pol\u00edtico de VOX las l\u00edneas de trabajo que entendemos que se","breadcrumb":{"@id":"https:\/\/www.asajacyl.com\/segovia\/asaja-segovia-informa\/asaja-segovia-se-reune-con-los-candidatos-de-vox-a-la-junta-de-castilla-y-leon-por-nuestra-provincia#breadcrumb"},"inLanguage":"es","potentialAction":[{"@type":"ReadAction","target":["https:\/\/www.asajacyl.com\/segovia\/asaja-segovia-informa\/asaja-segovia-se-reune-con-los-candidatos-de-vox-a-la-junta-de-castilla-y-leon-por-nuestra-provincia"]}]},{"@type":"ImageObject","inLanguage":"es","@id":"https:\/\/www.asajacyl.com\/segovia\/asaja-segovia-informa\/asaja-segovia-se-reune-con-los-candidatos-de-vox-a-la-junta-de-castilla-y-leon-por-nuestra-provincia#primaryimage","url":"https:\/\/www.asajacyl.com\/segovia\/wp-content\/uploads\/sites\/8\/2026\/03\/Asaja-1.jpeg","contentUrl":"https:\/\/www.asajacyl.com\/segovia\/wp-content\/uploads\/sites\/8\/2026\/03\/Asaja-1.jpeg","width":1600,"height":1200},{"@type":"BreadcrumbList","@id":"https:\/\/www.asajacyl.com\/segovia\/asaja-segovia-informa\/asaja-segovia-se-reune-con-los-candidatos-de-vox-a-la-junta-de-castilla-y-leon-por-nuestra-provincia#breadcrumb","itemListElement":[{"@type":"ListItem","position":1,"name":"Portada","item":"https:\/\/www.asajacyl.com\/segovia\/"},{"@type":"ListItem","position":2,"name":"ASAJA Segovia se re\u00fane con los candidatos de VOX a la Junta de Castilla y Le\u00f3n por nuestra provincia."}]},{"@type":"WebSite","@id":"https:\/\/www.asajacyl.com\/segovia\/#website","url":"https:\/\/www.asajacyl.com\/segovia\/","name":"ASAJA Segovia","description":"Otro sitio m\u00e1s de Provincias ASAJA Castilla y Le\u00f3n","potentialAction":[{"@type":"SearchAction","target":{"@type":"EntryPoint","urlTemplate":"https:\/\/www.asajacyl.com\/segovia\/?s={search_term_string}"},"query-input":{"@type":"PropertyValueSpecification","valueRequired":true,"valueName":"search_term_string"}}],"inLanguage":"es"},{"@type":"Person","@id":"https:\/\/www.asajacyl.com\/segovia\/#\/schema\/person\/f044fca5805bb46713e11715709aef4d","name":"Alicia","image":{"@type":"ImageObject","inLanguage":"es","@id":"https:\/\/www.asajacyl.com\/segovia\/#\/schema\/person\/image\/","url":"https:\/\/secure.gravatar.com\/avatar\/054cff43263e39aa6e74950dc4bb1690?s=96&d=mm&r=g","contentUrl":"https:\/\/secure.gravatar.com\/avatar\/054cff43263e39aa6e74950dc4bb1690?s=96&d=mm&r=g","caption":"Alicia"},"url":"https:\/\/www.asajacyl.com\/segovia\/author\/aliciasc"}]}},"_links":{"self":[{"href":"https:\/\/www.asajacyl.com\/segovia\/wp-json\/wp\/v2\/posts\/2082"}],"collection":[{"href":"https:\/\/www.asajacyl.com\/segovia\/wp-json\/wp\/v2\/posts"}],"about":[{"href":"https:\/\/www.asajacyl.com\/segovia\/wp-json\/wp\/v2\/types\/post"}],"author":[{"embeddable":true,"href":"https:\/\/www.asajacyl.com\/segovia\/wp-json\/wp\/v2\/users\/11"}],"replies":[{"embeddable":true,"href":"https:\/\/www.asajacyl.com\/segovia\/wp-json\/wp\/v2\/comments?post=2082"}],"version-history":[{"count":1,"href":"https:\/\/www.asajacyl.com\/segovia\/wp-json\/wp\/v2\/posts\/2082\/revisions"}],"predecessor-version":[{"id":2084,"href":"https:\/\/www.asajacyl.com\/segovia\/wp-json\/wp\/v2\/posts\/2082\/revisions\/2084"}],"wp:featuredmedia":[{"embeddable":true,"href":"https:\/\/www.asajacyl.com\/segovia\/wp-json\/wp\/v2\/media\/2083"}],"wp:attachment":[{"href":"https:\/\/www.asajacyl.com\/segovia\/wp-json\/wp\/v2\/media?parent=2082"}],"wp:term":[{"taxonomy":"category","embeddable":true,"href":"https:\/\/www.asajacyl.com\/segovia\/wp-json\/wp\/v2\/categories?post=2082"},{"taxonomy":"post_tag","embeddable":true,"href":"https:\/\/www.asajacyl.com\/segovia\/wp-json\/wp\/v2\/tags?post=2082"}],"curies":[{"name":"wp","href":"https:\/\/api.w.org\/{rel}","templated":true}]}}