{"id":2101,"date":"2026-04-24T14:24:44","date_gmt":"2026-04-24T12:24:44","guid":{"rendered":"https:\/\/www.asajacyl.com\/segovia\/?p=2101"},"modified":"2026-04-24T14:24:45","modified_gmt":"2026-04-24T12:24:45","slug":"el-sector-agrario-celebra-la-llegada-de-las-lluvias","status":"publish","type":"post","link":"https:\/\/www.asajacyl.com\/segovia\/asaja-segovia-informa\/el-sector-agrario-celebra-la-llegada-de-las-lluvias","title":{"rendered":"El Sector Agrario celebra la llegada de las lluvias"},"content":{"rendered":"\n<p><strong>Segovia, 24 de abril de 2026.- <\/strong>Las precipitaciones que han llegado a nuestra provincia y las que se espera que lleguen en este fin de semana, son muy esperadas por la situaci\u00f3n tan delicada de nuestro sector.<\/p>\n\n\n\n<p>Los cultivos cerealistas est\u00e1n muy delicados en muchos puntos de nuestra provincia, existen cebadas espigadas con menos de 40 cent\u00edmetros de altura.<\/p>\n\n\n\n<p>ASAJA Segovia insiste que el sector cerealista es un sector en crisis estructural debido a los altos costes de producci\u00f3n y al precio que tiene en los mercados, si le a\u00f1adimos adem\u00e1s la crisis meteorol\u00f3gica que se est\u00e1 padeciendo, nos conducimos a unas p\u00e9rdidas millonarias para el sector.<\/p>\n\n\n\n<p>La lluvia est\u00e1 siendo irregular en nuestra provincia, lo que hace que en aquellos municipios donde no ha ca\u00eddo nada la preocupaci\u00f3n de acrecienta.<\/p>\n\n\n\n<p>El sector ganadero extensivo tambi\u00e9n celebra la llegada de las precipitaciones, porque ayuda sobre manera al rebrote de los pastos y al mantenimiento de los mismos, porque en muchos lugares de nuestra provincia se estaban agostando en el mes de abril. Aquellas parcelas que van destinadas a la siega de hierba y forrajes las precipitaciones son bienvenidas para obtener unos productos de calidad y cantidad.<\/p>\n\n\n\n<p>Desde nuestra Organizaci\u00f3n queremos ir poniendo el foco sobre nuestras Administraciones P\u00fablicas y&nbsp; Agroseguro, para que vayan preparando el terreno para un a\u00f1o que a\u00fan es incierto, pero puede ser malo desde el punto de vista de la producci\u00f3n y&nbsp; de la rentabilidad.<\/p>\n","protected":false},"excerpt":{"rendered":"<p>Segovia, 24 de abril de 2026.- Las precipitaciones que han llegado a nuestra provincia y las que se espera que lleguen en este fin de semana, son muy esperadas por la situaci\u00f3n tan delicada de nuestro sector. Los cultivos cerealistas est\u00e1n muy delicados en muchos puntos de nuestra provincia, existen cebadas espigadas con menos de [&hellip;]<\/p>\n","protected":false},"author":11,"featured_media":2102,"comment_status":"open","ping_status":"open","sticky":false,"template":"","format":"standard","meta":{"footnotes":""},"categories":[10,27,26],"tags":[],"yoast_head":"<!-- This site is optimized with the Yoast SEO plugin v24.5 - https:\/\/yoast.com\/wordpress\/plugins\/seo\/ -->\n<title>El Sector Agrario celebra la llegada de las lluvias - ASAJA Segovia<\/title>\n<meta name=\"description\" content=\"Segovia, 24 de abril de 2026.- Las precipitaciones que han llegado a nuestra provincia y las que se espera que lleguen en este fin de semana, son muy\" \/>\n<meta name=\"robots\" content=\"index, follow, max-snippet:-1, max-image-preview:large, max-video-preview:-1\" \/>\n<link rel=\"canonical\" href=\"https:\/\/www.asajacyl.com\/segovia\/asaja-segovia-informa\/el-sector-agrario-celebra-la-llegada-de-las-lluvias\" \/>\n<meta property=\"og:locale\" content=\"es_ES\" \/>\n<meta property=\"og:type\" content=\"article\" \/>\n<meta property=\"og:title\" content=\"El Sector Agrario celebra la llegada de las lluvias - ASAJA Segovia\" \/>\n<meta property=\"og:description\" content=\"Segovia, 24 de abril de 2026.- Las precipitaciones que han llegado a nuestra provincia y las que se espera que lleguen en este fin de semana, son muy\" \/>\n<meta property=\"og:url\" content=\"https:\/\/www.asajacyl.com\/segovia\/asaja-segovia-informa\/el-sector-agrario-celebra-la-llegada-de-las-lluvias\" \/>\n<meta property=\"og:site_name\" content=\"ASAJA Segovia\" \/>\n<meta property=\"article:published_time\" content=\"2026-04-24T12:24:44+00:00\" \/>\n<meta property=\"article:modified_time\" content=\"2026-04-24T12:24:45+00:00\" \/>\n<meta property=\"og:image\" content=\"https:\/\/www.asajacyl.com\/segovia\/wp-content\/uploads\/sites\/8\/2026\/04\/spring-7167212_640.jpg\" \/>\n\t<meta property=\"og:image:width\" content=\"640\" \/>\n\t<meta property=\"og:image:height\" content=\"427\" \/>\n\t<meta property=\"og:image:type\" content=\"image\/jpeg\" \/>\n<meta name=\"author\" content=\"Alicia\" \/>\n<meta name=\"twitter:card\" content=\"summary_large_image\" \/>\n<meta name=\"twitter:label1\" content=\"Escrito por\" \/>\n\t<meta name=\"twitter:data1\" content=\"Alicia\" \/>\n\t<meta name=\"twitter:label2\" content=\"Tiempo de lectura\" \/>\n\t<meta name=\"twitter:data2\" content=\"2 minutos\" \/>\n<script type=\"application\/ld+json\" class=\"yoast-schema-graph\">{\"@context\":\"https:\/\/schema.org\",\"@graph\":[{\"@type\":\"WebPage\",\"@id\":\"https:\/\/www.asajacyl.com\/segovia\/asaja-segovia-informa\/el-sector-agrario-celebra-la-llegada-de-las-lluvias\",\"url\":\"https:\/\/www.asajacyl.com\/segovia\/asaja-segovia-informa\/el-sector-agrario-celebra-la-llegada-de-las-lluvias\",\"name\":\"El Sector Agrario celebra la llegada de las lluvias - ASAJA Segovia\",\"isPartOf\":{\"@id\":\"https:\/\/www.asajacyl.com\/segovia\/#website\"},\"primaryImageOfPage\":{\"@id\":\"https:\/\/www.asajacyl.com\/segovia\/asaja-segovia-informa\/el-sector-agrario-celebra-la-llegada-de-las-lluvias#primaryimage\"},\"image\":{\"@id\":\"https:\/\/www.asajacyl.com\/segovia\/asaja-segovia-informa\/el-sector-agrario-celebra-la-llegada-de-las-lluvias#primaryimage\"},\"thumbnailUrl\":\"https:\/\/www.asajacyl.com\/segovia\/wp-content\/uploads\/sites\/8\/2026\/04\/spring-7167212_640.jpg\",\"datePublished\":\"2026-04-24T12:24:44+00:00\",\"dateModified\":\"2026-04-24T12:24:45+00:00\",\"author\":{\"@id\":\"https:\/\/www.asajacyl.com\/segovia\/#\/schema\/person\/f044fca5805bb46713e11715709aef4d\"},\"description\":\"Segovia, 24 de abril de 2026.- Las precipitaciones que han llegado a nuestra provincia y las que se espera que lleguen en este fin de semana, son muy\",\"breadcrumb\":{\"@id\":\"https:\/\/www.asajacyl.com\/segovia\/asaja-segovia-informa\/el-sector-agrario-celebra-la-llegada-de-las-lluvias#breadcrumb\"},\"inLanguage\":\"es\",\"potentialAction\":[{\"@type\":\"ReadAction\",\"target\":[\"https:\/\/www.asajacyl.com\/segovia\/asaja-segovia-informa\/el-sector-agrario-celebra-la-llegada-de-las-lluvias\"]}]},{\"@type\":\"ImageObject\",\"inLanguage\":\"es\",\"@id\":\"https:\/\/www.asajacyl.com\/segovia\/asaja-segovia-informa\/el-sector-agrario-celebra-la-llegada-de-las-lluvias#primaryimage\",\"url\":\"https:\/\/www.asajacyl.com\/segovia\/wp-content\/uploads\/sites\/8\/2026\/04\/spring-7167212_640.jpg\",\"contentUrl\":\"https:\/\/www.asajacyl.com\/segovia\/wp-content\/uploads\/sites\/8\/2026\/04\/spring-7167212_640.jpg\",\"width\":640,\"height\":427},{\"@type\":\"BreadcrumbList\",\"@id\":\"https:\/\/www.asajacyl.com\/segovia\/asaja-segovia-informa\/el-sector-agrario-celebra-la-llegada-de-las-lluvias#breadcrumb\",\"itemListElement\":[{\"@type\":\"ListItem\",\"position\":1,\"name\":\"Portada\",\"item\":\"https:\/\/www.asajacyl.com\/segovia\/\"},{\"@type\":\"ListItem\",\"position\":2,\"name\":\"El Sector Agrario celebra la llegada de las lluvias\"}]},{\"@type\":\"WebSite\",\"@id\":\"https:\/\/www.asajacyl.com\/segovia\/#website\",\"url\":\"https:\/\/www.asajacyl.com\/segovia\/\",\"name\":\"ASAJA Segovia\",\"description\":\"Otro sitio m\u00e1s de Provincias ASAJA Castilla y Le\u00f3n\",\"potentialAction\":[{\"@type\":\"SearchAction\",\"target\":{\"@type\":\"EntryPoint\",\"urlTemplate\":\"https:\/\/www.asajacyl.com\/segovia\/?s={search_term_string}\"},\"query-input\":{\"@type\":\"PropertyValueSpecification\",\"valueRequired\":true,\"valueName\":\"search_term_string\"}}],\"inLanguage\":\"es\"},{\"@type\":\"Person\",\"@id\":\"https:\/\/www.asajacyl.com\/segovia\/#\/schema\/person\/f044fca5805bb46713e11715709aef4d\",\"name\":\"Alicia\",\"image\":{\"@type\":\"ImageObject\",\"inLanguage\":\"es\",\"@id\":\"https:\/\/www.asajacyl.com\/segovia\/#\/schema\/person\/image\/\",\"url\":\"https:\/\/secure.gravatar.com\/avatar\/054cff43263e39aa6e74950dc4bb1690?s=96&d=mm&r=g\",\"contentUrl\":\"https:\/\/secure.gravatar.com\/avatar\/054cff43263e39aa6e74950dc4bb1690?s=96&d=mm&r=g\",\"caption\":\"Alicia\"},\"url\":\"https:\/\/www.asajacyl.com\/segovia\/author\/aliciasc\"}]}<\/script>\n<!-- \/ Yoast SEO plugin. -->","yoast_head_json":{"title":"El Sector Agrario celebra la llegada de las lluvias - ASAJA Segovia","description":"Segovia, 24 de abril de 2026.- Las precipitaciones que han llegado a nuestra provincia y las que se espera que lleguen en este fin de semana, son muy","robots":{"index":"index","follow":"follow","max-snippet":"max-snippet:-1","max-image-preview":"max-image-preview:large","max-video-preview":"max-video-preview:-1"},"canonical":"https:\/\/www.asajacyl.com\/segovia\/asaja-segovia-informa\/el-sector-agrario-celebra-la-llegada-de-las-lluvias","og_locale":"es_ES","og_type":"article","og_title":"El Sector Agrario celebra la llegada de las lluvias - ASAJA Segovia","og_description":"Segovia, 24 de abril de 2026.- Las precipitaciones que han llegado a nuestra provincia y las que se espera que lleguen en este fin de semana, son muy","og_url":"https:\/\/www.asajacyl.com\/segovia\/asaja-segovia-informa\/el-sector-agrario-celebra-la-llegada-de-las-lluvias","og_site_name":"ASAJA Segovia","article_published_time":"2026-04-24T12:24:44+00:00","article_modified_time":"2026-04-24T12:24:45+00:00","og_image":[{"width":640,"height":427,"url":"https:\/\/www.asajacyl.com\/segovia\/wp-content\/uploads\/sites\/8\/2026\/04\/spring-7167212_640.jpg","type":"image\/jpeg"}],"author":"Alicia","twitter_card":"summary_large_image","twitter_misc":{"Escrito por":"Alicia","Tiempo de lectura":"2 minutos"},"schema":{"@context":"https:\/\/schema.org","@graph":[{"@type":"WebPage","@id":"https:\/\/www.asajacyl.com\/segovia\/asaja-segovia-informa\/el-sector-agrario-celebra-la-llegada-de-las-lluvias","url":"https:\/\/www.asajacyl.com\/segovia\/asaja-segovia-informa\/el-sector-agrario-celebra-la-llegada-de-las-lluvias","name":"El Sector Agrario celebra la llegada de las lluvias - ASAJA Segovia","isPartOf":{"@id":"https:\/\/www.asajacyl.com\/segovia\/#website"},"primaryImageOfPage":{"@id":"https:\/\/www.asajacyl.com\/segovia\/asaja-segovia-informa\/el-sector-agrario-celebra-la-llegada-de-las-lluvias#primaryimage"},"image":{"@id":"https:\/\/www.asajacyl.com\/segovia\/asaja-segovia-informa\/el-sector-agrario-celebra-la-llegada-de-las-lluvias#primaryimage"},"thumbnailUrl":"https:\/\/www.asajacyl.com\/segovia\/wp-content\/uploads\/sites\/8\/2026\/04\/spring-7167212_640.jpg","datePublished":"2026-04-24T12:24:44+00:00","dateModified":"2026-04-24T12:24:45+00:00","author":{"@id":"https:\/\/www.asajacyl.com\/segovia\/#\/schema\/person\/f044fca5805bb46713e11715709aef4d"},"description":"Segovia, 24 de abril de 2026.- Las precipitaciones que han llegado a nuestra provincia y las que se espera que lleguen en este fin de semana, son muy","breadcrumb":{"@id":"https:\/\/www.asajacyl.com\/segovia\/asaja-segovia-informa\/el-sector-agrario-celebra-la-llegada-de-las-lluvias#breadcrumb"},"inLanguage":"es","potentialAction":[{"@type":"ReadAction","target":["https:\/\/www.asajacyl.com\/segovia\/asaja-segovia-informa\/el-sector-agrario-celebra-la-llegada-de-las-lluvias"]}]},{"@type":"ImageObject","inLanguage":"es","@id":"https:\/\/www.asajacyl.com\/segovia\/asaja-segovia-informa\/el-sector-agrario-celebra-la-llegada-de-las-lluvias#primaryimage","url":"https:\/\/www.asajacyl.com\/segovia\/wp-content\/uploads\/sites\/8\/2026\/04\/spring-7167212_640.jpg","contentUrl":"https:\/\/www.asajacyl.com\/segovia\/wp-content\/uploads\/sites\/8\/2026\/04\/spring-7167212_640.jpg","width":640,"height":427},{"@type":"BreadcrumbList","@id":"https:\/\/www.asajacyl.com\/segovia\/asaja-segovia-informa\/el-sector-agrario-celebra-la-llegada-de-las-lluvias#breadcrumb","itemListElement":[{"@type":"ListItem","position":1,"name":"Portada","item":"https:\/\/www.asajacyl.com\/segovia\/"},{"@type":"ListItem","position":2,"name":"El Sector Agrario celebra la llegada de las lluvias"}]},{"@type":"WebSite","@id":"https:\/\/www.asajacyl.com\/segovia\/#website","url":"https:\/\/www.asajacyl.com\/segovia\/","name":"ASAJA Segovia","description":"Otro sitio m\u00e1s de Provincias ASAJA Castilla y Le\u00f3n","potentialAction":[{"@type":"SearchAction","target":{"@type":"EntryPoint","urlTemplate":"https:\/\/www.asajacyl.com\/segovia\/?s={search_term_string}"},"query-input":{"@type":"PropertyValueSpecification","valueRequired":true,"valueName":"search_term_string"}}],"inLanguage":"es"},{"@type":"Person","@id":"https:\/\/www.asajacyl.com\/segovia\/#\/schema\/person\/f044fca5805bb46713e11715709aef4d","name":"Alicia","image":{"@type":"ImageObject","inLanguage":"es","@id":"https:\/\/www.asajacyl.com\/segovia\/#\/schema\/person\/image\/","url":"https:\/\/secure.gravatar.com\/avatar\/054cff43263e39aa6e74950dc4bb1690?s=96&d=mm&r=g","contentUrl":"https:\/\/secure.gravatar.com\/avatar\/054cff43263e39aa6e74950dc4bb1690?s=96&d=mm&r=g","caption":"Alicia"},"url":"https:\/\/www.asajacyl.com\/segovia\/author\/aliciasc"}]}},"_links":{"self":[{"href":"https:\/\/www.asajacyl.com\/segovia\/wp-json\/wp\/v2\/posts\/2101"}],"collection":[{"href":"https:\/\/www.asajacyl.com\/segovia\/wp-json\/wp\/v2\/posts"}],"about":[{"href":"https:\/\/www.asajacyl.com\/segovia\/wp-json\/wp\/v2\/types\/post"}],"author":[{"embeddable":true,"href":"https:\/\/www.asajacyl.com\/segovia\/wp-json\/wp\/v2\/users\/11"}],"replies":[{"embeddable":true,"href":"https:\/\/www.asajacyl.com\/segovia\/wp-json\/wp\/v2\/comments?post=2101"}],"version-history":[{"count":1,"href":"https:\/\/www.asajacyl.com\/segovia\/wp-json\/wp\/v2\/posts\/2101\/revisions"}],"predecessor-version":[{"id":2103,"href":"https:\/\/www.asajacyl.com\/segovia\/wp-json\/wp\/v2\/posts\/2101\/revisions\/2103"}],"wp:featuredmedia":[{"embeddable":true,"href":"https:\/\/www.asajacyl.com\/segovia\/wp-json\/wp\/v2\/media\/2102"}],"wp:attachment":[{"href":"https:\/\/www.asajacyl.com\/segovia\/wp-json\/wp\/v2\/media?parent=2101"}],"wp:term":[{"taxonomy":"category","embeddable":true,"href":"https:\/\/www.asajacyl.com\/segovia\/wp-json\/wp\/v2\/categories?post=2101"},{"taxonomy":"post_tag","embeddable":true,"href":"https:\/\/www.asajacyl.com\/segovia\/wp-json\/wp\/v2\/tags?post=2101"}],"curies":[{"name":"wp","href":"https:\/\/api.w.org\/{rel}","templated":true}]}}