{"id":2164,"date":"2026-09-02T11:55:50","date_gmt":"2026-09-02T09:55:50","guid":{"rendered":"https:\/\/www.asajacyl.com\/segovia\/?p=2164"},"modified":"2026-09-02T13:47:11","modified_gmt":"2026-09-02T11:47:11","slug":"comienza-la-vendimia-en-segovia-en-la-d-o-rueda-con-el-precio-de-la-uva-hundido","status":"publish","type":"post","link":"https:\/\/www.asajacyl.com\/segovia\/asaja-segovia-informa\/comienza-la-vendimia-en-segovia-en-la-d-o-rueda-con-el-precio-de-la-uva-hundido","title":{"rendered":"Comienza la vendimia en Segovia en la D.O Rueda con el precio de la uva hundido."},"content":{"rendered":"\n<p><strong>Segovia, 2 de septiembre de 2026.- <\/strong><em>Ha comenzado la vendimia en la zona de la DO Rueda de nuestra provincia. Est\u00e1 campa\u00f1a de vendimia se caracteriza por <a>una uva muy temprana debido a la sequ\u00eda y un precio de la uva rid\u00edculo.<\/a><\/em><\/p>\n\n\n\n<p>Esta vendimia se va a caracterizar por un comienzo de campa\u00f1a muy temprano; el precio de la uva hundido debido a las ofertas de las bodegas de la DO Rueda. Desde ASAJA hemos insistido a diferentes Administraciones que articulen medidas y normativa para que las Bodegas no se r\u00edan de los viticultores y compren uva a precios rid\u00edculos. El Consejo Regulador de Rueda gobernado por la bodega es uno de los principales culpables de que nuestros viticultores est\u00e9n trabajando a p\u00e9rdidas.<\/p>\n\n\n\n<p>Se debe valorar y pagar la uva de calidad de nuestra provincia; gracias a esta uva se hacen vinos de alt\u00edsima calidad que se comercializan en todo el mundo. El no pagar la uva como se debe, va en detrimento del marchamo de la calidad de los vinos de la DO Rueda, perjudica directamente al Desarrollo Rural y al cuidado de nuestro Medio Ambiente, porque esta situaci\u00f3n solo conduce al abandono de los vi\u00f1edos de nuestra provincia. Hay que recordar que Segovia, es la provincia con vi\u00f1edos centenarios que da uva de alt\u00edsima calidad.<\/p>\n\n\n\n<p><strong>Est\u00e1 vendimia en cuanto a cantidad de uva, va ser algo menor que la media normal, debido a la falta de agua. El precio pagado a nuestros viticultores se va a encontrar en m\u00ednimos hist\u00f3ricos, cuesti\u00f3n que no se puede permitir debido a que pueden arruinar a muchas familias que viven de sus majuelos.<\/strong><\/p>\n\n\n\n<p>Reiteramos que <strong>la prioridad para ASAJA, <\/strong><strong>es hacer viable el sector vitivin\u00edcola y para eso hay que implementar medidas urgentes que protejan la rentabilidad de nuestros viticultores<\/strong><\/p>\n\n\n\n<p>Hay que abordar el problema de las bodegas que no liquidan la cosecha de uva de a\u00f1os anteriores a nuestros viticultores y exigiremos al consejo regulador de RUEDA que las excluyan de la Denominaci\u00f3n de Origen, por perjudicar directamente a nuestros viticultores y no cumplir la ley.<\/p>\n\n\n\n<p>En Segovia tenemos 2240 hect\u00e1reas de vi\u00f1edo, encontr\u00e1ndose 1300 en la DO Rueda y 224 en la Ribera del Duero. Un sector para tenerle en cuenta y protegerle.<\/p>\n","protected":false},"excerpt":{"rendered":"<p>Segovia, 2 de septiembre de 2026.- Ha comenzado la vendimia en la zona de la DO Rueda de nuestra provincia. Est\u00e1 campa\u00f1a de vendimia se caracteriza por una uva muy temprana debido a la sequ\u00eda y un precio de la uva rid\u00edculo. Esta vendimia se va a caracterizar por un comienzo de campa\u00f1a muy temprano; [&hellip;]<\/p>\n","protected":false},"author":11,"featured_media":2165,"comment_status":"open","ping_status":"open","sticky":false,"template":"","format":"standard","meta":{"footnotes":""},"categories":[10,27,26],"tags":[],"yoast_head":"<!-- This site is optimized with the Yoast SEO plugin v24.5 - https:\/\/yoast.com\/wordpress\/plugins\/seo\/ -->\n<title>Comienza la vendimia en Segovia en la D.O Rueda con el precio de la uva hundido. - ASAJA Segovia<\/title>\n<meta name=\"description\" content=\"Segovia, 2 de septiembre de 2026.- Ha comenzado la vendimia en la zona de la DO Rueda de nuestra provincia. Est\u00e1 campa\u00f1a de vendimia se caracteriza por\" \/>\n<meta name=\"robots\" content=\"index, follow, max-snippet:-1, max-image-preview:large, max-video-preview:-1\" \/>\n<link rel=\"canonical\" href=\"https:\/\/www.asajacyl.com\/segovia\/asaja-segovia-informa\/comienza-la-vendimia-en-segovia-en-la-d-o-rueda-con-el-precio-de-la-uva-hundido\" \/>\n<meta property=\"og:locale\" content=\"es_ES\" \/>\n<meta property=\"og:type\" content=\"article\" \/>\n<meta property=\"og:title\" content=\"Comienza la vendimia en Segovia en la D.O Rueda con el precio de la uva hundido. - ASAJA Segovia\" \/>\n<meta property=\"og:description\" content=\"Segovia, 2 de septiembre de 2026.- Ha comenzado la vendimia en la zona de la DO Rueda de nuestra provincia. Est\u00e1 campa\u00f1a de vendimia se caracteriza por\" \/>\n<meta property=\"og:url\" content=\"https:\/\/www.asajacyl.com\/segovia\/asaja-segovia-informa\/comienza-la-vendimia-en-segovia-en-la-d-o-rueda-con-el-precio-de-la-uva-hundido\" \/>\n<meta property=\"og:site_name\" content=\"ASAJA Segovia\" \/>\n<meta property=\"article:published_time\" content=\"2026-09-02T09:55:50+00:00\" \/>\n<meta property=\"article:modified_time\" content=\"2026-09-02T11:47:11+00:00\" \/>\n<meta property=\"og:image\" content=\"https:\/\/www.asajacyl.com\/segovia\/wp-content\/uploads\/sites\/8\/2026\/09\/VINEDO-FOTO-NOTA-PRENSA.jpeg\" \/>\n\t<meta property=\"og:image:width\" content=\"2500\" \/>\n\t<meta property=\"og:image:height\" content=\"1250\" \/>\n\t<meta property=\"og:image:type\" content=\"image\/jpeg\" \/>\n<meta name=\"author\" content=\"Alicia\" \/>\n<meta name=\"twitter:card\" content=\"summary_large_image\" \/>\n<meta name=\"twitter:label1\" content=\"Escrito por\" \/>\n\t<meta name=\"twitter:data1\" content=\"Alicia\" \/>\n\t<meta name=\"twitter:label2\" content=\"Tiempo de lectura\" \/>\n\t<meta name=\"twitter:data2\" content=\"2 minutos\" \/>\n<script type=\"application\/ld+json\" class=\"yoast-schema-graph\">{\"@context\":\"https:\/\/schema.org\",\"@graph\":[{\"@type\":\"WebPage\",\"@id\":\"https:\/\/www.asajacyl.com\/segovia\/asaja-segovia-informa\/comienza-la-vendimia-en-segovia-en-la-d-o-rueda-con-el-precio-de-la-uva-hundido\",\"url\":\"https:\/\/www.asajacyl.com\/segovia\/asaja-segovia-informa\/comienza-la-vendimia-en-segovia-en-la-d-o-rueda-con-el-precio-de-la-uva-hundido\",\"name\":\"Comienza la vendimia en Segovia en la D.O Rueda con el precio de la uva hundido. - ASAJA Segovia\",\"isPartOf\":{\"@id\":\"https:\/\/www.asajacyl.com\/segovia\/#website\"},\"primaryImageOfPage\":{\"@id\":\"https:\/\/www.asajacyl.com\/segovia\/asaja-segovia-informa\/comienza-la-vendimia-en-segovia-en-la-d-o-rueda-con-el-precio-de-la-uva-hundido#primaryimage\"},\"image\":{\"@id\":\"https:\/\/www.asajacyl.com\/segovia\/asaja-segovia-informa\/comienza-la-vendimia-en-segovia-en-la-d-o-rueda-con-el-precio-de-la-uva-hundido#primaryimage\"},\"thumbnailUrl\":\"https:\/\/www.asajacyl.com\/segovia\/wp-content\/uploads\/sites\/8\/2026\/09\/VINEDO-FOTO-NOTA-PRENSA.jpeg\",\"datePublished\":\"2026-09-02T09:55:50+00:00\",\"dateModified\":\"2026-09-02T11:47:11+00:00\",\"author\":{\"@id\":\"https:\/\/www.asajacyl.com\/segovia\/#\/schema\/person\/f044fca5805bb46713e11715709aef4d\"},\"description\":\"Segovia, 2 de septiembre de 2026.- Ha comenzado la vendimia en la zona de la DO Rueda de nuestra provincia. Est\u00e1 campa\u00f1a de vendimia se caracteriza por\",\"breadcrumb\":{\"@id\":\"https:\/\/www.asajacyl.com\/segovia\/asaja-segovia-informa\/comienza-la-vendimia-en-segovia-en-la-d-o-rueda-con-el-precio-de-la-uva-hundido#breadcrumb\"},\"inLanguage\":\"es\",\"potentialAction\":[{\"@type\":\"ReadAction\",\"target\":[\"https:\/\/www.asajacyl.com\/segovia\/asaja-segovia-informa\/comienza-la-vendimia-en-segovia-en-la-d-o-rueda-con-el-precio-de-la-uva-hundido\"]}]},{\"@type\":\"ImageObject\",\"inLanguage\":\"es\",\"@id\":\"https:\/\/www.asajacyl.com\/segovia\/asaja-segovia-informa\/comienza-la-vendimia-en-segovia-en-la-d-o-rueda-con-el-precio-de-la-uva-hundido#primaryimage\",\"url\":\"https:\/\/www.asajacyl.com\/segovia\/wp-content\/uploads\/sites\/8\/2026\/09\/VINEDO-FOTO-NOTA-PRENSA.jpeg\",\"contentUrl\":\"https:\/\/www.asajacyl.com\/segovia\/wp-content\/uploads\/sites\/8\/2026\/09\/VINEDO-FOTO-NOTA-PRENSA.jpeg\",\"width\":2500,\"height\":1250},{\"@type\":\"BreadcrumbList\",\"@id\":\"https:\/\/www.asajacyl.com\/segovia\/asaja-segovia-informa\/comienza-la-vendimia-en-segovia-en-la-d-o-rueda-con-el-precio-de-la-uva-hundido#breadcrumb\",\"itemListElement\":[{\"@type\":\"ListItem\",\"position\":1,\"name\":\"Portada\",\"item\":\"https:\/\/www.asajacyl.com\/segovia\/\"},{\"@type\":\"ListItem\",\"position\":2,\"name\":\"Comienza la vendimia en Segovia en la D.O Rueda con el precio de la uva hundido.\"}]},{\"@type\":\"WebSite\",\"@id\":\"https:\/\/www.asajacyl.com\/segovia\/#website\",\"url\":\"https:\/\/www.asajacyl.com\/segovia\/\",\"name\":\"ASAJA Segovia\",\"description\":\"Otro sitio m\u00e1s de Provincias ASAJA Castilla y Le\u00f3n\",\"potentialAction\":[{\"@type\":\"SearchAction\",\"target\":{\"@type\":\"EntryPoint\",\"urlTemplate\":\"https:\/\/www.asajacyl.com\/segovia\/?s={search_term_string}\"},\"query-input\":{\"@type\":\"PropertyValueSpecification\",\"valueRequired\":true,\"valueName\":\"search_term_string\"}}],\"inLanguage\":\"es\"},{\"@type\":\"Person\",\"@id\":\"https:\/\/www.asajacyl.com\/segovia\/#\/schema\/person\/f044fca5805bb46713e11715709aef4d\",\"name\":\"Alicia\",\"image\":{\"@type\":\"ImageObject\",\"inLanguage\":\"es\",\"@id\":\"https:\/\/www.asajacyl.com\/segovia\/#\/schema\/person\/image\/\",\"url\":\"https:\/\/secure.gravatar.com\/avatar\/054cff43263e39aa6e74950dc4bb1690?s=96&d=mm&r=g\",\"contentUrl\":\"https:\/\/secure.gravatar.com\/avatar\/054cff43263e39aa6e74950dc4bb1690?s=96&d=mm&r=g\",\"caption\":\"Alicia\"},\"url\":\"https:\/\/www.asajacyl.com\/segovia\/author\/aliciasc\"}]}<\/script>\n<!-- \/ Yoast SEO plugin. -->","yoast_head_json":{"title":"Comienza la vendimia en Segovia en la D.O Rueda con el precio de la uva hundido. - ASAJA Segovia","description":"Segovia, 2 de septiembre de 2026.- Ha comenzado la vendimia en la zona de la DO Rueda de nuestra provincia. Est\u00e1 campa\u00f1a de vendimia se caracteriza por","robots":{"index":"index","follow":"follow","max-snippet":"max-snippet:-1","max-image-preview":"max-image-preview:large","max-video-preview":"max-video-preview:-1"},"canonical":"https:\/\/www.asajacyl.com\/segovia\/asaja-segovia-informa\/comienza-la-vendimia-en-segovia-en-la-d-o-rueda-con-el-precio-de-la-uva-hundido","og_locale":"es_ES","og_type":"article","og_title":"Comienza la vendimia en Segovia en la D.O Rueda con el precio de la uva hundido. - ASAJA Segovia","og_description":"Segovia, 2 de septiembre de 2026.- Ha comenzado la vendimia en la zona de la DO Rueda de nuestra provincia. Est\u00e1 campa\u00f1a de vendimia se caracteriza por","og_url":"https:\/\/www.asajacyl.com\/segovia\/asaja-segovia-informa\/comienza-la-vendimia-en-segovia-en-la-d-o-rueda-con-el-precio-de-la-uva-hundido","og_site_name":"ASAJA Segovia","article_published_time":"2026-09-02T09:55:50+00:00","article_modified_time":"2026-09-02T11:47:11+00:00","og_image":[{"width":2500,"height":1250,"url":"https:\/\/www.asajacyl.com\/segovia\/wp-content\/uploads\/sites\/8\/2026\/09\/VINEDO-FOTO-NOTA-PRENSA.jpeg","type":"image\/jpeg"}],"author":"Alicia","twitter_card":"summary_large_image","twitter_misc":{"Escrito por":"Alicia","Tiempo de lectura":"2 minutos"},"schema":{"@context":"https:\/\/schema.org","@graph":[{"@type":"WebPage","@id":"https:\/\/www.asajacyl.com\/segovia\/asaja-segovia-informa\/comienza-la-vendimia-en-segovia-en-la-d-o-rueda-con-el-precio-de-la-uva-hundido","url":"https:\/\/www.asajacyl.com\/segovia\/asaja-segovia-informa\/comienza-la-vendimia-en-segovia-en-la-d-o-rueda-con-el-precio-de-la-uva-hundido","name":"Comienza la vendimia en Segovia en la D.O Rueda con el precio de la uva hundido. - ASAJA Segovia","isPartOf":{"@id":"https:\/\/www.asajacyl.com\/segovia\/#website"},"primaryImageOfPage":{"@id":"https:\/\/www.asajacyl.com\/segovia\/asaja-segovia-informa\/comienza-la-vendimia-en-segovia-en-la-d-o-rueda-con-el-precio-de-la-uva-hundido#primaryimage"},"image":{"@id":"https:\/\/www.asajacyl.com\/segovia\/asaja-segovia-informa\/comienza-la-vendimia-en-segovia-en-la-d-o-rueda-con-el-precio-de-la-uva-hundido#primaryimage"},"thumbnailUrl":"https:\/\/www.asajacyl.com\/segovia\/wp-content\/uploads\/sites\/8\/2026\/09\/VINEDO-FOTO-NOTA-PRENSA.jpeg","datePublished":"2026-09-02T09:55:50+00:00","dateModified":"2026-09-02T11:47:11+00:00","author":{"@id":"https:\/\/www.asajacyl.com\/segovia\/#\/schema\/person\/f044fca5805bb46713e11715709aef4d"},"description":"Segovia, 2 de septiembre de 2026.- Ha comenzado la vendimia en la zona de la DO Rueda de nuestra provincia. Est\u00e1 campa\u00f1a de vendimia se caracteriza por","breadcrumb":{"@id":"https:\/\/www.asajacyl.com\/segovia\/asaja-segovia-informa\/comienza-la-vendimia-en-segovia-en-la-d-o-rueda-con-el-precio-de-la-uva-hundido#breadcrumb"},"inLanguage":"es","potentialAction":[{"@type":"ReadAction","target":["https:\/\/www.asajacyl.com\/segovia\/asaja-segovia-informa\/comienza-la-vendimia-en-segovia-en-la-d-o-rueda-con-el-precio-de-la-uva-hundido"]}]},{"@type":"ImageObject","inLanguage":"es","@id":"https:\/\/www.asajacyl.com\/segovia\/asaja-segovia-informa\/comienza-la-vendimia-en-segovia-en-la-d-o-rueda-con-el-precio-de-la-uva-hundido#primaryimage","url":"https:\/\/www.asajacyl.com\/segovia\/wp-content\/uploads\/sites\/8\/2026\/09\/VINEDO-FOTO-NOTA-PRENSA.jpeg","contentUrl":"https:\/\/www.asajacyl.com\/segovia\/wp-content\/uploads\/sites\/8\/2026\/09\/VINEDO-FOTO-NOTA-PRENSA.jpeg","width":2500,"height":1250},{"@type":"BreadcrumbList","@id":"https:\/\/www.asajacyl.com\/segovia\/asaja-segovia-informa\/comienza-la-vendimia-en-segovia-en-la-d-o-rueda-con-el-precio-de-la-uva-hundido#breadcrumb","itemListElement":[{"@type":"ListItem","position":1,"name":"Portada","item":"https:\/\/www.asajacyl.com\/segovia\/"},{"@type":"ListItem","position":2,"name":"Comienza la vendimia en Segovia en la D.O Rueda con el precio de la uva hundido."}]},{"@type":"WebSite","@id":"https:\/\/www.asajacyl.com\/segovia\/#website","url":"https:\/\/www.asajacyl.com\/segovia\/","name":"ASAJA Segovia","description":"Otro sitio m\u00e1s de Provincias ASAJA Castilla y Le\u00f3n","potentialAction":[{"@type":"SearchAction","target":{"@type":"EntryPoint","urlTemplate":"https:\/\/www.asajacyl.com\/segovia\/?s={search_term_string}"},"query-input":{"@type":"PropertyValueSpecification","valueRequired":true,"valueName":"search_term_string"}}],"inLanguage":"es"},{"@type":"Person","@id":"https:\/\/www.asajacyl.com\/segovia\/#\/schema\/person\/f044fca5805bb46713e11715709aef4d","name":"Alicia","image":{"@type":"ImageObject","inLanguage":"es","@id":"https:\/\/www.asajacyl.com\/segovia\/#\/schema\/person\/image\/","url":"https:\/\/secure.gravatar.com\/avatar\/054cff43263e39aa6e74950dc4bb1690?s=96&d=mm&r=g","contentUrl":"https:\/\/secure.gravatar.com\/avatar\/054cff43263e39aa6e74950dc4bb1690?s=96&d=mm&r=g","caption":"Alicia"},"url":"https:\/\/www.asajacyl.com\/segovia\/author\/aliciasc"}]}},"_links":{"self":[{"href":"https:\/\/www.asajacyl.com\/segovia\/wp-json\/wp\/v2\/posts\/2164"}],"collection":[{"href":"https:\/\/www.asajacyl.com\/segovia\/wp-json\/wp\/v2\/posts"}],"about":[{"href":"https:\/\/www.asajacyl.com\/segovia\/wp-json\/wp\/v2\/types\/post"}],"author":[{"embeddable":true,"href":"https:\/\/www.asajacyl.com\/segovia\/wp-json\/wp\/v2\/users\/11"}],"replies":[{"embeddable":true,"href":"https:\/\/www.asajacyl.com\/segovia\/wp-json\/wp\/v2\/comments?post=2164"}],"version-history":[{"count":2,"href":"https:\/\/www.asajacyl.com\/segovia\/wp-json\/wp\/v2\/posts\/2164\/revisions"}],"predecessor-version":[{"id":2167,"href":"https:\/\/www.asajacyl.com\/segovia\/wp-json\/wp\/v2\/posts\/2164\/revisions\/2167"}],"wp:featuredmedia":[{"embeddable":true,"href":"https:\/\/www.asajacyl.com\/segovia\/wp-json\/wp\/v2\/media\/2165"}],"wp:attachment":[{"href":"https:\/\/www.asajacyl.com\/segovia\/wp-json\/wp\/v2\/media?parent=2164"}],"wp:term":[{"taxonomy":"category","embeddable":true,"href":"https:\/\/www.asajacyl.com\/segovia\/wp-json\/wp\/v2\/categories?post=2164"},{"taxonomy":"post_tag","embeddable":true,"href":"https:\/\/www.asajacyl.com\/segovia\/wp-json\/wp\/v2\/tags?post=2164"}],"curies":[{"name":"wp","href":"https:\/\/api.w.org\/{rel}","templated":true}]}}