{"id":553,"date":"2017-10-21T13:33:15","date_gmt":"2017-10-21T11:33:15","guid":{"rendered":"https:\/\/www.asajacyl.com\/segovia\/?p=553"},"modified":"2025-01-10T13:53:50","modified_gmt":"2025-01-10T12:53:50","slug":"organos-de-gobierno","status":"publish","type":"post","link":"https:\/\/www.asajacyl.com\/segovia\/nuestra-organizacion\/organos-de-gobierno","title":{"rendered":"\u00d3rganos de Gobierno"},"content":{"rendered":"<h2>Junta Directiva de ASAJA Segovia.<\/h2>\n<h3><\/h3>\n<table style=\"width: 100%;height: 728px\">\n<tbody>\n<tr style=\"height: 26px\">\n<th style=\"background: #009035;color: #ffffff;font-weight: bold;height: 26px\" colspan=\"2\">Presidente<\/th>\n<\/tr>\n<tr style=\"height: 26px\">\n<td style=\"height: 26px\"><strong>C\u00e9sar Monjas Fraile<\/strong><\/td>\n<td style=\"height: 26px\">Los Huertos<\/td>\n<\/tr>\n<tr style=\"height: 26px\">\n<th style=\"background: #009035;color: #ffffff;font-weight: bold;height: 26px\" colspan=\"2\">Vicepresidente 1\u00ba<\/th>\n<\/tr>\n<tr style=\"height: 26px\">\n<td style=\"height: 26px\"><strong>Mariano Juan de Andr\u00e9s Mateo<br \/>\n<\/strong><\/td>\n<td style=\"height: 26px\">Zamarramala<\/td>\n<\/tr>\n<tr style=\"height: 26px\">\n<th style=\"background: #009035;color: #ffffff;font-weight: bold;height: 26px\" colspan=\"2\">Vicepresidente 2\u00ba<\/th>\n<\/tr>\n<tr style=\"height: 26px\">\n<td style=\"height: 26px\"><strong>Jose Maria Herrero Rinc\u00f3n<\/strong><\/td>\n<td style=\"height: 26px\">Villagonzalo de Coca<\/td>\n<\/tr>\n<tr style=\"height: 26px\">\n<th style=\"background: #009035;color: #ffffff;font-weight: bold;height: 26px\" colspan=\"2\">Secretario General<\/th>\n<\/tr>\n<tr style=\"height: 26px\">\n<td style=\"height: 26px\"><strong>Pablo Rinc\u00f3n Garc\u00eda<\/strong><\/td>\n<td style=\"height: 26px\">Segovia<\/td>\n<\/tr>\n<tr style=\"height: 26px\">\n<th style=\"background: #009035;color: #ffffff;font-weight: bold;height: 26px\" colspan=\"2\">Vocales<\/th>\n<\/tr>\n<tr style=\"height: 26px\">\n<td style=\"height: 26px\"><strong>Luis Fernando Palomo Gil<\/strong><\/td>\n<td style=\"height: 26px\">Valverde del Majano<\/td>\n<\/tr>\n<tr style=\"height: 26px\">\n<td style=\"height: 26px\"><strong>Jos\u00e9 Manuel Lobo Miguel<\/strong><\/td>\n<td style=\"height: 26px\">Cabezuela<\/td>\n<\/tr>\n<tr style=\"height: 26px\">\n<td style=\"height: 26px\"><strong>Miguel Mart\u00edn Sacrist\u00e1n<\/strong><\/td>\n<td style=\"height: 26px\">Otones de Benjumea<\/td>\n<\/tr>\n<tr style=\"height: 26px\">\n<td style=\"height: 26px\"><strong>Ignacio Llorente Manso<\/strong><\/td>\n<td style=\"height: 26px\">Valverde del Majano<\/td>\n<\/tr>\n<tr style=\"height: 26px\">\n<td style=\"height: 26px\"><strong>Rosa M\u00aa Sacrist\u00e1n San Felipe<\/strong><\/td>\n<td style=\"height: 26px\">Cantalejo<\/td>\n<\/tr>\n<tr style=\"height: 26px\">\n<td style=\"height: 26px\"><b>Luc\u00eda L\u00f3pez Garc\u00eda\u00a0<\/b><\/td>\n<td style=\"height: 26px\">Villacast\u00edn<\/td>\n<\/tr>\n<tr style=\"height: 26px\">\n<td style=\"height: 26px\"><strong>\u00c1lvaro Salamanca de las Heras<\/strong><\/td>\n<td style=\"height: 26px\">Escarabajosa de Cuellar<\/td>\n<\/tr>\n<tr style=\"height: 26px\">\n<td style=\"height: 26px\"><strong>Alberto del Caz del R\u00edo<\/strong><\/td>\n<td style=\"height: 26px\">Gomezserrac\u00edn<\/td>\n<\/tr>\n<tr style=\"height: 26px\">\n<td style=\"height: 26px\"><strong>Jose Luis Fuentes Garc\u00eda<\/strong><\/td>\n<td style=\"height: 26px\">Escalona del Prado<\/td>\n<\/tr>\n<tr style=\"height: 26px\">\n<td style=\"height: 26px\"><strong>Jose Mario Ant\u00f3n Andr\u00e9s<\/strong><\/td>\n<td style=\"height: 26px\">Anaya<\/td>\n<\/tr>\n<tr style=\"height: 26px\">\n<td style=\"height: 26px\"><strong>Jes\u00fas Alfredo Barreras Ag\u00fcero\u00a0 \u00a0 \u00a0 \u00a0\u00a0<\/strong><\/td>\n<td style=\"height: 26px\">Aldeanueva del Codonal<\/td>\n<\/tr>\n<tr style=\"height: 26px\">\n<td style=\"height: 26px\"><strong>Jose M\u00aa Moreno Mart\u00edn<\/strong><\/td>\n<td style=\"height: 26px\">Riahuelas<\/td>\n<\/tr>\n<tr style=\"height: 26px\">\n<td style=\"height: 26px\"><strong>Fco. Javier Arroyo Lozano<\/strong><\/td>\n<td style=\"height: 26px\">Fuente de Santa Cruz<\/td>\n<\/tr>\n<tr style=\"height: 26px\">\n<td style=\"height: 26px\"><strong>\u00c1ngel Martin Bernab\u00e9<\/strong><\/td>\n<td style=\"height: 26px\">Escarabajosa de Cabezas<\/td>\n<\/tr>\n<tr style=\"height: 26px\">\n<td style=\"height: 26px\"><strong>Fernando Garcinu\u00f1o Iglesias<\/strong><\/td>\n<td style=\"height: 26px\">Ituero y Lama<\/td>\n<\/tr>\n<tr style=\"height: 26px\">\n<td style=\"height: 26px\"><strong>Jonathan S\u00e1nchez Pastor<\/strong><\/td>\n<td style=\"height: 26px\">Cabezuela<\/td>\n<\/tr>\n<tr>\n<td><strong>Marcial Barrio de la Torre<\/strong><\/td>\n<td>Vegafr\u00eda-Olombrada<\/td>\n<\/tr>\n<tr>\n<td><strong>Tom\u00e1s de Andr\u00e9s Molinera<\/strong><\/td>\n<td>Tabanera la Luenga<\/td>\n<\/tr>\n<tr>\n<td><strong>Guzm\u00e1n Bay\u00f3n Rojo<\/strong><\/td>\n<td>Cozuelos de Fuentidue\u00f1a<\/td>\n<\/tr>\n<\/tbody>\n<\/table>\n<h2>Comit\u00e9 ejecutivo de ASAJA Segovia.<\/h2>\n<h3><\/h3>\n<table style=\"width: 100%;height: 416px\">\n<tbody>\n<tr style=\"height: 26px\">\n<th style=\"background: #009035;color: #ffffff;font-weight: bold;height: 26px\" colspan=\"2\">Presidente<\/th>\n<\/tr>\n<tr style=\"height: 26px\">\n<td style=\"height: 26px\"><strong>C\u00e9sar Monjas Fraile<\/strong><\/td>\n<td style=\"height: 26px\">Los Huertos<\/td>\n<\/tr>\n<tr style=\"height: 26px\">\n<th style=\"background: #009035;color: #ffffff;font-weight: bold;height: 26px\" colspan=\"2\">Vicepresidente 1\u00ba<\/th>\n<\/tr>\n<tr style=\"height: 26px\">\n<td style=\"height: 26px\"><strong>Mariano Juan de Andr\u00e9s Mateo<br \/>\n<\/strong><\/td>\n<td style=\"height: 26px\">Zamarramala<\/td>\n<\/tr>\n<tr style=\"height: 26px\">\n<th style=\"background: #009035;color: #ffffff;font-weight: bold;height: 26px\" colspan=\"2\">Vicepresidente 2\u00ba<\/th>\n<\/tr>\n<tr style=\"height: 26px\">\n<td style=\"height: 26px\"><strong>Jose Maria Herrero Rinc\u00f3n<br \/>\n<\/strong><\/td>\n<td style=\"height: 26px\">Villagonzalo de Coca<\/td>\n<\/tr>\n<tr style=\"height: 26px\">\n<th style=\"background: #009035;color: #ffffff;font-weight: bold;height: 26px\" colspan=\"2\">Secretario General<\/th>\n<\/tr>\n<tr style=\"height: 26px\">\n<td style=\"height: 26px\"><strong>Pablo Rinc\u00f3n Garc\u00eda<\/strong><\/td>\n<td style=\"height: 26px\">Segovia<\/td>\n<\/tr>\n<tr style=\"height: 26px\">\n<th style=\"background: #009035;color: #ffffff;font-weight: bold;height: 26px\" colspan=\"2\">Vocales<\/th>\n<\/tr>\n<tr style=\"height: 26px\">\n<td style=\"height: 26px\"><strong>Luis Fernando Palomo Gil<\/strong><\/td>\n<td style=\"height: 26px\">Valverde del Majano<\/td>\n<\/tr>\n<tr style=\"height: 26px\">\n<td style=\"height: 26px\"><strong>Jos\u00e9 Manuel Lobo Miguel<\/strong><\/td>\n<td style=\"height: 26px\">Cabezuela<\/td>\n<\/tr>\n<tr style=\"height: 26px\">\n<td style=\"height: 26px\"><strong>Miguel Mart\u00edn Sacrist\u00e1n<\/strong><\/td>\n<td style=\"height: 26px\">Otones de Benjumea<\/td>\n<\/tr>\n<tr style=\"height: 26px\">\n<td style=\"height: 26px\"><b>Ignacio Llorente Manso<\/b><\/td>\n<td style=\"height: 26px\">Valverde del Majano<\/td>\n<\/tr>\n<tr style=\"height: 26px\">\n<td style=\"height: 26px\"><strong>Rosa Maria Sacristan San Felipe<\/strong><\/td>\n<td style=\"height: 26px\">Cantalejo<\/td>\n<\/tr>\n<\/tbody>\n<\/table>\n","protected":false},"excerpt":{"rendered":"<p>Junta Directiva de ASAJA Segovia. Presidente C\u00e9sar Monjas Fraile Los Huertos Vicepresidente 1\u00ba Mariano Juan de Andr\u00e9s Mateo Zamarramala Vicepresidente 2\u00ba Jose Maria Herrero Rinc\u00f3n Villagonzalo de Coca Secretario General Pablo Rinc\u00f3n Garc\u00eda Segovia Vocales Luis Fernando Palomo Gil Valverde del Majano Jos\u00e9 Manuel Lobo Miguel Cabezuela Miguel Mart\u00edn Sacrist\u00e1n Otones de Benjumea Ignacio Llorente [&hellip;]<\/p>\n","protected":false},"author":2,"featured_media":683,"comment_status":"open","ping_status":"open","sticky":false,"template":"","format":"standard","meta":{"footnotes":""},"categories":[8],"tags":[],"yoast_head":"<!-- This site is optimized with the Yoast SEO plugin v24.5 - https:\/\/yoast.com\/wordpress\/plugins\/seo\/ -->\n<title>\u00d3rganos de Gobierno - ASAJA Segovia<\/title>\n<meta name=\"description\" content=\"Junta Directiva de ASAJA Segovia. Presidente C\u00e9sar Monjas Fraile Los Huertos Vicepresidente 1\u00ba Mariano Juan de Andr\u00e9s Mateo Zamarramala Vicepresidente 2\u00ba\" \/>\n<meta name=\"robots\" content=\"index, follow, max-snippet:-1, max-image-preview:large, max-video-preview:-1\" \/>\n<link rel=\"canonical\" href=\"https:\/\/www.asajacyl.com\/segovia\/nuestra-organizacion\/organos-de-gobierno\" \/>\n<meta property=\"og:locale\" content=\"es_ES\" \/>\n<meta property=\"og:type\" content=\"article\" \/>\n<meta property=\"og:title\" content=\"\u00d3rganos de Gobierno - ASAJA Segovia\" \/>\n<meta property=\"og:description\" content=\"Junta Directiva de ASAJA Segovia. Presidente C\u00e9sar Monjas Fraile Los Huertos Vicepresidente 1\u00ba Mariano Juan de Andr\u00e9s Mateo Zamarramala Vicepresidente 2\u00ba\" \/>\n<meta property=\"og:url\" content=\"https:\/\/www.asajacyl.com\/segovia\/nuestra-organizacion\/organos-de-gobierno\" \/>\n<meta property=\"og:site_name\" content=\"ASAJA Segovia\" \/>\n<meta property=\"article:published_time\" content=\"2017-10-21T11:33:15+00:00\" \/>\n<meta property=\"article:modified_time\" content=\"2025-01-10T12:53:50+00:00\" \/>\n<meta property=\"og:image\" content=\"https:\/\/www.asajacyl.com\/segovia\/wp-content\/uploads\/sites\/8\/2017\/10\/segovia-4.jpg\" \/>\n\t<meta property=\"og:image:width\" content=\"1311\" \/>\n\t<meta property=\"og:image:height\" content=\"649\" \/>\n\t<meta property=\"og:image:type\" content=\"image\/jpeg\" \/>\n<meta name=\"twitter:card\" content=\"summary_large_image\" \/>\n<meta name=\"twitter:label1\" content=\"Escrito por\" \/>\n\t<meta name=\"twitter:data1\" content=\"\" \/>\n\t<meta name=\"twitter:label2\" content=\"Tiempo de lectura\" \/>\n\t<meta name=\"twitter:data2\" content=\"2 minutos\" \/>\n<script type=\"application\/ld+json\" class=\"yoast-schema-graph\">{\"@context\":\"https:\/\/schema.org\",\"@graph\":[{\"@type\":\"WebPage\",\"@id\":\"https:\/\/www.asajacyl.com\/segovia\/nuestra-organizacion\/organos-de-gobierno\",\"url\":\"https:\/\/www.asajacyl.com\/segovia\/nuestra-organizacion\/organos-de-gobierno\",\"name\":\"\u00d3rganos de Gobierno - ASAJA Segovia\",\"isPartOf\":{\"@id\":\"https:\/\/www.asajacyl.com\/segovia\/#website\"},\"primaryImageOfPage\":{\"@id\":\"https:\/\/www.asajacyl.com\/segovia\/nuestra-organizacion\/organos-de-gobierno#primaryimage\"},\"image\":{\"@id\":\"https:\/\/www.asajacyl.com\/segovia\/nuestra-organizacion\/organos-de-gobierno#primaryimage\"},\"thumbnailUrl\":\"https:\/\/www.asajacyl.com\/segovia\/wp-content\/uploads\/sites\/8\/2017\/10\/segovia-4.jpg\",\"datePublished\":\"2017-10-21T11:33:15+00:00\",\"dateModified\":\"2025-01-10T12:53:50+00:00\",\"author\":{\"@id\":\"\"},\"description\":\"Junta Directiva de ASAJA Segovia. Presidente C\u00e9sar Monjas Fraile Los Huertos Vicepresidente 1\u00ba Mariano Juan de Andr\u00e9s Mateo Zamarramala Vicepresidente 2\u00ba\",\"breadcrumb\":{\"@id\":\"https:\/\/www.asajacyl.com\/segovia\/nuestra-organizacion\/organos-de-gobierno#breadcrumb\"},\"inLanguage\":\"es\",\"potentialAction\":[{\"@type\":\"ReadAction\",\"target\":[\"https:\/\/www.asajacyl.com\/segovia\/nuestra-organizacion\/organos-de-gobierno\"]}]},{\"@type\":\"ImageObject\",\"inLanguage\":\"es\",\"@id\":\"https:\/\/www.asajacyl.com\/segovia\/nuestra-organizacion\/organos-de-gobierno#primaryimage\",\"url\":\"https:\/\/www.asajacyl.com\/segovia\/wp-content\/uploads\/sites\/8\/2017\/10\/segovia-4.jpg\",\"contentUrl\":\"https:\/\/www.asajacyl.com\/segovia\/wp-content\/uploads\/sites\/8\/2017\/10\/segovia-4.jpg\",\"width\":1311,\"height\":649,\"caption\":\"ASAJA Segovia\"},{\"@type\":\"BreadcrumbList\",\"@id\":\"https:\/\/www.asajacyl.com\/segovia\/nuestra-organizacion\/organos-de-gobierno#breadcrumb\",\"itemListElement\":[{\"@type\":\"ListItem\",\"position\":1,\"name\":\"Portada\",\"item\":\"https:\/\/www.asajacyl.com\/segovia\/\"},{\"@type\":\"ListItem\",\"position\":2,\"name\":\"\u00d3rganos de Gobierno\"}]},{\"@type\":\"WebSite\",\"@id\":\"https:\/\/www.asajacyl.com\/segovia\/#website\",\"url\":\"https:\/\/www.asajacyl.com\/segovia\/\",\"name\":\"ASAJA Segovia\",\"description\":\"Otro sitio m\u00e1s de Provincias ASAJA Castilla y Le\u00f3n\",\"potentialAction\":[{\"@type\":\"SearchAction\",\"target\":{\"@type\":\"EntryPoint\",\"urlTemplate\":\"https:\/\/www.asajacyl.com\/segovia\/?s={search_term_string}\"},\"query-input\":{\"@type\":\"PropertyValueSpecification\",\"valueRequired\":true,\"valueName\":\"search_term_string\"}}],\"inLanguage\":\"es\"},{\"@type\":\"Person\",\"@id\":\"\",\"url\":\"https:\/\/www.asajacyl.com\/segovia\/author\"}]}<\/script>\n<!-- \/ Yoast SEO plugin. -->","yoast_head_json":{"title":"\u00d3rganos de Gobierno - ASAJA Segovia","description":"Junta Directiva de ASAJA Segovia. Presidente C\u00e9sar Monjas Fraile Los Huertos Vicepresidente 1\u00ba Mariano Juan de Andr\u00e9s Mateo Zamarramala Vicepresidente 2\u00ba","robots":{"index":"index","follow":"follow","max-snippet":"max-snippet:-1","max-image-preview":"max-image-preview:large","max-video-preview":"max-video-preview:-1"},"canonical":"https:\/\/www.asajacyl.com\/segovia\/nuestra-organizacion\/organos-de-gobierno","og_locale":"es_ES","og_type":"article","og_title":"\u00d3rganos de Gobierno - ASAJA Segovia","og_description":"Junta Directiva de ASAJA Segovia. Presidente C\u00e9sar Monjas Fraile Los Huertos Vicepresidente 1\u00ba Mariano Juan de Andr\u00e9s Mateo Zamarramala Vicepresidente 2\u00ba","og_url":"https:\/\/www.asajacyl.com\/segovia\/nuestra-organizacion\/organos-de-gobierno","og_site_name":"ASAJA Segovia","article_published_time":"2017-10-21T11:33:15+00:00","article_modified_time":"2025-01-10T12:53:50+00:00","og_image":[{"width":1311,"height":649,"url":"https:\/\/www.asajacyl.com\/segovia\/wp-content\/uploads\/sites\/8\/2017\/10\/segovia-4.jpg","type":"image\/jpeg"}],"twitter_card":"summary_large_image","twitter_misc":{"Escrito por":"","Tiempo de lectura":"2 minutos"},"schema":{"@context":"https:\/\/schema.org","@graph":[{"@type":"WebPage","@id":"https:\/\/www.asajacyl.com\/segovia\/nuestra-organizacion\/organos-de-gobierno","url":"https:\/\/www.asajacyl.com\/segovia\/nuestra-organizacion\/organos-de-gobierno","name":"\u00d3rganos de Gobierno - ASAJA Segovia","isPartOf":{"@id":"https:\/\/www.asajacyl.com\/segovia\/#website"},"primaryImageOfPage":{"@id":"https:\/\/www.asajacyl.com\/segovia\/nuestra-organizacion\/organos-de-gobierno#primaryimage"},"image":{"@id":"https:\/\/www.asajacyl.com\/segovia\/nuestra-organizacion\/organos-de-gobierno#primaryimage"},"thumbnailUrl":"https:\/\/www.asajacyl.com\/segovia\/wp-content\/uploads\/sites\/8\/2017\/10\/segovia-4.jpg","datePublished":"2017-10-21T11:33:15+00:00","dateModified":"2025-01-10T12:53:50+00:00","author":{"@id":""},"description":"Junta Directiva de ASAJA Segovia. Presidente C\u00e9sar Monjas Fraile Los Huertos Vicepresidente 1\u00ba Mariano Juan de Andr\u00e9s Mateo Zamarramala Vicepresidente 2\u00ba","breadcrumb":{"@id":"https:\/\/www.asajacyl.com\/segovia\/nuestra-organizacion\/organos-de-gobierno#breadcrumb"},"inLanguage":"es","potentialAction":[{"@type":"ReadAction","target":["https:\/\/www.asajacyl.com\/segovia\/nuestra-organizacion\/organos-de-gobierno"]}]},{"@type":"ImageObject","inLanguage":"es","@id":"https:\/\/www.asajacyl.com\/segovia\/nuestra-organizacion\/organos-de-gobierno#primaryimage","url":"https:\/\/www.asajacyl.com\/segovia\/wp-content\/uploads\/sites\/8\/2017\/10\/segovia-4.jpg","contentUrl":"https:\/\/www.asajacyl.com\/segovia\/wp-content\/uploads\/sites\/8\/2017\/10\/segovia-4.jpg","width":1311,"height":649,"caption":"ASAJA Segovia"},{"@type":"BreadcrumbList","@id":"https:\/\/www.asajacyl.com\/segovia\/nuestra-organizacion\/organos-de-gobierno#breadcrumb","itemListElement":[{"@type":"ListItem","position":1,"name":"Portada","item":"https:\/\/www.asajacyl.com\/segovia\/"},{"@type":"ListItem","position":2,"name":"\u00d3rganos de Gobierno"}]},{"@type":"WebSite","@id":"https:\/\/www.asajacyl.com\/segovia\/#website","url":"https:\/\/www.asajacyl.com\/segovia\/","name":"ASAJA Segovia","description":"Otro sitio m\u00e1s de Provincias ASAJA Castilla y Le\u00f3n","potentialAction":[{"@type":"SearchAction","target":{"@type":"EntryPoint","urlTemplate":"https:\/\/www.asajacyl.com\/segovia\/?s={search_term_string}"},"query-input":{"@type":"PropertyValueSpecification","valueRequired":true,"valueName":"search_term_string"}}],"inLanguage":"es"},{"@type":"Person","@id":"","url":"https:\/\/www.asajacyl.com\/segovia\/author"}]}},"_links":{"self":[{"href":"https:\/\/www.asajacyl.com\/segovia\/wp-json\/wp\/v2\/posts\/553"}],"collection":[{"href":"https:\/\/www.asajacyl.com\/segovia\/wp-json\/wp\/v2\/posts"}],"about":[{"href":"https:\/\/www.asajacyl.com\/segovia\/wp-json\/wp\/v2\/types\/post"}],"author":[{"embeddable":true,"href":"https:\/\/www.asajacyl.com\/segovia\/wp-json\/wp\/v2\/users\/2"}],"replies":[{"embeddable":true,"href":"https:\/\/www.asajacyl.com\/segovia\/wp-json\/wp\/v2\/comments?post=553"}],"version-history":[{"count":15,"href":"https:\/\/www.asajacyl.com\/segovia\/wp-json\/wp\/v2\/posts\/553\/revisions"}],"predecessor-version":[{"id":1814,"href":"https:\/\/www.asajacyl.com\/segovia\/wp-json\/wp\/v2\/posts\/553\/revisions\/1814"}],"wp:featuredmedia":[{"embeddable":true,"href":"https:\/\/www.asajacyl.com\/segovia\/wp-json\/wp\/v2\/media\/683"}],"wp:attachment":[{"href":"https:\/\/www.asajacyl.com\/segovia\/wp-json\/wp\/v2\/media?parent=553"}],"wp:term":[{"taxonomy":"category","embeddable":true,"href":"https:\/\/www.asajacyl.com\/segovia\/wp-json\/wp\/v2\/categories?post=553"},{"taxonomy":"post_tag","embeddable":true,"href":"https:\/\/www.asajacyl.com\/segovia\/wp-json\/wp\/v2\/tags?post=553"}],"curies":[{"name":"wp","href":"https:\/\/api.w.org\/{rel}","templated":true}]}}