{"id":863,"date":"2018-02-04T12:09:52","date_gmt":"2018-02-04T11:09:52","guid":{"rendered":"http:\/\/www.asajacyl.com\/segovia\/?p=863"},"modified":"2018-02-09T12:00:53","modified_gmt":"2018-02-09T11:00:53","slug":"jornada-informativa-agraria","status":"publish","type":"post","link":"https:\/\/www.asajacyl.com\/segovia\/servicios-socio\/cursos-jornadas\/jornada-informativa-agraria","title":{"rendered":"JORNADA INFORMATIVA AGRARIA LUNES 5 DE FEBRERO"},"content":{"rendered":"<h1><img loading=\"lazy\" decoding=\"async\" class=\"alignnone size-medium wp-image-867\" src=\"http:\/\/www.asajacyl.com\/segovia\/wp-content\/uploads\/sites\/8\/2018\/02\/RASTROJOS-300x200.jpg\" alt=\"\" width=\"300\" height=\"200\" srcset=\"https:\/\/www.asajacyl.com\/segovia\/wp-content\/uploads\/sites\/8\/2018\/02\/RASTROJOS-300x200.jpg 300w, https:\/\/www.asajacyl.com\/segovia\/wp-content\/uploads\/sites\/8\/2018\/02\/RASTROJOS-768x512.jpg 768w, https:\/\/www.asajacyl.com\/segovia\/wp-content\/uploads\/sites\/8\/2018\/02\/RASTROJOS-696x464.jpg 696w, https:\/\/www.asajacyl.com\/segovia\/wp-content\/uploads\/sites\/8\/2018\/02\/RASTROJOS-630x420.jpg 630w, https:\/\/www.asajacyl.com\/segovia\/wp-content\/uploads\/sites\/8\/2018\/02\/RASTROJOS.jpg 960w\" sizes=\"(max-width: 300px) 100vw, 300px\" \/><\/h1>\n<h1>JORNADA INFORMATIVA AGRARIA<\/h1>\n<h2>LUNES 5 DE FEBRERO DE 2018<\/h2>\n<h2>HOTEL PUERTA DE SEGOVIA<\/h2>\n<p>(SAL\u00d3N AUDITORIUM)<\/p>\n<p>&nbsp;<\/p>\n<p><strong>18,30:\u00a0\u00a0\u00a0\u00a0 LA PAC 2020\u00a0 (EVOLUCI\u00d3N O REVOLUCI\u00d3N)<\/strong><\/p>\n<p>Ponente: Ignacio Lopez Garc\u00eda-Asenjo.\u00a0 (Director de Relaciones Internacionales de Asaja Nacional)<\/p>\n<p>&nbsp;<\/p>\n<p><strong>19,15:\u00a0\u00a0\u00a0\u00a0 \u00a0EL SECTOR PORCINO ESPA\u00d1OL ANTE LOS RETOS DEL FUTURO<\/strong><\/p>\n<p>Ponente: Miguel \u00c1ngel Higuera Pascual.\u00a0\u00a0 (Director de ANPROGRAPOR)<\/p>\n<p>&nbsp;<\/p>\n<p>PLAZAS LIMITADAS HASTA COMPLETAR EL AFORO<\/p>\n","protected":false},"excerpt":{"rendered":"<p>JORNADA INFORMATIVA AGRARIA LUNES 5 DE FEBRERO DE 2018 HOTEL PUERTA DE SEGOVIA (SAL\u00d3N AUDITORIUM) &nbsp; 18,30:\u00a0\u00a0\u00a0\u00a0 LA PAC 2020\u00a0 (EVOLUCI\u00d3N O REVOLUCI\u00d3N) Ponente: Ignacio Lopez Garc\u00eda-Asenjo.\u00a0 (Director de Relaciones Internacionales de Asaja Nacional) &nbsp; 19,15:\u00a0\u00a0\u00a0\u00a0 \u00a0EL SECTOR PORCINO ESPA\u00d1OL ANTE LOS RETOS DEL FUTURO Ponente: Miguel \u00c1ngel Higuera Pascual.\u00a0\u00a0 (Director de ANPROGRAPOR) &nbsp; PLAZAS [&hellip;]<\/p>\n","protected":false},"author":11,"featured_media":867,"comment_status":"open","ping_status":"open","sticky":false,"template":"","format":"standard","meta":{"footnotes":""},"categories":[37,26],"tags":[],"yoast_head":"<!-- This site is optimized with the Yoast SEO plugin v24.5 - https:\/\/yoast.com\/wordpress\/plugins\/seo\/ -->\n<title>JORNADA INFORMATIVA AGRARIA LUNES 5 DE FEBRERO - ASAJA Segovia<\/title>\n<meta name=\"description\" content=\"JORNADA INFORMATIVA AGRARIA LUNES 5 DE FEBRERO DE 2018 HOTEL PUERTA DE SEGOVIA (SAL\u00d3N AUDITORIUM) &nbsp; 18,30:\u00a0\u00a0\u00a0\u00a0 LA PAC 2020\u00a0 (EVOLUCI\u00d3N O REVOLUCI\u00d3N)\" \/>\n<meta name=\"robots\" content=\"index, follow, max-snippet:-1, max-image-preview:large, max-video-preview:-1\" \/>\n<link rel=\"canonical\" href=\"https:\/\/www.asajacyl.com\/segovia\/servicios-socio\/cursos-jornadas\/jornada-informativa-agraria\" \/>\n<meta property=\"og:locale\" content=\"es_ES\" \/>\n<meta property=\"og:type\" content=\"article\" \/>\n<meta property=\"og:title\" content=\"JORNADA INFORMATIVA AGRARIA LUNES 5 DE FEBRERO - ASAJA Segovia\" \/>\n<meta property=\"og:description\" content=\"JORNADA INFORMATIVA AGRARIA LUNES 5 DE FEBRERO DE 2018 HOTEL PUERTA DE SEGOVIA (SAL\u00d3N AUDITORIUM) &nbsp; 18,30:\u00a0\u00a0\u00a0\u00a0 LA PAC 2020\u00a0 (EVOLUCI\u00d3N O REVOLUCI\u00d3N)\" \/>\n<meta property=\"og:url\" content=\"https:\/\/www.asajacyl.com\/segovia\/servicios-socio\/cursos-jornadas\/jornada-informativa-agraria\" \/>\n<meta property=\"og:site_name\" content=\"ASAJA Segovia\" \/>\n<meta property=\"article:published_time\" content=\"2018-02-04T11:09:52+00:00\" \/>\n<meta property=\"article:modified_time\" content=\"2018-02-09T11:00:53+00:00\" \/>\n<meta property=\"og:image\" content=\"https:\/\/www.asajacyl.com\/segovia\/wp-content\/uploads\/sites\/8\/2018\/02\/RASTROJOS.jpg\" \/>\n\t<meta property=\"og:image:width\" content=\"960\" \/>\n\t<meta property=\"og:image:height\" content=\"640\" \/>\n\t<meta property=\"og:image:type\" content=\"image\/jpeg\" \/>\n<meta name=\"author\" content=\"Alicia\" \/>\n<meta name=\"twitter:card\" content=\"summary_large_image\" \/>\n<meta name=\"twitter:label1\" content=\"Escrito por\" \/>\n\t<meta name=\"twitter:data1\" content=\"Alicia\" \/>\n<script type=\"application\/ld+json\" class=\"yoast-schema-graph\">{\"@context\":\"https:\/\/schema.org\",\"@graph\":[{\"@type\":\"WebPage\",\"@id\":\"https:\/\/www.asajacyl.com\/segovia\/servicios-socio\/cursos-jornadas\/jornada-informativa-agraria\",\"url\":\"https:\/\/www.asajacyl.com\/segovia\/servicios-socio\/cursos-jornadas\/jornada-informativa-agraria\",\"name\":\"JORNADA INFORMATIVA AGRARIA LUNES 5 DE FEBRERO - ASAJA Segovia\",\"isPartOf\":{\"@id\":\"https:\/\/www.asajacyl.com\/segovia\/#website\"},\"primaryImageOfPage\":{\"@id\":\"https:\/\/www.asajacyl.com\/segovia\/servicios-socio\/cursos-jornadas\/jornada-informativa-agraria#primaryimage\"},\"image\":{\"@id\":\"https:\/\/www.asajacyl.com\/segovia\/servicios-socio\/cursos-jornadas\/jornada-informativa-agraria#primaryimage\"},\"thumbnailUrl\":\"https:\/\/www.asajacyl.com\/segovia\/wp-content\/uploads\/sites\/8\/2018\/02\/RASTROJOS.jpg\",\"datePublished\":\"2018-02-04T11:09:52+00:00\",\"dateModified\":\"2018-02-09T11:00:53+00:00\",\"author\":{\"@id\":\"https:\/\/www.asajacyl.com\/segovia\/#\/schema\/person\/f044fca5805bb46713e11715709aef4d\"},\"description\":\"JORNADA INFORMATIVA AGRARIA LUNES 5 DE FEBRERO DE 2018 HOTEL PUERTA DE SEGOVIA (SAL\u00d3N AUDITORIUM) &nbsp; 18,30:\u00a0\u00a0\u00a0\u00a0 LA PAC 2020\u00a0 (EVOLUCI\u00d3N O REVOLUCI\u00d3N)\",\"breadcrumb\":{\"@id\":\"https:\/\/www.asajacyl.com\/segovia\/servicios-socio\/cursos-jornadas\/jornada-informativa-agraria#breadcrumb\"},\"inLanguage\":\"es\",\"potentialAction\":[{\"@type\":\"ReadAction\",\"target\":[\"https:\/\/www.asajacyl.com\/segovia\/servicios-socio\/cursos-jornadas\/jornada-informativa-agraria\"]}]},{\"@type\":\"ImageObject\",\"inLanguage\":\"es\",\"@id\":\"https:\/\/www.asajacyl.com\/segovia\/servicios-socio\/cursos-jornadas\/jornada-informativa-agraria#primaryimage\",\"url\":\"https:\/\/www.asajacyl.com\/segovia\/wp-content\/uploads\/sites\/8\/2018\/02\/RASTROJOS.jpg\",\"contentUrl\":\"https:\/\/www.asajacyl.com\/segovia\/wp-content\/uploads\/sites\/8\/2018\/02\/RASTROJOS.jpg\",\"width\":960,\"height\":640},{\"@type\":\"BreadcrumbList\",\"@id\":\"https:\/\/www.asajacyl.com\/segovia\/servicios-socio\/cursos-jornadas\/jornada-informativa-agraria#breadcrumb\",\"itemListElement\":[{\"@type\":\"ListItem\",\"position\":1,\"name\":\"Portada\",\"item\":\"https:\/\/www.asajacyl.com\/segovia\/\"},{\"@type\":\"ListItem\",\"position\":2,\"name\":\"JORNADA INFORMATIVA AGRARIA LUNES 5 DE FEBRERO\"}]},{\"@type\":\"WebSite\",\"@id\":\"https:\/\/www.asajacyl.com\/segovia\/#website\",\"url\":\"https:\/\/www.asajacyl.com\/segovia\/\",\"name\":\"ASAJA Segovia\",\"description\":\"Otro sitio m\u00e1s de Provincias ASAJA Castilla y Le\u00f3n\",\"potentialAction\":[{\"@type\":\"SearchAction\",\"target\":{\"@type\":\"EntryPoint\",\"urlTemplate\":\"https:\/\/www.asajacyl.com\/segovia\/?s={search_term_string}\"},\"query-input\":{\"@type\":\"PropertyValueSpecification\",\"valueRequired\":true,\"valueName\":\"search_term_string\"}}],\"inLanguage\":\"es\"},{\"@type\":\"Person\",\"@id\":\"https:\/\/www.asajacyl.com\/segovia\/#\/schema\/person\/f044fca5805bb46713e11715709aef4d\",\"name\":\"Alicia\",\"image\":{\"@type\":\"ImageObject\",\"inLanguage\":\"es\",\"@id\":\"https:\/\/www.asajacyl.com\/segovia\/#\/schema\/person\/image\/\",\"url\":\"https:\/\/secure.gravatar.com\/avatar\/054cff43263e39aa6e74950dc4bb1690?s=96&d=mm&r=g\",\"contentUrl\":\"https:\/\/secure.gravatar.com\/avatar\/054cff43263e39aa6e74950dc4bb1690?s=96&d=mm&r=g\",\"caption\":\"Alicia\"},\"url\":\"https:\/\/www.asajacyl.com\/segovia\/author\/aliciasc\"}]}<\/script>\n<!-- \/ Yoast SEO plugin. -->","yoast_head_json":{"title":"JORNADA INFORMATIVA AGRARIA LUNES 5 DE FEBRERO - ASAJA Segovia","description":"JORNADA INFORMATIVA AGRARIA LUNES 5 DE FEBRERO DE 2018 HOTEL PUERTA DE SEGOVIA (SAL\u00d3N AUDITORIUM) &nbsp; 18,30:\u00a0\u00a0\u00a0\u00a0 LA PAC 2020\u00a0 (EVOLUCI\u00d3N O REVOLUCI\u00d3N)","robots":{"index":"index","follow":"follow","max-snippet":"max-snippet:-1","max-image-preview":"max-image-preview:large","max-video-preview":"max-video-preview:-1"},"canonical":"https:\/\/www.asajacyl.com\/segovia\/servicios-socio\/cursos-jornadas\/jornada-informativa-agraria","og_locale":"es_ES","og_type":"article","og_title":"JORNADA INFORMATIVA AGRARIA LUNES 5 DE FEBRERO - ASAJA Segovia","og_description":"JORNADA INFORMATIVA AGRARIA LUNES 5 DE FEBRERO DE 2018 HOTEL PUERTA DE SEGOVIA (SAL\u00d3N AUDITORIUM) &nbsp; 18,30:\u00a0\u00a0\u00a0\u00a0 LA PAC 2020\u00a0 (EVOLUCI\u00d3N O REVOLUCI\u00d3N)","og_url":"https:\/\/www.asajacyl.com\/segovia\/servicios-socio\/cursos-jornadas\/jornada-informativa-agraria","og_site_name":"ASAJA Segovia","article_published_time":"2018-02-04T11:09:52+00:00","article_modified_time":"2018-02-09T11:00:53+00:00","og_image":[{"width":960,"height":640,"url":"https:\/\/www.asajacyl.com\/segovia\/wp-content\/uploads\/sites\/8\/2018\/02\/RASTROJOS.jpg","type":"image\/jpeg"}],"author":"Alicia","twitter_card":"summary_large_image","twitter_misc":{"Escrito por":"Alicia"},"schema":{"@context":"https:\/\/schema.org","@graph":[{"@type":"WebPage","@id":"https:\/\/www.asajacyl.com\/segovia\/servicios-socio\/cursos-jornadas\/jornada-informativa-agraria","url":"https:\/\/www.asajacyl.com\/segovia\/servicios-socio\/cursos-jornadas\/jornada-informativa-agraria","name":"JORNADA INFORMATIVA AGRARIA LUNES 5 DE FEBRERO - ASAJA Segovia","isPartOf":{"@id":"https:\/\/www.asajacyl.com\/segovia\/#website"},"primaryImageOfPage":{"@id":"https:\/\/www.asajacyl.com\/segovia\/servicios-socio\/cursos-jornadas\/jornada-informativa-agraria#primaryimage"},"image":{"@id":"https:\/\/www.asajacyl.com\/segovia\/servicios-socio\/cursos-jornadas\/jornada-informativa-agraria#primaryimage"},"thumbnailUrl":"https:\/\/www.asajacyl.com\/segovia\/wp-content\/uploads\/sites\/8\/2018\/02\/RASTROJOS.jpg","datePublished":"2018-02-04T11:09:52+00:00","dateModified":"2018-02-09T11:00:53+00:00","author":{"@id":"https:\/\/www.asajacyl.com\/segovia\/#\/schema\/person\/f044fca5805bb46713e11715709aef4d"},"description":"JORNADA INFORMATIVA AGRARIA LUNES 5 DE FEBRERO DE 2018 HOTEL PUERTA DE SEGOVIA (SAL\u00d3N AUDITORIUM) &nbsp; 18,30:\u00a0\u00a0\u00a0\u00a0 LA PAC 2020\u00a0 (EVOLUCI\u00d3N O REVOLUCI\u00d3N)","breadcrumb":{"@id":"https:\/\/www.asajacyl.com\/segovia\/servicios-socio\/cursos-jornadas\/jornada-informativa-agraria#breadcrumb"},"inLanguage":"es","potentialAction":[{"@type":"ReadAction","target":["https:\/\/www.asajacyl.com\/segovia\/servicios-socio\/cursos-jornadas\/jornada-informativa-agraria"]}]},{"@type":"ImageObject","inLanguage":"es","@id":"https:\/\/www.asajacyl.com\/segovia\/servicios-socio\/cursos-jornadas\/jornada-informativa-agraria#primaryimage","url":"https:\/\/www.asajacyl.com\/segovia\/wp-content\/uploads\/sites\/8\/2018\/02\/RASTROJOS.jpg","contentUrl":"https:\/\/www.asajacyl.com\/segovia\/wp-content\/uploads\/sites\/8\/2018\/02\/RASTROJOS.jpg","width":960,"height":640},{"@type":"BreadcrumbList","@id":"https:\/\/www.asajacyl.com\/segovia\/servicios-socio\/cursos-jornadas\/jornada-informativa-agraria#breadcrumb","itemListElement":[{"@type":"ListItem","position":1,"name":"Portada","item":"https:\/\/www.asajacyl.com\/segovia\/"},{"@type":"ListItem","position":2,"name":"JORNADA INFORMATIVA AGRARIA LUNES 5 DE FEBRERO"}]},{"@type":"WebSite","@id":"https:\/\/www.asajacyl.com\/segovia\/#website","url":"https:\/\/www.asajacyl.com\/segovia\/","name":"ASAJA Segovia","description":"Otro sitio m\u00e1s de Provincias ASAJA Castilla y Le\u00f3n","potentialAction":[{"@type":"SearchAction","target":{"@type":"EntryPoint","urlTemplate":"https:\/\/www.asajacyl.com\/segovia\/?s={search_term_string}"},"query-input":{"@type":"PropertyValueSpecification","valueRequired":true,"valueName":"search_term_string"}}],"inLanguage":"es"},{"@type":"Person","@id":"https:\/\/www.asajacyl.com\/segovia\/#\/schema\/person\/f044fca5805bb46713e11715709aef4d","name":"Alicia","image":{"@type":"ImageObject","inLanguage":"es","@id":"https:\/\/www.asajacyl.com\/segovia\/#\/schema\/person\/image\/","url":"https:\/\/secure.gravatar.com\/avatar\/054cff43263e39aa6e74950dc4bb1690?s=96&d=mm&r=g","contentUrl":"https:\/\/secure.gravatar.com\/avatar\/054cff43263e39aa6e74950dc4bb1690?s=96&d=mm&r=g","caption":"Alicia"},"url":"https:\/\/www.asajacyl.com\/segovia\/author\/aliciasc"}]}},"_links":{"self":[{"href":"https:\/\/www.asajacyl.com\/segovia\/wp-json\/wp\/v2\/posts\/863"}],"collection":[{"href":"https:\/\/www.asajacyl.com\/segovia\/wp-json\/wp\/v2\/posts"}],"about":[{"href":"https:\/\/www.asajacyl.com\/segovia\/wp-json\/wp\/v2\/types\/post"}],"author":[{"embeddable":true,"href":"https:\/\/www.asajacyl.com\/segovia\/wp-json\/wp\/v2\/users\/11"}],"replies":[{"embeddable":true,"href":"https:\/\/www.asajacyl.com\/segovia\/wp-json\/wp\/v2\/comments?post=863"}],"version-history":[{"count":5,"href":"https:\/\/www.asajacyl.com\/segovia\/wp-json\/wp\/v2\/posts\/863\/revisions"}],"predecessor-version":[{"id":869,"href":"https:\/\/www.asajacyl.com\/segovia\/wp-json\/wp\/v2\/posts\/863\/revisions\/869"}],"wp:featuredmedia":[{"embeddable":true,"href":"https:\/\/www.asajacyl.com\/segovia\/wp-json\/wp\/v2\/media\/867"}],"wp:attachment":[{"href":"https:\/\/www.asajacyl.com\/segovia\/wp-json\/wp\/v2\/media?parent=863"}],"wp:term":[{"taxonomy":"category","embeddable":true,"href":"https:\/\/www.asajacyl.com\/segovia\/wp-json\/wp\/v2\/categories?post=863"},{"taxonomy":"post_tag","embeddable":true,"href":"https:\/\/www.asajacyl.com\/segovia\/wp-json\/wp\/v2\/tags?post=863"}],"curies":[{"name":"wp","href":"https:\/\/api.w.org\/{rel}","templated":true}]}}