{"id":910,"date":"2018-05-31T09:41:42","date_gmt":"2018-05-31T07:41:42","guid":{"rendered":"http:\/\/www.asajacyl.com\/segovia\/?p=910"},"modified":"2018-05-31T09:41:42","modified_gmt":"2018-05-31T07:41:42","slug":"asaja-considera-la-renovada-ley-propiciar-unas-cooperativas-modernas-competitivas","status":"publish","type":"post","link":"https:\/\/www.asajacyl.com\/segovia\/asaja-segovia-informa\/noticias\/destacados\/asaja-considera-la-renovada-ley-propiciar-unas-cooperativas-modernas-competitivas","title":{"rendered":"Asaja considera que la renovada ley debe propiciar unas cooperativas modernas y competitivas"},"content":{"rendered":"<h1>Asaja considera que la renovada ley debe propiciar unas cooperativas modernas y competitivas, con verdadero peso en la cadena agroalimentaria<\/h1>\n<h2><img loading=\"lazy\" decoding=\"async\" class=\"alignnone size-medium wp-image-911\" src=\"http:\/\/www.asajacyl.com\/segovia\/wp-content\/uploads\/sites\/8\/2018\/05\/foto-puesta-sol-mayo-2018-300x200.jpg\" alt=\"\" width=\"300\" height=\"200\" srcset=\"https:\/\/www.asajacyl.com\/segovia\/wp-content\/uploads\/sites\/8\/2018\/05\/foto-puesta-sol-mayo-2018-300x200.jpg 300w, https:\/\/www.asajacyl.com\/segovia\/wp-content\/uploads\/sites\/8\/2018\/05\/foto-puesta-sol-mayo-2018-768x512.jpg 768w, https:\/\/www.asajacyl.com\/segovia\/wp-content\/uploads\/sites\/8\/2018\/05\/foto-puesta-sol-mayo-2018-696x464.jpg 696w, https:\/\/www.asajacyl.com\/segovia\/wp-content\/uploads\/sites\/8\/2018\/05\/foto-puesta-sol-mayo-2018-630x420.jpg 630w, https:\/\/www.asajacyl.com\/segovia\/wp-content\/uploads\/sites\/8\/2018\/05\/foto-puesta-sol-mayo-2018.jpg 960w\" sizes=\"(max-width: 300px) 100vw, 300px\" \/><\/h2>\n<p>ASAJA subraya que para el sector agrario y ganadero las cooperativas son un elemento vertebrador imprescindible, fundamentalmente por su labor en la comercializaci\u00f3n, la m\u00e1s compleja para la explotaci\u00f3n agroganadera y en la que el profesional del campo est\u00e1 m\u00e1s indefenso al tener que competir en un mercado cada vez m\u00e1s agresivo, dominado por multinacionales y grandes superficies.<\/p>\n<p>&nbsp;<\/p>\n<p>\u201cHay que esperar que estos cambios en la normativa sirvan de acicate para que las cooperativas tengan mayor peso en la cadena alimentaria, lo que es un objetivo posible sobre todo en sectores como la leche de ovino, en los que la parte fundamental de la producci\u00f3n pasa por cooperativa\u201d, se\u00f1ala ASAJA. Las cooperativas tienen que ser, por fin, motor en las operaciones comerciales del sector agroganadero, y no conformarse con ser un mero intermediario de compras y ventas, a cambio de un margen. Del \u00e9xito de las cooperativas en la obtenci\u00f3n de precios rentables para los productos agroganaderos depende que los cooperativistas logren a su vez mayores beneficios, lo que redundar\u00e1 en un aumento de la rentabilidad de las explotaciones agr\u00edcolas y ganaderas de Castilla y Le\u00f3n.<\/p>\n<p>&nbsp;<\/p>\n<p>El sector demanda de sus cooperativas un redimensionamiento que les fortaleza y les permita ser competitivas, as\u00ed como una profesionalizaci\u00f3n de sus estructuras y rejuvenecimiento de sus equipos directivos para afrontar con \u00e9xito los retos presentes y futuros, optimizando costes, innovando, aprovechando las posibilidades de la exportaci\u00f3n, hoy por hoy fundamental para nuestro sector, etc.<\/p>\n<p>&nbsp;<\/p>\n<p>Cooperativas y organizaciones agrarias constituyen dos herramientas imprescindibles en la defensa de la agricultura y ganader\u00eda, y en Europa est\u00e1n bien definidos los papeles, muy diferentes, que tienen que desempe\u00f1ar. Tienen ambas partes la obligaci\u00f3n de tener unas buenas relaciones, como se ha logrado en los pa\u00edses m\u00e1s punteros de la agricultura de la UE, respetando el papel que cada parte ha de cumplir, porque ese trabajo arm\u00f3nico es lo m\u00e1s fruct\u00edfero para defender a los agricultores y ganaderos.<\/p>\n<p>&nbsp;<\/p>\n<p>El hecho de que esta renovada Ley nazca con un importante consenso, similar al logrado cuando las Cortes aprobaron la Ley Agraria, \u201cnos hace desear que en adelante los responsables pol\u00edticos aporten todos los elementos necesarios para que esta normativa sea correctamente desarrollada para que su ejecuci\u00f3n sea un \u00e9xito\u201d, apunta ASAJA, que pide a la Junta que se vuelque en el apoyo a f\u00f3rmulas, cooperativas o de otro tipo, que promuevan proyectos colectivos en el sector agroganadero.<\/p>\n<p>&nbsp;<\/p>\n<p><strong>ASAJA Castilla y Le\u00f3n Web: <a href=\"http:\/\/www.asajacyl.com\/\">www.asajacyl.com<\/a><\/strong><strong> Twitter: @asajacyl<\/strong><\/p>\n<p>&nbsp;<\/p>\n","protected":false},"excerpt":{"rendered":"<p>Asaja considera que la renovada ley debe propiciar unas cooperativas modernas y competitivas, con verdadero peso en la cadena agroalimentaria ASAJA subraya que para el sector agrario y ganadero las cooperativas son un elemento vertebrador imprescindible, fundamentalmente por su labor en la comercializaci\u00f3n, la m\u00e1s compleja para la explotaci\u00f3n agroganadera y en la que el [&hellip;]<\/p>\n","protected":false},"author":11,"featured_media":911,"comment_status":"open","ping_status":"open","sticky":false,"template":"","format":"standard","meta":{"footnotes":""},"categories":[27,26],"tags":[],"yoast_head":"<!-- This site is optimized with the Yoast SEO plugin v24.5 - https:\/\/yoast.com\/wordpress\/plugins\/seo\/ -->\n<title>Asaja considera que la renovada ley debe propiciar unas cooperativas modernas y competitivas - ASAJA Segovia<\/title>\n<meta name=\"description\" content=\"Asaja considera que la renovada ley debe propiciar unas cooperativas modernas y competitivas, con verdadero peso en la cadena agroalimentaria ASAJA\" \/>\n<meta name=\"robots\" content=\"index, follow, max-snippet:-1, max-image-preview:large, max-video-preview:-1\" \/>\n<link rel=\"canonical\" href=\"https:\/\/www.asajacyl.com\/segovia\/asaja-segovia-informa\/noticias\/destacados\/asaja-considera-la-renovada-ley-propiciar-unas-cooperativas-modernas-competitivas\" \/>\n<meta property=\"og:locale\" content=\"es_ES\" \/>\n<meta property=\"og:type\" content=\"article\" \/>\n<meta property=\"og:title\" content=\"Asaja considera que la renovada ley debe propiciar unas cooperativas modernas y competitivas - ASAJA Segovia\" \/>\n<meta property=\"og:description\" content=\"Asaja considera que la renovada ley debe propiciar unas cooperativas modernas y competitivas, con verdadero peso en la cadena agroalimentaria ASAJA\" \/>\n<meta property=\"og:url\" content=\"https:\/\/www.asajacyl.com\/segovia\/asaja-segovia-informa\/noticias\/destacados\/asaja-considera-la-renovada-ley-propiciar-unas-cooperativas-modernas-competitivas\" \/>\n<meta property=\"og:site_name\" content=\"ASAJA Segovia\" \/>\n<meta property=\"article:published_time\" content=\"2018-05-31T07:41:42+00:00\" \/>\n<meta property=\"og:image\" content=\"https:\/\/www.asajacyl.com\/segovia\/wp-content\/uploads\/sites\/8\/2018\/05\/foto-puesta-sol-mayo-2018.jpg\" \/>\n\t<meta property=\"og:image:width\" content=\"960\" \/>\n\t<meta property=\"og:image:height\" content=\"640\" \/>\n\t<meta property=\"og:image:type\" content=\"image\/jpeg\" \/>\n<meta name=\"author\" content=\"Alicia\" \/>\n<meta name=\"twitter:card\" content=\"summary_large_image\" \/>\n<meta name=\"twitter:label1\" content=\"Escrito por\" \/>\n\t<meta name=\"twitter:data1\" content=\"Alicia\" \/>\n\t<meta name=\"twitter:label2\" content=\"Tiempo de lectura\" \/>\n\t<meta name=\"twitter:data2\" content=\"2 minutos\" \/>\n<script type=\"application\/ld+json\" class=\"yoast-schema-graph\">{\"@context\":\"https:\/\/schema.org\",\"@graph\":[{\"@type\":\"WebPage\",\"@id\":\"https:\/\/www.asajacyl.com\/segovia\/asaja-segovia-informa\/noticias\/destacados\/asaja-considera-la-renovada-ley-propiciar-unas-cooperativas-modernas-competitivas\",\"url\":\"https:\/\/www.asajacyl.com\/segovia\/asaja-segovia-informa\/noticias\/destacados\/asaja-considera-la-renovada-ley-propiciar-unas-cooperativas-modernas-competitivas\",\"name\":\"Asaja considera que la renovada ley debe propiciar unas cooperativas modernas y competitivas - ASAJA Segovia\",\"isPartOf\":{\"@id\":\"https:\/\/www.asajacyl.com\/segovia\/#website\"},\"primaryImageOfPage\":{\"@id\":\"https:\/\/www.asajacyl.com\/segovia\/asaja-segovia-informa\/noticias\/destacados\/asaja-considera-la-renovada-ley-propiciar-unas-cooperativas-modernas-competitivas#primaryimage\"},\"image\":{\"@id\":\"https:\/\/www.asajacyl.com\/segovia\/asaja-segovia-informa\/noticias\/destacados\/asaja-considera-la-renovada-ley-propiciar-unas-cooperativas-modernas-competitivas#primaryimage\"},\"thumbnailUrl\":\"https:\/\/www.asajacyl.com\/segovia\/wp-content\/uploads\/sites\/8\/2018\/05\/foto-puesta-sol-mayo-2018.jpg\",\"datePublished\":\"2018-05-31T07:41:42+00:00\",\"author\":{\"@id\":\"https:\/\/www.asajacyl.com\/segovia\/#\/schema\/person\/f044fca5805bb46713e11715709aef4d\"},\"description\":\"Asaja considera que la renovada ley debe propiciar unas cooperativas modernas y competitivas, con verdadero peso en la cadena agroalimentaria ASAJA\",\"breadcrumb\":{\"@id\":\"https:\/\/www.asajacyl.com\/segovia\/asaja-segovia-informa\/noticias\/destacados\/asaja-considera-la-renovada-ley-propiciar-unas-cooperativas-modernas-competitivas#breadcrumb\"},\"inLanguage\":\"es\",\"potentialAction\":[{\"@type\":\"ReadAction\",\"target\":[\"https:\/\/www.asajacyl.com\/segovia\/asaja-segovia-informa\/noticias\/destacados\/asaja-considera-la-renovada-ley-propiciar-unas-cooperativas-modernas-competitivas\"]}]},{\"@type\":\"ImageObject\",\"inLanguage\":\"es\",\"@id\":\"https:\/\/www.asajacyl.com\/segovia\/asaja-segovia-informa\/noticias\/destacados\/asaja-considera-la-renovada-ley-propiciar-unas-cooperativas-modernas-competitivas#primaryimage\",\"url\":\"https:\/\/www.asajacyl.com\/segovia\/wp-content\/uploads\/sites\/8\/2018\/05\/foto-puesta-sol-mayo-2018.jpg\",\"contentUrl\":\"https:\/\/www.asajacyl.com\/segovia\/wp-content\/uploads\/sites\/8\/2018\/05\/foto-puesta-sol-mayo-2018.jpg\",\"width\":960,\"height\":640},{\"@type\":\"BreadcrumbList\",\"@id\":\"https:\/\/www.asajacyl.com\/segovia\/asaja-segovia-informa\/noticias\/destacados\/asaja-considera-la-renovada-ley-propiciar-unas-cooperativas-modernas-competitivas#breadcrumb\",\"itemListElement\":[{\"@type\":\"ListItem\",\"position\":1,\"name\":\"Portada\",\"item\":\"https:\/\/www.asajacyl.com\/segovia\/\"},{\"@type\":\"ListItem\",\"position\":2,\"name\":\"Asaja considera que la renovada ley debe propiciar unas cooperativas modernas y competitivas\"}]},{\"@type\":\"WebSite\",\"@id\":\"https:\/\/www.asajacyl.com\/segovia\/#website\",\"url\":\"https:\/\/www.asajacyl.com\/segovia\/\",\"name\":\"ASAJA Segovia\",\"description\":\"Otro sitio m\u00e1s de Provincias ASAJA Castilla y Le\u00f3n\",\"potentialAction\":[{\"@type\":\"SearchAction\",\"target\":{\"@type\":\"EntryPoint\",\"urlTemplate\":\"https:\/\/www.asajacyl.com\/segovia\/?s={search_term_string}\"},\"query-input\":{\"@type\":\"PropertyValueSpecification\",\"valueRequired\":true,\"valueName\":\"search_term_string\"}}],\"inLanguage\":\"es\"},{\"@type\":\"Person\",\"@id\":\"https:\/\/www.asajacyl.com\/segovia\/#\/schema\/person\/f044fca5805bb46713e11715709aef4d\",\"name\":\"Alicia\",\"image\":{\"@type\":\"ImageObject\",\"inLanguage\":\"es\",\"@id\":\"https:\/\/www.asajacyl.com\/segovia\/#\/schema\/person\/image\/\",\"url\":\"https:\/\/secure.gravatar.com\/avatar\/054cff43263e39aa6e74950dc4bb1690?s=96&d=mm&r=g\",\"contentUrl\":\"https:\/\/secure.gravatar.com\/avatar\/054cff43263e39aa6e74950dc4bb1690?s=96&d=mm&r=g\",\"caption\":\"Alicia\"},\"url\":\"https:\/\/www.asajacyl.com\/segovia\/author\/aliciasc\"}]}<\/script>\n<!-- \/ Yoast SEO plugin. -->","yoast_head_json":{"title":"Asaja considera que la renovada ley debe propiciar unas cooperativas modernas y competitivas - ASAJA Segovia","description":"Asaja considera que la renovada ley debe propiciar unas cooperativas modernas y competitivas, con verdadero peso en la cadena agroalimentaria ASAJA","robots":{"index":"index","follow":"follow","max-snippet":"max-snippet:-1","max-image-preview":"max-image-preview:large","max-video-preview":"max-video-preview:-1"},"canonical":"https:\/\/www.asajacyl.com\/segovia\/asaja-segovia-informa\/noticias\/destacados\/asaja-considera-la-renovada-ley-propiciar-unas-cooperativas-modernas-competitivas","og_locale":"es_ES","og_type":"article","og_title":"Asaja considera que la renovada ley debe propiciar unas cooperativas modernas y competitivas - ASAJA Segovia","og_description":"Asaja considera que la renovada ley debe propiciar unas cooperativas modernas y competitivas, con verdadero peso en la cadena agroalimentaria ASAJA","og_url":"https:\/\/www.asajacyl.com\/segovia\/asaja-segovia-informa\/noticias\/destacados\/asaja-considera-la-renovada-ley-propiciar-unas-cooperativas-modernas-competitivas","og_site_name":"ASAJA Segovia","article_published_time":"2018-05-31T07:41:42+00:00","og_image":[{"width":960,"height":640,"url":"https:\/\/www.asajacyl.com\/segovia\/wp-content\/uploads\/sites\/8\/2018\/05\/foto-puesta-sol-mayo-2018.jpg","type":"image\/jpeg"}],"author":"Alicia","twitter_card":"summary_large_image","twitter_misc":{"Escrito por":"Alicia","Tiempo de lectura":"2 minutos"},"schema":{"@context":"https:\/\/schema.org","@graph":[{"@type":"WebPage","@id":"https:\/\/www.asajacyl.com\/segovia\/asaja-segovia-informa\/noticias\/destacados\/asaja-considera-la-renovada-ley-propiciar-unas-cooperativas-modernas-competitivas","url":"https:\/\/www.asajacyl.com\/segovia\/asaja-segovia-informa\/noticias\/destacados\/asaja-considera-la-renovada-ley-propiciar-unas-cooperativas-modernas-competitivas","name":"Asaja considera que la renovada ley debe propiciar unas cooperativas modernas y competitivas - ASAJA Segovia","isPartOf":{"@id":"https:\/\/www.asajacyl.com\/segovia\/#website"},"primaryImageOfPage":{"@id":"https:\/\/www.asajacyl.com\/segovia\/asaja-segovia-informa\/noticias\/destacados\/asaja-considera-la-renovada-ley-propiciar-unas-cooperativas-modernas-competitivas#primaryimage"},"image":{"@id":"https:\/\/www.asajacyl.com\/segovia\/asaja-segovia-informa\/noticias\/destacados\/asaja-considera-la-renovada-ley-propiciar-unas-cooperativas-modernas-competitivas#primaryimage"},"thumbnailUrl":"https:\/\/www.asajacyl.com\/segovia\/wp-content\/uploads\/sites\/8\/2018\/05\/foto-puesta-sol-mayo-2018.jpg","datePublished":"2018-05-31T07:41:42+00:00","author":{"@id":"https:\/\/www.asajacyl.com\/segovia\/#\/schema\/person\/f044fca5805bb46713e11715709aef4d"},"description":"Asaja considera que la renovada ley debe propiciar unas cooperativas modernas y competitivas, con verdadero peso en la cadena agroalimentaria ASAJA","breadcrumb":{"@id":"https:\/\/www.asajacyl.com\/segovia\/asaja-segovia-informa\/noticias\/destacados\/asaja-considera-la-renovada-ley-propiciar-unas-cooperativas-modernas-competitivas#breadcrumb"},"inLanguage":"es","potentialAction":[{"@type":"ReadAction","target":["https:\/\/www.asajacyl.com\/segovia\/asaja-segovia-informa\/noticias\/destacados\/asaja-considera-la-renovada-ley-propiciar-unas-cooperativas-modernas-competitivas"]}]},{"@type":"ImageObject","inLanguage":"es","@id":"https:\/\/www.asajacyl.com\/segovia\/asaja-segovia-informa\/noticias\/destacados\/asaja-considera-la-renovada-ley-propiciar-unas-cooperativas-modernas-competitivas#primaryimage","url":"https:\/\/www.asajacyl.com\/segovia\/wp-content\/uploads\/sites\/8\/2018\/05\/foto-puesta-sol-mayo-2018.jpg","contentUrl":"https:\/\/www.asajacyl.com\/segovia\/wp-content\/uploads\/sites\/8\/2018\/05\/foto-puesta-sol-mayo-2018.jpg","width":960,"height":640},{"@type":"BreadcrumbList","@id":"https:\/\/www.asajacyl.com\/segovia\/asaja-segovia-informa\/noticias\/destacados\/asaja-considera-la-renovada-ley-propiciar-unas-cooperativas-modernas-competitivas#breadcrumb","itemListElement":[{"@type":"ListItem","position":1,"name":"Portada","item":"https:\/\/www.asajacyl.com\/segovia\/"},{"@type":"ListItem","position":2,"name":"Asaja considera que la renovada ley debe propiciar unas cooperativas modernas y competitivas"}]},{"@type":"WebSite","@id":"https:\/\/www.asajacyl.com\/segovia\/#website","url":"https:\/\/www.asajacyl.com\/segovia\/","name":"ASAJA Segovia","description":"Otro sitio m\u00e1s de Provincias ASAJA Castilla y Le\u00f3n","potentialAction":[{"@type":"SearchAction","target":{"@type":"EntryPoint","urlTemplate":"https:\/\/www.asajacyl.com\/segovia\/?s={search_term_string}"},"query-input":{"@type":"PropertyValueSpecification","valueRequired":true,"valueName":"search_term_string"}}],"inLanguage":"es"},{"@type":"Person","@id":"https:\/\/www.asajacyl.com\/segovia\/#\/schema\/person\/f044fca5805bb46713e11715709aef4d","name":"Alicia","image":{"@type":"ImageObject","inLanguage":"es","@id":"https:\/\/www.asajacyl.com\/segovia\/#\/schema\/person\/image\/","url":"https:\/\/secure.gravatar.com\/avatar\/054cff43263e39aa6e74950dc4bb1690?s=96&d=mm&r=g","contentUrl":"https:\/\/secure.gravatar.com\/avatar\/054cff43263e39aa6e74950dc4bb1690?s=96&d=mm&r=g","caption":"Alicia"},"url":"https:\/\/www.asajacyl.com\/segovia\/author\/aliciasc"}]}},"_links":{"self":[{"href":"https:\/\/www.asajacyl.com\/segovia\/wp-json\/wp\/v2\/posts\/910"}],"collection":[{"href":"https:\/\/www.asajacyl.com\/segovia\/wp-json\/wp\/v2\/posts"}],"about":[{"href":"https:\/\/www.asajacyl.com\/segovia\/wp-json\/wp\/v2\/types\/post"}],"author":[{"embeddable":true,"href":"https:\/\/www.asajacyl.com\/segovia\/wp-json\/wp\/v2\/users\/11"}],"replies":[{"embeddable":true,"href":"https:\/\/www.asajacyl.com\/segovia\/wp-json\/wp\/v2\/comments?post=910"}],"version-history":[{"count":1,"href":"https:\/\/www.asajacyl.com\/segovia\/wp-json\/wp\/v2\/posts\/910\/revisions"}],"predecessor-version":[{"id":912,"href":"https:\/\/www.asajacyl.com\/segovia\/wp-json\/wp\/v2\/posts\/910\/revisions\/912"}],"wp:featuredmedia":[{"embeddable":true,"href":"https:\/\/www.asajacyl.com\/segovia\/wp-json\/wp\/v2\/media\/911"}],"wp:attachment":[{"href":"https:\/\/www.asajacyl.com\/segovia\/wp-json\/wp\/v2\/media?parent=910"}],"wp:term":[{"taxonomy":"category","embeddable":true,"href":"https:\/\/www.asajacyl.com\/segovia\/wp-json\/wp\/v2\/categories?post=910"},{"taxonomy":"post_tag","embeddable":true,"href":"https:\/\/www.asajacyl.com\/segovia\/wp-json\/wp\/v2\/tags?post=910"}],"curies":[{"name":"wp","href":"https:\/\/api.w.org\/{rel}","templated":true}]}}