{"id":10331,"date":"2026-08-27T14:03:03","date_gmt":"2026-08-27T12:03:03","guid":{"rendered":"https:\/\/www.asajacyl.com\/soria\/?p=10331"},"modified":"2026-08-27T14:09:16","modified_gmt":"2026-08-27T12:09:16","slug":"asaja-soria-al-pie-del-canon-a-las-puertas-de-la-junta-en-valladolid-para-pedir-un-presupuesto-suficiente-ante-la-crisis-del-cereal","status":"publish","type":"post","link":"https:\/\/www.asajacyl.com\/soria\/asaja-soria-informa\/asaja-soria-al-pie-del-canon-a-las-puertas-de-la-junta-en-valladolid-para-pedir-un-presupuesto-suficiente-ante-la-crisis-del-cereal","title":{"rendered":"ASAJA Soria, al pie del ca\u00f1\u00f3n a las puertas de la Junta en Valladolid para pedir un presupuesto suficiente ante la crisis del cereal"},"content":{"rendered":"\n\n\n<p><strong><em>Toda la Asociaci\u00f3n, incluidos los servicios t\u00e9cnicos, secund\u00f3 de manera un\u00e1nime la jornada de protesta. A pocos d\u00edas del inicio de una nueva campa\u00f1a, la sementera se presenta muy dif\u00edcil, ya que los costes de producci\u00f3n siguen al alza y los precios de venta de la escasa cosecha no consiguen cubrir esos gastos<\/em><\/strong><\/p>\n<p><strong><em>\u00a0<\/em><\/strong>ASAJA Soria no falt\u00f3 esta ma\u00f1ana a una gran acci\u00f3n reivindicativa en Valladolid, convocada por las cuatro organizaciones agrarias de \u00e1mbito regional. La protesta, en la sede de la Presidencia de la Junta de Castilla y Le\u00f3n, se materializ\u00f3 a partir de las 11:00 en una concentraci\u00f3n de varios cientos de profesionales del campo para exigir medidas ante la crisis del cereal.<\/p>\n<p><img loading=\"lazy\" decoding=\"async\" class=\"aligncenter size-full wp-image-10332\" src=\"https:\/\/www.asajacyl.com\/soria\/wp-content\/uploads\/sites\/9\/2026\/08\/IMG_1918.jpeg\" alt=\"\" width=\"2500\" height=\"1875\" srcset=\"https:\/\/www.asajacyl.com\/soria\/wp-content\/uploads\/sites\/9\/2026\/08\/IMG_1918.jpeg 2500w, https:\/\/www.asajacyl.com\/soria\/wp-content\/uploads\/sites\/9\/2026\/08\/IMG_1918-300x225.jpeg 300w, https:\/\/www.asajacyl.com\/soria\/wp-content\/uploads\/sites\/9\/2026\/08\/IMG_1918-1024x768.jpeg 1024w, https:\/\/www.asajacyl.com\/soria\/wp-content\/uploads\/sites\/9\/2026\/08\/IMG_1918-768x576.jpeg 768w, https:\/\/www.asajacyl.com\/soria\/wp-content\/uploads\/sites\/9\/2026\/08\/IMG_1918-1536x1152.jpeg 1536w, https:\/\/www.asajacyl.com\/soria\/wp-content\/uploads\/sites\/9\/2026\/08\/IMG_1918-2048x1536.jpeg 2048w, https:\/\/www.asajacyl.com\/soria\/wp-content\/uploads\/sites\/9\/2026\/08\/IMG_1918-560x420.jpeg 560w, https:\/\/www.asajacyl.com\/soria\/wp-content\/uploads\/sites\/9\/2026\/08\/IMG_1918-80x60.jpeg 80w, https:\/\/www.asajacyl.com\/soria\/wp-content\/uploads\/sites\/9\/2026\/08\/IMG_1918-696x522.jpeg 696w, https:\/\/www.asajacyl.com\/soria\/wp-content\/uploads\/sites\/9\/2026\/08\/IMG_1918-1068x801.jpeg 1068w, https:\/\/www.asajacyl.com\/soria\/wp-content\/uploads\/sites\/9\/2026\/08\/IMG_1918-1920x1440.jpeg 1920w\" sizes=\"(max-width: 2500px) 100vw, 2500px\" \/><\/p>\n<p>La presidenta de ASAJA Soria, Ana Pastor, coment\u00f3 a las puertas del Palacio de La Asunci\u00f3n que \u201cla combinaci\u00f3n de menores rendimientos, bajos precios y elevados costes provoca que se est\u00e9 produciendo a p\u00e9rdidas, una situaci\u00f3n que, adem\u00e1s, se viene repitiendo durante varias campa\u00f1as y que pone en grav\u00edsimo riesgo la continuidad de numerosas explotaciones. Lo que pedimos est\u00e1 claro y es justo. Las ayudas en realidad tampoco son la soluci\u00f3n; la soluci\u00f3n es que los insumos no sean tan caros, que los cereales mejoren el precio, y que haya un margen razonable de beneficio\u201d.<\/p>\n<p><img loading=\"lazy\" decoding=\"async\" class=\"aligncenter size-full wp-image-10333\" src=\"https:\/\/www.asajacyl.com\/soria\/wp-content\/uploads\/sites\/9\/2026\/08\/IMG_1951-1.jpeg\" alt=\"\" width=\"2500\" height=\"1875\" srcset=\"https:\/\/www.asajacyl.com\/soria\/wp-content\/uploads\/sites\/9\/2026\/08\/IMG_1951-1.jpeg 2500w, https:\/\/www.asajacyl.com\/soria\/wp-content\/uploads\/sites\/9\/2026\/08\/IMG_1951-1-300x225.jpeg 300w, https:\/\/www.asajacyl.com\/soria\/wp-content\/uploads\/sites\/9\/2026\/08\/IMG_1951-1-1024x768.jpeg 1024w, https:\/\/www.asajacyl.com\/soria\/wp-content\/uploads\/sites\/9\/2026\/08\/IMG_1951-1-768x576.jpeg 768w, https:\/\/www.asajacyl.com\/soria\/wp-content\/uploads\/sites\/9\/2026\/08\/IMG_1951-1-1536x1152.jpeg 1536w, https:\/\/www.asajacyl.com\/soria\/wp-content\/uploads\/sites\/9\/2026\/08\/IMG_1951-1-2048x1536.jpeg 2048w, https:\/\/www.asajacyl.com\/soria\/wp-content\/uploads\/sites\/9\/2026\/08\/IMG_1951-1-560x420.jpeg 560w, https:\/\/www.asajacyl.com\/soria\/wp-content\/uploads\/sites\/9\/2026\/08\/IMG_1951-1-80x60.jpeg 80w, https:\/\/www.asajacyl.com\/soria\/wp-content\/uploads\/sites\/9\/2026\/08\/IMG_1951-1-696x522.jpeg 696w, https:\/\/www.asajacyl.com\/soria\/wp-content\/uploads\/sites\/9\/2026\/08\/IMG_1951-1-1068x801.jpeg 1068w, https:\/\/www.asajacyl.com\/soria\/wp-content\/uploads\/sites\/9\/2026\/08\/IMG_1951-1-1920x1440.jpeg 1920w\" sizes=\"(max-width: 2500px) 100vw, 2500px\" \/><\/p>\n<p>La nueva Consejer\u00eda de\u00a0Agricultura, Ganader\u00eda, Medio Rural y Pol\u00edtica Ambiental\u00a0anunci\u00f3 hace d\u00edas su intenci\u00f3n de apoyar econ\u00f3micamente a los cerealistas de Castilla y Le\u00f3n. Sin embargo, hasta el momento no existe una concreci\u00f3n de esas medidas, por lo que desde ASAJA Soria se ha insistido en que se habilite de manera inmediata una partida presupuestaria suficiente. En ese sentido, Ana Pastor indic\u00f3 que \u201ctanto el gobierno regional como toda la sociedad deben reconocer que en una comunidad aut\u00f3noma cerealista no se puede dejar desmantelar este sector del que viven miles de agricultores profesionales que mantienen vivas extensas zonas de nuestro amplio territorio, y especialmente en la provincia de Soria\u201d.<\/p>\n<p>Como ya se inform\u00f3 durante la semana, con motivo de esta acci\u00f3n reivindicativa, las oficinas de ASAJA Soria permanecen cerradas durante toda la jornada del 27 de agosto.<\/p>\n<p>\u00a0<\/p>\n<p>\u00a0<\/p>\n","protected":false},"excerpt":{"rendered":"<p>Toda la Asociaci\u00f3n, incluidos los servicios t\u00e9cnicos, secund\u00f3 de manera un\u00e1nime la jornada de protesta. A pocos d\u00edas del inicio de una nueva campa\u00f1a, la sementera se presenta muy dif\u00edcil, ya que los costes de producci\u00f3n siguen al alza y los precios de venta de la escasa cosecha no consiguen cubrir esos gastos \u00a0ASAJA Soria [&hellip;]<\/p>\n","protected":false},"author":12,"featured_media":10332,"comment_status":"open","ping_status":"open","sticky":false,"template":"","format":"standard","meta":{"footnotes":""},"categories":[10,26,25],"tags":[],"yoast_head":"<!-- This site is optimized with the Yoast SEO plugin v24.5 - https:\/\/yoast.com\/wordpress\/plugins\/seo\/ -->\n<title>ASAJA Soria, al pie del ca\u00f1\u00f3n a las puertas de la Junta en Valladolid para pedir un presupuesto suficiente ante la crisis del cereal - ASAJA Soria<\/title>\n<meta name=\"description\" content=\"Toda la Asociaci\u00f3n, incluidos los servicios t\u00e9cnicos, secund\u00f3 de manera un\u00e1nime la jornada de protesta. A pocos d\u00edas del inicio de una nueva campa\u00f1a, la\" \/>\n<meta name=\"robots\" content=\"index, follow, max-snippet:-1, max-image-preview:large, max-video-preview:-1\" \/>\n<link rel=\"canonical\" href=\"https:\/\/www.asajacyl.com\/soria\/asaja-soria-informa\/asaja-soria-al-pie-del-canon-a-las-puertas-de-la-junta-en-valladolid-para-pedir-un-presupuesto-suficiente-ante-la-crisis-del-cereal\" \/>\n<meta property=\"og:locale\" content=\"es_ES\" \/>\n<meta property=\"og:type\" content=\"article\" \/>\n<meta property=\"og:title\" content=\"ASAJA Soria, al pie del ca\u00f1\u00f3n a las puertas de la Junta en Valladolid para pedir un presupuesto suficiente ante la crisis del cereal - ASAJA Soria\" \/>\n<meta property=\"og:description\" content=\"Toda la Asociaci\u00f3n, incluidos los servicios t\u00e9cnicos, secund\u00f3 de manera un\u00e1nime la jornada de protesta. A pocos d\u00edas del inicio de una nueva campa\u00f1a, la\" \/>\n<meta property=\"og:url\" content=\"https:\/\/www.asajacyl.com\/soria\/asaja-soria-informa\/asaja-soria-al-pie-del-canon-a-las-puertas-de-la-junta-en-valladolid-para-pedir-un-presupuesto-suficiente-ante-la-crisis-del-cereal\" \/>\n<meta property=\"og:site_name\" content=\"ASAJA Soria\" \/>\n<meta property=\"article:published_time\" content=\"2026-08-27T12:03:03+00:00\" \/>\n<meta property=\"article:modified_time\" content=\"2026-08-27T12:09:16+00:00\" \/>\n<meta property=\"og:image\" content=\"https:\/\/www.asajacyl.com\/soria\/wp-content\/uploads\/sites\/9\/2026\/08\/IMG_1918.jpeg\" \/>\n\t<meta property=\"og:image:width\" content=\"2500\" \/>\n\t<meta property=\"og:image:height\" content=\"1875\" \/>\n\t<meta property=\"og:image:type\" content=\"image\/jpeg\" \/>\n<meta name=\"author\" content=\"Juan Ignacio Prieto Nieto\" \/>\n<meta name=\"twitter:card\" content=\"summary_large_image\" \/>\n<meta name=\"twitter:label1\" content=\"Escrito por\" \/>\n\t<meta name=\"twitter:data1\" content=\"Juan Ignacio Prieto Nieto\" \/>\n\t<meta name=\"twitter:label2\" content=\"Tiempo de lectura\" \/>\n\t<meta name=\"twitter:data2\" content=\"3 minutos\" \/>\n<script type=\"application\/ld+json\" class=\"yoast-schema-graph\">{\"@context\":\"https:\/\/schema.org\",\"@graph\":[{\"@type\":\"WebPage\",\"@id\":\"https:\/\/www.asajacyl.com\/soria\/asaja-soria-informa\/asaja-soria-al-pie-del-canon-a-las-puertas-de-la-junta-en-valladolid-para-pedir-un-presupuesto-suficiente-ante-la-crisis-del-cereal\",\"url\":\"https:\/\/www.asajacyl.com\/soria\/asaja-soria-informa\/asaja-soria-al-pie-del-canon-a-las-puertas-de-la-junta-en-valladolid-para-pedir-un-presupuesto-suficiente-ante-la-crisis-del-cereal\",\"name\":\"ASAJA Soria, al pie del ca\u00f1\u00f3n a las puertas de la Junta en Valladolid para pedir un presupuesto suficiente ante la crisis del cereal - ASAJA Soria\",\"isPartOf\":{\"@id\":\"https:\/\/www.asajacyl.com\/soria\/#website\"},\"primaryImageOfPage\":{\"@id\":\"https:\/\/www.asajacyl.com\/soria\/asaja-soria-informa\/asaja-soria-al-pie-del-canon-a-las-puertas-de-la-junta-en-valladolid-para-pedir-un-presupuesto-suficiente-ante-la-crisis-del-cereal#primaryimage\"},\"image\":{\"@id\":\"https:\/\/www.asajacyl.com\/soria\/asaja-soria-informa\/asaja-soria-al-pie-del-canon-a-las-puertas-de-la-junta-en-valladolid-para-pedir-un-presupuesto-suficiente-ante-la-crisis-del-cereal#primaryimage\"},\"thumbnailUrl\":\"https:\/\/www.asajacyl.com\/soria\/wp-content\/uploads\/sites\/9\/2026\/08\/IMG_1918.jpeg\",\"datePublished\":\"2026-08-27T12:03:03+00:00\",\"dateModified\":\"2026-08-27T12:09:16+00:00\",\"author\":{\"@id\":\"https:\/\/www.asajacyl.com\/soria\/#\/schema\/person\/fd3081c40255119ce8133b87e6aedfab\"},\"description\":\"Toda la Asociaci\u00f3n, incluidos los servicios t\u00e9cnicos, secund\u00f3 de manera un\u00e1nime la jornada de protesta. A pocos d\u00edas del inicio de una nueva campa\u00f1a, la\",\"breadcrumb\":{\"@id\":\"https:\/\/www.asajacyl.com\/soria\/asaja-soria-informa\/asaja-soria-al-pie-del-canon-a-las-puertas-de-la-junta-en-valladolid-para-pedir-un-presupuesto-suficiente-ante-la-crisis-del-cereal#breadcrumb\"},\"inLanguage\":\"es\",\"potentialAction\":[{\"@type\":\"ReadAction\",\"target\":[\"https:\/\/www.asajacyl.com\/soria\/asaja-soria-informa\/asaja-soria-al-pie-del-canon-a-las-puertas-de-la-junta-en-valladolid-para-pedir-un-presupuesto-suficiente-ante-la-crisis-del-cereal\"]}]},{\"@type\":\"ImageObject\",\"inLanguage\":\"es\",\"@id\":\"https:\/\/www.asajacyl.com\/soria\/asaja-soria-informa\/asaja-soria-al-pie-del-canon-a-las-puertas-de-la-junta-en-valladolid-para-pedir-un-presupuesto-suficiente-ante-la-crisis-del-cereal#primaryimage\",\"url\":\"https:\/\/www.asajacyl.com\/soria\/wp-content\/uploads\/sites\/9\/2026\/08\/IMG_1918.jpeg\",\"contentUrl\":\"https:\/\/www.asajacyl.com\/soria\/wp-content\/uploads\/sites\/9\/2026\/08\/IMG_1918.jpeg\",\"width\":2500,\"height\":1875},{\"@type\":\"BreadcrumbList\",\"@id\":\"https:\/\/www.asajacyl.com\/soria\/asaja-soria-informa\/asaja-soria-al-pie-del-canon-a-las-puertas-de-la-junta-en-valladolid-para-pedir-un-presupuesto-suficiente-ante-la-crisis-del-cereal#breadcrumb\",\"itemListElement\":[{\"@type\":\"ListItem\",\"position\":1,\"name\":\"Portada\",\"item\":\"https:\/\/www.asajacyl.com\/soria\/\"},{\"@type\":\"ListItem\",\"position\":2,\"name\":\"ASAJA Soria, al pie del ca\u00f1\u00f3n a las puertas de la Junta en Valladolid para pedir un presupuesto suficiente ante la crisis del cereal\"}]},{\"@type\":\"WebSite\",\"@id\":\"https:\/\/www.asajacyl.com\/soria\/#website\",\"url\":\"https:\/\/www.asajacyl.com\/soria\/\",\"name\":\"ASAJA Soria\",\"description\":\"Otro sitio m\u00e1s de Provincias ASAJA Castilla y Le\u00f3n\",\"potentialAction\":[{\"@type\":\"SearchAction\",\"target\":{\"@type\":\"EntryPoint\",\"urlTemplate\":\"https:\/\/www.asajacyl.com\/soria\/?s={search_term_string}\"},\"query-input\":{\"@type\":\"PropertyValueSpecification\",\"valueRequired\":true,\"valueName\":\"search_term_string\"}}],\"inLanguage\":\"es\"},{\"@type\":\"Person\",\"@id\":\"https:\/\/www.asajacyl.com\/soria\/#\/schema\/person\/fd3081c40255119ce8133b87e6aedfab\",\"name\":\"Juan Ignacio Prieto Nieto\",\"image\":{\"@type\":\"ImageObject\",\"inLanguage\":\"es\",\"@id\":\"https:\/\/www.asajacyl.com\/soria\/#\/schema\/person\/image\/\",\"url\":\"https:\/\/secure.gravatar.com\/avatar\/8266b36e4d9001acb4700699a2468dc8?s=96&d=mm&r=g\",\"contentUrl\":\"https:\/\/secure.gravatar.com\/avatar\/8266b36e4d9001acb4700699a2468dc8?s=96&d=mm&r=g\",\"caption\":\"Juan Ignacio Prieto Nieto\"},\"url\":\"https:\/\/www.asajacyl.com\/soria\/author\/juanfranciscoby\"}]}<\/script>\n<!-- \/ Yoast SEO plugin. -->","yoast_head_json":{"title":"ASAJA Soria, al pie del ca\u00f1\u00f3n a las puertas de la Junta en Valladolid para pedir un presupuesto suficiente ante la crisis del cereal - ASAJA Soria","description":"Toda la Asociaci\u00f3n, incluidos los servicios t\u00e9cnicos, secund\u00f3 de manera un\u00e1nime la jornada de protesta. A pocos d\u00edas del inicio de una nueva campa\u00f1a, la","robots":{"index":"index","follow":"follow","max-snippet":"max-snippet:-1","max-image-preview":"max-image-preview:large","max-video-preview":"max-video-preview:-1"},"canonical":"https:\/\/www.asajacyl.com\/soria\/asaja-soria-informa\/asaja-soria-al-pie-del-canon-a-las-puertas-de-la-junta-en-valladolid-para-pedir-un-presupuesto-suficiente-ante-la-crisis-del-cereal","og_locale":"es_ES","og_type":"article","og_title":"ASAJA Soria, al pie del ca\u00f1\u00f3n a las puertas de la Junta en Valladolid para pedir un presupuesto suficiente ante la crisis del cereal - ASAJA Soria","og_description":"Toda la Asociaci\u00f3n, incluidos los servicios t\u00e9cnicos, secund\u00f3 de manera un\u00e1nime la jornada de protesta. A pocos d\u00edas del inicio de una nueva campa\u00f1a, la","og_url":"https:\/\/www.asajacyl.com\/soria\/asaja-soria-informa\/asaja-soria-al-pie-del-canon-a-las-puertas-de-la-junta-en-valladolid-para-pedir-un-presupuesto-suficiente-ante-la-crisis-del-cereal","og_site_name":"ASAJA Soria","article_published_time":"2026-08-27T12:03:03+00:00","article_modified_time":"2026-08-27T12:09:16+00:00","og_image":[{"width":2500,"height":1875,"url":"https:\/\/www.asajacyl.com\/soria\/wp-content\/uploads\/sites\/9\/2026\/08\/IMG_1918.jpeg","type":"image\/jpeg"}],"author":"Juan Ignacio Prieto Nieto","twitter_card":"summary_large_image","twitter_misc":{"Escrito por":"Juan Ignacio Prieto Nieto","Tiempo de lectura":"3 minutos"},"schema":{"@context":"https:\/\/schema.org","@graph":[{"@type":"WebPage","@id":"https:\/\/www.asajacyl.com\/soria\/asaja-soria-informa\/asaja-soria-al-pie-del-canon-a-las-puertas-de-la-junta-en-valladolid-para-pedir-un-presupuesto-suficiente-ante-la-crisis-del-cereal","url":"https:\/\/www.asajacyl.com\/soria\/asaja-soria-informa\/asaja-soria-al-pie-del-canon-a-las-puertas-de-la-junta-en-valladolid-para-pedir-un-presupuesto-suficiente-ante-la-crisis-del-cereal","name":"ASAJA Soria, al pie del ca\u00f1\u00f3n a las puertas de la Junta en Valladolid para pedir un presupuesto suficiente ante la crisis del cereal - ASAJA Soria","isPartOf":{"@id":"https:\/\/www.asajacyl.com\/soria\/#website"},"primaryImageOfPage":{"@id":"https:\/\/www.asajacyl.com\/soria\/asaja-soria-informa\/asaja-soria-al-pie-del-canon-a-las-puertas-de-la-junta-en-valladolid-para-pedir-un-presupuesto-suficiente-ante-la-crisis-del-cereal#primaryimage"},"image":{"@id":"https:\/\/www.asajacyl.com\/soria\/asaja-soria-informa\/asaja-soria-al-pie-del-canon-a-las-puertas-de-la-junta-en-valladolid-para-pedir-un-presupuesto-suficiente-ante-la-crisis-del-cereal#primaryimage"},"thumbnailUrl":"https:\/\/www.asajacyl.com\/soria\/wp-content\/uploads\/sites\/9\/2026\/08\/IMG_1918.jpeg","datePublished":"2026-08-27T12:03:03+00:00","dateModified":"2026-08-27T12:09:16+00:00","author":{"@id":"https:\/\/www.asajacyl.com\/soria\/#\/schema\/person\/fd3081c40255119ce8133b87e6aedfab"},"description":"Toda la Asociaci\u00f3n, incluidos los servicios t\u00e9cnicos, secund\u00f3 de manera un\u00e1nime la jornada de protesta. A pocos d\u00edas del inicio de una nueva campa\u00f1a, la","breadcrumb":{"@id":"https:\/\/www.asajacyl.com\/soria\/asaja-soria-informa\/asaja-soria-al-pie-del-canon-a-las-puertas-de-la-junta-en-valladolid-para-pedir-un-presupuesto-suficiente-ante-la-crisis-del-cereal#breadcrumb"},"inLanguage":"es","potentialAction":[{"@type":"ReadAction","target":["https:\/\/www.asajacyl.com\/soria\/asaja-soria-informa\/asaja-soria-al-pie-del-canon-a-las-puertas-de-la-junta-en-valladolid-para-pedir-un-presupuesto-suficiente-ante-la-crisis-del-cereal"]}]},{"@type":"ImageObject","inLanguage":"es","@id":"https:\/\/www.asajacyl.com\/soria\/asaja-soria-informa\/asaja-soria-al-pie-del-canon-a-las-puertas-de-la-junta-en-valladolid-para-pedir-un-presupuesto-suficiente-ante-la-crisis-del-cereal#primaryimage","url":"https:\/\/www.asajacyl.com\/soria\/wp-content\/uploads\/sites\/9\/2026\/08\/IMG_1918.jpeg","contentUrl":"https:\/\/www.asajacyl.com\/soria\/wp-content\/uploads\/sites\/9\/2026\/08\/IMG_1918.jpeg","width":2500,"height":1875},{"@type":"BreadcrumbList","@id":"https:\/\/www.asajacyl.com\/soria\/asaja-soria-informa\/asaja-soria-al-pie-del-canon-a-las-puertas-de-la-junta-en-valladolid-para-pedir-un-presupuesto-suficiente-ante-la-crisis-del-cereal#breadcrumb","itemListElement":[{"@type":"ListItem","position":1,"name":"Portada","item":"https:\/\/www.asajacyl.com\/soria\/"},{"@type":"ListItem","position":2,"name":"ASAJA Soria, al pie del ca\u00f1\u00f3n a las puertas de la Junta en Valladolid para pedir un presupuesto suficiente ante la crisis del cereal"}]},{"@type":"WebSite","@id":"https:\/\/www.asajacyl.com\/soria\/#website","url":"https:\/\/www.asajacyl.com\/soria\/","name":"ASAJA Soria","description":"Otro sitio m\u00e1s de Provincias ASAJA Castilla y Le\u00f3n","potentialAction":[{"@type":"SearchAction","target":{"@type":"EntryPoint","urlTemplate":"https:\/\/www.asajacyl.com\/soria\/?s={search_term_string}"},"query-input":{"@type":"PropertyValueSpecification","valueRequired":true,"valueName":"search_term_string"}}],"inLanguage":"es"},{"@type":"Person","@id":"https:\/\/www.asajacyl.com\/soria\/#\/schema\/person\/fd3081c40255119ce8133b87e6aedfab","name":"Juan Ignacio Prieto Nieto","image":{"@type":"ImageObject","inLanguage":"es","@id":"https:\/\/www.asajacyl.com\/soria\/#\/schema\/person\/image\/","url":"https:\/\/secure.gravatar.com\/avatar\/8266b36e4d9001acb4700699a2468dc8?s=96&d=mm&r=g","contentUrl":"https:\/\/secure.gravatar.com\/avatar\/8266b36e4d9001acb4700699a2468dc8?s=96&d=mm&r=g","caption":"Juan Ignacio Prieto Nieto"},"url":"https:\/\/www.asajacyl.com\/soria\/author\/juanfranciscoby"}]}},"_links":{"self":[{"href":"https:\/\/www.asajacyl.com\/soria\/wp-json\/wp\/v2\/posts\/10331"}],"collection":[{"href":"https:\/\/www.asajacyl.com\/soria\/wp-json\/wp\/v2\/posts"}],"about":[{"href":"https:\/\/www.asajacyl.com\/soria\/wp-json\/wp\/v2\/types\/post"}],"author":[{"embeddable":true,"href":"https:\/\/www.asajacyl.com\/soria\/wp-json\/wp\/v2\/users\/12"}],"replies":[{"embeddable":true,"href":"https:\/\/www.asajacyl.com\/soria\/wp-json\/wp\/v2\/comments?post=10331"}],"version-history":[{"count":1,"href":"https:\/\/www.asajacyl.com\/soria\/wp-json\/wp\/v2\/posts\/10331\/revisions"}],"predecessor-version":[{"id":10334,"href":"https:\/\/www.asajacyl.com\/soria\/wp-json\/wp\/v2\/posts\/10331\/revisions\/10334"}],"wp:featuredmedia":[{"embeddable":true,"href":"https:\/\/www.asajacyl.com\/soria\/wp-json\/wp\/v2\/media\/10332"}],"wp:attachment":[{"href":"https:\/\/www.asajacyl.com\/soria\/wp-json\/wp\/v2\/media?parent=10331"}],"wp:term":[{"taxonomy":"category","embeddable":true,"href":"https:\/\/www.asajacyl.com\/soria\/wp-json\/wp\/v2\/categories?post=10331"},{"taxonomy":"post_tag","embeddable":true,"href":"https:\/\/www.asajacyl.com\/soria\/wp-json\/wp\/v2\/tags?post=10331"}],"curies":[{"name":"wp","href":"https:\/\/api.w.org\/{rel}","templated":true}]}}