{"id":1147,"date":"2019-04-15T08:50:56","date_gmt":"2019-04-15T06:50:56","guid":{"rendered":"http:\/\/www.asajacyl.com\/soria\/?p=1147"},"modified":"2019-04-16T08:46:35","modified_gmt":"2019-04-16T06:46:35","slug":"dossier-prensa-2018-2019","status":"publish","type":"post","link":"https:\/\/www.asajacyl.com\/soria\/servicios-socio\/informes\/dossier-prensa-2018-2019","title":{"rendered":"DOSSIER DE PRENSA 2018-2019"},"content":{"rendered":"<p>&nbsp;<\/p>\n<p><a href=\"https:\/\/www.asajacyl.com\/soria\/wp-content\/uploads\/sites\/9\/2019\/04\/Mundo-Agrario-15-abril.pdf\">Mundo Agrario 15 abril<\/a><\/p>\n<p><a href=\"https:\/\/www.asajacyl.com\/soria\/wp-content\/uploads\/sites\/9\/2019\/04\/ganader\u00eda-11-abril.pdf\">ganader\u00eda 11 abril<\/a><\/p>\n<p><a href=\"https:\/\/www.asajacyl.com\/soria\/wp-content\/uploads\/sites\/9\/2019\/04\/Mundo-agario-8-abril.pdf\">Mundo agrario 8 abril<\/a><\/p>\n<p><a href=\"https:\/\/www.asajacyl.com\/soria\/wp-content\/uploads\/sites\/9\/2019\/04\/Dossier-prensa-1-abril.pdf\">Dossier prensa 1 abril<\/a>ESPA\u00d1A VACIADA<\/p>\n<p><a href=\"https:\/\/www.asajacyl.com\/soria\/wp-content\/uploads\/sites\/9\/2019\/04\/Dossier-prensa-29-marzo-PAC.pdf\">Dossier prensa 29 marzo PAC<\/a><\/p>\n<p><a href=\"https:\/\/www.asajacyl.com\/soria\/wp-content\/uploads\/sites\/9\/2019\/04\/purines-marzo-19.pdf\">purines marzo 19<\/a><\/p>\n<p><a href=\"https:\/\/www.asajacyl.com\/soria\/wp-content\/uploads\/sites\/9\/2019\/04\/INCENDIOS.pdf\">INCENDIOS<\/a><\/p>\n<p><a href=\"https:\/\/www.asajacyl.com\/soria\/wp-content\/uploads\/sites\/9\/2019\/04\/201903290901-GRANJA-PORCINO-LUZ-VERDE.pdf\">201903290901 GRANJA PORCINO LUZ VERDE<\/a><\/p>\n<p><a href=\"https:\/\/www.asajacyl.com\/soria\/wp-content\/uploads\/sites\/9\/2019\/04\/201903201020-DONA-Y-SU-AMIGA....pdf\">201903201020 DONA Y SU AMIGA&#8230;<\/a><\/p>\n<p><a href=\"https:\/\/www.asajacyl.com\/soria\/wp-content\/uploads\/sites\/9\/2019\/04\/201903180904-CAZA-Y-SEGURIDAD-VIAL.pdf\">201903180904 CAZA Y SEGURIDAD VIAL<\/a><\/p>\n<p><a href=\"https:\/\/www.asajacyl.com\/soria\/wp-content\/uploads\/sites\/9\/2019\/03\/201903130906-NOVIERCAS-Y-MUSEO-EN-GALLINERO.pdf\">201903130906 NOVIERCAS Y MUSEO EN GALLINERO<\/a><\/p>\n<p><a href=\"https:\/\/www.asajacyl.com\/soria\/wp-content\/uploads\/sites\/9\/2019\/03\/Dossier-prensa-14-marzo.pdf\">Dossier prensa 14 marzo<\/a><\/p>\n<p><a href=\"https:\/\/www.asajacyl.com\/soria\/wp-content\/uploads\/sites\/9\/2019\/03\/Dossier-prensa-13-marzo.pdf\">Dossier prensa 13 marzo<\/a><\/p>\n<p><a href=\"https:\/\/www.asajacyl.com\/soria\/wp-content\/uploads\/sites\/9\/2019\/03\/Dossier-prensa-12-marzo.pdf\">Dossier prensa 12 marzo<\/a><\/p>\n<p><a href=\"https:\/\/www.asajacyl.com\/soria\/wp-content\/uploads\/sites\/9\/2019\/03\/Dossier-prensa-9-marzo.pdf\">Dossier prensa 9 marzo<\/a><\/p>\n<p><a href=\"https:\/\/www.asajacyl.com\/soria\/wp-content\/uploads\/sites\/9\/2019\/03\/Dossier-prensa-7-marzo.pdf\">Dossier prensa 7 marzo<\/a><\/p>\n<p><a href=\"https:\/\/www.asajacyl.com\/soria\/wp-content\/uploads\/sites\/9\/2019\/03\/Dossier-prensa-4-marzo-y-Mundo-Agrario.pdf\">Dossier prensa 4 marzo y Mundo Agrario<\/a><\/p>\n<p><a href=\"https:\/\/www.asajacyl.com\/soria\/wp-content\/uploads\/sites\/9\/2019\/03\/Dossier-prensa-2-y-3-marzo.pdf\">Dossier prensa 2 y 3 marzo<\/a><\/p>\n<p><a href=\"https:\/\/www.asajacyl.com\/soria\/wp-content\/uploads\/sites\/9\/2019\/03\/Dossier-prensa-1-marzo.pdf\">Dossier prensa 1 marzo<\/a><\/p>\n<p><a href=\"https:\/\/www.asajacyl.com\/soria\/wp-content\/uploads\/sites\/9\/2019\/03\/Mundo-Agraria-25-febrero.pdf\">Mundo Agraria 25 febrero<\/a><\/p>\n<p><a href=\"https:\/\/www.asajacyl.com\/soria\/wp-content\/uploads\/sites\/9\/2019\/03\/Mundo-Agrario-18-febrero.pdf\">Mundo Agrario 18 febrero<\/a><\/p>\n<p><a href=\"https:\/\/www.asajacyl.com\/soria\/wp-content\/uploads\/sites\/9\/2019\/03\/201902150859ASAJA-BUS-31-M.pdf\">201902150859ASAJA BUS 31 M<\/a><\/p>\n<p><a href=\"https:\/\/www.asajacyl.com\/soria\/wp-content\/uploads\/sites\/9\/2019\/03\/201902120846-prensa-12-febrero.pdf\">201902120846 prensa 12 febrero<\/a><\/p>\n<p><a href=\"https:\/\/www.asajacyl.com\/soria\/wp-content\/uploads\/sites\/9\/2019\/01\/Mundo-Agrario-4-febrero.pdf\">Mundo Agrario 4 febrero<\/a><\/p>\n<p><a href=\"https:\/\/www.asajacyl.com\/soria\/wp-content\/uploads\/sites\/9\/2019\/01\/Dossier-prensa-29-enero.pdf\">Dossier prensa 29 enero. ITV<\/a><\/p>\n<p><a href=\"https:\/\/www.asajacyl.com\/soria\/wp-content\/uploads\/sites\/9\/2019\/01\/Dossier-prensa-19-20-y-21-enero.pdf\">Dossier prensa 19, 20 y 21 enero<\/a><\/p>\n<p><a href=\"https:\/\/www.asajacyl.com\/soria\/wp-content\/uploads\/sites\/9\/2019\/01\/Mundo-Agrario-14-enero.pdf\">Mundo Agrario 14 enero<\/a><\/p>\n<p><a href=\"https:\/\/www.asajacyl.com\/soria\/wp-content\/uploads\/sites\/9\/2019\/01\/gesti\u00f3n-de-purines-1.pdf\">gesti\u00f3n de purines<\/a><\/p>\n<p><a href=\"https:\/\/www.asajacyl.com\/soria\/wp-content\/uploads\/sites\/9\/2019\/01\/Mundo-Agrario-7-enero.pdf\">Mundo Agrario 7 enero<\/a><\/p>\n<p><a href=\"https:\/\/www.asajacyl.com\/soria\/wp-content\/uploads\/sites\/9\/2019\/01\/Soria-verde.pdf\">Soria verde<\/a><\/p>\n<p><a href=\"https:\/\/www.asajacyl.com\/soria\/wp-content\/uploads\/sites\/9\/2018\/12\/Dossier-prensa-22-23-24-y-26-diciembre.pdf\">Dossier prensa 22, 23 24 y 26 diciembre<\/a><\/p>\n<p><a href=\"https:\/\/www.asajacyl.com\/soria\/wp-content\/uploads\/sites\/9\/2018\/12\/ESPIGA-Y-TIZ\u00d3N.pdf\">ESPIGA Y TIZ\u00d3N<\/a><\/p>\n<p><a href=\"https:\/\/www.asajacyl.com\/soria\/wp-content\/uploads\/sites\/9\/2018\/12\/Upa-respalda-la-reivindicaci\u00f3n-reparto-PRODUCTOS-C\u00c1rNICOS-ASAJA-1.pdf\">Upa respalda la reivindicaci\u00f3n reparto PRODUCTOS C\u00c1rNICOS ASAJA<\/a><\/p>\n<p><a href=\"https:\/\/www.asajacyl.com\/soria\/wp-content\/uploads\/sites\/9\/2018\/12\/Mundo-Agrario-10-diciembre.pdf\">Mundo Agrario 10 diciembre<\/a><\/p>\n<p><a href=\"https:\/\/www.asajacyl.com\/soria\/wp-content\/uploads\/sites\/9\/2018\/12\/SANDRA-SOTILLOS-PORCINO-201812110943.pdf\">SANDRA SOTILLOS PORCINO 201812110943<\/a><\/p>\n<p><a href=\"https:\/\/www.asajacyl.com\/soria\/wp-content\/uploads\/sites\/9\/2018\/12\/CIDONES-DA-LA-CACA.pdf\">CIDONES DA LA &#8216;CACA&#8217;<\/a><\/p>\n<p><a href=\"https:\/\/www.asajacyl.com\/soria\/wp-content\/uploads\/sites\/9\/2018\/12\/zabro-y-cantama\u00f1anas-de-Andaluz-o-de-donde-sean....pdf\">zabro y cantama\u00f1anas de Andaluz o de donde sean&#8230;<\/a><\/p>\n<p><a href=\"https:\/\/www.asajacyl.com\/soria\/wp-content\/uploads\/sites\/9\/2018\/12\/petici\u00f3n-ampliaci\u00f3n-seguro-girasol.pdf\">petici\u00f3n ampliaci\u00f3n seguro girasol<\/a><\/p>\n<p><a href=\"https:\/\/www.asajacyl.com\/soria\/wp-content\/uploads\/sites\/9\/2018\/12\/granja-cerdos-en-Berlanga-30-nov-18.pdf\">granja cerdos en Berlanga 30 nov 18<\/a><\/p>\n<p><a href=\"https:\/\/www.asajacyl.com\/soria\/wp-content\/uploads\/sites\/9\/2018\/12\/Dossier-prensa-20-noviembre.pdf\">Dossier prensa 20 noviembre<\/a><\/p>\n<p><a href=\"https:\/\/www.asajacyl.com\/soria\/wp-content\/uploads\/sites\/9\/2018\/12\/Dossier-prensa-6-noviembre.pdf\">Dossier prensa 6 noviembre<\/a><\/p>\n<p><a href=\"https:\/\/www.asajacyl.com\/soria\/wp-content\/uploads\/sites\/9\/2018\/12\/AGROFOBIA.pdf\">AGROFOBIA<\/a><\/p>\n<p><a href=\"https:\/\/www.asajacyl.com\/soria\/wp-content\/uploads\/sites\/9\/2018\/12\/201811050940-zabro-purines-girasol.pdf\">201811050940 zabro, purines, girasol<\/a><\/p>\n<p><a href=\"https:\/\/www.asajacyl.com\/soria\/wp-content\/uploads\/sites\/9\/2018\/09\/Dossier-prensa-27-28-y-29-octubre.pdf\">Dossier prensa 27, 28 y 29 octubre<\/a><\/p>\n<p><a href=\"https:\/\/www.asajacyl.com\/soria\/wp-content\/uploads\/sites\/9\/2018\/09\/Mundo-Agrario-29-octubre.pdf\">Mundo Agrario 29 octubre<\/a><\/p>\n<p><a href=\"https:\/\/www.asajacyl.com\/soria\/wp-content\/uploads\/sites\/9\/2018\/09\/girasol-campos-de-ensayo.pdf\">girasol campos de ensayo<\/a><\/p>\n<p><a href=\"https:\/\/www.asajacyl.com\/soria\/wp-content\/uploads\/sites\/9\/2018\/09\/Mundo-Agrario-15-octubre.pdf\">Mundo Agrario 15 octubre<\/a><\/p>\n<p><a href=\"https:\/\/www.asajacyl.com\/soria\/wp-content\/uploads\/sites\/9\/2018\/09\/Dossier-prensa-13-y-14-octubre.pdf\">Dossier prensa 13 y 14 octubre<\/a><\/p>\n<p><a href=\"https:\/\/www.asajacyl.com\/soria\/wp-content\/uploads\/sites\/9\/2018\/09\/Dossier-prensa-11-octubre.pdf\">Dossier prensa 11 octubre<\/a><\/p>\n<p><a href=\"https:\/\/www.asajacyl.com\/soria\/wp-content\/uploads\/sites\/9\/2018\/09\/Dossier-prensa-9-octubre.pdf\">Dossier prensa 9 octubre<\/a><\/p>\n<p><a href=\"https:\/\/www.asajacyl.com\/soria\/wp-content\/uploads\/sites\/9\/2018\/09\/Mundo-Agrario-8-octubre.pdf\">Mundo Agrario 8 octubre<\/a><\/p>\n<p><a href=\"https:\/\/www.asajacyl.com\/soria\/wp-content\/uploads\/sites\/9\/2018\/09\/Dossier-prensa-6-7-y-8-octubre.pdf\">Dossier prensa 6, 7 y 8 octubre<\/a><\/p>\n<p><a href=\"https:\/\/www.asajacyl.com\/soria\/wp-content\/uploads\/sites\/9\/2018\/09\/Dossier-prensa-vi\u00f1edo-remolacha-fertilizantes-27-sep.pdf\">Dossier prensa vi\u00f1edo, remolacha, fertilizantes 27 sep<\/a><\/p>\n<p><a href=\"https:\/\/www.asajacyl.com\/soria\/wp-content\/uploads\/sites\/9\/2018\/09\/JORNADA-SOBRE-FERTILIZACI\u00d3N.pdf\">JORNADA SOBRE FERTILIZACI\u00d3N<\/a><\/p>\n<p><a href=\"https:\/\/www.asajacyl.com\/soria\/wp-content\/uploads\/sites\/9\/2018\/09\/REHALAS.pdf\">REHALAS<\/a><\/p>\n<p><a href=\"https:\/\/www.asajacyl.com\/soria\/wp-content\/uploads\/sites\/9\/2018\/09\/Dossier-prensa-15-16-y-17-septiembre.pdf\">Dossier prensa 15, 16 y 17 septiembre<\/a><\/p>\n<p><a href=\"https:\/\/www.asajacyl.com\/soria\/wp-content\/uploads\/sites\/9\/2018\/08\/201809101309-FERIA-GANADERA-SORIA-1.pdf\">201809101309 FERIA GANADERA SORIA 1<\/a><\/p>\n<p><a href=\"https:\/\/www.asajacyl.com\/soria\/wp-content\/uploads\/sites\/9\/2018\/08\/201809101309-1-VAQUER\u00cdA-A-FAVOR-LOS-PROFESIONALES.pdf\">201809101309-1 VAQUER\u00cdA A FAVOR LOS PROFESIONALES<\/a><\/p>\n<p><a href=\"https:\/\/www.asajacyl.com\/soria\/wp-content\/uploads\/sites\/9\/2018\/08\/Dossier-prensa-25-26-y-27-agosto.pdf\">Dossier prensa 25, 26 y 27 agosto<\/a><\/p>\n<p><a href=\"https:\/\/www.asajacyl.com\/soria\/wp-content\/uploads\/sites\/9\/2018\/08\/cosecha-2018.pdf\">cosecha 2018<\/a><\/p>\n<p><a href=\"https:\/\/www.asajacyl.com\/soria\/wp-content\/uploads\/sites\/9\/2018\/07\/RECORTE-PAC-9-AGOSTO.pdf\">RECORTE PAC 9 AGOSTO<\/a><\/p>\n<p><a href=\"https:\/\/www.asajacyl.com\/soria\/wp-content\/uploads\/sites\/9\/2018\/07\/RESPALDO-MUJER-CAMPO.pdf\">RESPALDO MUJER CAMPO<\/a><\/p>\n<p><a href=\"https:\/\/www.asajacyl.com\/soria\/wp-content\/uploads\/sites\/9\/2018\/07\/6-agosto-datos-pedrisco-itv-plan-renove.pdf\">6 agosto datos pedrisco, itv, plan renove<\/a><\/p>\n<p><a href=\"https:\/\/www.asajacyl.com\/soria\/wp-content\/uploads\/sites\/9\/2018\/07\/Dossier-prensa-4-5-y-6-agosto.pdf\">Dossier prensa 4, 5 y 6 agosto<\/a><\/p>\n<p><a href=\"https:\/\/www.asajacyl.com\/soria\/wp-content\/uploads\/sites\/9\/2018\/07\/peritaciones-pedrisco-1-agosto-1.pdf\">peritaciones pedrisco 1 agosto<\/a><\/p>\n<p><a href=\"https:\/\/www.asajacyl.com\/soria\/wp-content\/uploads\/sites\/9\/2018\/07\/Dossier-prensa-31-julio.pdf\">Dossier prensa 31 julio<\/a><\/p>\n<p><a href=\"https:\/\/www.asajacyl.com\/soria\/wp-content\/uploads\/sites\/9\/2018\/07\/ASAJA-PIDE-ACELERON-EN-PERITACIONES-31-JULIO.pdf\">ASAJA PIDE ACELERON EN PERITACIONES 31 JULIO<\/a><\/p>\n<p><a href=\"https:\/\/www.asajacyl.com\/soria\/wp-content\/uploads\/sites\/9\/2018\/07\/Dossier-prensa-25-julio.pdf\">Dossier prensa 25 julio<\/a><\/p>\n<p><a href=\"https:\/\/www.asajacyl.com\/soria\/wp-content\/uploads\/sites\/9\/2018\/07\/Dossier-prensa-24-julio.pdf\">Dossier prensa 24 julio<\/a><\/p>\n<p><a href=\"https:\/\/www.asajacyl.com\/soria\/wp-content\/uploads\/sites\/9\/2018\/07\/pedrisco-previsiones-de-cosecha-18-julio.pdf\">pedrisco, previsiones de cosecha 18 julio<\/a><\/p>\n<p><a href=\"https:\/\/www.asajacyl.com\/soria\/wp-content\/uploads\/sites\/9\/2018\/07\/Dossier-prensa-18-julio-previsiones-cosecha-y-da\u00f1os-granizo.pdf\">Dossier prensa 18 julio, previsiones cosecha y da\u00f1os granizo<\/a><\/p>\n<p><a href=\"https:\/\/www.asajacyl.com\/soria\/wp-content\/uploads\/sites\/9\/2018\/07\/201807170807-granja-Cidones.pdf\">201807170807 granja Cidones<\/a><\/p>\n<p><a href=\"https:\/\/www.asajacyl.com\/soria\/wp-content\/uploads\/sites\/9\/2018\/07\/PRENSA-12-JULIO-UNI\u00d3N-PRODUCTORES.pdf\">PRENSA 12 JULIO UNI\u00d3N PRODUCTORES<\/a><\/p>\n<p><a href=\"https:\/\/www.asajacyl.com\/soria\/wp-content\/uploads\/sites\/9\/2018\/07\/Dossier-prensa-12-julio.pdf\">Dossier prensa 12 julio<\/a><\/p>\n<p><a href=\"https:\/\/www.asajacyl.com\/soria\/wp-content\/uploads\/sites\/9\/2018\/07\/201807110819-sector-vino.pdf\">201807110819 sector vino<\/a><\/p>\n<p><a href=\"https:\/\/www.asajacyl.com\/soria\/wp-content\/uploads\/sites\/9\/2018\/07\/previsiones-cosecha-y-da\u00f1os-granizo.pdf\">previsiones cosecha y da\u00f1os granizo<\/a><\/p>\n<p><a href=\"https:\/\/www.asajacyl.com\/soria\/wp-content\/uploads\/sites\/9\/2018\/07\/Dossier-prensa-10-julio.pdf\">Dossier prensa 10 julio<\/a><\/p>\n<p><a href=\"https:\/\/www.asajacyl.com\/soria\/wp-content\/uploads\/sites\/9\/2018\/06\/campos-de-ensayo-2.pdf\">campos de ensayo 2<\/a><\/p>\n<p><a href=\"https:\/\/www.asajacyl.com\/soria\/wp-content\/uploads\/sites\/9\/2018\/06\/base-cotizaci\u00f3n-1.pdf\">base cotizaci\u00f3n<\/a><\/p>\n<p><a href=\"https:\/\/www.asajacyl.com\/soria\/wp-content\/uploads\/sites\/9\/2018\/06\/Dossier-prensa-5-julio.-Luis-Planas.pdf\">Dossier prensa 5 julio. Luis Planas<\/a><\/p>\n<p><a href=\"https:\/\/www.asajacyl.com\/soria\/wp-content\/uploads\/sites\/9\/2018\/06\/visto-bueno-a-granja-porcino-Berlanga.pdf\">visto bueno a granja porcino Berlanga<\/a><\/p>\n<p><a href=\"https:\/\/www.asajacyl.com\/soria\/wp-content\/uploads\/sites\/9\/2018\/06\/Dossier-prensa-21-junio-pr\u00e9stamos-Lino.pdf\">Dossier prensa 21 junio pr\u00e9stamos, Lino<\/a><\/p>\n<p><a href=\"https:\/\/www.asajacyl.com\/soria\/wp-content\/uploads\/sites\/9\/2018\/06\/AGROSEGURO-DATOS-SINIESTROS.pdf\">AGROSEGURO DATOS SINIESTROS<\/a><\/p>\n<p><a href=\"https:\/\/www.asajacyl.com\/soria\/wp-content\/uploads\/sites\/9\/2018\/06\/Dossier-prensa-1617-y-18-junio.pdf\">Dossier prensa 16,17 y 18 junio<\/a><\/p>\n<p><a href=\"http:\/\/www.asajacyl.com\/soria\/wp-content\/uploads\/sites\/9\/2018\/05\/campillo-Buitrago-regad\u00edo.pdf\">campillo Buitrago regad\u00edo<\/a><\/p>\n<p><a href=\"http:\/\/www.asajacyl.com\/soria\/wp-content\/uploads\/sites\/9\/2018\/05\/despoblaci\u00f3n..pdf\">despoblaci\u00f3n.<\/a><\/p>\n<p><a href=\"http:\/\/www.asajacyl.com\/soria\/wp-content\/uploads\/sites\/9\/2018\/05\/PORCINO-Y-AYUDAS-DE-LA-DIPUTACI\u00d3N-PARA-CAMPOS-ENSAYO.pdf\">PORCINO Y AYUDAS DE LA DIPUTACI\u00d3N PARA CAMPOS ENSAYO<\/a><\/p>\n<p><a href=\"http:\/\/www.asajacyl.com\/soria\/wp-content\/uploads\/sites\/9\/2018\/05\/nuevo-ministro-agricultura-y-ganader\u00eda.pdf\">nuevo ministro agricultura y ganader\u00eda<\/a><\/p>\n<p><a href=\"http:\/\/www.asajacyl.com\/soria\/wp-content\/uploads\/sites\/9\/2018\/05\/ojalada.pdf\">ojalada<\/a><\/p>\n<p><a href=\"http:\/\/www.asajacyl.com\/soria\/wp-content\/uploads\/sites\/9\/2018\/05\/Dossier-prensa-7-junio.pdf\">Dossier prensa 7 junio<\/a><\/p>\n<p><a href=\"http:\/\/www.asajacyl.com\/soria\/wp-content\/uploads\/sites\/9\/2018\/05\/Dossier-prensa-6-junio.pdf\">Dossier prensa 6 junio<\/a><\/p>\n<p><a href=\"http:\/\/www.asajacyl.com\/soria\/wp-content\/uploads\/sites\/9\/2018\/05\/lluvias-y-falta-de-calor.pdf\">lluvias y falta de calor<\/a><\/p>\n<p><a href=\"http:\/\/www.asajacyl.com\/soria\/wp-content\/uploads\/sites\/9\/2018\/05\/impulso-a-la-vaca-serrana.pdf\">impulso a la vaca serrana<\/a><\/p>\n<p><a href=\"http:\/\/www.asajacyl.com\/soria\/wp-content\/uploads\/sites\/9\/2018\/05\/reuni\u00f3n-ASAJA-AVIMON-SUBDELEGACI\u00d3N-1.pdf\">reuni\u00f3n ASAJA AVIMON SUBDELEGACI\u00d3N<\/a><\/p>\n<p><a href=\"http:\/\/www.asajacyl.com\/soria\/wp-content\/uploads\/sites\/9\/2018\/05\/ASAJA-RESPONDE-A-ASDEN-GRANJAS-PORCINAS.pdf\">ASAJA RESPONDE A ASDEN GRANJAS PORCINAS<\/a><\/p>\n<p><a href=\"http:\/\/www.asajacyl.com\/soria\/wp-content\/uploads\/sites\/9\/2018\/05\/nitratos.pdf\">nitratos<\/a><\/p>\n<p><a href=\"http:\/\/www.asajacyl.com\/soria\/wp-content\/uploads\/sites\/9\/2018\/05\/art\u00edculo-contra-la-granja-de-Cidones.pdf\">art\u00edculo contra la granja de Cidones<\/a><\/p>\n<p><a href=\"http:\/\/www.asajacyl.com\/soria\/wp-content\/uploads\/sites\/9\/2018\/05\/Dossier-prensa-30-mayo.pdf\">Dossier prensa 30 mayo<\/a><\/p>\n<p><a href=\"http:\/\/www.asajacyl.com\/soria\/wp-content\/uploads\/sites\/9\/2018\/05\/GRANJA-PORCINA-EN-CASTILRUIZ.pdf\">GRANJA PORCINA EN CASTILRUIZ<\/a><\/p>\n<p><a href=\"http:\/\/www.asajacyl.com\/soria\/wp-content\/uploads\/sites\/9\/2018\/05\/jornada-AMFAR.pdf\">jornada AMFAR<\/a><\/p>\n<p><a href=\"http:\/\/www.asajacyl.com\/soria\/wp-content\/uploads\/sites\/9\/2018\/05\/CONSEJERA-AGRICULTURA-EN-SORIA.pdf\">CONSEJERA AGRICULTURA EN SORIA<\/a><\/p>\n<p><a href=\"http:\/\/www.asajacyl.com\/soria\/wp-content\/uploads\/sites\/9\/2018\/05\/GANADERO-ACUSADO-DE-MATAR-OVEJAS.pdf\">GANADERO ACUSADO DE MATAR OVEJAS<\/a><\/p>\n<p><a href=\"http:\/\/www.asajacyl.com\/soria\/wp-content\/uploads\/sites\/9\/2018\/05\/AMFAR.pdf\">AMFAR<\/a><\/p>\n<p><a href=\"http:\/\/www.asajacyl.com\/soria\/wp-content\/uploads\/sites\/9\/2018\/05\/porcino-el-D\u00eda-de-Soria-2.pdf\">porcino el D\u00eda de Soria 2<\/a><\/p>\n<p><a href=\"http:\/\/www.asajacyl.com\/soria\/wp-content\/uploads\/sites\/9\/2018\/05\/porcino-el-D\u00eda-de-Soria.pdf\">porcino el D\u00eda de Soria<\/a><\/p>\n<p><a href=\"http:\/\/www.asajacyl.com\/soria\/wp-content\/uploads\/sites\/9\/2018\/05\/art\u00edculo-de-opini\u00f3n.-Carmelo-G\u00f3mez.-Responsabilidad-global-no-solo-ecol\u00f3gica.pdf\">art\u00edculo de opini\u00f3n. Carmelo G\u00f3mez. Responsabilidad global no solo ecol\u00f3gica<\/a><\/p>\n<p><a href=\"http:\/\/www.asajacyl.com\/soria\/wp-content\/uploads\/sites\/9\/2018\/05\/PREVISIONES-COSECHA.pdf\">PREVISIONES COSECHA<\/a><\/p>\n<p><a href=\"http:\/\/www.asajacyl.com\/soria\/wp-content\/uploads\/sites\/9\/2018\/05\/ASAJA.-AVIM\u00d3N.pdf\">ASAJA. AVIM\u00d3N<\/a><\/p>\n<p><a href=\"http:\/\/www.asajacyl.com\/soria\/wp-content\/uploads\/sites\/9\/2018\/05\/fauna-salvaje.pdf\">fauna salvaje<\/a><\/p>\n<p><a href=\"http:\/\/www.asajacyl.com\/soria\/wp-content\/uploads\/sites\/9\/2018\/05\/PORCINO-DESPOBLACI\u00d3N-PAC.pdf\">PORCINO, DESPOBLACI\u00d3N, PAC<\/a><\/p>\n<p><a href=\"http:\/\/www.asajacyl.com\/soria\/wp-content\/uploads\/sites\/9\/2018\/05\/EVALUACI\u00d3N-AMBIENTAL-GRANJAS-PORCINAS.pdf\">EVALUACI\u00d3N AMBIENTAL GRANJAS PORCINAS<\/a><\/p>\n<p><a href=\"http:\/\/www.asajacyl.com\/soria\/wp-content\/uploads\/sites\/9\/2018\/05\/FERIA-DE-ALMAZ\u00c1N-CONCLUSIONES.pdf\">FERIA DE ALMAZ\u00c1N, CONCLUSIONES<\/a><\/p>\n<p><a href=\"http:\/\/www.asajacyl.com\/soria\/wp-content\/uploads\/sites\/9\/2018\/05\/GRANJAS-PORCINAS.pdf\">GRANJAS PORCINAS<\/a><\/p>\n<p><a href=\"http:\/\/www.asajacyl.com\/soria\/wp-content\/uploads\/sites\/9\/2018\/05\/EDITORIAL-GRANJAS-PORCINAS.pdf\">EDITORIAL GRANJAS PORCINAS<\/a><\/p>\n<p><a href=\"http:\/\/www.asajacyl.com\/soria\/wp-content\/uploads\/sites\/9\/2018\/05\/Dossier-prensa-18-mayo.pdf\">Dossier prensa 18 mayo<\/a><\/p>\n<p><a href=\"http:\/\/www.asajacyl.com\/soria\/wp-content\/uploads\/sites\/9\/2018\/05\/ASAMBLEA-DE-ASAJA-2018.pdf\">ASAMBLEA DE ASAJA 2018<\/a><\/p>\n","protected":false},"excerpt":{"rendered":"<p>&nbsp; Mundo Agrario 15 abril ganader\u00eda 11 abril Mundo agrario 8 abril Dossier prensa 1 abrilESPA\u00d1A VACIADA Dossier prensa 29 marzo PAC purines marzo 19 INCENDIOS 201903290901 GRANJA PORCINO LUZ VERDE 201903201020 DONA Y SU AMIGA&#8230; 201903180904 CAZA Y SEGURIDAD VIAL 201903130906 NOVIERCAS Y MUSEO EN GALLINERO Dossier prensa 14 marzo Dossier prensa 13 marzo [&hellip;]<\/p>\n","protected":false},"author":12,"featured_media":1155,"comment_status":"open","ping_status":"open","sticky":false,"template":"","format":"standard","meta":{"footnotes":""},"categories":[37],"tags":[],"yoast_head":"<!-- This site is optimized with the Yoast SEO plugin v24.5 - https:\/\/yoast.com\/wordpress\/plugins\/seo\/ -->\n<title>DOSSIER DE PRENSA 2018-2019 - ASAJA Soria<\/title>\n<meta name=\"description\" content=\"&nbsp; Mundo Agrario 15 abril ganader\u00eda 11 abril Mundo agrario 8 abril Dossier prensa 1 abrilESPA\u00d1A VACIADA Dossier prensa 29 marzo PAC purines marzo 19\" \/>\n<meta name=\"robots\" content=\"index, follow, max-snippet:-1, max-image-preview:large, max-video-preview:-1\" \/>\n<link rel=\"canonical\" href=\"https:\/\/www.asajacyl.com\/soria\/servicios-socio\/informes\/dossier-prensa-2018-2019\" \/>\n<meta property=\"og:locale\" content=\"es_ES\" \/>\n<meta property=\"og:type\" content=\"article\" \/>\n<meta property=\"og:title\" content=\"DOSSIER DE PRENSA 2018-2019 - ASAJA Soria\" \/>\n<meta property=\"og:description\" content=\"&nbsp; Mundo Agrario 15 abril ganader\u00eda 11 abril Mundo agrario 8 abril Dossier prensa 1 abrilESPA\u00d1A VACIADA Dossier prensa 29 marzo PAC purines marzo 19\" \/>\n<meta property=\"og:url\" content=\"https:\/\/www.asajacyl.com\/soria\/servicios-socio\/informes\/dossier-prensa-2018-2019\" \/>\n<meta property=\"og:site_name\" content=\"ASAJA Soria\" \/>\n<meta property=\"article:published_time\" content=\"2019-04-15T06:50:56+00:00\" \/>\n<meta property=\"article:modified_time\" content=\"2019-04-16T06:46:35+00:00\" \/>\n<meta property=\"og:image\" content=\"https:\/\/www.asajacyl.com\/soria\/wp-content\/uploads\/sites\/9\/2018\/05\/061.jpg\" \/>\n\t<meta property=\"og:image:width\" content=\"1280\" \/>\n\t<meta property=\"og:image:height\" content=\"720\" \/>\n\t<meta property=\"og:image:type\" content=\"image\/jpeg\" \/>\n<meta name=\"author\" content=\"Juan Ignacio Prieto Nieto\" \/>\n<meta name=\"twitter:card\" content=\"summary_large_image\" \/>\n<meta name=\"twitter:label1\" content=\"Escrito por\" \/>\n\t<meta name=\"twitter:data1\" content=\"Juan Ignacio Prieto Nieto\" \/>\n\t<meta name=\"twitter:label2\" content=\"Tiempo de lectura\" \/>\n\t<meta name=\"twitter:data2\" content=\"2 minutos\" \/>\n<script type=\"application\/ld+json\" class=\"yoast-schema-graph\">{\"@context\":\"https:\/\/schema.org\",\"@graph\":[{\"@type\":\"WebPage\",\"@id\":\"https:\/\/www.asajacyl.com\/soria\/servicios-socio\/informes\/dossier-prensa-2018-2019\",\"url\":\"https:\/\/www.asajacyl.com\/soria\/servicios-socio\/informes\/dossier-prensa-2018-2019\",\"name\":\"DOSSIER DE PRENSA 2018-2019 - ASAJA Soria\",\"isPartOf\":{\"@id\":\"https:\/\/www.asajacyl.com\/soria\/#website\"},\"primaryImageOfPage\":{\"@id\":\"https:\/\/www.asajacyl.com\/soria\/servicios-socio\/informes\/dossier-prensa-2018-2019#primaryimage\"},\"image\":{\"@id\":\"https:\/\/www.asajacyl.com\/soria\/servicios-socio\/informes\/dossier-prensa-2018-2019#primaryimage\"},\"thumbnailUrl\":\"https:\/\/www.asajacyl.com\/soria\/wp-content\/uploads\/sites\/9\/2018\/05\/061.jpg\",\"datePublished\":\"2019-04-15T06:50:56+00:00\",\"dateModified\":\"2019-04-16T06:46:35+00:00\",\"author\":{\"@id\":\"https:\/\/www.asajacyl.com\/soria\/#\/schema\/person\/fd3081c40255119ce8133b87e6aedfab\"},\"description\":\"&nbsp; Mundo Agrario 15 abril ganader\u00eda 11 abril Mundo agrario 8 abril Dossier prensa 1 abrilESPA\u00d1A VACIADA Dossier prensa 29 marzo PAC purines marzo 19\",\"breadcrumb\":{\"@id\":\"https:\/\/www.asajacyl.com\/soria\/servicios-socio\/informes\/dossier-prensa-2018-2019#breadcrumb\"},\"inLanguage\":\"es\",\"potentialAction\":[{\"@type\":\"ReadAction\",\"target\":[\"https:\/\/www.asajacyl.com\/soria\/servicios-socio\/informes\/dossier-prensa-2018-2019\"]}]},{\"@type\":\"ImageObject\",\"inLanguage\":\"es\",\"@id\":\"https:\/\/www.asajacyl.com\/soria\/servicios-socio\/informes\/dossier-prensa-2018-2019#primaryimage\",\"url\":\"https:\/\/www.asajacyl.com\/soria\/wp-content\/uploads\/sites\/9\/2018\/05\/061.jpg\",\"contentUrl\":\"https:\/\/www.asajacyl.com\/soria\/wp-content\/uploads\/sites\/9\/2018\/05\/061.jpg\",\"width\":1280,\"height\":720},{\"@type\":\"BreadcrumbList\",\"@id\":\"https:\/\/www.asajacyl.com\/soria\/servicios-socio\/informes\/dossier-prensa-2018-2019#breadcrumb\",\"itemListElement\":[{\"@type\":\"ListItem\",\"position\":1,\"name\":\"Portada\",\"item\":\"https:\/\/www.asajacyl.com\/soria\/\"},{\"@type\":\"ListItem\",\"position\":2,\"name\":\"DOSSIER DE PRENSA 2018-2019\"}]},{\"@type\":\"WebSite\",\"@id\":\"https:\/\/www.asajacyl.com\/soria\/#website\",\"url\":\"https:\/\/www.asajacyl.com\/soria\/\",\"name\":\"ASAJA Soria\",\"description\":\"Otro sitio m\u00e1s de Provincias ASAJA Castilla y Le\u00f3n\",\"potentialAction\":[{\"@type\":\"SearchAction\",\"target\":{\"@type\":\"EntryPoint\",\"urlTemplate\":\"https:\/\/www.asajacyl.com\/soria\/?s={search_term_string}\"},\"query-input\":{\"@type\":\"PropertyValueSpecification\",\"valueRequired\":true,\"valueName\":\"search_term_string\"}}],\"inLanguage\":\"es\"},{\"@type\":\"Person\",\"@id\":\"https:\/\/www.asajacyl.com\/soria\/#\/schema\/person\/fd3081c40255119ce8133b87e6aedfab\",\"name\":\"Juan Ignacio Prieto Nieto\",\"image\":{\"@type\":\"ImageObject\",\"inLanguage\":\"es\",\"@id\":\"https:\/\/www.asajacyl.com\/soria\/#\/schema\/person\/image\/\",\"url\":\"https:\/\/secure.gravatar.com\/avatar\/8266b36e4d9001acb4700699a2468dc8?s=96&d=mm&r=g\",\"contentUrl\":\"https:\/\/secure.gravatar.com\/avatar\/8266b36e4d9001acb4700699a2468dc8?s=96&d=mm&r=g\",\"caption\":\"Juan Ignacio Prieto Nieto\"},\"url\":\"https:\/\/www.asajacyl.com\/soria\/author\/juanfranciscoby\"}]}<\/script>\n<!-- \/ Yoast SEO plugin. -->","yoast_head_json":{"title":"DOSSIER DE PRENSA 2018-2019 - ASAJA Soria","description":"&nbsp; Mundo Agrario 15 abril ganader\u00eda 11 abril Mundo agrario 8 abril Dossier prensa 1 abrilESPA\u00d1A VACIADA Dossier prensa 29 marzo PAC purines marzo 19","robots":{"index":"index","follow":"follow","max-snippet":"max-snippet:-1","max-image-preview":"max-image-preview:large","max-video-preview":"max-video-preview:-1"},"canonical":"https:\/\/www.asajacyl.com\/soria\/servicios-socio\/informes\/dossier-prensa-2018-2019","og_locale":"es_ES","og_type":"article","og_title":"DOSSIER DE PRENSA 2018-2019 - ASAJA Soria","og_description":"&nbsp; Mundo Agrario 15 abril ganader\u00eda 11 abril Mundo agrario 8 abril Dossier prensa 1 abrilESPA\u00d1A VACIADA Dossier prensa 29 marzo PAC purines marzo 19","og_url":"https:\/\/www.asajacyl.com\/soria\/servicios-socio\/informes\/dossier-prensa-2018-2019","og_site_name":"ASAJA Soria","article_published_time":"2019-04-15T06:50:56+00:00","article_modified_time":"2019-04-16T06:46:35+00:00","og_image":[{"width":1280,"height":720,"url":"https:\/\/www.asajacyl.com\/soria\/wp-content\/uploads\/sites\/9\/2018\/05\/061.jpg","type":"image\/jpeg"}],"author":"Juan Ignacio Prieto Nieto","twitter_card":"summary_large_image","twitter_misc":{"Escrito por":"Juan Ignacio Prieto Nieto","Tiempo de lectura":"2 minutos"},"schema":{"@context":"https:\/\/schema.org","@graph":[{"@type":"WebPage","@id":"https:\/\/www.asajacyl.com\/soria\/servicios-socio\/informes\/dossier-prensa-2018-2019","url":"https:\/\/www.asajacyl.com\/soria\/servicios-socio\/informes\/dossier-prensa-2018-2019","name":"DOSSIER DE PRENSA 2018-2019 - ASAJA Soria","isPartOf":{"@id":"https:\/\/www.asajacyl.com\/soria\/#website"},"primaryImageOfPage":{"@id":"https:\/\/www.asajacyl.com\/soria\/servicios-socio\/informes\/dossier-prensa-2018-2019#primaryimage"},"image":{"@id":"https:\/\/www.asajacyl.com\/soria\/servicios-socio\/informes\/dossier-prensa-2018-2019#primaryimage"},"thumbnailUrl":"https:\/\/www.asajacyl.com\/soria\/wp-content\/uploads\/sites\/9\/2018\/05\/061.jpg","datePublished":"2019-04-15T06:50:56+00:00","dateModified":"2019-04-16T06:46:35+00:00","author":{"@id":"https:\/\/www.asajacyl.com\/soria\/#\/schema\/person\/fd3081c40255119ce8133b87e6aedfab"},"description":"&nbsp; Mundo Agrario 15 abril ganader\u00eda 11 abril Mundo agrario 8 abril Dossier prensa 1 abrilESPA\u00d1A VACIADA Dossier prensa 29 marzo PAC purines marzo 19","breadcrumb":{"@id":"https:\/\/www.asajacyl.com\/soria\/servicios-socio\/informes\/dossier-prensa-2018-2019#breadcrumb"},"inLanguage":"es","potentialAction":[{"@type":"ReadAction","target":["https:\/\/www.asajacyl.com\/soria\/servicios-socio\/informes\/dossier-prensa-2018-2019"]}]},{"@type":"ImageObject","inLanguage":"es","@id":"https:\/\/www.asajacyl.com\/soria\/servicios-socio\/informes\/dossier-prensa-2018-2019#primaryimage","url":"https:\/\/www.asajacyl.com\/soria\/wp-content\/uploads\/sites\/9\/2018\/05\/061.jpg","contentUrl":"https:\/\/www.asajacyl.com\/soria\/wp-content\/uploads\/sites\/9\/2018\/05\/061.jpg","width":1280,"height":720},{"@type":"BreadcrumbList","@id":"https:\/\/www.asajacyl.com\/soria\/servicios-socio\/informes\/dossier-prensa-2018-2019#breadcrumb","itemListElement":[{"@type":"ListItem","position":1,"name":"Portada","item":"https:\/\/www.asajacyl.com\/soria\/"},{"@type":"ListItem","position":2,"name":"DOSSIER DE PRENSA 2018-2019"}]},{"@type":"WebSite","@id":"https:\/\/www.asajacyl.com\/soria\/#website","url":"https:\/\/www.asajacyl.com\/soria\/","name":"ASAJA Soria","description":"Otro sitio m\u00e1s de Provincias ASAJA Castilla y Le\u00f3n","potentialAction":[{"@type":"SearchAction","target":{"@type":"EntryPoint","urlTemplate":"https:\/\/www.asajacyl.com\/soria\/?s={search_term_string}"},"query-input":{"@type":"PropertyValueSpecification","valueRequired":true,"valueName":"search_term_string"}}],"inLanguage":"es"},{"@type":"Person","@id":"https:\/\/www.asajacyl.com\/soria\/#\/schema\/person\/fd3081c40255119ce8133b87e6aedfab","name":"Juan Ignacio Prieto Nieto","image":{"@type":"ImageObject","inLanguage":"es","@id":"https:\/\/www.asajacyl.com\/soria\/#\/schema\/person\/image\/","url":"https:\/\/secure.gravatar.com\/avatar\/8266b36e4d9001acb4700699a2468dc8?s=96&d=mm&r=g","contentUrl":"https:\/\/secure.gravatar.com\/avatar\/8266b36e4d9001acb4700699a2468dc8?s=96&d=mm&r=g","caption":"Juan Ignacio Prieto Nieto"},"url":"https:\/\/www.asajacyl.com\/soria\/author\/juanfranciscoby"}]}},"_links":{"self":[{"href":"https:\/\/www.asajacyl.com\/soria\/wp-json\/wp\/v2\/posts\/1147"}],"collection":[{"href":"https:\/\/www.asajacyl.com\/soria\/wp-json\/wp\/v2\/posts"}],"about":[{"href":"https:\/\/www.asajacyl.com\/soria\/wp-json\/wp\/v2\/types\/post"}],"author":[{"embeddable":true,"href":"https:\/\/www.asajacyl.com\/soria\/wp-json\/wp\/v2\/users\/12"}],"replies":[{"embeddable":true,"href":"https:\/\/www.asajacyl.com\/soria\/wp-json\/wp\/v2\/comments?post=1147"}],"version-history":[{"count":55,"href":"https:\/\/www.asajacyl.com\/soria\/wp-json\/wp\/v2\/posts\/1147\/revisions"}],"predecessor-version":[{"id":2131,"href":"https:\/\/www.asajacyl.com\/soria\/wp-json\/wp\/v2\/posts\/1147\/revisions\/2131"}],"wp:featuredmedia":[{"embeddable":true,"href":"https:\/\/www.asajacyl.com\/soria\/wp-json\/wp\/v2\/media\/1155"}],"wp:attachment":[{"href":"https:\/\/www.asajacyl.com\/soria\/wp-json\/wp\/v2\/media?parent=1147"}],"wp:term":[{"taxonomy":"category","embeddable":true,"href":"https:\/\/www.asajacyl.com\/soria\/wp-json\/wp\/v2\/categories?post=1147"},{"taxonomy":"post_tag","embeddable":true,"href":"https:\/\/www.asajacyl.com\/soria\/wp-json\/wp\/v2\/tags?post=1147"}],"curies":[{"name":"wp","href":"https:\/\/api.w.org\/{rel}","templated":true}]}}