{"id":2034,"date":"2019-03-21T08:37:50","date_gmt":"2019-03-21T07:37:50","guid":{"rendered":"https:\/\/www.asajacyl.com\/soria\/?p=2034"},"modified":"2019-08-20T09:03:56","modified_gmt":"2019-08-20T07:03:56","slug":"curso-manipulador-plaguicidas-uso-fitosanitario-nivel-cualificado","status":"publish","type":"post","link":"https:\/\/www.asajacyl.com\/soria\/servicios-socio\/cursos-jornadas\/curso-manipulador-plaguicidas-uso-fitosanitario-nivel-cualificado","title":{"rendered":"Curso de manipulador de plaguicidas de uso fitosanitario, nivel cualificado"},"content":{"rendered":"<h2><span style=\"font-size: 14pt\"><strong>Cofinanciado por el FEADER en un 80 por ciento<\/strong><\/span><\/h2>\n<h2><span style=\"font-size: 14pt\"><strong>FECHA DE INICIO: 26 de marzo de 2019<\/strong><\/span><\/h2>\n<h2><span style=\"font-size: 14pt\"><strong>FECHA FINALIZACI\u00d3N: 03 de abril de 2019<\/strong><\/span><\/h2>\n<h2><span style=\"font-size: 14pt\"><strong>FECHA DE RECEPCI\u00d3N DE SOLICITUDES: Hasta el 18 de marzo de 2019<\/strong><\/span><\/h2>\n<p>El objetivo es formar a los agricultores profesionales, personal responsable de tratamientos fitosanitarios y de semillas y encargados de servicios de tratamientos fitosanitarios a terceros, que poseyendo ya el carnet de manipulador de usuarios profesionales de productos fitosanitarios, en su nivel b\u00e1sico, desean elevar su cualificaci\u00f3n para disponer de la formaci\u00f3n habilitante necesaria con el objeto de obtener el carnet de manipulador de usuarios profesionales de productos fitosanitarios, nivel cualificado.<\/p>\n<p>Los cursos, regulados por la Orden AYG\/15\/2019, de 2 de enero, est\u00e1n incluido dentro las acciones solicitadas por ASAJA-Soria y que pueden estar amparadas por la Orden de 29 de enero de 2019, de la Consejer\u00eda de Agricultura y Ganader\u00eda, por la que se convocan ayudas para la realizaci\u00f3n de acciones de formaci\u00f3n profesional y adquisici\u00f3n de competencias en el marco del Programa de Desarrollo Rural de Castilla y Le\u00f3n 2014-2020 y del Plan anual de formaci\u00f3n agraria y agroalimentaria de esta Consejer\u00eda, cofinanciadas por el FEADER. En concreto dentro de la Submedida 1.1 \u201cApoyo a las acciones de formaci\u00f3n profesional y adquisici\u00f3n de competencias\u201d del Programa de Desarrollo Rural de Castilla y Le\u00f3n 2014-2020.<\/p>\n<p>Para conocer m\u00e1s detalles o c\u00f3mo realizar tu solicitud, en estos documentos adjuntos encontrar\u00e1s el resto de la informaci\u00f3n.<\/p>\n<p><a href=\"https:\/\/www.asajacyl.com\/soria\/wp-content\/uploads\/sites\/9\/2019\/03\/cartel-3-2019-2.pdf\">cartel 3 2019<\/a><\/p>\n<p><img loading=\"lazy\" decoding=\"async\" class=\"aligncenter size-full wp-image-2044\" src=\"https:\/\/www.asajacyl.com\/soria\/wp-content\/uploads\/sites\/9\/2019\/03\/Captura.jpg\" alt=\"\" width=\"1083\" height=\"319\" \/><\/p>\n<h2><span style=\"font-size: 10pt\">Una vez concluy\u00f3 esta actividad formativa, 23 alumnos alcanzaron las competencias correspondientes y solicitaron la expedici\u00f3n del carn\u00e9 de manipulador de plaguicidas de uso fitosanitario, considerando por tanto los objetivos del curso conseguidos.<\/span><\/h2>\n","protected":false},"excerpt":{"rendered":"<p>Cofinanciado por el FEADER en un 80 por ciento FECHA DE INICIO: 26 de marzo de 2019 FECHA FINALIZACI\u00d3N: 03 de abril de 2019 FECHA DE RECEPCI\u00d3N DE SOLICITUDES: Hasta el 18 de marzo de 2019 El objetivo es formar a los agricultores profesionales, personal responsable de tratamientos fitosanitarios y de semillas y encargados de [&hellip;]<\/p>\n","protected":false},"author":12,"featured_media":1534,"comment_status":"open","ping_status":"open","sticky":false,"template":"","format":"standard","meta":{"footnotes":""},"categories":[35],"tags":[],"yoast_head":"<!-- This site is optimized with the Yoast SEO plugin v24.5 - https:\/\/yoast.com\/wordpress\/plugins\/seo\/ -->\n<title>Curso de manipulador de plaguicidas de uso fitosanitario, nivel cualificado - ASAJA Soria<\/title>\n<meta name=\"description\" content=\"Cofinanciado por el FEADER en un 80 por ciento FECHA DE INICIO: 26 de marzo de 2019 FECHA FINALIZACI\u00d3N: 03 de abril de 2019 FECHA DE RECEPCI\u00d3N DE\" \/>\n<meta name=\"robots\" content=\"index, follow, max-snippet:-1, max-image-preview:large, max-video-preview:-1\" \/>\n<link rel=\"canonical\" href=\"https:\/\/www.asajacyl.com\/soria\/servicios-socio\/cursos-jornadas\/curso-manipulador-plaguicidas-uso-fitosanitario-nivel-cualificado\" \/>\n<meta property=\"og:locale\" content=\"es_ES\" \/>\n<meta property=\"og:type\" content=\"article\" \/>\n<meta property=\"og:title\" content=\"Curso de manipulador de plaguicidas de uso fitosanitario, nivel cualificado - ASAJA Soria\" \/>\n<meta property=\"og:description\" content=\"Cofinanciado por el FEADER en un 80 por ciento FECHA DE INICIO: 26 de marzo de 2019 FECHA FINALIZACI\u00d3N: 03 de abril de 2019 FECHA DE RECEPCI\u00d3N DE\" \/>\n<meta property=\"og:url\" content=\"https:\/\/www.asajacyl.com\/soria\/servicios-socio\/cursos-jornadas\/curso-manipulador-plaguicidas-uso-fitosanitario-nivel-cualificado\" \/>\n<meta property=\"og:site_name\" content=\"ASAJA Soria\" \/>\n<meta property=\"article:published_time\" content=\"2019-03-21T07:37:50+00:00\" \/>\n<meta property=\"article:modified_time\" content=\"2019-08-20T07:03:56+00:00\" \/>\n<meta property=\"og:image\" content=\"https:\/\/www.asajacyl.com\/soria\/wp-content\/uploads\/sites\/9\/2018\/08\/013-1.jpg\" \/>\n\t<meta property=\"og:image:width\" content=\"1000\" \/>\n\t<meta property=\"og:image:height\" content=\"563\" \/>\n\t<meta property=\"og:image:type\" content=\"image\/jpeg\" \/>\n<meta name=\"author\" content=\"Juan Ignacio Prieto Nieto\" \/>\n<meta name=\"twitter:card\" content=\"summary_large_image\" \/>\n<meta name=\"twitter:label1\" content=\"Escrito por\" \/>\n\t<meta name=\"twitter:data1\" content=\"Juan Ignacio Prieto Nieto\" \/>\n\t<meta name=\"twitter:label2\" content=\"Tiempo de lectura\" \/>\n\t<meta name=\"twitter:data2\" content=\"1 minuto\" \/>\n<script type=\"application\/ld+json\" class=\"yoast-schema-graph\">{\"@context\":\"https:\/\/schema.org\",\"@graph\":[{\"@type\":\"WebPage\",\"@id\":\"https:\/\/www.asajacyl.com\/soria\/servicios-socio\/cursos-jornadas\/curso-manipulador-plaguicidas-uso-fitosanitario-nivel-cualificado\",\"url\":\"https:\/\/www.asajacyl.com\/soria\/servicios-socio\/cursos-jornadas\/curso-manipulador-plaguicidas-uso-fitosanitario-nivel-cualificado\",\"name\":\"Curso de manipulador de plaguicidas de uso fitosanitario, nivel cualificado - ASAJA Soria\",\"isPartOf\":{\"@id\":\"https:\/\/www.asajacyl.com\/soria\/#website\"},\"primaryImageOfPage\":{\"@id\":\"https:\/\/www.asajacyl.com\/soria\/servicios-socio\/cursos-jornadas\/curso-manipulador-plaguicidas-uso-fitosanitario-nivel-cualificado#primaryimage\"},\"image\":{\"@id\":\"https:\/\/www.asajacyl.com\/soria\/servicios-socio\/cursos-jornadas\/curso-manipulador-plaguicidas-uso-fitosanitario-nivel-cualificado#primaryimage\"},\"thumbnailUrl\":\"https:\/\/www.asajacyl.com\/soria\/wp-content\/uploads\/sites\/9\/2018\/08\/013-1.jpg\",\"datePublished\":\"2019-03-21T07:37:50+00:00\",\"dateModified\":\"2019-08-20T07:03:56+00:00\",\"author\":{\"@id\":\"https:\/\/www.asajacyl.com\/soria\/#\/schema\/person\/fd3081c40255119ce8133b87e6aedfab\"},\"description\":\"Cofinanciado por el FEADER en un 80 por ciento FECHA DE INICIO: 26 de marzo de 2019 FECHA FINALIZACI\u00d3N: 03 de abril de 2019 FECHA DE RECEPCI\u00d3N DE\",\"breadcrumb\":{\"@id\":\"https:\/\/www.asajacyl.com\/soria\/servicios-socio\/cursos-jornadas\/curso-manipulador-plaguicidas-uso-fitosanitario-nivel-cualificado#breadcrumb\"},\"inLanguage\":\"es\",\"potentialAction\":[{\"@type\":\"ReadAction\",\"target\":[\"https:\/\/www.asajacyl.com\/soria\/servicios-socio\/cursos-jornadas\/curso-manipulador-plaguicidas-uso-fitosanitario-nivel-cualificado\"]}]},{\"@type\":\"ImageObject\",\"inLanguage\":\"es\",\"@id\":\"https:\/\/www.asajacyl.com\/soria\/servicios-socio\/cursos-jornadas\/curso-manipulador-plaguicidas-uso-fitosanitario-nivel-cualificado#primaryimage\",\"url\":\"https:\/\/www.asajacyl.com\/soria\/wp-content\/uploads\/sites\/9\/2018\/08\/013-1.jpg\",\"contentUrl\":\"https:\/\/www.asajacyl.com\/soria\/wp-content\/uploads\/sites\/9\/2018\/08\/013-1.jpg\",\"width\":1000,\"height\":563},{\"@type\":\"BreadcrumbList\",\"@id\":\"https:\/\/www.asajacyl.com\/soria\/servicios-socio\/cursos-jornadas\/curso-manipulador-plaguicidas-uso-fitosanitario-nivel-cualificado#breadcrumb\",\"itemListElement\":[{\"@type\":\"ListItem\",\"position\":1,\"name\":\"Portada\",\"item\":\"https:\/\/www.asajacyl.com\/soria\/\"},{\"@type\":\"ListItem\",\"position\":2,\"name\":\"Curso de manipulador de plaguicidas de uso fitosanitario, nivel cualificado\"}]},{\"@type\":\"WebSite\",\"@id\":\"https:\/\/www.asajacyl.com\/soria\/#website\",\"url\":\"https:\/\/www.asajacyl.com\/soria\/\",\"name\":\"ASAJA Soria\",\"description\":\"Otro sitio m\u00e1s de Provincias ASAJA Castilla y Le\u00f3n\",\"potentialAction\":[{\"@type\":\"SearchAction\",\"target\":{\"@type\":\"EntryPoint\",\"urlTemplate\":\"https:\/\/www.asajacyl.com\/soria\/?s={search_term_string}\"},\"query-input\":{\"@type\":\"PropertyValueSpecification\",\"valueRequired\":true,\"valueName\":\"search_term_string\"}}],\"inLanguage\":\"es\"},{\"@type\":\"Person\",\"@id\":\"https:\/\/www.asajacyl.com\/soria\/#\/schema\/person\/fd3081c40255119ce8133b87e6aedfab\",\"name\":\"Juan Ignacio Prieto Nieto\",\"image\":{\"@type\":\"ImageObject\",\"inLanguage\":\"es\",\"@id\":\"https:\/\/www.asajacyl.com\/soria\/#\/schema\/person\/image\/\",\"url\":\"https:\/\/secure.gravatar.com\/avatar\/8266b36e4d9001acb4700699a2468dc8?s=96&d=mm&r=g\",\"contentUrl\":\"https:\/\/secure.gravatar.com\/avatar\/8266b36e4d9001acb4700699a2468dc8?s=96&d=mm&r=g\",\"caption\":\"Juan Ignacio Prieto Nieto\"},\"url\":\"https:\/\/www.asajacyl.com\/soria\/author\/juanfranciscoby\"}]}<\/script>\n<!-- \/ Yoast SEO plugin. -->","yoast_head_json":{"title":"Curso de manipulador de plaguicidas de uso fitosanitario, nivel cualificado - ASAJA Soria","description":"Cofinanciado por el FEADER en un 80 por ciento FECHA DE INICIO: 26 de marzo de 2019 FECHA FINALIZACI\u00d3N: 03 de abril de 2019 FECHA DE RECEPCI\u00d3N DE","robots":{"index":"index","follow":"follow","max-snippet":"max-snippet:-1","max-image-preview":"max-image-preview:large","max-video-preview":"max-video-preview:-1"},"canonical":"https:\/\/www.asajacyl.com\/soria\/servicios-socio\/cursos-jornadas\/curso-manipulador-plaguicidas-uso-fitosanitario-nivel-cualificado","og_locale":"es_ES","og_type":"article","og_title":"Curso de manipulador de plaguicidas de uso fitosanitario, nivel cualificado - ASAJA Soria","og_description":"Cofinanciado por el FEADER en un 80 por ciento FECHA DE INICIO: 26 de marzo de 2019 FECHA FINALIZACI\u00d3N: 03 de abril de 2019 FECHA DE RECEPCI\u00d3N DE","og_url":"https:\/\/www.asajacyl.com\/soria\/servicios-socio\/cursos-jornadas\/curso-manipulador-plaguicidas-uso-fitosanitario-nivel-cualificado","og_site_name":"ASAJA Soria","article_published_time":"2019-03-21T07:37:50+00:00","article_modified_time":"2019-08-20T07:03:56+00:00","og_image":[{"width":1000,"height":563,"url":"https:\/\/www.asajacyl.com\/soria\/wp-content\/uploads\/sites\/9\/2018\/08\/013-1.jpg","type":"image\/jpeg"}],"author":"Juan Ignacio Prieto Nieto","twitter_card":"summary_large_image","twitter_misc":{"Escrito por":"Juan Ignacio Prieto Nieto","Tiempo de lectura":"1 minuto"},"schema":{"@context":"https:\/\/schema.org","@graph":[{"@type":"WebPage","@id":"https:\/\/www.asajacyl.com\/soria\/servicios-socio\/cursos-jornadas\/curso-manipulador-plaguicidas-uso-fitosanitario-nivel-cualificado","url":"https:\/\/www.asajacyl.com\/soria\/servicios-socio\/cursos-jornadas\/curso-manipulador-plaguicidas-uso-fitosanitario-nivel-cualificado","name":"Curso de manipulador de plaguicidas de uso fitosanitario, nivel cualificado - ASAJA Soria","isPartOf":{"@id":"https:\/\/www.asajacyl.com\/soria\/#website"},"primaryImageOfPage":{"@id":"https:\/\/www.asajacyl.com\/soria\/servicios-socio\/cursos-jornadas\/curso-manipulador-plaguicidas-uso-fitosanitario-nivel-cualificado#primaryimage"},"image":{"@id":"https:\/\/www.asajacyl.com\/soria\/servicios-socio\/cursos-jornadas\/curso-manipulador-plaguicidas-uso-fitosanitario-nivel-cualificado#primaryimage"},"thumbnailUrl":"https:\/\/www.asajacyl.com\/soria\/wp-content\/uploads\/sites\/9\/2018\/08\/013-1.jpg","datePublished":"2019-03-21T07:37:50+00:00","dateModified":"2019-08-20T07:03:56+00:00","author":{"@id":"https:\/\/www.asajacyl.com\/soria\/#\/schema\/person\/fd3081c40255119ce8133b87e6aedfab"},"description":"Cofinanciado por el FEADER en un 80 por ciento FECHA DE INICIO: 26 de marzo de 2019 FECHA FINALIZACI\u00d3N: 03 de abril de 2019 FECHA DE RECEPCI\u00d3N DE","breadcrumb":{"@id":"https:\/\/www.asajacyl.com\/soria\/servicios-socio\/cursos-jornadas\/curso-manipulador-plaguicidas-uso-fitosanitario-nivel-cualificado#breadcrumb"},"inLanguage":"es","potentialAction":[{"@type":"ReadAction","target":["https:\/\/www.asajacyl.com\/soria\/servicios-socio\/cursos-jornadas\/curso-manipulador-plaguicidas-uso-fitosanitario-nivel-cualificado"]}]},{"@type":"ImageObject","inLanguage":"es","@id":"https:\/\/www.asajacyl.com\/soria\/servicios-socio\/cursos-jornadas\/curso-manipulador-plaguicidas-uso-fitosanitario-nivel-cualificado#primaryimage","url":"https:\/\/www.asajacyl.com\/soria\/wp-content\/uploads\/sites\/9\/2018\/08\/013-1.jpg","contentUrl":"https:\/\/www.asajacyl.com\/soria\/wp-content\/uploads\/sites\/9\/2018\/08\/013-1.jpg","width":1000,"height":563},{"@type":"BreadcrumbList","@id":"https:\/\/www.asajacyl.com\/soria\/servicios-socio\/cursos-jornadas\/curso-manipulador-plaguicidas-uso-fitosanitario-nivel-cualificado#breadcrumb","itemListElement":[{"@type":"ListItem","position":1,"name":"Portada","item":"https:\/\/www.asajacyl.com\/soria\/"},{"@type":"ListItem","position":2,"name":"Curso de manipulador de plaguicidas de uso fitosanitario, nivel cualificado"}]},{"@type":"WebSite","@id":"https:\/\/www.asajacyl.com\/soria\/#website","url":"https:\/\/www.asajacyl.com\/soria\/","name":"ASAJA Soria","description":"Otro sitio m\u00e1s de Provincias ASAJA Castilla y Le\u00f3n","potentialAction":[{"@type":"SearchAction","target":{"@type":"EntryPoint","urlTemplate":"https:\/\/www.asajacyl.com\/soria\/?s={search_term_string}"},"query-input":{"@type":"PropertyValueSpecification","valueRequired":true,"valueName":"search_term_string"}}],"inLanguage":"es"},{"@type":"Person","@id":"https:\/\/www.asajacyl.com\/soria\/#\/schema\/person\/fd3081c40255119ce8133b87e6aedfab","name":"Juan Ignacio Prieto Nieto","image":{"@type":"ImageObject","inLanguage":"es","@id":"https:\/\/www.asajacyl.com\/soria\/#\/schema\/person\/image\/","url":"https:\/\/secure.gravatar.com\/avatar\/8266b36e4d9001acb4700699a2468dc8?s=96&d=mm&r=g","contentUrl":"https:\/\/secure.gravatar.com\/avatar\/8266b36e4d9001acb4700699a2468dc8?s=96&d=mm&r=g","caption":"Juan Ignacio Prieto Nieto"},"url":"https:\/\/www.asajacyl.com\/soria\/author\/juanfranciscoby"}]}},"_links":{"self":[{"href":"https:\/\/www.asajacyl.com\/soria\/wp-json\/wp\/v2\/posts\/2034"}],"collection":[{"href":"https:\/\/www.asajacyl.com\/soria\/wp-json\/wp\/v2\/posts"}],"about":[{"href":"https:\/\/www.asajacyl.com\/soria\/wp-json\/wp\/v2\/types\/post"}],"author":[{"embeddable":true,"href":"https:\/\/www.asajacyl.com\/soria\/wp-json\/wp\/v2\/users\/12"}],"replies":[{"embeddable":true,"href":"https:\/\/www.asajacyl.com\/soria\/wp-json\/wp\/v2\/comments?post=2034"}],"version-history":[{"count":11,"href":"https:\/\/www.asajacyl.com\/soria\/wp-json\/wp\/v2\/posts\/2034\/revisions"}],"predecessor-version":[{"id":2422,"href":"https:\/\/www.asajacyl.com\/soria\/wp-json\/wp\/v2\/posts\/2034\/revisions\/2422"}],"wp:featuredmedia":[{"embeddable":true,"href":"https:\/\/www.asajacyl.com\/soria\/wp-json\/wp\/v2\/media\/1534"}],"wp:attachment":[{"href":"https:\/\/www.asajacyl.com\/soria\/wp-json\/wp\/v2\/media?parent=2034"}],"wp:term":[{"taxonomy":"category","embeddable":true,"href":"https:\/\/www.asajacyl.com\/soria\/wp-json\/wp\/v2\/categories?post=2034"},{"taxonomy":"post_tag","embeddable":true,"href":"https:\/\/www.asajacyl.com\/soria\/wp-json\/wp\/v2\/tags?post=2034"}],"curies":[{"name":"wp","href":"https:\/\/api.w.org\/{rel}","templated":true}]}}