{"id":2243,"date":"2020-09-01T18:18:00","date_gmt":"2020-09-01T16:18:00","guid":{"rendered":"https:\/\/www.asajacyl.com\/soria\/?p=2243"},"modified":"2020-09-09T11:17:26","modified_gmt":"2020-09-09T09:17:26","slug":"dossier-prensa-2019-2020","status":"publish","type":"post","link":"https:\/\/www.asajacyl.com\/soria\/servicios-socio\/informes\/dossier-prensa-2019-2020","title":{"rendered":"Dossier de prensa 2019-2020"},"content":{"rendered":"<p><a href=\"https:\/\/www.asajacyl.com\/soria\/wp-content\/uploads\/sites\/9\/2020\/09\/Dossier-prensa-4-septiembre-QUEMAS-RECORTES-PAC-AUT\u00d3NOMOS.pdf\">Dossier prensa 4 septiembre QUEMAS, RECORTES PAC, AUT\u00d3NOMOS<\/a><\/p>\n<p><a href=\"https:\/\/www.asajacyl.com\/soria\/wp-content\/uploads\/sites\/9\/2020\/08\/quemas.pdf\">quemas<\/a><\/p>\n<p><a href=\"https:\/\/www.asajacyl.com\/soria\/wp-content\/uploads\/sites\/9\/2020\/08\/202008170919-topillos-y-agroseguro.pdf\">202008170919 topillos y agroseguro<\/a><\/p>\n<p><a href=\"https:\/\/www.asajacyl.com\/soria\/wp-content\/uploads\/sites\/9\/2020\/08\/cosecha-2020.pdf\">cosecha 2020<\/a><\/p>\n<p><a href=\"https:\/\/www.asajacyl.com\/soria\/wp-content\/uploads\/sites\/9\/2020\/09\/Dossier-prensa-14-8-2020.pdf\">Dossier prensa 14-8-2020<\/a><\/p>\n<p><a href=\"https:\/\/www.asajacyl.com\/soria\/wp-content\/uploads\/sites\/9\/2020\/09\/MUNDO-AGRARIO-10-AG.pdf\">MUNDO AGRARIO 10 AG<\/a><\/p>\n<p><a href=\"https:\/\/www.asajacyl.com\/soria\/wp-content\/uploads\/sites\/9\/2020\/09\/Dossier-prensa-4-8-2020.pdf\">Dossier prensa 4-8-2020<\/a><\/p>\n<p><a href=\"https:\/\/www.asajacyl.com\/soria\/wp-content\/uploads\/sites\/9\/2020\/09\/AYUDAS-DIPUTACI\u00d3N-PORCINO-AGOSTO-2020.pdf\">AYUDAS DIPUTACI\u00d3N PORCINO AGOSTO 2020<\/a><\/p>\n<p><a href=\"https:\/\/www.asajacyl.com\/soria\/wp-content\/uploads\/sites\/9\/2020\/07\/Dossier-prensa-24-julio-PAC.pdf\">Dossier prensa 24 julio PAC<\/a><\/p>\n<p><a href=\"https:\/\/www.asajacyl.com\/soria\/wp-content\/uploads\/sites\/9\/2020\/07\/Dossier-prensa-23-julio-AGROINDUSTRIA.pdf\">Dossier prensa 23 julio AGROINDUSTRIA<\/a><\/p>\n<p><a href=\"https:\/\/www.asajacyl.com\/soria\/wp-content\/uploads\/sites\/9\/2020\/07\/Dossier-prensa-22-julio-M\u00c1S-SOBRE-RECORTES-PAC.pdf\">Dossier prensa 22 julio M\u00c1S SOBRE RECORTES PAC<\/a><\/p>\n<p><a href=\"https:\/\/www.asajacyl.com\/soria\/wp-content\/uploads\/sites\/9\/2020\/07\/Dossier-prensa-16-julio-previsi\u00f3n-regional-cosecha-1.pdf\">Dossier prensa 16 julio previsi\u00f3n regional cosecha<\/a><\/p>\n<p><a href=\"https:\/\/www.asajacyl.com\/soria\/wp-content\/uploads\/sites\/9\/2020\/07\/prensa-16-julio-vi\u00f1edo-cosecha-encuesta.pdf\">prensa 16 julio vi\u00f1edo, cosecha, encuesta<\/a><\/p>\n<p><a href=\"https:\/\/www.asajacyl.com\/soria\/wp-content\/uploads\/sites\/9\/2020\/07\/INCORPORACI\u00d3N-J\u00d3VENES.pdf\">INCORPORACI\u00d3N J\u00d3VENES<\/a><\/p>\n<p><a href=\"https:\/\/www.asajacyl.com\/soria\/wp-content\/uploads\/sites\/9\/2020\/07\/Dossier-prensa-16-julio-previsi\u00f3n-regional-cosecha.pdf\">Dossier prensa 16 julio previsi\u00f3n regional cosecha<\/a><\/p>\n<p><a href=\"https:\/\/www.asajacyl.com\/soria\/wp-content\/uploads\/sites\/9\/2020\/07\/PRECIOS-CEREALES.pdf\">PRECIOS CEREALES<\/a><\/p>\n<p><a href=\"https:\/\/www.asajacyl.com\/soria\/wp-content\/uploads\/sites\/9\/2020\/07\/Dossier-prensa-9-julio-pol\u00e9mica-ITACYL.pdf\">Dossier prensa 9 julio pol\u00e9mica ITACYL<\/a><\/p>\n<p><a href=\"https:\/\/www.asajacyl.com\/soria\/wp-content\/uploads\/sites\/9\/2020\/07\/Dossier-prensa-3-julio-C\u00c1LCULOS-COSECHA-CYL.pdf\">Dossier prensa 3 julio C\u00c1LCULOS COSECHA CYL<\/a><\/p>\n<p><a href=\"https:\/\/www.asajacyl.com\/soria\/wp-content\/uploads\/sites\/9\/2020\/05\/caza-asaja-soria.pdf\">caza asaja soria<\/a><\/p>\n<p><a href=\"https:\/\/www.asajacyl.com\/soria\/wp-content\/uploads\/sites\/9\/2020\/05\/Mundo-Agrario-20-abril.pdf\">Mundo Agrario 20 abril<\/a><\/p>\n<p><a href=\"https:\/\/www.asajacyl.com\/soria\/wp-content\/uploads\/sites\/9\/2020\/05\/Dossier-prensa-mundo-agrario-13-ab.pdf\">Dossier prensa mundo agrario 13 ab<\/a><\/p>\n<p><a href=\"https:\/\/www.asajacyl.com\/soria\/wp-content\/uploads\/sites\/9\/2020\/05\/Dossier-prensa-16-abril.pdf\">Dossier prensa 16 abril<\/a><\/p>\n<p><a href=\"https:\/\/www.asajacyl.com\/soria\/wp-content\/uploads\/sites\/9\/2020\/05\/ovino.pdf\">ovino<\/a><\/p>\n<p><a href=\"https:\/\/www.asajacyl.com\/soria\/wp-content\/uploads\/sites\/9\/2020\/05\/TRACTORADA-D\u00cdA-SIGUIENTE.pdf\">TRACTORADA D\u00cdA SIGUIENTE<\/a><\/p>\n<p><a href=\"https:\/\/www.asajacyl.com\/soria\/wp-content\/uploads\/sites\/9\/2020\/05\/TRACTORADA-2.pdf\">TRACTORADA 2<\/a><\/p>\n<p><a href=\"https:\/\/www.asajacyl.com\/soria\/wp-content\/uploads\/sites\/9\/2020\/05\/TRACTORADA-1.pdf\">TRACTORADA 1<\/a><\/p>\n<p><a href=\"https:\/\/www.asajacyl.com\/soria\/wp-content\/uploads\/sites\/9\/2020\/05\/Escrito-MAPA-medidas-producciones-ganaderas-espec\u00edficas.pdf\">Escrito MAPA medidas producciones ganaderas espec\u00edficas<\/a><\/p>\n<p><a href=\"https:\/\/www.asajacyl.com\/soria\/wp-content\/uploads\/sites\/9\/2020\/05\/ART\u00cdCULO-RA\u00daL-LOZANO.pdf\">ART\u00cdCULO RA\u00daL LOZANO<\/a><\/p>\n<p><a href=\"https:\/\/www.asajacyl.com\/soria\/wp-content\/uploads\/sites\/9\/2020\/05\/ART\u00cdCULO-OPINI\u00d3N-MIGUEL-\u00c1NGEL-LOZANO.pdf\">ART\u00cdCULO OPINI\u00d3N MIGUEL \u00c1NGEL LOZANO<\/a><\/p>\n<p><a href=\"https:\/\/www.asajacyl.com\/soria\/wp-content\/uploads\/sites\/9\/2020\/02\/el-campo-de-Soria-mantiene-la-tractorada.pdf\">el campo de Soria mantiene la tractorada<\/a><\/p>\n<p><a href=\"https:\/\/www.asajacyl.com\/soria\/wp-content\/uploads\/sites\/9\/2020\/02\/Mundo-Agrario-2-marzo.pdf\">Mundo Agrario 2 marzo<\/a><\/p>\n<p><a href=\"https:\/\/www.asajacyl.com\/soria\/wp-content\/uploads\/sites\/9\/2020\/02\/MOVILIZACI\u00d3N-asaja-primera-1.pdf\">MOVILIZACI\u00d3N asaja primera<\/a><\/p>\n<p><a href=\"https:\/\/www.asajacyl.com\/soria\/wp-content\/uploads\/sites\/9\/2020\/02\/Dossier-prensa-21-de-febrero-presupuestos-ue.pdf\">Dossier prensa 21 de febrero presupuestos ue<\/a><\/p>\n<p><a href=\"https:\/\/www.asajacyl.com\/soria\/wp-content\/uploads\/sites\/9\/2020\/02\/principales-reivindicaciones-31-enero-campo.pdf\">principales reivindicaciones 31 enero campo<\/a><\/p>\n<p><a href=\"https:\/\/www.asajacyl.com\/soria\/wp-content\/uploads\/sites\/9\/2020\/02\/Dossier-prensa-25-de-febrero-cadena-alimentaria.pdf\">Dossier prensa 25 de febrero cadena alimentaria<\/a><\/p>\n<p><a href=\"https:\/\/www.asajacyl.com\/soria\/wp-content\/uploads\/sites\/9\/2020\/02\/PPYPSOE-CY-PAC.pdf\">PPYPSOE CY PAC<\/a><\/p>\n<p><a href=\"https:\/\/www.asajacyl.com\/soria\/wp-content\/uploads\/sites\/9\/2020\/02\/ayudas-econom\u00eda-social.pdf\">ayudas econom\u00eda social<\/a><\/p>\n<p><a href=\"https:\/\/www.asajacyl.com\/soria\/wp-content\/uploads\/sites\/9\/2020\/02\/ok-incendios.pdf\">ok incendios<\/a><\/p>\n<p><a href=\"https:\/\/www.asajacyl.com\/soria\/wp-content\/uploads\/sites\/9\/2020\/02\/Dossier-prensa-17-febrero.pdf\">Dossier prensa 17 febrero<\/a><\/p>\n<p><a href=\"https:\/\/www.asajacyl.com\/soria\/wp-content\/uploads\/sites\/9\/2020\/02\/Mundo-Agrario-17-febrero-zabro.pdf\">Mundo Agrario 17 febrero zabro<\/a><\/p>\n<p><a href=\"https:\/\/www.asajacyl.com\/soria\/wp-content\/uploads\/sites\/9\/2020\/02\/pur\u00edn-2.pdf\">pur\u00edn 2<\/a><\/p>\n<p><a href=\"https:\/\/www.asajacyl.com\/soria\/wp-content\/uploads\/sites\/9\/2020\/02\/pur\u00edn-1.pdf\">pur\u00edn 1<\/a><\/p>\n<p><a href=\"https:\/\/www.asajacyl.com\/soria\/wp-content\/uploads\/sites\/9\/2020\/02\/Mundo-Agrario-10-febrero.pdf\">Mundo Agrario 10 febrero<\/a><\/p>\n<p><a href=\"https:\/\/www.asajacyl.com\/soria\/wp-content\/uploads\/sites\/9\/2020\/02\/MOVILIZACI\u00d3N-asaja-primera.pdf\">MOVILIZACI\u00d3N asaja primera<\/a><\/p>\n<p><a href=\"https:\/\/www.asajacyl.com\/soria\/wp-content\/uploads\/sites\/9\/2020\/02\/ASAJA-solicita-reducci\u00f3n-de-m\u00f3dulos.pdf\">ASAJA solicita reducci\u00f3n de m\u00f3dulos<\/a><\/p>\n<p><a href=\"https:\/\/www.asajacyl.com\/soria\/wp-content\/uploads\/sites\/9\/2020\/02\/Asaja-2-MOVILIZACI\u00d3N.pdf\">Asaja 2 MOVILIZACI\u00d3N<\/a><\/p>\n<p><a href=\"https:\/\/www.asajacyl.com\/soria\/wp-content\/uploads\/sites\/9\/2020\/02\/Asaja-MOVILIZACI\u00d3N.pdf\">Asaja MOVILIZACI\u00d3N<\/a><\/p>\n<p><a href=\"https:\/\/www.asajacyl.com\/soria\/wp-content\/uploads\/sites\/9\/2020\/02\/Dossier-prensa-25-26-y-27-enero.pdf\">Dossier prensa 25, 26 y 27 enero<\/a><\/p>\n<p><a href=\"https:\/\/www.asajacyl.com\/soria\/wp-content\/uploads\/sites\/9\/2020\/02\/ayudas-eficiencia-energ\u00e9tica.pdf\">ayudas eficiencia energ\u00e9tica<\/a><\/p>\n<p><a href=\"https:\/\/www.asajacyl.com\/soria\/wp-content\/uploads\/sites\/9\/2020\/02\/cultivos-fijadores-de-nitr\u00f3geno.pdf\">cultivos fijadores de nitr\u00f3geno<\/a><\/p>\n<p><a href=\"https:\/\/www.asajacyl.com\/soria\/wp-content\/uploads\/sites\/9\/2020\/02\/VINO-DE-SORIA.pdf\">VINO DE SORIA<\/a><\/p>\n<p><a href=\"https:\/\/www.asajacyl.com\/soria\/wp-content\/uploads\/sites\/9\/2019\/12\/movilizaciones201912120858-1.pdf\">movilizaciones201912120858<\/a><\/p>\n<p><a href=\"https:\/\/www.asajacyl.com\/soria\/wp-content\/uploads\/sites\/9\/2019\/12\/mapa-emergencia-cineg\u00e9tica-Soria.pdf\">mapa emergencia cineg\u00e9tica Soria<\/a><\/p>\n<p><a href=\"https:\/\/www.asajacyl.com\/soria\/wp-content\/uploads\/sites\/9\/2019\/12\/ESPIGA-TIZ\u00d3N-19.pdf\">ESPIGA TIZ\u00d3N 19<\/a><\/p>\n<p><a href=\"https:\/\/www.asajacyl.com\/soria\/wp-content\/uploads\/sites\/9\/2019\/12\/Dossier-prensa-13-diciembre.pdf\">Dossier prensa 13 diciembre LEY DE CAZA<\/a><\/p>\n<p><a href=\"https:\/\/www.asajacyl.com\/soria\/wp-content\/uploads\/sites\/9\/2019\/12\/Dossier-prensa-12-diciembre.pdf\">Dossier prensa 12 diciembre PAC<\/a><\/p>\n<p><a href=\"https:\/\/www.asajacyl.com\/soria\/wp-content\/uploads\/sites\/9\/2019\/12\/movilizaciones201912120858.pdf\">movilizaciones201912120858<\/a><\/p>\n<p><a href=\"https:\/\/www.asajacyl.com\/soria\/wp-content\/uploads\/sites\/9\/2019\/12\/EL-PSOE-PROPONE-AYUDAS-AG-ECOL\u00d3GICA.pdf\">EL PSOE PROPONE AYUDAS AG ECOL\u00d3GICA<\/a><\/p>\n<p><a href=\"https:\/\/www.asajacyl.com\/soria\/wp-content\/uploads\/sites\/9\/2019\/12\/Mundo-Agrario-2-diciembre.pdf\">Mundo Agrario 2 diciembre<\/a><\/p>\n<p><a href=\"https:\/\/www.asajacyl.com\/soria\/wp-content\/uploads\/sites\/9\/2019\/11\/espiga-tiz\u00f3n-fallo-261119.pdf\">espiga tiz\u00f3n fallo 261119<\/a><\/p>\n<p><a href=\"https:\/\/www.asajacyl.com\/soria\/wp-content\/uploads\/sites\/9\/2019\/11\/rentatenientes-nov-19.pdf\">rentatenientes nov 19<\/a><\/p>\n<p><a href=\"https:\/\/www.asajacyl.com\/soria\/wp-content\/uploads\/sites\/9\/2019\/11\/prensa-14-nov-porcino-procurador-com\u00fan.pdf\">prensa 14 nov porcino procurador com\u00fan<\/a><\/p>\n<p><a href=\"https:\/\/www.asajacyl.com\/soria\/wp-content\/uploads\/sites\/9\/2019\/11\/Dossier-prensa-1-2-3-y-4-noviembre.pdf\">Dossier prensa 1, 2, 3 y 4 noviembre<\/a><\/p>\n<p><a href=\"https:\/\/www.asajacyl.com\/soria\/wp-content\/uploads\/sites\/9\/2019\/09\/Mundo-agrario-16-septiembre.pdf\">Mundo agrario 16 septiembre<\/a><\/p>\n<p><a href=\"https:\/\/www.asajacyl.com\/soria\/wp-content\/uploads\/sites\/9\/2019\/09\/Dossier-prensa-14-15-y-16-septiembre.pdf\">Dossier prensa 14, 15 y 16 septiembre<\/a><\/p>\n<p><a href=\"https:\/\/www.asajacyl.com\/soria\/wp-content\/uploads\/sites\/9\/2019\/09\/cultivos-El-Royo.pdf\">cultivos El Royo<\/a><\/p>\n<p><a href=\"https:\/\/www.asajacyl.com\/soria\/wp-content\/uploads\/sites\/9\/2019\/09\/nueva-delegada-territorial.pdf\">nueva delegada territorial<\/a><\/p>\n<p><a href=\"https:\/\/www.asajacyl.com\/soria\/wp-content\/uploads\/sites\/9\/2019\/09\/ayudas-j\u00f3venes-y-precios-trigo-duro.pdf\">ayudas j\u00f3venes y precios trigo duro<\/a><\/p>\n<p><a href=\"https:\/\/www.asajacyl.com\/soria\/wp-content\/uploads\/sites\/9\/2019\/09\/Dossier-prensa-1-y-2-septiembre.pdf\">Dossier prensa 1 y 2 septiembre<\/a><\/p>\n<p><a href=\"https:\/\/www.asajacyl.com\/soria\/wp-content\/uploads\/sites\/9\/2019\/08\/vaticinio-vendimia.pdf\">vaticinio vendimia<\/a><\/p>\n<p><a href=\"https:\/\/www.asajacyl.com\/soria\/wp-content\/uploads\/sites\/9\/2019\/07\/topillos.pdf\">topillos<\/a><\/p>\n<p><a href=\"https:\/\/www.asajacyl.com\/soria\/wp-content\/uploads\/sites\/9\/2019\/07\/seguros-agrarios.pdf\">seguros agrarios<\/a><\/p>\n<p><a href=\"https:\/\/www.asajacyl.com\/soria\/wp-content\/uploads\/sites\/9\/2019\/07\/cosecha-19.pdf\">cosecha 19<\/a><\/p>\n<p><a href=\"https:\/\/www.asajacyl.com\/soria\/wp-content\/uploads\/sites\/9\/2019\/07\/organigrama-JUNTA-CYL.pdf\">organigrama JUNTA CYL<\/a><\/p>\n<p><a href=\"https:\/\/www.asajacyl.com\/soria\/wp-content\/uploads\/sites\/9\/2019\/07\/de-gregorio-agri-dipu.pdf\">de gregorio agri dipu<\/a><\/p>\n<p><a href=\"https:\/\/www.asajacyl.com\/soria\/wp-content\/uploads\/sites\/9\/2019\/07\/da\u00f1os-pedrisco-9-y-10-julio.pdf\">da\u00f1os pedrisco 9 y 10 julio<\/a><\/p>\n<p><a href=\"https:\/\/www.asajacyl.com\/soria\/wp-content\/uploads\/sites\/9\/2019\/07\/Dossier-prensa-5-julio-ADELANTO-PAC.pdf\">Dossier prensa 5 julio ADELANTO PAC<\/a><\/p>\n<p><a href=\"https:\/\/www.asajacyl.com\/soria\/wp-content\/uploads\/sites\/9\/2019\/07\/da\u00f1os-antes-de-la-cosecha-y-editorial.pdf\">da\u00f1os antes de la cosecha y editorial<\/a><\/p>\n<p><a href=\"https:\/\/www.asajacyl.com\/soria\/wp-content\/uploads\/sites\/9\/2019\/07\/INDEMNIZACIONES-SEGUROS.pdf\">INDEMNIZACIONES SEGUROS<\/a><\/p>\n<p><a href=\"https:\/\/www.asajacyl.com\/soria\/wp-content\/uploads\/sites\/9\/2019\/07\/sequ\u00eda-incendios.pdf\">sequ\u00eda incendios<\/a><\/p>\n<p><a href=\"https:\/\/www.asajacyl.com\/soria\/wp-content\/uploads\/sites\/9\/2019\/07\/Dossier-prensa-1-julio.pdf\">Dossier prensa 1 julio<\/a><\/p>\n<p><a href=\"https:\/\/www.asajacyl.com\/soria\/wp-content\/uploads\/sites\/9\/2019\/07\/Dossier-prensa-22-23-y-24-junio.pdf\">Dossier prensa 22, 23 y 24 junio<\/a><\/p>\n<p><a href=\"https:\/\/www.asajacyl.com\/soria\/wp-content\/uploads\/sites\/9\/2019\/06\/Dossier-prensa-21-junio.pdf\">Dossier prensa 21 junio<\/a><\/p>\n<p><a href=\"https:\/\/www.asajacyl.com\/soria\/wp-content\/uploads\/sites\/9\/2019\/06\/mesa-redonda-temas-campo-Heraldo-Diario.pdf\">mesa redonda temas campo Heraldo Diario<\/a><\/p>\n<p><a href=\"https:\/\/www.asajacyl.com\/soria\/wp-content\/uploads\/sites\/9\/2019\/06\/campos-ensayo.pdf\">campos ensayo<\/a><\/p>\n<p><a href=\"https:\/\/www.asajacyl.com\/soria\/wp-content\/uploads\/sites\/9\/2019\/06\/Mundo-Agrario-17-junio.pdf\">Mundo Agrario 17 junio<\/a><\/p>\n<p><a href=\"https:\/\/www.asajacyl.com\/soria\/wp-content\/uploads\/sites\/9\/2019\/06\/Dossier-prensa-12-junio-porcino.pdf\">Dossier prensa 12 junio porcino<\/a><\/p>\n<p><a href=\"https:\/\/www.asajacyl.com\/soria\/wp-content\/uploads\/sites\/9\/2019\/06\/Mundo-Agrario-10-junio.pdf\">Mundo Agrario 10 junio<\/a><\/p>\n<p><a href=\"https:\/\/www.asajacyl.com\/soria\/wp-content\/uploads\/sites\/9\/2019\/06\/Mundo-Agrario-3-junio.pdf\">Mundo Agrario 3 junio<\/a><\/p>\n<p><a href=\"https:\/\/www.asajacyl.com\/soria\/wp-content\/uploads\/sites\/9\/2019\/06\/Dossier-prensa-4-junio.pdf\">Dossier prensa 4 junio<\/a><\/p>\n<p><a href=\"https:\/\/www.asajacyl.com\/soria\/wp-content\/uploads\/sites\/9\/2019\/06\/Dossier-prensa-1-y-3-junio.pdf\">Dossier prensa 1 y 3 junio<\/a><\/p>\n<p><a href=\"https:\/\/www.asajacyl.com\/soria\/wp-content\/uploads\/sites\/9\/2019\/06\/alejandro-aguado201906030849.pdf\">alejandro aguado201906030849<\/a><\/p>\n<p><a href=\"https:\/\/www.asajacyl.com\/soria\/wp-content\/uploads\/sites\/9\/2019\/06\/Mundo-Agrario-20-mayo.pdf\">Mundo Agrario 20 mayo<\/a><\/p>\n<p><a href=\"https:\/\/www.asajacyl.com\/soria\/wp-content\/uploads\/sites\/9\/2019\/06\/Dossier-prensa-30-mayo.pdf\">Dossier prensa 30 mayo<\/a><\/p>\n<p><a href=\"https:\/\/www.asajacyl.com\/soria\/wp-content\/uploads\/sites\/9\/2019\/06\/Dossier-prensa-24-mayo.pdf\">Dossier prensa 24 mayo<\/a><\/p>\n<p><a href=\"https:\/\/www.asajacyl.com\/soria\/wp-content\/uploads\/sites\/9\/2019\/06\/Dossier-prensa-22-mayo.pdf\">Dossier prensa 22 mayo<\/a><\/p>\n<p><a href=\"https:\/\/www.asajacyl.com\/soria\/wp-content\/uploads\/sites\/9\/2019\/06\/Dossier-prensa-18-19-y-20-mayo.pdf\">Dossier prensa 18, 19 y 20 mayo<\/a><\/p>\n<p><a href=\"https:\/\/www.asajacyl.com\/soria\/wp-content\/uploads\/sites\/9\/2019\/06\/Dossier-prensa-17-mayo.pdf\">Dossier prensa 17 mayo<\/a><\/p>\n<p><a href=\"https:\/\/www.asajacyl.com\/soria\/wp-content\/uploads\/sites\/9\/2019\/06\/Asaja-vaca.pdf\">Asaja vaca<\/a><\/p>\n<p><a href=\"https:\/\/www.asajacyl.com\/soria\/wp-content\/uploads\/sites\/9\/2019\/06\/asaja-vaca-previa.pdf\">asaja vaca previa<\/a><\/p>\n","protected":false},"excerpt":{"rendered":"<p>Dossier prensa 4 septiembre QUEMAS, RECORTES PAC, AUT\u00d3NOMOS quemas 202008170919 topillos y agroseguro cosecha 2020 Dossier prensa 14-8-2020 MUNDO AGRARIO 10 AG Dossier prensa 4-8-2020 AYUDAS DIPUTACI\u00d3N PORCINO AGOSTO 2020 Dossier prensa 24 julio PAC Dossier prensa 23 julio AGROINDUSTRIA Dossier prensa 22 julio M\u00c1S SOBRE RECORTES PAC Dossier prensa 16 julio previsi\u00f3n regional cosecha [&hellip;]<\/p>\n","protected":false},"author":12,"featured_media":2245,"comment_status":"open","ping_status":"open","sticky":false,"template":"","format":"standard","meta":{"footnotes":""},"categories":[37],"tags":[],"yoast_head":"<!-- This site is optimized with the Yoast SEO plugin v24.5 - https:\/\/yoast.com\/wordpress\/plugins\/seo\/ -->\n<title>Dossier de prensa 2019-2020 - ASAJA Soria<\/title>\n<meta name=\"description\" content=\"Dossier prensa 4 septiembre QUEMAS, RECORTES PAC, AUT\u00d3NOMOS quemas 202008170919 topillos y agroseguro cosecha 2020 Dossier prensa 14-8-2020 MUNDO AGRARIO\" \/>\n<meta name=\"robots\" content=\"index, follow, max-snippet:-1, max-image-preview:large, max-video-preview:-1\" \/>\n<link rel=\"canonical\" href=\"https:\/\/www.asajacyl.com\/soria\/servicios-socio\/informes\/dossier-prensa-2019-2020\" \/>\n<meta property=\"og:locale\" content=\"es_ES\" \/>\n<meta property=\"og:type\" content=\"article\" \/>\n<meta property=\"og:title\" content=\"Dossier de prensa 2019-2020 - ASAJA Soria\" \/>\n<meta property=\"og:description\" content=\"Dossier prensa 4 septiembre QUEMAS, RECORTES PAC, AUT\u00d3NOMOS quemas 202008170919 topillos y agroseguro cosecha 2020 Dossier prensa 14-8-2020 MUNDO AGRARIO\" \/>\n<meta property=\"og:url\" content=\"https:\/\/www.asajacyl.com\/soria\/servicios-socio\/informes\/dossier-prensa-2019-2020\" \/>\n<meta property=\"og:site_name\" content=\"ASAJA Soria\" \/>\n<meta property=\"article:published_time\" content=\"2020-09-01T16:18:00+00:00\" \/>\n<meta property=\"article:modified_time\" content=\"2020-09-09T09:17:26+00:00\" \/>\n<meta property=\"og:image\" content=\"https:\/\/www.asajacyl.com\/soria\/wp-content\/uploads\/sites\/9\/2019\/06\/IMG_1419-rueda-prensa.jpg\" \/>\n\t<meta property=\"og:image:width\" content=\"2500\" \/>\n\t<meta property=\"og:image:height\" content=\"1875\" \/>\n\t<meta property=\"og:image:type\" content=\"image\/jpeg\" \/>\n<meta name=\"author\" content=\"Juan Ignacio Prieto Nieto\" \/>\n<meta name=\"twitter:card\" content=\"summary_large_image\" \/>\n<meta name=\"twitter:label1\" content=\"Escrito por\" \/>\n\t<meta name=\"twitter:data1\" content=\"Juan Ignacio Prieto Nieto\" \/>\n\t<meta name=\"twitter:label2\" content=\"Tiempo de lectura\" \/>\n\t<meta name=\"twitter:data2\" content=\"2 minutos\" \/>\n<script type=\"application\/ld+json\" class=\"yoast-schema-graph\">{\"@context\":\"https:\/\/schema.org\",\"@graph\":[{\"@type\":\"WebPage\",\"@id\":\"https:\/\/www.asajacyl.com\/soria\/servicios-socio\/informes\/dossier-prensa-2019-2020\",\"url\":\"https:\/\/www.asajacyl.com\/soria\/servicios-socio\/informes\/dossier-prensa-2019-2020\",\"name\":\"Dossier de prensa 2019-2020 - ASAJA Soria\",\"isPartOf\":{\"@id\":\"https:\/\/www.asajacyl.com\/soria\/#website\"},\"primaryImageOfPage\":{\"@id\":\"https:\/\/www.asajacyl.com\/soria\/servicios-socio\/informes\/dossier-prensa-2019-2020#primaryimage\"},\"image\":{\"@id\":\"https:\/\/www.asajacyl.com\/soria\/servicios-socio\/informes\/dossier-prensa-2019-2020#primaryimage\"},\"thumbnailUrl\":\"https:\/\/www.asajacyl.com\/soria\/wp-content\/uploads\/sites\/9\/2019\/06\/IMG_1419-rueda-prensa.jpg\",\"datePublished\":\"2020-09-01T16:18:00+00:00\",\"dateModified\":\"2020-09-09T09:17:26+00:00\",\"author\":{\"@id\":\"https:\/\/www.asajacyl.com\/soria\/#\/schema\/person\/fd3081c40255119ce8133b87e6aedfab\"},\"description\":\"Dossier prensa 4 septiembre QUEMAS, RECORTES PAC, AUT\u00d3NOMOS quemas 202008170919 topillos y agroseguro cosecha 2020 Dossier prensa 14-8-2020 MUNDO AGRARIO\",\"breadcrumb\":{\"@id\":\"https:\/\/www.asajacyl.com\/soria\/servicios-socio\/informes\/dossier-prensa-2019-2020#breadcrumb\"},\"inLanguage\":\"es\",\"potentialAction\":[{\"@type\":\"ReadAction\",\"target\":[\"https:\/\/www.asajacyl.com\/soria\/servicios-socio\/informes\/dossier-prensa-2019-2020\"]}]},{\"@type\":\"ImageObject\",\"inLanguage\":\"es\",\"@id\":\"https:\/\/www.asajacyl.com\/soria\/servicios-socio\/informes\/dossier-prensa-2019-2020#primaryimage\",\"url\":\"https:\/\/www.asajacyl.com\/soria\/wp-content\/uploads\/sites\/9\/2019\/06\/IMG_1419-rueda-prensa.jpg\",\"contentUrl\":\"https:\/\/www.asajacyl.com\/soria\/wp-content\/uploads\/sites\/9\/2019\/06\/IMG_1419-rueda-prensa.jpg\",\"width\":2500,\"height\":1875},{\"@type\":\"BreadcrumbList\",\"@id\":\"https:\/\/www.asajacyl.com\/soria\/servicios-socio\/informes\/dossier-prensa-2019-2020#breadcrumb\",\"itemListElement\":[{\"@type\":\"ListItem\",\"position\":1,\"name\":\"Portada\",\"item\":\"https:\/\/www.asajacyl.com\/soria\/\"},{\"@type\":\"ListItem\",\"position\":2,\"name\":\"Dossier de prensa 2019-2020\"}]},{\"@type\":\"WebSite\",\"@id\":\"https:\/\/www.asajacyl.com\/soria\/#website\",\"url\":\"https:\/\/www.asajacyl.com\/soria\/\",\"name\":\"ASAJA Soria\",\"description\":\"Otro sitio m\u00e1s de Provincias ASAJA Castilla y Le\u00f3n\",\"potentialAction\":[{\"@type\":\"SearchAction\",\"target\":{\"@type\":\"EntryPoint\",\"urlTemplate\":\"https:\/\/www.asajacyl.com\/soria\/?s={search_term_string}\"},\"query-input\":{\"@type\":\"PropertyValueSpecification\",\"valueRequired\":true,\"valueName\":\"search_term_string\"}}],\"inLanguage\":\"es\"},{\"@type\":\"Person\",\"@id\":\"https:\/\/www.asajacyl.com\/soria\/#\/schema\/person\/fd3081c40255119ce8133b87e6aedfab\",\"name\":\"Juan Ignacio Prieto Nieto\",\"image\":{\"@type\":\"ImageObject\",\"inLanguage\":\"es\",\"@id\":\"https:\/\/www.asajacyl.com\/soria\/#\/schema\/person\/image\/\",\"url\":\"https:\/\/secure.gravatar.com\/avatar\/8266b36e4d9001acb4700699a2468dc8?s=96&d=mm&r=g\",\"contentUrl\":\"https:\/\/secure.gravatar.com\/avatar\/8266b36e4d9001acb4700699a2468dc8?s=96&d=mm&r=g\",\"caption\":\"Juan Ignacio Prieto Nieto\"},\"url\":\"https:\/\/www.asajacyl.com\/soria\/author\/juanfranciscoby\"}]}<\/script>\n<!-- \/ Yoast SEO plugin. -->","yoast_head_json":{"title":"Dossier de prensa 2019-2020 - ASAJA Soria","description":"Dossier prensa 4 septiembre QUEMAS, RECORTES PAC, AUT\u00d3NOMOS quemas 202008170919 topillos y agroseguro cosecha 2020 Dossier prensa 14-8-2020 MUNDO AGRARIO","robots":{"index":"index","follow":"follow","max-snippet":"max-snippet:-1","max-image-preview":"max-image-preview:large","max-video-preview":"max-video-preview:-1"},"canonical":"https:\/\/www.asajacyl.com\/soria\/servicios-socio\/informes\/dossier-prensa-2019-2020","og_locale":"es_ES","og_type":"article","og_title":"Dossier de prensa 2019-2020 - ASAJA Soria","og_description":"Dossier prensa 4 septiembre QUEMAS, RECORTES PAC, AUT\u00d3NOMOS quemas 202008170919 topillos y agroseguro cosecha 2020 Dossier prensa 14-8-2020 MUNDO AGRARIO","og_url":"https:\/\/www.asajacyl.com\/soria\/servicios-socio\/informes\/dossier-prensa-2019-2020","og_site_name":"ASAJA Soria","article_published_time":"2020-09-01T16:18:00+00:00","article_modified_time":"2020-09-09T09:17:26+00:00","og_image":[{"width":2500,"height":1875,"url":"https:\/\/www.asajacyl.com\/soria\/wp-content\/uploads\/sites\/9\/2019\/06\/IMG_1419-rueda-prensa.jpg","type":"image\/jpeg"}],"author":"Juan Ignacio Prieto Nieto","twitter_card":"summary_large_image","twitter_misc":{"Escrito por":"Juan Ignacio Prieto Nieto","Tiempo de lectura":"2 minutos"},"schema":{"@context":"https:\/\/schema.org","@graph":[{"@type":"WebPage","@id":"https:\/\/www.asajacyl.com\/soria\/servicios-socio\/informes\/dossier-prensa-2019-2020","url":"https:\/\/www.asajacyl.com\/soria\/servicios-socio\/informes\/dossier-prensa-2019-2020","name":"Dossier de prensa 2019-2020 - ASAJA Soria","isPartOf":{"@id":"https:\/\/www.asajacyl.com\/soria\/#website"},"primaryImageOfPage":{"@id":"https:\/\/www.asajacyl.com\/soria\/servicios-socio\/informes\/dossier-prensa-2019-2020#primaryimage"},"image":{"@id":"https:\/\/www.asajacyl.com\/soria\/servicios-socio\/informes\/dossier-prensa-2019-2020#primaryimage"},"thumbnailUrl":"https:\/\/www.asajacyl.com\/soria\/wp-content\/uploads\/sites\/9\/2019\/06\/IMG_1419-rueda-prensa.jpg","datePublished":"2020-09-01T16:18:00+00:00","dateModified":"2020-09-09T09:17:26+00:00","author":{"@id":"https:\/\/www.asajacyl.com\/soria\/#\/schema\/person\/fd3081c40255119ce8133b87e6aedfab"},"description":"Dossier prensa 4 septiembre QUEMAS, RECORTES PAC, AUT\u00d3NOMOS quemas 202008170919 topillos y agroseguro cosecha 2020 Dossier prensa 14-8-2020 MUNDO AGRARIO","breadcrumb":{"@id":"https:\/\/www.asajacyl.com\/soria\/servicios-socio\/informes\/dossier-prensa-2019-2020#breadcrumb"},"inLanguage":"es","potentialAction":[{"@type":"ReadAction","target":["https:\/\/www.asajacyl.com\/soria\/servicios-socio\/informes\/dossier-prensa-2019-2020"]}]},{"@type":"ImageObject","inLanguage":"es","@id":"https:\/\/www.asajacyl.com\/soria\/servicios-socio\/informes\/dossier-prensa-2019-2020#primaryimage","url":"https:\/\/www.asajacyl.com\/soria\/wp-content\/uploads\/sites\/9\/2019\/06\/IMG_1419-rueda-prensa.jpg","contentUrl":"https:\/\/www.asajacyl.com\/soria\/wp-content\/uploads\/sites\/9\/2019\/06\/IMG_1419-rueda-prensa.jpg","width":2500,"height":1875},{"@type":"BreadcrumbList","@id":"https:\/\/www.asajacyl.com\/soria\/servicios-socio\/informes\/dossier-prensa-2019-2020#breadcrumb","itemListElement":[{"@type":"ListItem","position":1,"name":"Portada","item":"https:\/\/www.asajacyl.com\/soria\/"},{"@type":"ListItem","position":2,"name":"Dossier de prensa 2019-2020"}]},{"@type":"WebSite","@id":"https:\/\/www.asajacyl.com\/soria\/#website","url":"https:\/\/www.asajacyl.com\/soria\/","name":"ASAJA Soria","description":"Otro sitio m\u00e1s de Provincias ASAJA Castilla y Le\u00f3n","potentialAction":[{"@type":"SearchAction","target":{"@type":"EntryPoint","urlTemplate":"https:\/\/www.asajacyl.com\/soria\/?s={search_term_string}"},"query-input":{"@type":"PropertyValueSpecification","valueRequired":true,"valueName":"search_term_string"}}],"inLanguage":"es"},{"@type":"Person","@id":"https:\/\/www.asajacyl.com\/soria\/#\/schema\/person\/fd3081c40255119ce8133b87e6aedfab","name":"Juan Ignacio Prieto Nieto","image":{"@type":"ImageObject","inLanguage":"es","@id":"https:\/\/www.asajacyl.com\/soria\/#\/schema\/person\/image\/","url":"https:\/\/secure.gravatar.com\/avatar\/8266b36e4d9001acb4700699a2468dc8?s=96&d=mm&r=g","contentUrl":"https:\/\/secure.gravatar.com\/avatar\/8266b36e4d9001acb4700699a2468dc8?s=96&d=mm&r=g","caption":"Juan Ignacio Prieto Nieto"},"url":"https:\/\/www.asajacyl.com\/soria\/author\/juanfranciscoby"}]}},"_links":{"self":[{"href":"https:\/\/www.asajacyl.com\/soria\/wp-json\/wp\/v2\/posts\/2243"}],"collection":[{"href":"https:\/\/www.asajacyl.com\/soria\/wp-json\/wp\/v2\/posts"}],"about":[{"href":"https:\/\/www.asajacyl.com\/soria\/wp-json\/wp\/v2\/types\/post"}],"author":[{"embeddable":true,"href":"https:\/\/www.asajacyl.com\/soria\/wp-json\/wp\/v2\/users\/12"}],"replies":[{"embeddable":true,"href":"https:\/\/www.asajacyl.com\/soria\/wp-json\/wp\/v2\/comments?post=2243"}],"version-history":[{"count":41,"href":"https:\/\/www.asajacyl.com\/soria\/wp-json\/wp\/v2\/posts\/2243\/revisions"}],"predecessor-version":[{"id":3593,"href":"https:\/\/www.asajacyl.com\/soria\/wp-json\/wp\/v2\/posts\/2243\/revisions\/3593"}],"wp:featuredmedia":[{"embeddable":true,"href":"https:\/\/www.asajacyl.com\/soria\/wp-json\/wp\/v2\/media\/2245"}],"wp:attachment":[{"href":"https:\/\/www.asajacyl.com\/soria\/wp-json\/wp\/v2\/media?parent=2243"}],"wp:term":[{"taxonomy":"category","embeddable":true,"href":"https:\/\/www.asajacyl.com\/soria\/wp-json\/wp\/v2\/categories?post=2243"},{"taxonomy":"post_tag","embeddable":true,"href":"https:\/\/www.asajacyl.com\/soria\/wp-json\/wp\/v2\/tags?post=2243"}],"curies":[{"name":"wp","href":"https:\/\/api.w.org\/{rel}","templated":true}]}}