{"id":3100,"date":"2020-04-14T18:47:42","date_gmt":"2020-04-14T16:47:42","guid":{"rendered":"https:\/\/www.asajacyl.com\/soria\/?p=3100"},"modified":"2020-04-14T18:53:37","modified_gmt":"2020-04-14T16:53:37","slug":"estamos-presentes","status":"publish","type":"post","link":"https:\/\/www.asajacyl.com\/soria\/asaja-soria-informa\/estamos-presentes","title":{"rendered":"Estamos presentes"},"content":{"rendered":"<p>Justo unos d\u00edas antes de la crisis del coronavirus, le\u00ed en un blog unas reflexiones sobre agricultura que en ese momento ten\u00edan mucha actualidad y raz\u00f3n de ser, pero es que ahora ya se han hecho indiscutibles dada la situaci\u00f3n de emergencia sanitaria mundial.<\/p>\n<p>La reflexi\u00f3n comenzaba con que si pregunt\u00e1semos a cualquier ni\u00f1o qu\u00e9 quiere ser de mayor, seguramente pocos querr\u00e1n ser agricultores y ganaderos. Lo m\u00e1s seguro es que entre las profesiones elegidas habr\u00eda mucho de medio ambiente (ecologistas), heroicidad (bomberos), tecnolog\u00eda (emprendedores) o magia (mago).<\/p>\n<p>Y curiosamente el futuro que le espera al sector primario engloba obligatoriamente estas cuatro competencias. La primera, que los agricultores y los ganaderos son los mayores defensores del medio ambiente,\u00a0 ya que \u2013como m\u00ednimo si quieren vivir de ello- tienen que preservar su medio de trabajo. En segundo lugar, la agroganader\u00eda vertebra el territorio\u00a0y l\u00f3gicamente evita el abandono de las zonas rurales. Por tanto, es una de las medidas m\u00e1s eficaces tambi\u00e9n de prevenci\u00f3n contra incendios, y dar de comer a toda la sociedad al precio que lo hacemos es de h\u00e9roes tambi\u00e9n. Tercer punto: La profesionalizaci\u00f3n del agro pasa por la\u00a0digitalizaci\u00f3n y tecnificaci\u00f3n\u00a0del sector.\u00a0En la actualidad, existen pocos mercados en el que esta revoluci\u00f3n se d\u00e9 con tanta intensidad, ya que en la agricultura el recorrido de mejora es ampl\u00edsimo. Y por \u00faltimo, el que guarda relaci\u00f3n con ser mago, pues que el gran reto del sector primario ser\u00e1 conseguir\u00a0aumentar la producci\u00f3n de las cosechas utilizando menos recursos\u00a0(agua, energ\u00eda, insumos, etc.); en concreto, un aumento de la producci\u00f3n del 70 por ciento en tres d\u00e9cadas, seg\u00fan un reciente informe de la FAO que se llama C\u00f3mo alimentar al mundo en 2050.<\/p>\n<p>Es vital que se ponga en valor el trabajo de los ganaderos y de los agricultores y no solamente porque lo diga este humilde presidente provincial de ASAJA. Vayamos a la realidad: Los profesionales del campo estamos siempre que pones un plato encima de una mesa en la provincia de Soria. Est\u00e1bamos, y vamos a estar cuando pase la alerta sanitaria, en ese caf\u00e9 y en esa tostada de pan cada ma\u00f1ana en un abarrotado y c\u00e9ntrico bar de M\u00e1laga, y el aceite, la manteca, el queso, el tomate, etc\u00e9tera que le pones. Tambi\u00e9n somos esas cervezas al salir del trabajo con los amigos en Plasencia, y el jam\u00f3n que las acompa\u00f1a, estamos en las ensaladas de tus cenas, en las meriendas de los ni\u00f1os, en el plato de pasta que toma la plantilla antes de un partido de f\u00fatbol de Primera Divisi\u00f3n, en las viandas de todo tipo de las bodas, en el algod\u00f3n con el que te desmaquillas, en los dichosos cigarrillos que a veces te gustar\u00eda no fumar, en la fruta que te llevas a la playa\u2026<\/p>\n<p>Los profesionales del campo estamos presentes en mucho m\u00e1s de la mitad de las acciones de tu vida; as\u00ed que no nos desprecies ni nos ningunees porque somos esenciales, aunque muchas veces no lo veas. Y todo eso a precios contenidos, con una calidad indiscutible, con los mejores controles sanitarios, y el m\u00e1ximo respeto al medio ambiente; algo que no pueden decir todos los pa\u00edses ni todos los sectores.<\/p>\n<p>Aunque tambi\u00e9n los hay que no quieren aceptar esa realidad y se ponen en plan fundamentalista con argumentos peregrinos y alejados de la l\u00f3gica, pero a los que se les han visto las costuras cuando llegan momentos como estos que sufre todo el planeta con el COVID-19. Creo que lo que deber\u00edan hacer es conocer in situ la dura, exigente y siempre compleja e incierta realidad del trabajo diario en el campo y a la vez respetar los h\u00e1bitos y necesidades de consumo de los dem\u00e1s. Por m\u00ed, como si quieren comer grava, pero que respeten nuestro trabajo, reconozcan nuestra aportaci\u00f3n clave en una alimentaci\u00f3n equilibrada, sana y variada de la sociedad y que tengan en cuenta que en esta profesi\u00f3n tambi\u00e9n hay personas, que quieren vivir dignamente de su trabajo, sacar adelante a sus familias y que est\u00e1n arriesgando e invirtiendo el dinero de su bolsillo, algo que los \u2018comegravas\u2019 no han hecho ni van a hacer jam\u00e1s.<\/p>\n<p>CARMELO G\u00d3MEZ SANZ<\/p>\n<p>PRESIDENTE DE ASAJA SORIA<\/p>\n","protected":false},"excerpt":{"rendered":"<p>Justo unos d\u00edas antes de la crisis del coronavirus, le\u00ed en un blog unas reflexiones sobre agricultura que en ese momento ten\u00edan mucha actualidad y raz\u00f3n de ser, pero es que ahora ya se han hecho indiscutibles dada la situaci\u00f3n de emergencia sanitaria mundial. La reflexi\u00f3n comenzaba con que si pregunt\u00e1semos a cualquier ni\u00f1o qu\u00e9 [&hellip;]<\/p>\n","protected":false},"author":12,"featured_media":193,"comment_status":"open","ping_status":"open","sticky":false,"template":"","format":"standard","meta":{"footnotes":""},"categories":[10,28],"tags":[],"yoast_head":"<!-- This site is optimized with the Yoast SEO plugin v24.5 - https:\/\/yoast.com\/wordpress\/plugins\/seo\/ -->\n<title>Estamos presentes - ASAJA Soria<\/title>\n<meta name=\"description\" content=\"Justo unos d\u00edas antes de la crisis del coronavirus, le\u00ed en un blog unas reflexiones sobre agricultura que en ese momento ten\u00edan mucha actualidad y raz\u00f3n\" \/>\n<meta name=\"robots\" content=\"index, follow, max-snippet:-1, max-image-preview:large, max-video-preview:-1\" \/>\n<link rel=\"canonical\" href=\"https:\/\/www.asajacyl.com\/soria\/asaja-soria-informa\/estamos-presentes\" \/>\n<meta property=\"og:locale\" content=\"es_ES\" \/>\n<meta property=\"og:type\" content=\"article\" \/>\n<meta property=\"og:title\" content=\"Estamos presentes - ASAJA Soria\" \/>\n<meta property=\"og:description\" content=\"Justo unos d\u00edas antes de la crisis del coronavirus, le\u00ed en un blog unas reflexiones sobre agricultura que en ese momento ten\u00edan mucha actualidad y raz\u00f3n\" \/>\n<meta property=\"og:url\" content=\"https:\/\/www.asajacyl.com\/soria\/asaja-soria-informa\/estamos-presentes\" \/>\n<meta property=\"og:site_name\" content=\"ASAJA Soria\" \/>\n<meta property=\"article:published_time\" content=\"2020-04-14T16:47:42+00:00\" \/>\n<meta property=\"article:modified_time\" content=\"2020-04-14T16:53:37+00:00\" \/>\n<meta property=\"og:image\" content=\"https:\/\/www.asajacyl.com\/soria\/wp-content\/uploads\/sites\/9\/2017\/11\/recurso-cosecha.jpg\" \/>\n\t<meta property=\"og:image:width\" content=\"1920\" \/>\n\t<meta property=\"og:image:height\" content=\"1080\" \/>\n\t<meta property=\"og:image:type\" content=\"image\/jpeg\" \/>\n<meta name=\"author\" content=\"Juan Ignacio Prieto Nieto\" \/>\n<meta name=\"twitter:card\" content=\"summary_large_image\" \/>\n<meta name=\"twitter:label1\" content=\"Escrito por\" \/>\n\t<meta name=\"twitter:data1\" content=\"Juan Ignacio Prieto Nieto\" \/>\n\t<meta name=\"twitter:label2\" content=\"Tiempo de lectura\" \/>\n\t<meta name=\"twitter:data2\" content=\"4 minutos\" \/>\n<script type=\"application\/ld+json\" class=\"yoast-schema-graph\">{\"@context\":\"https:\/\/schema.org\",\"@graph\":[{\"@type\":\"WebPage\",\"@id\":\"https:\/\/www.asajacyl.com\/soria\/asaja-soria-informa\/estamos-presentes\",\"url\":\"https:\/\/www.asajacyl.com\/soria\/asaja-soria-informa\/estamos-presentes\",\"name\":\"Estamos presentes - ASAJA Soria\",\"isPartOf\":{\"@id\":\"https:\/\/www.asajacyl.com\/soria\/#website\"},\"primaryImageOfPage\":{\"@id\":\"https:\/\/www.asajacyl.com\/soria\/asaja-soria-informa\/estamos-presentes#primaryimage\"},\"image\":{\"@id\":\"https:\/\/www.asajacyl.com\/soria\/asaja-soria-informa\/estamos-presentes#primaryimage\"},\"thumbnailUrl\":\"https:\/\/www.asajacyl.com\/soria\/wp-content\/uploads\/sites\/9\/2017\/11\/recurso-cosecha.jpg\",\"datePublished\":\"2020-04-14T16:47:42+00:00\",\"dateModified\":\"2020-04-14T16:53:37+00:00\",\"author\":{\"@id\":\"https:\/\/www.asajacyl.com\/soria\/#\/schema\/person\/fd3081c40255119ce8133b87e6aedfab\"},\"description\":\"Justo unos d\u00edas antes de la crisis del coronavirus, le\u00ed en un blog unas reflexiones sobre agricultura que en ese momento ten\u00edan mucha actualidad y raz\u00f3n\",\"breadcrumb\":{\"@id\":\"https:\/\/www.asajacyl.com\/soria\/asaja-soria-informa\/estamos-presentes#breadcrumb\"},\"inLanguage\":\"es\",\"potentialAction\":[{\"@type\":\"ReadAction\",\"target\":[\"https:\/\/www.asajacyl.com\/soria\/asaja-soria-informa\/estamos-presentes\"]}]},{\"@type\":\"ImageObject\",\"inLanguage\":\"es\",\"@id\":\"https:\/\/www.asajacyl.com\/soria\/asaja-soria-informa\/estamos-presentes#primaryimage\",\"url\":\"https:\/\/www.asajacyl.com\/soria\/wp-content\/uploads\/sites\/9\/2017\/11\/recurso-cosecha.jpg\",\"contentUrl\":\"https:\/\/www.asajacyl.com\/soria\/wp-content\/uploads\/sites\/9\/2017\/11\/recurso-cosecha.jpg\",\"width\":1920,\"height\":1080,\"caption\":\"Cosechar\"},{\"@type\":\"BreadcrumbList\",\"@id\":\"https:\/\/www.asajacyl.com\/soria\/asaja-soria-informa\/estamos-presentes#breadcrumb\",\"itemListElement\":[{\"@type\":\"ListItem\",\"position\":1,\"name\":\"Portada\",\"item\":\"https:\/\/www.asajacyl.com\/soria\/\"},{\"@type\":\"ListItem\",\"position\":2,\"name\":\"Estamos presentes\"}]},{\"@type\":\"WebSite\",\"@id\":\"https:\/\/www.asajacyl.com\/soria\/#website\",\"url\":\"https:\/\/www.asajacyl.com\/soria\/\",\"name\":\"ASAJA Soria\",\"description\":\"Otro sitio m\u00e1s de Provincias ASAJA Castilla y Le\u00f3n\",\"potentialAction\":[{\"@type\":\"SearchAction\",\"target\":{\"@type\":\"EntryPoint\",\"urlTemplate\":\"https:\/\/www.asajacyl.com\/soria\/?s={search_term_string}\"},\"query-input\":{\"@type\":\"PropertyValueSpecification\",\"valueRequired\":true,\"valueName\":\"search_term_string\"}}],\"inLanguage\":\"es\"},{\"@type\":\"Person\",\"@id\":\"https:\/\/www.asajacyl.com\/soria\/#\/schema\/person\/fd3081c40255119ce8133b87e6aedfab\",\"name\":\"Juan Ignacio Prieto Nieto\",\"image\":{\"@type\":\"ImageObject\",\"inLanguage\":\"es\",\"@id\":\"https:\/\/www.asajacyl.com\/soria\/#\/schema\/person\/image\/\",\"url\":\"https:\/\/secure.gravatar.com\/avatar\/8266b36e4d9001acb4700699a2468dc8?s=96&d=mm&r=g\",\"contentUrl\":\"https:\/\/secure.gravatar.com\/avatar\/8266b36e4d9001acb4700699a2468dc8?s=96&d=mm&r=g\",\"caption\":\"Juan Ignacio Prieto Nieto\"},\"url\":\"https:\/\/www.asajacyl.com\/soria\/author\/juanfranciscoby\"}]}<\/script>\n<!-- \/ Yoast SEO plugin. -->","yoast_head_json":{"title":"Estamos presentes - ASAJA Soria","description":"Justo unos d\u00edas antes de la crisis del coronavirus, le\u00ed en un blog unas reflexiones sobre agricultura que en ese momento ten\u00edan mucha actualidad y raz\u00f3n","robots":{"index":"index","follow":"follow","max-snippet":"max-snippet:-1","max-image-preview":"max-image-preview:large","max-video-preview":"max-video-preview:-1"},"canonical":"https:\/\/www.asajacyl.com\/soria\/asaja-soria-informa\/estamos-presentes","og_locale":"es_ES","og_type":"article","og_title":"Estamos presentes - ASAJA Soria","og_description":"Justo unos d\u00edas antes de la crisis del coronavirus, le\u00ed en un blog unas reflexiones sobre agricultura que en ese momento ten\u00edan mucha actualidad y raz\u00f3n","og_url":"https:\/\/www.asajacyl.com\/soria\/asaja-soria-informa\/estamos-presentes","og_site_name":"ASAJA Soria","article_published_time":"2020-04-14T16:47:42+00:00","article_modified_time":"2020-04-14T16:53:37+00:00","og_image":[{"width":1920,"height":1080,"url":"https:\/\/www.asajacyl.com\/soria\/wp-content\/uploads\/sites\/9\/2017\/11\/recurso-cosecha.jpg","type":"image\/jpeg"}],"author":"Juan Ignacio Prieto Nieto","twitter_card":"summary_large_image","twitter_misc":{"Escrito por":"Juan Ignacio Prieto Nieto","Tiempo de lectura":"4 minutos"},"schema":{"@context":"https:\/\/schema.org","@graph":[{"@type":"WebPage","@id":"https:\/\/www.asajacyl.com\/soria\/asaja-soria-informa\/estamos-presentes","url":"https:\/\/www.asajacyl.com\/soria\/asaja-soria-informa\/estamos-presentes","name":"Estamos presentes - ASAJA Soria","isPartOf":{"@id":"https:\/\/www.asajacyl.com\/soria\/#website"},"primaryImageOfPage":{"@id":"https:\/\/www.asajacyl.com\/soria\/asaja-soria-informa\/estamos-presentes#primaryimage"},"image":{"@id":"https:\/\/www.asajacyl.com\/soria\/asaja-soria-informa\/estamos-presentes#primaryimage"},"thumbnailUrl":"https:\/\/www.asajacyl.com\/soria\/wp-content\/uploads\/sites\/9\/2017\/11\/recurso-cosecha.jpg","datePublished":"2020-04-14T16:47:42+00:00","dateModified":"2020-04-14T16:53:37+00:00","author":{"@id":"https:\/\/www.asajacyl.com\/soria\/#\/schema\/person\/fd3081c40255119ce8133b87e6aedfab"},"description":"Justo unos d\u00edas antes de la crisis del coronavirus, le\u00ed en un blog unas reflexiones sobre agricultura que en ese momento ten\u00edan mucha actualidad y raz\u00f3n","breadcrumb":{"@id":"https:\/\/www.asajacyl.com\/soria\/asaja-soria-informa\/estamos-presentes#breadcrumb"},"inLanguage":"es","potentialAction":[{"@type":"ReadAction","target":["https:\/\/www.asajacyl.com\/soria\/asaja-soria-informa\/estamos-presentes"]}]},{"@type":"ImageObject","inLanguage":"es","@id":"https:\/\/www.asajacyl.com\/soria\/asaja-soria-informa\/estamos-presentes#primaryimage","url":"https:\/\/www.asajacyl.com\/soria\/wp-content\/uploads\/sites\/9\/2017\/11\/recurso-cosecha.jpg","contentUrl":"https:\/\/www.asajacyl.com\/soria\/wp-content\/uploads\/sites\/9\/2017\/11\/recurso-cosecha.jpg","width":1920,"height":1080,"caption":"Cosechar"},{"@type":"BreadcrumbList","@id":"https:\/\/www.asajacyl.com\/soria\/asaja-soria-informa\/estamos-presentes#breadcrumb","itemListElement":[{"@type":"ListItem","position":1,"name":"Portada","item":"https:\/\/www.asajacyl.com\/soria\/"},{"@type":"ListItem","position":2,"name":"Estamos presentes"}]},{"@type":"WebSite","@id":"https:\/\/www.asajacyl.com\/soria\/#website","url":"https:\/\/www.asajacyl.com\/soria\/","name":"ASAJA Soria","description":"Otro sitio m\u00e1s de Provincias ASAJA Castilla y Le\u00f3n","potentialAction":[{"@type":"SearchAction","target":{"@type":"EntryPoint","urlTemplate":"https:\/\/www.asajacyl.com\/soria\/?s={search_term_string}"},"query-input":{"@type":"PropertyValueSpecification","valueRequired":true,"valueName":"search_term_string"}}],"inLanguage":"es"},{"@type":"Person","@id":"https:\/\/www.asajacyl.com\/soria\/#\/schema\/person\/fd3081c40255119ce8133b87e6aedfab","name":"Juan Ignacio Prieto Nieto","image":{"@type":"ImageObject","inLanguage":"es","@id":"https:\/\/www.asajacyl.com\/soria\/#\/schema\/person\/image\/","url":"https:\/\/secure.gravatar.com\/avatar\/8266b36e4d9001acb4700699a2468dc8?s=96&d=mm&r=g","contentUrl":"https:\/\/secure.gravatar.com\/avatar\/8266b36e4d9001acb4700699a2468dc8?s=96&d=mm&r=g","caption":"Juan Ignacio Prieto Nieto"},"url":"https:\/\/www.asajacyl.com\/soria\/author\/juanfranciscoby"}]}},"_links":{"self":[{"href":"https:\/\/www.asajacyl.com\/soria\/wp-json\/wp\/v2\/posts\/3100"}],"collection":[{"href":"https:\/\/www.asajacyl.com\/soria\/wp-json\/wp\/v2\/posts"}],"about":[{"href":"https:\/\/www.asajacyl.com\/soria\/wp-json\/wp\/v2\/types\/post"}],"author":[{"embeddable":true,"href":"https:\/\/www.asajacyl.com\/soria\/wp-json\/wp\/v2\/users\/12"}],"replies":[{"embeddable":true,"href":"https:\/\/www.asajacyl.com\/soria\/wp-json\/wp\/v2\/comments?post=3100"}],"version-history":[{"count":3,"href":"https:\/\/www.asajacyl.com\/soria\/wp-json\/wp\/v2\/posts\/3100\/revisions"}],"predecessor-version":[{"id":3103,"href":"https:\/\/www.asajacyl.com\/soria\/wp-json\/wp\/v2\/posts\/3100\/revisions\/3103"}],"wp:featuredmedia":[{"embeddable":true,"href":"https:\/\/www.asajacyl.com\/soria\/wp-json\/wp\/v2\/media\/193"}],"wp:attachment":[{"href":"https:\/\/www.asajacyl.com\/soria\/wp-json\/wp\/v2\/media?parent=3100"}],"wp:term":[{"taxonomy":"category","embeddable":true,"href":"https:\/\/www.asajacyl.com\/soria\/wp-json\/wp\/v2\/categories?post=3100"},{"taxonomy":"post_tag","embeddable":true,"href":"https:\/\/www.asajacyl.com\/soria\/wp-json\/wp\/v2\/tags?post=3100"}],"curies":[{"name":"wp","href":"https:\/\/api.w.org\/{rel}","templated":true}]}}