{"id":3621,"date":"2021-08-13T11:33:39","date_gmt":"2021-08-13T09:33:39","guid":{"rendered":"https:\/\/www.asajacyl.com\/soria\/?p=3621"},"modified":"2021-08-23T11:35:51","modified_gmt":"2021-08-23T09:35:51","slug":"recortes-de-prensa-2020-21","status":"publish","type":"post","link":"https:\/\/www.asajacyl.com\/soria\/servicios-socio\/informes\/recortes-de-prensa-2020-21","title":{"rendered":"Recortes de prensa 2020-21"},"content":{"rendered":"\n<p><a href=\"https:\/\/www.asajacyl.com\/soria\/wp-content\/uploads\/sites\/9\/2021\/08\/pac-desde-el-movil.pdf\">PAC desde el m\u00f3vil<\/a><\/p>\n<p><a href=\"https:\/\/www.asajacyl.com\/soria\/wp-content\/uploads\/sites\/9\/2021\/08\/firmas-peroniel-contra-la-granja.pdf\">firmas peroniel contra la granja<\/a><\/p>\n<!--[if lt IE 9]><script>document.createElement('audio');<\/script><![endif]-->\n<audio class=\"wp-audio-shortcode\" id=\"audio-3621-1\" preload=\"none\" style=\"width: 100%;\" controls=\"controls\"><source type=\"audio\/mpeg\" src=\"https:\/\/www.asajacyl.com\/soria\/wp-content\/uploads\/sites\/9\/2021\/08\/COSECHA-2021.m4a?_=1\" \/><a href=\"https:\/\/www.asajacyl.com\/soria\/wp-content\/uploads\/sites\/9\/2021\/08\/COSECHA-2021.m4a\">https:\/\/www.asajacyl.com\/soria\/wp-content\/uploads\/sites\/9\/2021\/08\/COSECHA-2021.m4a<\/a><\/audio>\n<p>\u00a0cosecha 2021<\/p>\n<p><a href=\"https:\/\/www.asajacyl.com\/soria\/wp-content\/uploads\/sites\/9\/2021\/08\/Dossier-prensa-17-agosto-ASESORAMIENTO.pdf\">Dossier prensa 17 agosto ASESORAMIENTO<\/a><\/p>\n<p><a href=\"https:\/\/www.asajacyl.com\/soria\/wp-content\/uploads\/sites\/9\/2021\/08\/Dossier-prensa-11-agosto.pdf\">Dossier prensa 11 agosto<\/a><\/p>\n<p><a href=\"https:\/\/www.asajacyl.com\/soria\/wp-content\/uploads\/sites\/9\/2021\/08\/Mundo-Agrario-9-agosto.pdf\">Mundo Agrario 9 agosto<\/a><\/p>\n<p><a href=\"https:\/\/www.asajacyl.com\/soria\/wp-content\/uploads\/sites\/9\/2021\/08\/Dossier-prensa-1-y-2-agosto-9-ECOESQUEMAS.pdf\">Dossier prensa 1 y 2 agosto 9 ECOESQUEMAS<\/a><\/p>\n<p><a href=\"https:\/\/www.asajacyl.com\/soria\/wp-content\/uploads\/sites\/9\/2021\/08\/danos-pedrisco-50.000-hectareas.pdf\">da\u00f1os pedrisco 50.000 hect\u00e1reas<\/a><\/p>\n<p><a href=\"https:\/\/www.asajacyl.com\/soria\/wp-content\/uploads\/sites\/9\/2021\/08\/regadio.pdf\">regad\u00edo<\/a><\/p>\n<p><a href=\"https:\/\/www.asajacyl.com\/soria\/wp-content\/uploads\/sites\/9\/2021\/08\/rechazo-mocion-contra-macrogranjas.pdf\">rechazo moci\u00f3n contra macrogranjas<\/a><\/p>\n<p><a href=\"https:\/\/www.asajacyl.com\/soria\/wp-content\/uploads\/sites\/9\/2021\/08\/proyecto-fotovoltaico-y-CHD.pdf\">proyecto fotovoltaico y CHD<\/a><\/p>\n<p><a href=\"https:\/\/www.asajacyl.com\/soria\/wp-content\/uploads\/sites\/9\/2021\/08\/Prensa-de-19-de-julio-de-2021-pedro-barato.pdf\">Prensa de 19 de julio de 2021 pedro barato<\/a><\/p>\n<p><a href=\"https:\/\/www.asajacyl.com\/soria\/wp-content\/uploads\/sites\/9\/2021\/08\/Dossier-prensa-23-julio-PROPAGANDA-PLAN-AGRICULTURA-JOVEN.pdf\">Dossier prensa 23 julio PROPAGANDA PLAN AGRICULTURA JOVEN<\/a><\/p>\n<p><a href=\"https:\/\/www.asajacyl.com\/soria\/wp-content\/uploads\/sites\/9\/2021\/08\/Dossier-prensa-22-julio-PLAN-AGRICULTURA-JOVEN.pdf\">Dossier prensa 22 julio PLAN AGRICULTURA JOVEN<\/a><\/p>\n<p><a href=\"https:\/\/www.asajacyl.com\/soria\/wp-content\/uploads\/sites\/9\/2021\/08\/Dossier-prensa-21-julio-ENTREVISTA-A-BARATO.pdf\">Dossier prensa 21 julio ENTREVISTA A BARATO<\/a><\/p>\n<p><a href=\"https:\/\/www.asajacyl.com\/soria\/wp-content\/uploads\/sites\/9\/2021\/08\/Dossier-prensa-8-julio-garzon-consumo-carne.pdf\">Dossier prensa 8 julio garz\u00f3n consumo carne<\/a><\/p>\n<p><a href=\"https:\/\/www.asajacyl.com\/soria\/wp-content\/uploads\/sites\/9\/2021\/08\/Dossier-Polemica-Carne-Garzon-9-julio.pdf\">Dossier Polemica Carne Garz\u00f3n 9 julio<\/a><\/p>\n<p><a href=\"https:\/\/www.asajacyl.com\/soria\/wp-content\/uploads\/sites\/9\/2021\/08\/6-hectareas-quemadas.pdf\">6 hect\u00e1reas quemadas<\/a><\/p>\n<p><a href=\"https:\/\/www.asajacyl.com\/soria\/wp-content\/uploads\/sites\/9\/2021\/08\/espelta-y-ecologico.pdf\">espelta y ecol\u00f3gico<\/a><\/p>\n<p><a href=\"https:\/\/www.asajacyl.com\/soria\/wp-content\/uploads\/sites\/9\/2021\/08\/Suplemento-medio-ambiente-El-dia-4-junio.pdf\">Suplemento medio ambiente El d\u00eda 4 junio<\/a><\/p>\n<p><a href=\"https:\/\/www.asajacyl.com\/soria\/wp-content\/uploads\/sites\/9\/2021\/05\/upa-pago-redistributivo.pdf\">upa pago redistributivo<\/a><\/p>\n<p><a href=\"https:\/\/www.asajacyl.com\/soria\/wp-content\/uploads\/sites\/9\/2021\/05\/PLAN-RENOVE.pdf\">PLAN RENOVE<\/a><\/p>\n<p><a href=\"https:\/\/www.asajacyl.com\/soria\/wp-content\/uploads\/sites\/9\/2021\/05\/Dossier-prensa-29-junio-asaja-critica-la-pac.pdf\">Dossier prensa 29 junio asaja critica la pac<\/a><\/p>\n<p><a href=\"https:\/\/www.asajacyl.com\/soria\/wp-content\/uploads\/sites\/9\/2021\/05\/202106080820-vaqueria-Noviercas.pdf\">202106080820 vaquer\u00eda Noviercas<\/a><\/p>\n<p><a href=\"https:\/\/www.asajacyl.com\/soria\/wp-content\/uploads\/sites\/9\/2021\/05\/GRANIZO-HECTAREAS-AFECTADAS.pdf\">GRANIZO HECT\u00c1REAS AFECTADAS<\/a><\/p>\n<p><a href=\"https:\/\/www.asajacyl.com\/soria\/wp-content\/uploads\/sites\/9\/2021\/05\/Dossier-prensa-31-mayo.pdf\">Dossier prensa 31 mayo<\/a><\/p>\n<p><a href=\"https:\/\/www.asajacyl.com\/soria\/wp-content\/uploads\/sites\/9\/2021\/03\/Dossier-prensa-26-mayo-LOBO.pdf\">Dossier prensa 26 mayo LOBO<\/a><\/p>\n<p><a href=\"https:\/\/www.asajacyl.com\/soria\/wp-content\/uploads\/sites\/9\/2021\/03\/Dossier-prensa-14-mayo.pdf\">Dossier prensa 14 mayo<\/a><\/p>\n<p><a href=\"https:\/\/www.asajacyl.com\/soria\/wp-content\/uploads\/sites\/9\/2021\/03\/Somos-Campo-15-mayo.pdf\">Somos Campo 15 mayo<\/a><\/p>\n<p><a href=\"https:\/\/www.asajacyl.com\/soria\/wp-content\/uploads\/sites\/9\/2021\/03\/reunion-ASAJA-PPSO.pdf\">reuni\u00f3n ASAJA PPSO<\/a><\/p>\n<p><a href=\"https:\/\/www.asajacyl.com\/soria\/wp-content\/uploads\/sites\/9\/2021\/03\/PREVISIONES-COSECHA-21.pdf\">PREVISIONES COSECHA 21<\/a><\/p>\n<p><a href=\"https:\/\/www.asajacyl.com\/soria\/wp-content\/uploads\/sites\/9\/2021\/03\/Mundo-Agrario-10-mayo.-SEGUROS-AGRARIOS.pdf\">Mundo Agrario 10 mayo. SEGUROS AGRARIOS<\/a><\/p>\n<p><a href=\"https:\/\/www.asajacyl.com\/soria\/wp-content\/uploads\/sites\/9\/2021\/03\/Dossier-prensa-20-mayo-LOBO.pdf\">Dossier prensa 20 mayo LOBO<\/a><\/p>\n<p><a href=\"https:\/\/www.asajacyl.com\/soria\/wp-content\/uploads\/sites\/9\/2021\/03\/DONACIANO-Y-CARMELO-13-MAYO-21.pdf\">DONACIANO Y CARMELO 13 MAYO 21<\/a><\/p>\n<p><a href=\"https:\/\/www.asajacyl.com\/soria\/wp-content\/uploads\/sites\/9\/2021\/03\/Dossier-prensa-19-mayo-ITACYL.pdf\">Dossier prensa 19 mayo ITACYL<\/a><\/p>\n<p><a href=\"https:\/\/www.asajacyl.com\/soria\/wp-content\/uploads\/sites\/9\/2021\/03\/DIPUTACION-JOVENES-AGRICULTORES.pdf\">DIPUTACI\u00d3N J\u00d3VENES AGRICULTORES<\/a><\/p>\n<p><a href=\"https:\/\/www.asajacyl.com\/soria\/wp-content\/uploads\/sites\/9\/2021\/03\/ayudas-a-industrias-agrarias.pdf\">ayudas a industrias agrarias<\/a><\/p>\n<p><a href=\"https:\/\/www.asajacyl.com\/soria\/wp-content\/uploads\/sites\/9\/2021\/03\/202105280820-regadio-Valverde.pdf\">202105280820 regad\u00edo Valverde<\/a><\/p>\n<p><a href=\"https:\/\/www.asajacyl.com\/soria\/wp-content\/uploads\/sites\/9\/2021\/03\/202105130818-PULGON.pdf\">202105130818 PULG\u00d3N<\/a><\/p>\n<p><a href=\"https:\/\/www.asajacyl.com\/soria\/wp-content\/uploads\/sites\/9\/2021\/03\/fitosanitarios.pdf\">fitosanitarios<\/a><\/p>\n<p><a href=\"https:\/\/www.asajacyl.com\/soria\/wp-content\/uploads\/sites\/9\/2021\/03\/Suplemento-Economia-Mundo-4-abril.pdf\">Suplemento Econom\u00eda Mundo 4 abril<\/a><\/p>\n<p><a href=\"https:\/\/www.asajacyl.com\/soria\/wp-content\/uploads\/sites\/9\/2021\/03\/modulos-fiscales.pdf\">m\u00f3dulos fiscales<\/a><\/p>\n<p><a href=\"https:\/\/www.asajacyl.com\/soria\/wp-content\/uploads\/sites\/9\/2021\/03\/Dossier-prensa-8-abril-cooperativismo-y-Lino-Rodriguez.pdf\">Dossier prensa 8 abril cooperativismo y Lino Rodr\u00edguez<\/a><\/p>\n<p><a href=\"https:\/\/www.asajacyl.com\/soria\/wp-content\/uploads\/sites\/9\/2021\/03\/Cultum-Suplemento-Agrario-30-abril-ECOESQUEMAS.pdf\">Cultum Suplemento Agrario 30 abril ECOESQUEMAS<\/a><\/p>\n<p><a href=\"https:\/\/www.asajacyl.com\/soria\/wp-content\/uploads\/sites\/9\/2021\/03\/202104300819-chd-y-odieta.pdf\">202104300819 chd y odieta<\/a><\/p>\n<p><a href=\"https:\/\/www.asajacyl.com\/soria\/wp-content\/uploads\/sites\/9\/2021\/03\/202104150819-GRANIZO.pdf\">202104150819 GRANIZO<\/a><\/p>\n<p><a href=\"https:\/\/www.asajacyl.com\/soria\/wp-content\/uploads\/sites\/9\/2021\/03\/202104150818-LECHERIA-SORIANA.pdf\">202104150818 LECHER\u00cdA SORIANA<\/a><\/p>\n<p><a href=\"https:\/\/www.asajacyl.com\/soria\/wp-content\/uploads\/sites\/9\/2021\/03\/202104070814-purines-ALMAZAN.pdf\">202104070814 purines ALMAZ\u00c1N<\/a><\/p>\n<p><a href=\"https:\/\/www.asajacyl.com\/soria\/wp-content\/uploads\/sites\/9\/2021\/02\/Dossier-prensa-30-marzo.pdf\">Dossier prensa 30 marzo<\/a><\/p>\n<p><a href=\"https:\/\/www.asajacyl.com\/soria\/wp-content\/uploads\/sites\/9\/2021\/02\/Dossier-prensa-18-marzo-articulo-opinion-lobo.pdf\">Dossier prensa 18 marzo art\u00edculo opini\u00f3n lobo<\/a><\/p>\n<p><a href=\"https:\/\/www.asajacyl.com\/soria\/wp-content\/uploads\/sites\/9\/2021\/02\/202103180807-QUE-VIENE-EL-LOBO.pdf\">202103180807 QUE VIENE EL LOBO<\/a><\/p>\n<p><a href=\"https:\/\/www.asajacyl.com\/soria\/wp-content\/uploads\/sites\/9\/2021\/02\/202103120842-porcino.pdf\">202103120842 porcino<\/a><\/p>\n<p><a href=\"https:\/\/www.asajacyl.com\/soria\/wp-content\/uploads\/sites\/9\/2021\/02\/202103111226-ayudas-por-superficie.pdf\">202103111226 ayudas por superficie<\/a><\/p>\n<p><a href=\"https:\/\/www.asajacyl.com\/soria\/wp-content\/uploads\/sites\/9\/2021\/02\/202102240826-florette.pdf\">202102240826 florette<\/a><\/p>\n<p><a href=\"https:\/\/www.asajacyl.com\/soria\/wp-content\/uploads\/sites\/9\/2021\/02\/202102111130-ecoesquemas.pdf\">202102111130 ecoesquemas<\/a><\/p>\n<p><a href=\"https:\/\/www.asajacyl.com\/soria\/wp-content\/uploads\/sites\/9\/2021\/02\/202102240824-vaqueria.pdf\">202102240824 vaquer\u00eda<\/a><\/p>\n<p><a href=\"https:\/\/www.asajacyl.com\/soria\/wp-content\/uploads\/sites\/9\/2021\/02\/REUNION-DELEGADA-PLAN-RECUPERACION.pdf\">REUNI\u00d3N DELEGADA PLAN RECUPERACI\u00d3N<\/a><\/p>\n<p><a href=\"https:\/\/www.asajacyl.com\/soria\/wp-content\/uploads\/sites\/9\/2021\/02\/Cultum-suplemento-agrario-26-febrero.pdf\">Cultum suplemento agrario 26 febrero<\/a><\/p>\n<p><a href=\"https:\/\/www.asajacyl.com\/soria\/wp-content\/uploads\/sites\/9\/2021\/02\/Dossier-prensa-16-febrero-lobo-y-cadena-alimentaria.pdf\">Dossier prensa 16 febrero lobo y cadena alimentaria<\/a><\/p>\n<p><a href=\"https:\/\/www.asajacyl.com\/soria\/wp-content\/uploads\/sites\/9\/2021\/02\/Cultum-Suplemento-Agrario-12-febrero.pdf\">Cultum Suplemento Agrario 12 febrero<\/a><\/p>\n<p><a href=\"https:\/\/www.asajacyl.com\/soria\/wp-content\/uploads\/sites\/9\/2021\/02\/Mundo-Agrario-8-febrero.pdf\">Mundo Agrario 8 febrero<\/a><\/p>\n<p><a href=\"https:\/\/www.asajacyl.com\/soria\/wp-content\/uploads\/sites\/9\/2021\/02\/Cultum-suplemento-agrario-5-febrero.pdf\">Cultum suplemento agrario 5 febrero<\/a><\/p>\n<p><a href=\"https:\/\/www.asajacyl.com\/soria\/wp-content\/uploads\/sites\/9\/2021\/02\/seguros.pdf\">seguros<\/a><\/p>\n<p><a href=\"https:\/\/www.asajacyl.com\/soria\/wp-content\/uploads\/sites\/9\/2021\/02\/campo-polo-recuperacion-feb-21.pdf\">campo polo recuperaci\u00f3n feb 21<\/a><\/p>\n<p><a href=\"https:\/\/www.asajacyl.com\/soria\/wp-content\/uploads\/sites\/9\/2021\/02\/NP_IMPORTANCIA-DE-LAS-LEGUMBRES-EN-EL-DESAYUNO.pdf\">NP_IMPORTANCIA DE LAS LEGUMBRES EN EL DESAYUNO<\/a><\/p>\n<p><a href=\"https:\/\/www.asajacyl.com\/soria\/wp-content\/uploads\/sites\/9\/2021\/01\/Mundo-Agrario-1-febrero.pdf\">Mundo Agrario 1 febrero<\/a><\/p>\n<p><a href=\"https:\/\/www.asajacyl.com\/soria\/wp-content\/uploads\/sites\/9\/2021\/01\/202101210804-plan-puebla.pdf\">202101210804 plan puebla<\/a><\/p>\n<p><a href=\"https:\/\/www.asajacyl.com\/soria\/wp-content\/uploads\/sites\/9\/2021\/01\/greenpeace-vaqueria.pdf\">greenpeace vaquer\u00eda<\/a><\/p>\n<p><a href=\"https:\/\/www.asajacyl.com\/soria\/wp-content\/uploads\/sites\/9\/2021\/01\/Dossier-prensa-21-enero-FONDOS-RECUPERACION.pdf\">Dossier prensa 21 enero FONDOS RECUPERACI\u00d3N<\/a><\/p>\n<p><a href=\"https:\/\/www.asajacyl.com\/soria\/wp-content\/uploads\/sites\/9\/2021\/01\/Dossier-prensa-15-enero-PAC-MENOS-DE-40-ANOS.pdf\">Dossier prensa 15 enero PAC MENOS DE 40 A\u00d1OS<\/a><\/p>\n<p><a href=\"https:\/\/www.asajacyl.com\/soria\/wp-content\/uploads\/sites\/9\/2020\/12\/Dossier-prensa-6-y-7-enero-MODULOS-FISCALES.pdf\">Dossier prensa 6 y 7 enero M\u00d3DULOS FISCALES<\/a><\/p>\n<p><a href=\"https:\/\/www.asajacyl.com\/soria\/wp-content\/uploads\/sites\/9\/2020\/12\/Dossier-prensa-12-enero-ume.pdf\">Dossier prensa 12 enero ume<\/a><\/p>\n<p><a href=\"https:\/\/www.asajacyl.com\/soria\/wp-content\/uploads\/sites\/9\/2020\/12\/greenpeace-vaqueria.pdf\">greenpeace vaquer\u00eda<\/a><\/p>\n<p><a href=\"https:\/\/www.asajacyl.com\/soria\/wp-content\/uploads\/sites\/9\/2020\/12\/30-diciembre-2020-digitalizacion.pdf\">30 diciembre 2020 digitalizaci\u00f3n<\/a><\/p>\n<p><a href=\"https:\/\/www.asajacyl.com\/soria\/wp-content\/uploads\/sites\/9\/2020\/12\/241220-ayudas-ovino.pdf\">241220 ayudas ovino<\/a><\/p>\n<p><a href=\"https:\/\/www.asajacyl.com\/soria\/wp-content\/uploads\/sites\/9\/2020\/12\/202012220810-VAQUERIA-PODEMOS.pdf\">202012220810 VAQUER\u00cdA PODEMOS<\/a><\/p>\n<p><a href=\"https:\/\/www.asajacyl.com\/soria\/wp-content\/uploads\/sites\/9\/2020\/12\/Dossier-prensa-18-diciembre-pac-2023.pdf\">Dossier prensa 18 diciembre PAC 2023<\/a><\/p>\n<p><a href=\"https:\/\/www.asajacyl.com\/soria\/wp-content\/uploads\/sites\/9\/2020\/12\/171220MAPA-Y-TEXTO-ZONAS-DESFAVORECIDAS.pdf\">171220MAPA Y TEXTO ZONAS DESFAVORECIDAS<\/a><\/p>\n<p><a href=\"https:\/\/www.asajacyl.com\/soria\/wp-content\/uploads\/sites\/9\/2020\/09\/Mundo-Agrario-14-diciembre.pdf\">Mundo Agrario 14 diciembre<\/a><\/p>\n<p><a href=\"https:\/\/www.asajacyl.com\/soria\/wp-content\/uploads\/sites\/9\/2020\/09\/Mundo-Agrario-7-diciembre.pdf\">Mundo Agrario 7 diciembre<\/a><\/p>\n<p><a href=\"https:\/\/www.asajacyl.com\/soria\/wp-content\/uploads\/sites\/9\/2020\/09\/ESPIGA-Y-TIZON-Y-OTRA-FORMA-DE-ESTAR-JUNTOS-HERALDO-DIARIO.pdf\">ESPIGA Y TIZ\u00d3N Y OTRA FORMA DE ESTAR JUNTOS HERALDO DIARIO<\/a><\/p>\n<p><a href=\"https:\/\/www.asajacyl.com\/soria\/wp-content\/uploads\/sites\/9\/2020\/09\/incedios-menos-de-una-hectarea-en-2020.pdf\">incendios menos de una hect\u00e1rea en 2020<\/a><\/p>\n<p><a href=\"https:\/\/www.asajacyl.com\/soria\/wp-content\/uploads\/sites\/9\/2020\/09\/Dossier-prensa-11-diciembre-1-ovino.pdf\">Dossier prensa 11 diciembre (1) ovino<\/a><\/p>\n<p><a href=\"https:\/\/www.asajacyl.com\/soria\/wp-content\/uploads\/sites\/9\/2020\/09\/Dossier-prensa-4-diciembre-PERDIDAS-VINEDO.pdf\">Dossier prensa 4 diciembre P\u00c9RDIDAS VI\u00d1EDO<\/a><\/p>\n<p><a href=\"https:\/\/www.asajacyl.com\/soria\/wp-content\/uploads\/sites\/9\/2020\/09\/COAG-CONTRA-GRANJA-NOVIERCAS.pdf\">COAG CONTRA GRANJA NOVIERCAS<\/a><\/p>\n<p><a href=\"https:\/\/www.asajacyl.com\/soria\/wp-content\/uploads\/sites\/9\/2020\/09\/ayudas-purines.pdf\">ayudas purines<\/a><\/p>\n<p><a href=\"https:\/\/www.asajacyl.com\/soria\/wp-content\/uploads\/sites\/9\/2020\/09\/agroseguro.pdf\">agroseguro<\/a><\/p>\n<p><a href=\"https:\/\/www.asajacyl.com\/soria\/wp-content\/uploads\/sites\/9\/2020\/09\/Mundo-Agrario-16-noviembre.pdf\">Mundo Agrario 16 noviembre<\/a><\/p>\n<p><a href=\"https:\/\/www.asajacyl.com\/soria\/wp-content\/uploads\/sites\/9\/2020\/09\/VAQUERIA.pdf\">VAQUER\u00cdA<\/a><\/p>\n<p><a href=\"https:\/\/www.asajacyl.com\/soria\/wp-content\/uploads\/sites\/9\/2020\/09\/IVA-AZUCAR.pdf\">IVA AZ\u00daCAR<\/a><\/p>\n<p><a href=\"https:\/\/www.asajacyl.com\/soria\/wp-content\/uploads\/sites\/9\/2020\/09\/CANAL-BUITRAGO.pdf\">CANAL BUITRAGO<\/a><\/p>\n<p><a href=\"https:\/\/www.asajacyl.com\/soria\/wp-content\/uploads\/sites\/9\/2020\/09\/prensa-19-oct.pdf\">prensa 19 oct<\/a><\/p>\n<p><a href=\"https:\/\/www.asajacyl.com\/soria\/wp-content\/uploads\/sites\/9\/2020\/09\/precios-girasol-oct-20.pdf\">precios girasol oct 20<\/a><\/p>\n<p><a href=\"https:\/\/www.asajacyl.com\/soria\/wp-content\/uploads\/sites\/9\/2020\/09\/Dossier-prensa-7-octubre-CONSEJO-REGIONAL-AGRARIO.pdf\">Dossier prensa 7 octubre CONSEJO REGIONAL AGRARIO<\/a><\/p>\n<p><a href=\"https:\/\/www.asajacyl.com\/soria\/wp-content\/uploads\/sites\/9\/2020\/09\/prensa-10-sept.-montes-publicos-y-asamblea.pdf\">prensa 10 sept. montes p\u00fablicos y asamblea<\/a><\/p>\n<p><a href=\"https:\/\/www.asajacyl.com\/soria\/wp-content\/uploads\/sites\/9\/2020\/09\/heraldo-diario-asamblea-ASAJA-SORIA-1.pdf\">heraldo diario asamblea ASAJA SORIA<\/a><\/p>\n<p><a href=\"https:\/\/www.asajacyl.com\/soria\/wp-content\/uploads\/sites\/9\/2020\/09\/Dossier-prensa-4-septiembre-QUEMAS-RECORTES-PAC-AUTONOMOS.pdf\">Dossier prensa 4 septiembre QUEMAS, RECORTES PAC, AUT\u00d3NOMOS<\/a><\/p>\n<p><a href=\"https:\/\/www.asajacyl.com\/soria\/wp-content\/uploads\/sites\/9\/2020\/09\/MUNDO-AGRARIO-10-AG-1.pdf\">MUNDO AGRARIO 10 AG<\/a><a href=\"https:\/\/www.asajacyl.com\/soria\/wp-content\/uploads\/sites\/9\/2020\/09\/quemas.pdf\">quemas<\/a><\/p>\n<p><a href=\"https:\/\/www.asajacyl.com\/soria\/wp-content\/uploads\/sites\/9\/2020\/09\/cosecha-2020.pdf\">cosecha 2020<\/a><\/p>\n<p><a href=\"https:\/\/www.asajacyl.com\/soria\/wp-content\/uploads\/sites\/9\/2020\/09\/ayudas-DIPUTACION-Porcino.pdf\">ayudas DIPUTACI\u00d3N Porcino<\/a><\/p>\n<p><a href=\"https:\/\/www.asajacyl.com\/soria\/wp-content\/uploads\/sites\/9\/2020\/09\/202008170919-topillos-y-agroseguro.pdf\">202008170919 topillos y agroseguro<\/a><\/p>\n<p>\u00a0<\/p>\n<p><a href=\"https:\/\/www.asajacyl.com\/soria\/wp-content\/uploads\/sites\/9\/2020\/09\/que-se-puede-y-que-no-en-las-fincas.pdf\">qu\u00e9 se puede y qu\u00e9 no en las fincas<\/a><\/p>\n<p><a href=\"https:\/\/www.asajacyl.com\/soria\/wp-content\/uploads\/sites\/9\/2020\/09\/prensa-16-julio-vinedo-cosecha-encuesta.pdf\">prensa 16 julio vi\u00f1edo, cosecha, encuesta<\/a><\/p>\n<p><a href=\"https:\/\/www.asajacyl.com\/soria\/wp-content\/uploads\/sites\/9\/2020\/09\/Dossier-prensa-23-julio-AGROINDUSTRIA.pdf\">Dossier prensa 23 julio AGROINDUSTRIA<\/a><\/p>\n<p><a href=\"https:\/\/www.asajacyl.com\/soria\/wp-content\/uploads\/sites\/9\/2020\/09\/Dossier-prensa-9-julio-polemica-ITACYL.pdf\">Dossier prensa 9 julio pol\u00e9mica ITACYL<\/a><\/p>\n<p><a href=\"https:\/\/www.asajacyl.com\/soria\/wp-content\/uploads\/sites\/9\/2020\/09\/Dossier-prensa-3-julio-CALCULOS-COSECHA-CYL.pdf\">Dossier prensa 3 julio C\u00c1LCULOS COSECHA CYL<\/a><\/p>\n<p><a href=\"https:\/\/www.asajacyl.com\/soria\/wp-content\/uploads\/sites\/9\/2020\/09\/SOLICITUDES-PAC.pdf\">SOLICITUDES PAC<\/a><\/p>\n<p><a href=\"https:\/\/www.asajacyl.com\/soria\/wp-content\/uploads\/sites\/9\/2020\/09\/REGADIO-Y-PAC-3-JUNIO.pdf\">REGAD\u00cdO Y PAC 3 JUNIO<\/a><\/p>\n<p><a href=\"https:\/\/www.asajacyl.com\/soria\/wp-content\/uploads\/sites\/9\/2020\/09\/INCORPORACION.pdf\">INCORPORACI\u00d3N<\/a><\/p>\n<p><a href=\"https:\/\/www.asajacyl.com\/soria\/wp-content\/uploads\/sites\/9\/2020\/09\/Dossier-prensa-19-junio-controles-ganaderia.pdf\">Dossier prensa 19 junio controles ganader\u00eda<\/a><\/p>\n<p><a href=\"https:\/\/www.asajacyl.com\/soria\/wp-content\/uploads\/sites\/9\/2020\/09\/Dossier-prensa-4-junio-CARNERO-ELOGIA-A-LOS-PROFESIONALES-DEL-CAMPO.pdf\">Dossier prensa 4 junio CARNERO ELOGIA A LOS PROFESIONALES DEL CAMPO<\/a><\/p>\n<p><a href=\"https:\/\/www.asajacyl.com\/soria\/wp-content\/uploads\/sites\/9\/2020\/09\/20.06.08-L-Planas-Consejo-informal-UE.pdf\">20.06.08 L Planas Consejo informal UE<\/a><\/p>\n<p><a href=\"https:\/\/www.asajacyl.com\/soria\/wp-content\/uploads\/sites\/9\/2020\/09\/Dossier-prensa-recortes-pac-29-mayo-2020.pdf\">Dossier prensa recortes pac 29 mayo 2020<\/a><\/p>\n<p><a href=\"https:\/\/www.asajacyl.com\/soria\/wp-content\/uploads\/sites\/9\/2020\/09\/Dossier-prensaSUPREMO-DA-LA-RAZON-A-LA-JUNTA-EN-EL-DECRETO-CAZA-15.pdf\">Dossier prensaSUPREMO DA LA RAZ\u00d3N A LA JUNTA EN EL DECRETO CAZA 15<\/a><\/p>\n<p><a href=\"https:\/\/www.asajacyl.com\/soria\/wp-content\/uploads\/sites\/9\/2020\/09\/Dossier-prensa-ue-pac-verde.pdf\">Dossier prensa ue pac verde<\/a><\/p>\n<p><a href=\"https:\/\/www.asajacyl.com\/soria\/wp-content\/uploads\/sites\/9\/2020\/09\/Dossier-prensa-23-25-MAYO-AYUDAS-GANADERIA.pdf\">Dossier prensa 23-25 MAYO AYUDAS GANADER\u00cdA<\/a><\/p>\n<p><a href=\"https:\/\/www.asajacyl.com\/soria\/wp-content\/uploads\/sites\/9\/2020\/09\/Dossier-prensa-20-mayo-AYUDAS-VINO-CONTROVERSIA.pdf\">Dossier prensa 20 mayo AYUDAS VINO CONTROVERSIA<\/a><\/p>\n<p><a href=\"https:\/\/www.asajacyl.com\/soria\/wp-content\/uploads\/sites\/9\/2020\/09\/caza-asaja-soria.pdf\">caza asaja soria<\/a><\/p>\n<p><a href=\"https:\/\/www.asajacyl.com\/soria\/wp-content\/uploads\/sites\/9\/2020\/09\/heraldo-diario-asamblea-ASAJA-SORIA.pdf\">heraldo diario asamblea ASAJA SORIA<\/a><\/p>\n","protected":false},"excerpt":{"rendered":"<p>PAC desde el m\u00f3vil firmas peroniel contra la granja \u00a0cosecha 2021 Dossier prensa 17 agosto ASESORAMIENTO Dossier prensa 11 agosto Mundo Agrario 9 agosto Dossier prensa 1 y 2 agosto 9 ECOESQUEMAS da\u00f1os pedrisco 50.000 hect\u00e1reas regad\u00edo rechazo moci\u00f3n contra macrogranjas proyecto fotovoltaico y CHD Prensa de 19 de julio de 2021 pedro barato Dossier [&hellip;]<\/p>\n","protected":false},"author":12,"featured_media":4556,"comment_status":"open","ping_status":"open","sticky":false,"template":"","format":"standard","meta":{"footnotes":""},"categories":[37],"tags":[],"yoast_head":"<!-- This site is optimized with the Yoast SEO plugin v24.5 - https:\/\/yoast.com\/wordpress\/plugins\/seo\/ -->\n<title>Recortes de prensa 2020-21 - ASAJA Soria<\/title>\n<meta name=\"description\" content=\"PAC desde el m\u00f3vil firmas peroniel contra la granja \u00a0cosecha 2021 Dossier prensa 17 agosto ASESORAMIENTO Dossier prensa 11 agosto Mundo Agrario 9 agosto\" \/>\n<meta name=\"robots\" content=\"index, follow, max-snippet:-1, max-image-preview:large, max-video-preview:-1\" \/>\n<link rel=\"canonical\" href=\"https:\/\/www.asajacyl.com\/soria\/servicios-socio\/informes\/recortes-de-prensa-2020-21\" \/>\n<meta property=\"og:locale\" content=\"es_ES\" \/>\n<meta property=\"og:type\" content=\"article\" \/>\n<meta property=\"og:title\" content=\"Recortes de prensa 2020-21 - ASAJA Soria\" \/>\n<meta property=\"og:description\" content=\"PAC desde el m\u00f3vil firmas peroniel contra la granja \u00a0cosecha 2021 Dossier prensa 17 agosto ASESORAMIENTO Dossier prensa 11 agosto Mundo Agrario 9 agosto\" \/>\n<meta property=\"og:url\" content=\"https:\/\/www.asajacyl.com\/soria\/servicios-socio\/informes\/recortes-de-prensa-2020-21\" \/>\n<meta property=\"og:site_name\" content=\"ASAJA Soria\" \/>\n<meta property=\"article:published_time\" content=\"2021-08-13T09:33:39+00:00\" \/>\n<meta property=\"article:modified_time\" content=\"2021-08-23T09:35:51+00:00\" \/>\n<meta property=\"og:image\" content=\"https:\/\/www.asajacyl.com\/soria\/wp-content\/uploads\/sites\/9\/2021\/05\/IMG_1184-1.jpg\" \/>\n\t<meta property=\"og:image:width\" content=\"2500\" \/>\n\t<meta property=\"og:image:height\" content=\"1875\" \/>\n\t<meta property=\"og:image:type\" content=\"image\/jpeg\" \/>\n<meta name=\"author\" content=\"Juan Ignacio Prieto Nieto\" \/>\n<meta name=\"twitter:card\" content=\"summary_large_image\" \/>\n<meta name=\"twitter:label1\" content=\"Escrito por\" \/>\n\t<meta name=\"twitter:data1\" content=\"Juan Ignacio Prieto Nieto\" \/>\n\t<meta name=\"twitter:label2\" content=\"Tiempo de lectura\" \/>\n\t<meta name=\"twitter:data2\" content=\"3 minutos\" \/>\n<script type=\"application\/ld+json\" class=\"yoast-schema-graph\">{\"@context\":\"https:\/\/schema.org\",\"@graph\":[{\"@type\":\"WebPage\",\"@id\":\"https:\/\/www.asajacyl.com\/soria\/servicios-socio\/informes\/recortes-de-prensa-2020-21\",\"url\":\"https:\/\/www.asajacyl.com\/soria\/servicios-socio\/informes\/recortes-de-prensa-2020-21\",\"name\":\"Recortes de prensa 2020-21 - ASAJA Soria\",\"isPartOf\":{\"@id\":\"https:\/\/www.asajacyl.com\/soria\/#website\"},\"primaryImageOfPage\":{\"@id\":\"https:\/\/www.asajacyl.com\/soria\/servicios-socio\/informes\/recortes-de-prensa-2020-21#primaryimage\"},\"image\":{\"@id\":\"https:\/\/www.asajacyl.com\/soria\/servicios-socio\/informes\/recortes-de-prensa-2020-21#primaryimage\"},\"thumbnailUrl\":\"https:\/\/www.asajacyl.com\/soria\/wp-content\/uploads\/sites\/9\/2021\/05\/IMG_1184-1.jpg\",\"datePublished\":\"2021-08-13T09:33:39+00:00\",\"dateModified\":\"2021-08-23T09:35:51+00:00\",\"author\":{\"@id\":\"https:\/\/www.asajacyl.com\/soria\/#\/schema\/person\/fd3081c40255119ce8133b87e6aedfab\"},\"description\":\"PAC desde el m\u00f3vil firmas peroniel contra la granja \u00a0cosecha 2021 Dossier prensa 17 agosto ASESORAMIENTO Dossier prensa 11 agosto Mundo Agrario 9 agosto\",\"breadcrumb\":{\"@id\":\"https:\/\/www.asajacyl.com\/soria\/servicios-socio\/informes\/recortes-de-prensa-2020-21#breadcrumb\"},\"inLanguage\":\"es\",\"potentialAction\":[{\"@type\":\"ReadAction\",\"target\":[\"https:\/\/www.asajacyl.com\/soria\/servicios-socio\/informes\/recortes-de-prensa-2020-21\"]}]},{\"@type\":\"ImageObject\",\"inLanguage\":\"es\",\"@id\":\"https:\/\/www.asajacyl.com\/soria\/servicios-socio\/informes\/recortes-de-prensa-2020-21#primaryimage\",\"url\":\"https:\/\/www.asajacyl.com\/soria\/wp-content\/uploads\/sites\/9\/2021\/05\/IMG_1184-1.jpg\",\"contentUrl\":\"https:\/\/www.asajacyl.com\/soria\/wp-content\/uploads\/sites\/9\/2021\/05\/IMG_1184-1.jpg\",\"width\":2500,\"height\":1875},{\"@type\":\"BreadcrumbList\",\"@id\":\"https:\/\/www.asajacyl.com\/soria\/servicios-socio\/informes\/recortes-de-prensa-2020-21#breadcrumb\",\"itemListElement\":[{\"@type\":\"ListItem\",\"position\":1,\"name\":\"Portada\",\"item\":\"https:\/\/www.asajacyl.com\/soria\/\"},{\"@type\":\"ListItem\",\"position\":2,\"name\":\"Recortes de prensa 2020-21\"}]},{\"@type\":\"WebSite\",\"@id\":\"https:\/\/www.asajacyl.com\/soria\/#website\",\"url\":\"https:\/\/www.asajacyl.com\/soria\/\",\"name\":\"ASAJA Soria\",\"description\":\"Otro sitio m\u00e1s de Provincias ASAJA Castilla y Le\u00f3n\",\"potentialAction\":[{\"@type\":\"SearchAction\",\"target\":{\"@type\":\"EntryPoint\",\"urlTemplate\":\"https:\/\/www.asajacyl.com\/soria\/?s={search_term_string}\"},\"query-input\":{\"@type\":\"PropertyValueSpecification\",\"valueRequired\":true,\"valueName\":\"search_term_string\"}}],\"inLanguage\":\"es\"},{\"@type\":\"Person\",\"@id\":\"https:\/\/www.asajacyl.com\/soria\/#\/schema\/person\/fd3081c40255119ce8133b87e6aedfab\",\"name\":\"Juan Ignacio Prieto Nieto\",\"image\":{\"@type\":\"ImageObject\",\"inLanguage\":\"es\",\"@id\":\"https:\/\/www.asajacyl.com\/soria\/#\/schema\/person\/image\/\",\"url\":\"https:\/\/secure.gravatar.com\/avatar\/8266b36e4d9001acb4700699a2468dc8?s=96&d=mm&r=g\",\"contentUrl\":\"https:\/\/secure.gravatar.com\/avatar\/8266b36e4d9001acb4700699a2468dc8?s=96&d=mm&r=g\",\"caption\":\"Juan Ignacio Prieto Nieto\"},\"url\":\"https:\/\/www.asajacyl.com\/soria\/author\/juanfranciscoby\"}]}<\/script>\n<!-- \/ Yoast SEO plugin. -->","yoast_head_json":{"title":"Recortes de prensa 2020-21 - ASAJA Soria","description":"PAC desde el m\u00f3vil firmas peroniel contra la granja \u00a0cosecha 2021 Dossier prensa 17 agosto ASESORAMIENTO Dossier prensa 11 agosto Mundo Agrario 9 agosto","robots":{"index":"index","follow":"follow","max-snippet":"max-snippet:-1","max-image-preview":"max-image-preview:large","max-video-preview":"max-video-preview:-1"},"canonical":"https:\/\/www.asajacyl.com\/soria\/servicios-socio\/informes\/recortes-de-prensa-2020-21","og_locale":"es_ES","og_type":"article","og_title":"Recortes de prensa 2020-21 - ASAJA Soria","og_description":"PAC desde el m\u00f3vil firmas peroniel contra la granja \u00a0cosecha 2021 Dossier prensa 17 agosto ASESORAMIENTO Dossier prensa 11 agosto Mundo Agrario 9 agosto","og_url":"https:\/\/www.asajacyl.com\/soria\/servicios-socio\/informes\/recortes-de-prensa-2020-21","og_site_name":"ASAJA Soria","article_published_time":"2021-08-13T09:33:39+00:00","article_modified_time":"2021-08-23T09:35:51+00:00","og_image":[{"width":2500,"height":1875,"url":"https:\/\/www.asajacyl.com\/soria\/wp-content\/uploads\/sites\/9\/2021\/05\/IMG_1184-1.jpg","type":"image\/jpeg"}],"author":"Juan Ignacio Prieto Nieto","twitter_card":"summary_large_image","twitter_misc":{"Escrito por":"Juan Ignacio Prieto Nieto","Tiempo de lectura":"3 minutos"},"schema":{"@context":"https:\/\/schema.org","@graph":[{"@type":"WebPage","@id":"https:\/\/www.asajacyl.com\/soria\/servicios-socio\/informes\/recortes-de-prensa-2020-21","url":"https:\/\/www.asajacyl.com\/soria\/servicios-socio\/informes\/recortes-de-prensa-2020-21","name":"Recortes de prensa 2020-21 - ASAJA Soria","isPartOf":{"@id":"https:\/\/www.asajacyl.com\/soria\/#website"},"primaryImageOfPage":{"@id":"https:\/\/www.asajacyl.com\/soria\/servicios-socio\/informes\/recortes-de-prensa-2020-21#primaryimage"},"image":{"@id":"https:\/\/www.asajacyl.com\/soria\/servicios-socio\/informes\/recortes-de-prensa-2020-21#primaryimage"},"thumbnailUrl":"https:\/\/www.asajacyl.com\/soria\/wp-content\/uploads\/sites\/9\/2021\/05\/IMG_1184-1.jpg","datePublished":"2021-08-13T09:33:39+00:00","dateModified":"2021-08-23T09:35:51+00:00","author":{"@id":"https:\/\/www.asajacyl.com\/soria\/#\/schema\/person\/fd3081c40255119ce8133b87e6aedfab"},"description":"PAC desde el m\u00f3vil firmas peroniel contra la granja \u00a0cosecha 2021 Dossier prensa 17 agosto ASESORAMIENTO Dossier prensa 11 agosto Mundo Agrario 9 agosto","breadcrumb":{"@id":"https:\/\/www.asajacyl.com\/soria\/servicios-socio\/informes\/recortes-de-prensa-2020-21#breadcrumb"},"inLanguage":"es","potentialAction":[{"@type":"ReadAction","target":["https:\/\/www.asajacyl.com\/soria\/servicios-socio\/informes\/recortes-de-prensa-2020-21"]}]},{"@type":"ImageObject","inLanguage":"es","@id":"https:\/\/www.asajacyl.com\/soria\/servicios-socio\/informes\/recortes-de-prensa-2020-21#primaryimage","url":"https:\/\/www.asajacyl.com\/soria\/wp-content\/uploads\/sites\/9\/2021\/05\/IMG_1184-1.jpg","contentUrl":"https:\/\/www.asajacyl.com\/soria\/wp-content\/uploads\/sites\/9\/2021\/05\/IMG_1184-1.jpg","width":2500,"height":1875},{"@type":"BreadcrumbList","@id":"https:\/\/www.asajacyl.com\/soria\/servicios-socio\/informes\/recortes-de-prensa-2020-21#breadcrumb","itemListElement":[{"@type":"ListItem","position":1,"name":"Portada","item":"https:\/\/www.asajacyl.com\/soria\/"},{"@type":"ListItem","position":2,"name":"Recortes de prensa 2020-21"}]},{"@type":"WebSite","@id":"https:\/\/www.asajacyl.com\/soria\/#website","url":"https:\/\/www.asajacyl.com\/soria\/","name":"ASAJA Soria","description":"Otro sitio m\u00e1s de Provincias ASAJA Castilla y Le\u00f3n","potentialAction":[{"@type":"SearchAction","target":{"@type":"EntryPoint","urlTemplate":"https:\/\/www.asajacyl.com\/soria\/?s={search_term_string}"},"query-input":{"@type":"PropertyValueSpecification","valueRequired":true,"valueName":"search_term_string"}}],"inLanguage":"es"},{"@type":"Person","@id":"https:\/\/www.asajacyl.com\/soria\/#\/schema\/person\/fd3081c40255119ce8133b87e6aedfab","name":"Juan Ignacio Prieto Nieto","image":{"@type":"ImageObject","inLanguage":"es","@id":"https:\/\/www.asajacyl.com\/soria\/#\/schema\/person\/image\/","url":"https:\/\/secure.gravatar.com\/avatar\/8266b36e4d9001acb4700699a2468dc8?s=96&d=mm&r=g","contentUrl":"https:\/\/secure.gravatar.com\/avatar\/8266b36e4d9001acb4700699a2468dc8?s=96&d=mm&r=g","caption":"Juan Ignacio Prieto Nieto"},"url":"https:\/\/www.asajacyl.com\/soria\/author\/juanfranciscoby"}]}},"_links":{"self":[{"href":"https:\/\/www.asajacyl.com\/soria\/wp-json\/wp\/v2\/posts\/3621"}],"collection":[{"href":"https:\/\/www.asajacyl.com\/soria\/wp-json\/wp\/v2\/posts"}],"about":[{"href":"https:\/\/www.asajacyl.com\/soria\/wp-json\/wp\/v2\/types\/post"}],"author":[{"embeddable":true,"href":"https:\/\/www.asajacyl.com\/soria\/wp-json\/wp\/v2\/users\/12"}],"replies":[{"embeddable":true,"href":"https:\/\/www.asajacyl.com\/soria\/wp-json\/wp\/v2\/comments?post=3621"}],"version-history":[{"count":27,"href":"https:\/\/www.asajacyl.com\/soria\/wp-json\/wp\/v2\/posts\/3621\/revisions"}],"predecessor-version":[{"id":4768,"href":"https:\/\/www.asajacyl.com\/soria\/wp-json\/wp\/v2\/posts\/3621\/revisions\/4768"}],"wp:featuredmedia":[{"embeddable":true,"href":"https:\/\/www.asajacyl.com\/soria\/wp-json\/wp\/v2\/media\/4556"}],"wp:attachment":[{"href":"https:\/\/www.asajacyl.com\/soria\/wp-json\/wp\/v2\/media?parent=3621"}],"wp:term":[{"taxonomy":"category","embeddable":true,"href":"https:\/\/www.asajacyl.com\/soria\/wp-json\/wp\/v2\/categories?post=3621"},{"taxonomy":"post_tag","embeddable":true,"href":"https:\/\/www.asajacyl.com\/soria\/wp-json\/wp\/v2\/tags?post=3621"}],"curies":[{"name":"wp","href":"https:\/\/api.w.org\/{rel}","templated":true}]}}