{"id":3639,"date":"2021-05-10T15:24:04","date_gmt":"2021-05-10T13:24:04","guid":{"rendered":"https:\/\/www.asajacyl.com\/soria\/?p=3639"},"modified":"2021-05-10T15:24:05","modified_gmt":"2021-05-10T13:24:05","slug":"curso-de-incorporacion-a-la-empresa-agraria-ciea-2","status":"publish","type":"post","link":"https:\/\/www.asajacyl.com\/soria\/servicios-socio\/curso-de-incorporacion-a-la-empresa-agraria-ciea-2","title":{"rendered":"CURSO DE INCORPORACI\u00d3N A LA EMPRESA AGRARIA (CIEA)"},"content":{"rendered":"\n<h2>*El curso est\u00e1 cofinanciado por el FEADER en un 80 por ciento<\/h2>\n<p>Pr\u00f3ximamente, en el mes de octubre, y organizado por ASAJA-Soria, dar\u00e1 comienzo un nuevo curso de Incorporaci\u00f3n a la Empresa Agraria en modalidad presencial.<\/p>\n<p>El curso, de 200 horas lectivas, va dirigido a personas que han solicitado ayuda a la Instalaci\u00f3n de J\u00f3venes Agricultores o ayuda a las inversiones en Explotaciones agrarias, o que han recibido estas ayudas en los \u00faltimos 5 a\u00f1os, y a todas aquellas personas interesadas en incorporarse al sector agrario.<\/p>\n<p>El objetivo del curso es que los alumnos puedan obtener la capacitaci\u00f3n profesional suficiente exigida por la normativa vigente para la incorporaci\u00f3n a la empresa agraria, como parte del fin de alcanzar una profesionalizaci\u00f3n del sector agrario y la capacitaci\u00f3n empresarial de sus profesionales.<\/p>\n<p>El curso, regulado por la Orden AYG\/15\/2019, est\u00e1 incluido dentro las Acciones amparadas por la Orden de 17 de diciembre de 2019, de la Consejer\u00eda de Agricultura y Ganader\u00eda, por la que se convocan ayudas para la realizaci\u00f3n de acciones de formaci\u00f3n profesional y adquisici\u00f3n de competencias en el marco del Programa de Desarrollo Rural de Castilla y Le\u00f3n 2014-2020 y del Plan anual de formaci\u00f3n agraria y agroalimentaria de esta Consejer\u00eda, cofinanciadas por el FEADER. En concreto dentro de la Submedida 1.1 \u00abApoyo a las acciones de formaci\u00f3n profesional y adquisici\u00f3n de competencias\u00bb del Programa de Desarrollo Rural de Castilla y Le\u00f3n 2014-2020.<\/p>\n<p>Para conocer los detalles, en el cartel adjunto encontrar\u00e1s el resto de la informaci\u00f3n.<\/p>\n<p><a href=\"https:\/\/www.asajacyl.com\/soria\/wp-content\/uploads\/sites\/9\/2020\/09\/CURSO-INCORPORACION-1.pdf\">CURSO INCORPORACI\u00d3N<\/a><\/p>\n<p>ESTA OPERACI\u00d3N EST\u00c1 COFINANCIADA POR LA UNI\u00d3N EUROPEA A TRAV\u00c9S DEL FEADER<br \/>ORGANIZA: ASAJA Palencia<br \/>IMPARTE: ASAJA-Soria<br \/>FINANCIAN:<img loading=\"lazy\" decoding=\"async\" class=\"aligncenter size-full wp-image-4467\" src=\"https:\/\/www.asajacyl.com\/soria\/wp-content\/uploads\/sites\/9\/2020\/09\/cur.png\" alt=\"\" width=\"1092\" height=\"119\" srcset=\"https:\/\/www.asajacyl.com\/soria\/wp-content\/uploads\/sites\/9\/2020\/09\/cur.png 1092w, https:\/\/www.asajacyl.com\/soria\/wp-content\/uploads\/sites\/9\/2020\/09\/cur-300x33.png 300w, https:\/\/www.asajacyl.com\/soria\/wp-content\/uploads\/sites\/9\/2020\/09\/cur-1024x112.png 1024w, https:\/\/www.asajacyl.com\/soria\/wp-content\/uploads\/sites\/9\/2020\/09\/cur-768x84.png 768w, https:\/\/www.asajacyl.com\/soria\/wp-content\/uploads\/sites\/9\/2020\/09\/cur-696x76.png 696w, https:\/\/www.asajacyl.com\/soria\/wp-content\/uploads\/sites\/9\/2020\/09\/cur-1068x116.png 1068w\" sizes=\"(max-width: 1092px) 100vw, 1092px\" \/><\/p>\n<p>\u00a0<\/p>\n","protected":false},"excerpt":{"rendered":"<p>*El curso est\u00e1 cofinanciado por el FEADER en un 80 por ciento Pr\u00f3ximamente, en el mes de octubre, y organizado por ASAJA-Soria, dar\u00e1 comienzo un nuevo curso de Incorporaci\u00f3n a la Empresa Agraria en modalidad presencial. El curso, de 200 horas lectivas, va dirigido a personas que han solicitado ayuda a la Instalaci\u00f3n de J\u00f3venes [&hellip;]<\/p>\n","protected":false},"author":12,"featured_media":1515,"comment_status":"open","ping_status":"open","sticky":false,"template":"","format":"standard","meta":{"footnotes":""},"categories":[35,9],"tags":[],"yoast_head":"<!-- This site is optimized with the Yoast SEO plugin v24.5 - https:\/\/yoast.com\/wordpress\/plugins\/seo\/ -->\n<title>CURSO DE INCORPORACI\u00d3N A LA EMPRESA AGRARIA (CIEA) - ASAJA Soria<\/title>\n<meta name=\"description\" content=\"*El curso est\u00e1 cofinanciado por el FEADER en un 80 por ciento Pr\u00f3ximamente, en el mes de octubre, y organizado por ASAJA-Soria, dar\u00e1 comienzo un nuevo\" \/>\n<meta name=\"robots\" content=\"index, follow, max-snippet:-1, max-image-preview:large, max-video-preview:-1\" \/>\n<link rel=\"canonical\" href=\"https:\/\/www.asajacyl.com\/soria\/servicios-socio\/curso-de-incorporacion-a-la-empresa-agraria-ciea-2\" \/>\n<meta property=\"og:locale\" content=\"es_ES\" \/>\n<meta property=\"og:type\" content=\"article\" \/>\n<meta property=\"og:title\" content=\"CURSO DE INCORPORACI\u00d3N A LA EMPRESA AGRARIA (CIEA) - ASAJA Soria\" \/>\n<meta property=\"og:description\" content=\"*El curso est\u00e1 cofinanciado por el FEADER en un 80 por ciento Pr\u00f3ximamente, en el mes de octubre, y organizado por ASAJA-Soria, dar\u00e1 comienzo un nuevo\" \/>\n<meta property=\"og:url\" content=\"https:\/\/www.asajacyl.com\/soria\/servicios-socio\/curso-de-incorporacion-a-la-empresa-agraria-ciea-2\" \/>\n<meta property=\"og:site_name\" content=\"ASAJA Soria\" \/>\n<meta property=\"article:published_time\" content=\"2021-05-10T13:24:04+00:00\" \/>\n<meta property=\"article:modified_time\" content=\"2021-05-10T13:24:05+00:00\" \/>\n<meta property=\"og:image\" content=\"https:\/\/www.asajacyl.com\/soria\/wp-content\/uploads\/sites\/9\/2018\/08\/IMG_0295.jpg\" \/>\n\t<meta property=\"og:image:width\" content=\"1875\" \/>\n\t<meta property=\"og:image:height\" content=\"2500\" \/>\n\t<meta property=\"og:image:type\" content=\"image\/jpeg\" \/>\n<meta name=\"author\" content=\"Juan Ignacio Prieto Nieto\" \/>\n<meta name=\"twitter:card\" content=\"summary_large_image\" \/>\n<meta name=\"twitter:label1\" content=\"Escrito por\" \/>\n\t<meta name=\"twitter:data1\" content=\"Juan Ignacio Prieto Nieto\" \/>\n\t<meta name=\"twitter:label2\" content=\"Tiempo de lectura\" \/>\n\t<meta name=\"twitter:data2\" content=\"2 minutos\" \/>\n<script type=\"application\/ld+json\" class=\"yoast-schema-graph\">{\"@context\":\"https:\/\/schema.org\",\"@graph\":[{\"@type\":\"WebPage\",\"@id\":\"https:\/\/www.asajacyl.com\/soria\/servicios-socio\/curso-de-incorporacion-a-la-empresa-agraria-ciea-2\",\"url\":\"https:\/\/www.asajacyl.com\/soria\/servicios-socio\/curso-de-incorporacion-a-la-empresa-agraria-ciea-2\",\"name\":\"CURSO DE INCORPORACI\u00d3N A LA EMPRESA AGRARIA (CIEA) - ASAJA Soria\",\"isPartOf\":{\"@id\":\"https:\/\/www.asajacyl.com\/soria\/#website\"},\"primaryImageOfPage\":{\"@id\":\"https:\/\/www.asajacyl.com\/soria\/servicios-socio\/curso-de-incorporacion-a-la-empresa-agraria-ciea-2#primaryimage\"},\"image\":{\"@id\":\"https:\/\/www.asajacyl.com\/soria\/servicios-socio\/curso-de-incorporacion-a-la-empresa-agraria-ciea-2#primaryimage\"},\"thumbnailUrl\":\"https:\/\/www.asajacyl.com\/soria\/wp-content\/uploads\/sites\/9\/2018\/08\/IMG_0295.jpg\",\"datePublished\":\"2021-05-10T13:24:04+00:00\",\"dateModified\":\"2021-05-10T13:24:05+00:00\",\"author\":{\"@id\":\"https:\/\/www.asajacyl.com\/soria\/#\/schema\/person\/fd3081c40255119ce8133b87e6aedfab\"},\"description\":\"*El curso est\u00e1 cofinanciado por el FEADER en un 80 por ciento Pr\u00f3ximamente, en el mes de octubre, y organizado por ASAJA-Soria, dar\u00e1 comienzo un nuevo\",\"breadcrumb\":{\"@id\":\"https:\/\/www.asajacyl.com\/soria\/servicios-socio\/curso-de-incorporacion-a-la-empresa-agraria-ciea-2#breadcrumb\"},\"inLanguage\":\"es\",\"potentialAction\":[{\"@type\":\"ReadAction\",\"target\":[\"https:\/\/www.asajacyl.com\/soria\/servicios-socio\/curso-de-incorporacion-a-la-empresa-agraria-ciea-2\"]}]},{\"@type\":\"ImageObject\",\"inLanguage\":\"es\",\"@id\":\"https:\/\/www.asajacyl.com\/soria\/servicios-socio\/curso-de-incorporacion-a-la-empresa-agraria-ciea-2#primaryimage\",\"url\":\"https:\/\/www.asajacyl.com\/soria\/wp-content\/uploads\/sites\/9\/2018\/08\/IMG_0295.jpg\",\"contentUrl\":\"https:\/\/www.asajacyl.com\/soria\/wp-content\/uploads\/sites\/9\/2018\/08\/IMG_0295.jpg\",\"width\":1875,\"height\":2500},{\"@type\":\"BreadcrumbList\",\"@id\":\"https:\/\/www.asajacyl.com\/soria\/servicios-socio\/curso-de-incorporacion-a-la-empresa-agraria-ciea-2#breadcrumb\",\"itemListElement\":[{\"@type\":\"ListItem\",\"position\":1,\"name\":\"Portada\",\"item\":\"https:\/\/www.asajacyl.com\/soria\/\"},{\"@type\":\"ListItem\",\"position\":2,\"name\":\"CURSO DE INCORPORACI\u00d3N A LA EMPRESA AGRARIA (CIEA)\"}]},{\"@type\":\"WebSite\",\"@id\":\"https:\/\/www.asajacyl.com\/soria\/#website\",\"url\":\"https:\/\/www.asajacyl.com\/soria\/\",\"name\":\"ASAJA Soria\",\"description\":\"Otro sitio m\u00e1s de Provincias ASAJA Castilla y Le\u00f3n\",\"potentialAction\":[{\"@type\":\"SearchAction\",\"target\":{\"@type\":\"EntryPoint\",\"urlTemplate\":\"https:\/\/www.asajacyl.com\/soria\/?s={search_term_string}\"},\"query-input\":{\"@type\":\"PropertyValueSpecification\",\"valueRequired\":true,\"valueName\":\"search_term_string\"}}],\"inLanguage\":\"es\"},{\"@type\":\"Person\",\"@id\":\"https:\/\/www.asajacyl.com\/soria\/#\/schema\/person\/fd3081c40255119ce8133b87e6aedfab\",\"name\":\"Juan Ignacio Prieto Nieto\",\"image\":{\"@type\":\"ImageObject\",\"inLanguage\":\"es\",\"@id\":\"https:\/\/www.asajacyl.com\/soria\/#\/schema\/person\/image\/\",\"url\":\"https:\/\/secure.gravatar.com\/avatar\/8266b36e4d9001acb4700699a2468dc8?s=96&d=mm&r=g\",\"contentUrl\":\"https:\/\/secure.gravatar.com\/avatar\/8266b36e4d9001acb4700699a2468dc8?s=96&d=mm&r=g\",\"caption\":\"Juan Ignacio Prieto Nieto\"},\"url\":\"https:\/\/www.asajacyl.com\/soria\/author\/juanfranciscoby\"}]}<\/script>\n<!-- \/ Yoast SEO plugin. -->","yoast_head_json":{"title":"CURSO DE INCORPORACI\u00d3N A LA EMPRESA AGRARIA (CIEA) - ASAJA Soria","description":"*El curso est\u00e1 cofinanciado por el FEADER en un 80 por ciento Pr\u00f3ximamente, en el mes de octubre, y organizado por ASAJA-Soria, dar\u00e1 comienzo un nuevo","robots":{"index":"index","follow":"follow","max-snippet":"max-snippet:-1","max-image-preview":"max-image-preview:large","max-video-preview":"max-video-preview:-1"},"canonical":"https:\/\/www.asajacyl.com\/soria\/servicios-socio\/curso-de-incorporacion-a-la-empresa-agraria-ciea-2","og_locale":"es_ES","og_type":"article","og_title":"CURSO DE INCORPORACI\u00d3N A LA EMPRESA AGRARIA (CIEA) - ASAJA Soria","og_description":"*El curso est\u00e1 cofinanciado por el FEADER en un 80 por ciento Pr\u00f3ximamente, en el mes de octubre, y organizado por ASAJA-Soria, dar\u00e1 comienzo un nuevo","og_url":"https:\/\/www.asajacyl.com\/soria\/servicios-socio\/curso-de-incorporacion-a-la-empresa-agraria-ciea-2","og_site_name":"ASAJA Soria","article_published_time":"2021-05-10T13:24:04+00:00","article_modified_time":"2021-05-10T13:24:05+00:00","og_image":[{"width":1875,"height":2500,"url":"https:\/\/www.asajacyl.com\/soria\/wp-content\/uploads\/sites\/9\/2018\/08\/IMG_0295.jpg","type":"image\/jpeg"}],"author":"Juan Ignacio Prieto Nieto","twitter_card":"summary_large_image","twitter_misc":{"Escrito por":"Juan Ignacio Prieto Nieto","Tiempo de lectura":"2 minutos"},"schema":{"@context":"https:\/\/schema.org","@graph":[{"@type":"WebPage","@id":"https:\/\/www.asajacyl.com\/soria\/servicios-socio\/curso-de-incorporacion-a-la-empresa-agraria-ciea-2","url":"https:\/\/www.asajacyl.com\/soria\/servicios-socio\/curso-de-incorporacion-a-la-empresa-agraria-ciea-2","name":"CURSO DE INCORPORACI\u00d3N A LA EMPRESA AGRARIA (CIEA) - ASAJA Soria","isPartOf":{"@id":"https:\/\/www.asajacyl.com\/soria\/#website"},"primaryImageOfPage":{"@id":"https:\/\/www.asajacyl.com\/soria\/servicios-socio\/curso-de-incorporacion-a-la-empresa-agraria-ciea-2#primaryimage"},"image":{"@id":"https:\/\/www.asajacyl.com\/soria\/servicios-socio\/curso-de-incorporacion-a-la-empresa-agraria-ciea-2#primaryimage"},"thumbnailUrl":"https:\/\/www.asajacyl.com\/soria\/wp-content\/uploads\/sites\/9\/2018\/08\/IMG_0295.jpg","datePublished":"2021-05-10T13:24:04+00:00","dateModified":"2021-05-10T13:24:05+00:00","author":{"@id":"https:\/\/www.asajacyl.com\/soria\/#\/schema\/person\/fd3081c40255119ce8133b87e6aedfab"},"description":"*El curso est\u00e1 cofinanciado por el FEADER en un 80 por ciento Pr\u00f3ximamente, en el mes de octubre, y organizado por ASAJA-Soria, dar\u00e1 comienzo un nuevo","breadcrumb":{"@id":"https:\/\/www.asajacyl.com\/soria\/servicios-socio\/curso-de-incorporacion-a-la-empresa-agraria-ciea-2#breadcrumb"},"inLanguage":"es","potentialAction":[{"@type":"ReadAction","target":["https:\/\/www.asajacyl.com\/soria\/servicios-socio\/curso-de-incorporacion-a-la-empresa-agraria-ciea-2"]}]},{"@type":"ImageObject","inLanguage":"es","@id":"https:\/\/www.asajacyl.com\/soria\/servicios-socio\/curso-de-incorporacion-a-la-empresa-agraria-ciea-2#primaryimage","url":"https:\/\/www.asajacyl.com\/soria\/wp-content\/uploads\/sites\/9\/2018\/08\/IMG_0295.jpg","contentUrl":"https:\/\/www.asajacyl.com\/soria\/wp-content\/uploads\/sites\/9\/2018\/08\/IMG_0295.jpg","width":1875,"height":2500},{"@type":"BreadcrumbList","@id":"https:\/\/www.asajacyl.com\/soria\/servicios-socio\/curso-de-incorporacion-a-la-empresa-agraria-ciea-2#breadcrumb","itemListElement":[{"@type":"ListItem","position":1,"name":"Portada","item":"https:\/\/www.asajacyl.com\/soria\/"},{"@type":"ListItem","position":2,"name":"CURSO DE INCORPORACI\u00d3N A LA EMPRESA AGRARIA (CIEA)"}]},{"@type":"WebSite","@id":"https:\/\/www.asajacyl.com\/soria\/#website","url":"https:\/\/www.asajacyl.com\/soria\/","name":"ASAJA Soria","description":"Otro sitio m\u00e1s de Provincias ASAJA Castilla y Le\u00f3n","potentialAction":[{"@type":"SearchAction","target":{"@type":"EntryPoint","urlTemplate":"https:\/\/www.asajacyl.com\/soria\/?s={search_term_string}"},"query-input":{"@type":"PropertyValueSpecification","valueRequired":true,"valueName":"search_term_string"}}],"inLanguage":"es"},{"@type":"Person","@id":"https:\/\/www.asajacyl.com\/soria\/#\/schema\/person\/fd3081c40255119ce8133b87e6aedfab","name":"Juan Ignacio Prieto Nieto","image":{"@type":"ImageObject","inLanguage":"es","@id":"https:\/\/www.asajacyl.com\/soria\/#\/schema\/person\/image\/","url":"https:\/\/secure.gravatar.com\/avatar\/8266b36e4d9001acb4700699a2468dc8?s=96&d=mm&r=g","contentUrl":"https:\/\/secure.gravatar.com\/avatar\/8266b36e4d9001acb4700699a2468dc8?s=96&d=mm&r=g","caption":"Juan Ignacio Prieto Nieto"},"url":"https:\/\/www.asajacyl.com\/soria\/author\/juanfranciscoby"}]}},"_links":{"self":[{"href":"https:\/\/www.asajacyl.com\/soria\/wp-json\/wp\/v2\/posts\/3639"}],"collection":[{"href":"https:\/\/www.asajacyl.com\/soria\/wp-json\/wp\/v2\/posts"}],"about":[{"href":"https:\/\/www.asajacyl.com\/soria\/wp-json\/wp\/v2\/types\/post"}],"author":[{"embeddable":true,"href":"https:\/\/www.asajacyl.com\/soria\/wp-json\/wp\/v2\/users\/12"}],"replies":[{"embeddable":true,"href":"https:\/\/www.asajacyl.com\/soria\/wp-json\/wp\/v2\/comments?post=3639"}],"version-history":[{"count":3,"href":"https:\/\/www.asajacyl.com\/soria\/wp-json\/wp\/v2\/posts\/3639\/revisions"}],"predecessor-version":[{"id":4468,"href":"https:\/\/www.asajacyl.com\/soria\/wp-json\/wp\/v2\/posts\/3639\/revisions\/4468"}],"wp:featuredmedia":[{"embeddable":true,"href":"https:\/\/www.asajacyl.com\/soria\/wp-json\/wp\/v2\/media\/1515"}],"wp:attachment":[{"href":"https:\/\/www.asajacyl.com\/soria\/wp-json\/wp\/v2\/media?parent=3639"}],"wp:term":[{"taxonomy":"category","embeddable":true,"href":"https:\/\/www.asajacyl.com\/soria\/wp-json\/wp\/v2\/categories?post=3639"},{"taxonomy":"post_tag","embeddable":true,"href":"https:\/\/www.asajacyl.com\/soria\/wp-json\/wp\/v2\/tags?post=3639"}],"curies":[{"name":"wp","href":"https:\/\/api.w.org\/{rel}","templated":true}]}}