{"id":4713,"date":"2021-08-10T14:42:15","date_gmt":"2021-08-10T12:42:15","guid":{"rendered":"https:\/\/www.asajacyl.com\/soria\/?p=4713"},"modified":"2021-08-10T14:42:16","modified_gmt":"2021-08-10T12:42:16","slug":"salonismo","status":"publish","type":"post","link":"https:\/\/www.asajacyl.com\/soria\/asaja-soria-informa\/salonismo","title":{"rendered":"&#8216;Salonismo&#8217;"},"content":{"rendered":"\n<p>Hace poco le\u00ed que para lograr \u00e9xitos y avances en la sociedad se necesita conjugar voluntades, unir intereses compatibles, aunque sean diferentes, y sumar ideas, ingenio y puntos de vista. Lo contrario suele llevar a grandes derrotas. Vamos con un ejemplo que miles de personas han vivido: una comunidad de vecinos ante la idea de instalar un ascensor, con los gastos que ello comporta.\u00a0Quiz\u00e1 los de la planta de abajo no lo vean tan necesario o les d\u00e9 igual o incluso se pongan en contra para no gastarse un duro. Pues esa misma sensaci\u00f3n tenemos a menudo los que trabajamos en el campo cuando \u2018otros vecinos\u2019 ven bien introducir lobos sin controlar, demonizar al sector con desinformaci\u00f3n y no poner en valor nuestra labor esencial porque no nos ven necesarios, les da igual o no quieren gastarse una perra de su bolsillo&#8230;<\/p>\n<p>La cantidad de debates, testamentos infumables en las redes sociales y soflamas vac\u00edas para hacerse los \u2018guais\u2019 o los \u2018cool\u2019 es incontable en lo relacionado con la actividad agroganadera. Pero escasea tanto como los j\u00f3venes en el mundo rural o m\u00e1s toda esa retah\u00edla sobre qu\u00e9 se hace con las colillas de los cigarros en las grandes ciudades o si los habitantes de Madrid o de C\u00f3rdoba utilizan el aire acondicionado m\u00e1s de la cuenta y el precio de la luz se dispara. Aqu\u00ed es donde se ve verdaderamente el \u2018salonismo\u2019 para lo que les interesa que impera en la sociedad en general, que tambi\u00e9n parece ser un virus irrefrenable entre las administraciones, con especial menci\u00f3n a la de Bruselas y que afecta tan decisivamente al d\u00eda a d\u00eda de las explotaciones agropecuarias. Sin ir m\u00e1s lejos con el pago denominado \u201credistributivo\u201d, declarado obligatorio en el acuerdo alcanzado recientemente en los tri\u00e1logos en el seno de la UE, salvo que el Estado miembro justifique que no es necesaria su aplicaci\u00f3n por existir otras medidas que garantizan un reparto de ayudas a las peque\u00f1as explotaciones dentro del plan estrat\u00e9gico, figura dentro de la propuesta de acuerdo planteada por el Ministerio a las comunidades aut\u00f3nomas.<\/p>\n<p>ASAJA Soria no ve clara la situaci\u00f3n en que quedar\u00e1 la provincia, ni la p\u00e9rdida que supondr\u00e1 para la agricultura profesional de esta tierra.<\/p>\n<p>La decisi\u00f3n de no incluir en su momento variables t\u00e9cnicas de tipo socio-econ\u00f3mico en el dise\u00f1o de las medidas en los pagos directos complica la visualizaci\u00f3n y por tanto el balanceo de las diferencias entre zonas con agricultura despoblada (como la nuestra), con otras peque\u00f1as explotaciones en zonas de agricultura pluriactiva en zonas con mayor desarrollo econ\u00f3mico y poblacional o incluso que comienzan a sufrir el fen\u00f3meno del despoblamiento por el que Soria ya transit\u00f3 a lo largo de estas \u00faltimas d\u00e9cadas.<\/p>\n<p>A la espera de que se despejen las inc\u00f3gnitas sobre la nueva regionalizaci\u00f3n y en qu\u00e9 tramo de hect\u00e1reas se realizar\u00e1 el corte para este pago redistributivo en nuestras regiones, ASAJA Soria pone en cuarentena esta ayuda y se posiciona en contra, de manera distinta a como ya han hecho en otras OPAS, que se han manifestado favorablemente o incluso la han celebrado.<\/p>\n<p>En l\u00ednea con lo trasmitido por ASAJA de Castilla y Le\u00f3n, pedimos que la nueva PAC no implique una p\u00e9rdida de fondos para zonas como nuestra provincia como ya nos pas\u00f3 con la modulaci\u00f3n. Nosotros apoyamos la agricultura profesional.<\/p>\n<p>Es, por tanto, necesario, descender de la literatura y del \u2018salonismo\u2019 del que hablaba al principio del art\u00edculo y dejarnos de cargas ideol\u00f3gicas. Por favor, que primen los criterios t\u00e9cnicos y agron\u00f3micos para as\u00ed lograr mejorar la rentabilidad, viabilidad y competitividad de los profesionales agrarios de esta provincia o la alternativa es el Desierto del Sina\u00ed en todos los sentidos. Y, ojo, m\u00e1s all\u00e1 de un campo que ya no ser\u00e1 tal tampoco se podr\u00e1 recrear lo que se llam\u00f3 el \u00c9xodo cuando en la Biblia se nos dice que \u201cJes\u00fas les mand\u00f3 man\u00e1, pero la gente estaba cansada de comer man\u00e1 y quer\u00edan carne, por lo que Jes\u00fas les mand\u00f3 codornices\u201d. Ahora lo que nos puede caer son plagas sin un campo profesionalizado y alguno rezar\u00e1 por al menos comer man\u00e1 porque la alternativa ser\u00e1 grava a granel, 250 gramos de cardos o un pu\u00f1ado de cenizas.<\/p>\n<p>\u00a0<\/p>\n<p>CARMELO G\u00d3MEZ SANZ<\/p>\n<p>PRESIDENTE DE ASAJA SORIA<\/p>\n","protected":false},"excerpt":{"rendered":"<p>Hace poco le\u00ed que para lograr \u00e9xitos y avances en la sociedad se necesita conjugar voluntades, unir intereses compatibles, aunque sean diferentes, y sumar ideas, ingenio y puntos de vista. Lo contrario suele llevar a grandes derrotas. Vamos con un ejemplo que miles de personas han vivido: una comunidad de vecinos ante la idea de [&hellip;]<\/p>\n","protected":false},"author":12,"featured_media":4714,"comment_status":"open","ping_status":"open","sticky":false,"template":"","format":"standard","meta":{"footnotes":""},"categories":[10,28],"tags":[],"yoast_head":"<!-- This site is optimized with the Yoast SEO plugin v24.5 - https:\/\/yoast.com\/wordpress\/plugins\/seo\/ -->\n<title>&#039;Salonismo&#039; - ASAJA Soria<\/title>\n<meta name=\"description\" content=\"Hace poco le\u00ed que para lograr \u00e9xitos y avances en la sociedad se necesita conjugar voluntades, unir intereses compatibles, aunque sean diferentes, y sumar\" \/>\n<meta name=\"robots\" content=\"index, follow, max-snippet:-1, max-image-preview:large, max-video-preview:-1\" \/>\n<link rel=\"canonical\" href=\"https:\/\/www.asajacyl.com\/soria\/asaja-soria-informa\/salonismo\" \/>\n<meta property=\"og:locale\" content=\"es_ES\" \/>\n<meta property=\"og:type\" content=\"article\" \/>\n<meta property=\"og:title\" content=\"&#039;Salonismo&#039; - ASAJA Soria\" \/>\n<meta property=\"og:description\" content=\"Hace poco le\u00ed que para lograr \u00e9xitos y avances en la sociedad se necesita conjugar voluntades, unir intereses compatibles, aunque sean diferentes, y sumar\" \/>\n<meta property=\"og:url\" content=\"https:\/\/www.asajacyl.com\/soria\/asaja-soria-informa\/salonismo\" \/>\n<meta property=\"og:site_name\" content=\"ASAJA Soria\" \/>\n<meta property=\"article:published_time\" content=\"2021-08-10T12:42:15+00:00\" \/>\n<meta property=\"article:modified_time\" content=\"2021-08-10T12:42:16+00:00\" \/>\n<meta property=\"og:image\" content=\"https:\/\/www.asajacyl.com\/soria\/wp-content\/uploads\/sites\/9\/2021\/08\/instalar-aire-acondicionado-permisos-fachada.png\" \/>\n\t<meta property=\"og:image:width\" content=\"400\" \/>\n\t<meta property=\"og:image:height\" content=\"300\" \/>\n\t<meta property=\"og:image:type\" content=\"image\/png\" \/>\n<meta name=\"author\" content=\"Juan Ignacio Prieto Nieto\" \/>\n<meta name=\"twitter:card\" content=\"summary_large_image\" \/>\n<meta name=\"twitter:label1\" content=\"Escrito por\" \/>\n\t<meta name=\"twitter:data1\" content=\"Juan Ignacio Prieto Nieto\" \/>\n\t<meta name=\"twitter:label2\" content=\"Tiempo de lectura\" \/>\n\t<meta name=\"twitter:data2\" content=\"4 minutos\" \/>\n<script type=\"application\/ld+json\" class=\"yoast-schema-graph\">{\"@context\":\"https:\/\/schema.org\",\"@graph\":[{\"@type\":\"WebPage\",\"@id\":\"https:\/\/www.asajacyl.com\/soria\/asaja-soria-informa\/salonismo\",\"url\":\"https:\/\/www.asajacyl.com\/soria\/asaja-soria-informa\/salonismo\",\"name\":\"'Salonismo' - ASAJA Soria\",\"isPartOf\":{\"@id\":\"https:\/\/www.asajacyl.com\/soria\/#website\"},\"primaryImageOfPage\":{\"@id\":\"https:\/\/www.asajacyl.com\/soria\/asaja-soria-informa\/salonismo#primaryimage\"},\"image\":{\"@id\":\"https:\/\/www.asajacyl.com\/soria\/asaja-soria-informa\/salonismo#primaryimage\"},\"thumbnailUrl\":\"https:\/\/www.asajacyl.com\/soria\/wp-content\/uploads\/sites\/9\/2021\/08\/instalar-aire-acondicionado-permisos-fachada.png\",\"datePublished\":\"2021-08-10T12:42:15+00:00\",\"dateModified\":\"2021-08-10T12:42:16+00:00\",\"author\":{\"@id\":\"https:\/\/www.asajacyl.com\/soria\/#\/schema\/person\/fd3081c40255119ce8133b87e6aedfab\"},\"description\":\"Hace poco le\u00ed que para lograr \u00e9xitos y avances en la sociedad se necesita conjugar voluntades, unir intereses compatibles, aunque sean diferentes, y sumar\",\"breadcrumb\":{\"@id\":\"https:\/\/www.asajacyl.com\/soria\/asaja-soria-informa\/salonismo#breadcrumb\"},\"inLanguage\":\"es\",\"potentialAction\":[{\"@type\":\"ReadAction\",\"target\":[\"https:\/\/www.asajacyl.com\/soria\/asaja-soria-informa\/salonismo\"]}]},{\"@type\":\"ImageObject\",\"inLanguage\":\"es\",\"@id\":\"https:\/\/www.asajacyl.com\/soria\/asaja-soria-informa\/salonismo#primaryimage\",\"url\":\"https:\/\/www.asajacyl.com\/soria\/wp-content\/uploads\/sites\/9\/2021\/08\/instalar-aire-acondicionado-permisos-fachada.png\",\"contentUrl\":\"https:\/\/www.asajacyl.com\/soria\/wp-content\/uploads\/sites\/9\/2021\/08\/instalar-aire-acondicionado-permisos-fachada.png\",\"width\":400,\"height\":300},{\"@type\":\"BreadcrumbList\",\"@id\":\"https:\/\/www.asajacyl.com\/soria\/asaja-soria-informa\/salonismo#breadcrumb\",\"itemListElement\":[{\"@type\":\"ListItem\",\"position\":1,\"name\":\"Portada\",\"item\":\"https:\/\/www.asajacyl.com\/soria\/\"},{\"@type\":\"ListItem\",\"position\":2,\"name\":\"&#8216;Salonismo&#8217;\"}]},{\"@type\":\"WebSite\",\"@id\":\"https:\/\/www.asajacyl.com\/soria\/#website\",\"url\":\"https:\/\/www.asajacyl.com\/soria\/\",\"name\":\"ASAJA Soria\",\"description\":\"Otro sitio m\u00e1s de Provincias ASAJA Castilla y Le\u00f3n\",\"potentialAction\":[{\"@type\":\"SearchAction\",\"target\":{\"@type\":\"EntryPoint\",\"urlTemplate\":\"https:\/\/www.asajacyl.com\/soria\/?s={search_term_string}\"},\"query-input\":{\"@type\":\"PropertyValueSpecification\",\"valueRequired\":true,\"valueName\":\"search_term_string\"}}],\"inLanguage\":\"es\"},{\"@type\":\"Person\",\"@id\":\"https:\/\/www.asajacyl.com\/soria\/#\/schema\/person\/fd3081c40255119ce8133b87e6aedfab\",\"name\":\"Juan Ignacio Prieto Nieto\",\"image\":{\"@type\":\"ImageObject\",\"inLanguage\":\"es\",\"@id\":\"https:\/\/www.asajacyl.com\/soria\/#\/schema\/person\/image\/\",\"url\":\"https:\/\/secure.gravatar.com\/avatar\/8266b36e4d9001acb4700699a2468dc8?s=96&d=mm&r=g\",\"contentUrl\":\"https:\/\/secure.gravatar.com\/avatar\/8266b36e4d9001acb4700699a2468dc8?s=96&d=mm&r=g\",\"caption\":\"Juan Ignacio Prieto Nieto\"},\"url\":\"https:\/\/www.asajacyl.com\/soria\/author\/juanfranciscoby\"}]}<\/script>\n<!-- \/ Yoast SEO plugin. -->","yoast_head_json":{"title":"'Salonismo' - ASAJA Soria","description":"Hace poco le\u00ed que para lograr \u00e9xitos y avances en la sociedad se necesita conjugar voluntades, unir intereses compatibles, aunque sean diferentes, y sumar","robots":{"index":"index","follow":"follow","max-snippet":"max-snippet:-1","max-image-preview":"max-image-preview:large","max-video-preview":"max-video-preview:-1"},"canonical":"https:\/\/www.asajacyl.com\/soria\/asaja-soria-informa\/salonismo","og_locale":"es_ES","og_type":"article","og_title":"'Salonismo' - ASAJA Soria","og_description":"Hace poco le\u00ed que para lograr \u00e9xitos y avances en la sociedad se necesita conjugar voluntades, unir intereses compatibles, aunque sean diferentes, y sumar","og_url":"https:\/\/www.asajacyl.com\/soria\/asaja-soria-informa\/salonismo","og_site_name":"ASAJA Soria","article_published_time":"2021-08-10T12:42:15+00:00","article_modified_time":"2021-08-10T12:42:16+00:00","og_image":[{"width":400,"height":300,"url":"https:\/\/www.asajacyl.com\/soria\/wp-content\/uploads\/sites\/9\/2021\/08\/instalar-aire-acondicionado-permisos-fachada.png","type":"image\/png"}],"author":"Juan Ignacio Prieto Nieto","twitter_card":"summary_large_image","twitter_misc":{"Escrito por":"Juan Ignacio Prieto Nieto","Tiempo de lectura":"4 minutos"},"schema":{"@context":"https:\/\/schema.org","@graph":[{"@type":"WebPage","@id":"https:\/\/www.asajacyl.com\/soria\/asaja-soria-informa\/salonismo","url":"https:\/\/www.asajacyl.com\/soria\/asaja-soria-informa\/salonismo","name":"'Salonismo' - ASAJA Soria","isPartOf":{"@id":"https:\/\/www.asajacyl.com\/soria\/#website"},"primaryImageOfPage":{"@id":"https:\/\/www.asajacyl.com\/soria\/asaja-soria-informa\/salonismo#primaryimage"},"image":{"@id":"https:\/\/www.asajacyl.com\/soria\/asaja-soria-informa\/salonismo#primaryimage"},"thumbnailUrl":"https:\/\/www.asajacyl.com\/soria\/wp-content\/uploads\/sites\/9\/2021\/08\/instalar-aire-acondicionado-permisos-fachada.png","datePublished":"2021-08-10T12:42:15+00:00","dateModified":"2021-08-10T12:42:16+00:00","author":{"@id":"https:\/\/www.asajacyl.com\/soria\/#\/schema\/person\/fd3081c40255119ce8133b87e6aedfab"},"description":"Hace poco le\u00ed que para lograr \u00e9xitos y avances en la sociedad se necesita conjugar voluntades, unir intereses compatibles, aunque sean diferentes, y sumar","breadcrumb":{"@id":"https:\/\/www.asajacyl.com\/soria\/asaja-soria-informa\/salonismo#breadcrumb"},"inLanguage":"es","potentialAction":[{"@type":"ReadAction","target":["https:\/\/www.asajacyl.com\/soria\/asaja-soria-informa\/salonismo"]}]},{"@type":"ImageObject","inLanguage":"es","@id":"https:\/\/www.asajacyl.com\/soria\/asaja-soria-informa\/salonismo#primaryimage","url":"https:\/\/www.asajacyl.com\/soria\/wp-content\/uploads\/sites\/9\/2021\/08\/instalar-aire-acondicionado-permisos-fachada.png","contentUrl":"https:\/\/www.asajacyl.com\/soria\/wp-content\/uploads\/sites\/9\/2021\/08\/instalar-aire-acondicionado-permisos-fachada.png","width":400,"height":300},{"@type":"BreadcrumbList","@id":"https:\/\/www.asajacyl.com\/soria\/asaja-soria-informa\/salonismo#breadcrumb","itemListElement":[{"@type":"ListItem","position":1,"name":"Portada","item":"https:\/\/www.asajacyl.com\/soria\/"},{"@type":"ListItem","position":2,"name":"&#8216;Salonismo&#8217;"}]},{"@type":"WebSite","@id":"https:\/\/www.asajacyl.com\/soria\/#website","url":"https:\/\/www.asajacyl.com\/soria\/","name":"ASAJA Soria","description":"Otro sitio m\u00e1s de Provincias ASAJA Castilla y Le\u00f3n","potentialAction":[{"@type":"SearchAction","target":{"@type":"EntryPoint","urlTemplate":"https:\/\/www.asajacyl.com\/soria\/?s={search_term_string}"},"query-input":{"@type":"PropertyValueSpecification","valueRequired":true,"valueName":"search_term_string"}}],"inLanguage":"es"},{"@type":"Person","@id":"https:\/\/www.asajacyl.com\/soria\/#\/schema\/person\/fd3081c40255119ce8133b87e6aedfab","name":"Juan Ignacio Prieto Nieto","image":{"@type":"ImageObject","inLanguage":"es","@id":"https:\/\/www.asajacyl.com\/soria\/#\/schema\/person\/image\/","url":"https:\/\/secure.gravatar.com\/avatar\/8266b36e4d9001acb4700699a2468dc8?s=96&d=mm&r=g","contentUrl":"https:\/\/secure.gravatar.com\/avatar\/8266b36e4d9001acb4700699a2468dc8?s=96&d=mm&r=g","caption":"Juan Ignacio Prieto Nieto"},"url":"https:\/\/www.asajacyl.com\/soria\/author\/juanfranciscoby"}]}},"_links":{"self":[{"href":"https:\/\/www.asajacyl.com\/soria\/wp-json\/wp\/v2\/posts\/4713"}],"collection":[{"href":"https:\/\/www.asajacyl.com\/soria\/wp-json\/wp\/v2\/posts"}],"about":[{"href":"https:\/\/www.asajacyl.com\/soria\/wp-json\/wp\/v2\/types\/post"}],"author":[{"embeddable":true,"href":"https:\/\/www.asajacyl.com\/soria\/wp-json\/wp\/v2\/users\/12"}],"replies":[{"embeddable":true,"href":"https:\/\/www.asajacyl.com\/soria\/wp-json\/wp\/v2\/comments?post=4713"}],"version-history":[{"count":1,"href":"https:\/\/www.asajacyl.com\/soria\/wp-json\/wp\/v2\/posts\/4713\/revisions"}],"predecessor-version":[{"id":4715,"href":"https:\/\/www.asajacyl.com\/soria\/wp-json\/wp\/v2\/posts\/4713\/revisions\/4715"}],"wp:featuredmedia":[{"embeddable":true,"href":"https:\/\/www.asajacyl.com\/soria\/wp-json\/wp\/v2\/media\/4714"}],"wp:attachment":[{"href":"https:\/\/www.asajacyl.com\/soria\/wp-json\/wp\/v2\/media?parent=4713"}],"wp:term":[{"taxonomy":"category","embeddable":true,"href":"https:\/\/www.asajacyl.com\/soria\/wp-json\/wp\/v2\/categories?post=4713"},{"taxonomy":"post_tag","embeddable":true,"href":"https:\/\/www.asajacyl.com\/soria\/wp-json\/wp\/v2\/tags?post=4713"}],"curies":[{"name":"wp","href":"https:\/\/api.w.org\/{rel}","templated":true}]}}