{"id":5022,"date":"2021-10-29T12:10:09","date_gmt":"2021-10-29T10:10:09","guid":{"rendered":"https:\/\/www.asajacyl.com\/soria\/?p=5022"},"modified":"2021-10-29T12:13:35","modified_gmt":"2021-10-29T10:13:35","slug":"cuando-la-sinrazon-se-impone-a-la-razon","status":"publish","type":"post","link":"https:\/\/www.asajacyl.com\/soria\/asaja-soria-informa\/opinion-asaja\/cuando-la-sinrazon-se-impone-a-la-razon","title":{"rendered":"CUANDO LA SINRAZ\u00d3N SE IMPONE A LA RAZ\u00d3N"},"content":{"rendered":"\n<p>La Comisi\u00f3n Territorial de Medio Ambiente y Urbanismo de la Junta resolvi\u00f3 a finales de octubre la inadmisi\u00f3n de la solicitud de inicio de evaluaci\u00f3n del impacto ambiental simplificada relativa al proyecto de sondeo de investigaci\u00f3n para la caracterizaci\u00f3n estratigr\u00e1fica del subsuelo de Noviercas. Basa su decisi\u00f3n en la negativa de la Confederaci\u00f3n Hidrogr\u00e1fica del Duero al permiso de investigaci\u00f3n.<\/p>\n<p>Es evidente que esta situaci\u00f3n coarta totalmente al interesado, que es m\u00e1s trascendental y m\u00e1s medi\u00e1tica porque en principio va enfocado a una conocida vaquer\u00eda, pero lo esencial es que influye en el resto de las inversiones, prospecciones e intereses empresariales de otros que quieran gastarse sus dineros en traer actividad a la provincia. Este tipo de cerraz\u00f3n puede cortar el progreso de una provincia tan necesitada como Soria. Los que toman estas decisiones no atienden a la l\u00f3gica. Est\u00e1n puestos para defender sus ideas y las de sus amigos, no el inter\u00e9s de la ciudadan\u00eda.<\/p>\n<p>Si deniegan a uno, \u00bfdenegar\u00e1n a todos? Porque como he dicho, esto a corto plazo y sobre todo a medio y largo influir\u00e1 en otro tipo de f\u00e1bricas o empresas. Tengamos en cuenta que no se le est\u00e1 negando un antojo a fulanito, es a una empresa que quiere investigar y estudiar todas las posibilidades, que tiene encima de la mesa mucha inversi\u00f3n y que adem\u00e1s se puede gastar dinero en los tribunales.<\/p>\n<p>En la Ciudad del Medio Ambiente la justicia acab\u00f3 dando la raz\u00f3n al promotor, pero ya ha sido tarde. Empresas que pod\u00edan haberse instalado se han ido fuera y ya no vuelven. Nuestros hijos, que podr\u00edan estar trabajando ah\u00ed no lo hacen y se han ido tambi\u00e9n. Es el af\u00e1n de algunos de quedar siempre por encima, como el aceite.<\/p>\n<p>Las vendas antes de las heridas valen para poco. Que iniciativas de este calado, que no son m\u00e1s inicialmente que de investigaci\u00f3n y de estudio, se echen atr\u00e1s son un repelente de primera categor\u00eda porque a muchos, como es l\u00f3gico, les surge la pregunta: \u00bfpara qu\u00e9 intentar esto o aquello, si no hay m\u00e1s que pegas?<\/p>\n<p>Acerca de estudios anteriores en los que supuestamente se basa el organismo responsable de la gesti\u00f3n del agua de la cuenca para decir que\u00a0las reservas de agua en la unidad de demanda agraria son nulas\u00a0y que el volumen solicitado es incompatible con el plan hidrol\u00f3gico habr\u00eda mucho que decir; incluso que esos estudios son inexistentes.<\/p>\n<p>Sea como fuere e incluso entendiendo las razones administrativas por las que no se puede admitir la solicitud para hacer el sondeo de investigaci\u00f3n y que no se pod\u00eda hacer otra cosa en ese contexto legal, creemos que como el origen puede ser una decisi\u00f3n arbitraria de la CHD deber\u00eda recurrirse, ya que va en contra de los intereses de los ciudadanos, que quedan desamparados. En este caso, es una empresa a la que se le priva el derecho de analizar el acu\u00edfero de Araviana y a entrar en la planificaci\u00f3n hidrol\u00f3gica posterior, una vez ya con todos los estudios y exploraciones pertinentes.<\/p>\n<p>M\u00e1s all\u00e1 de todo esto dejo una reflexi\u00f3n: lo que se est\u00e1 impidiendo es un proyecto para saber, para conocer la realidad y cuando se niega el acceso libre al conocimiento por motivos ideol\u00f3gicos eso tiene un nombre y \u00e9ste no es mundo libre ni democracia. Porque todo podr\u00eda darse; incluso que, una vez realizado el sondeo de investigaci\u00f3n, el promotor considerara que con esos datos el proyecto ya no le interesa.<\/p>\n<p>\u00a0<\/p>\n<p>CARMELO G\u00d3MEZ SANZ<\/p>\n<p>PRESIDENTE DE ASAJA SORIA<\/p>\n","protected":false},"excerpt":{"rendered":"<p>La Comisi\u00f3n Territorial de Medio Ambiente y Urbanismo de la Junta resolvi\u00f3 a finales de octubre la inadmisi\u00f3n de la solicitud de inicio de evaluaci\u00f3n del impacto ambiental simplificada relativa al proyecto de sondeo de investigaci\u00f3n para la caracterizaci\u00f3n estratigr\u00e1fica del subsuelo de Noviercas. Basa su decisi\u00f3n en la negativa de la Confederaci\u00f3n Hidrogr\u00e1fica del [&hellip;]<\/p>\n","protected":false},"author":12,"featured_media":760,"comment_status":"open","ping_status":"open","sticky":false,"template":"","format":"standard","meta":{"footnotes":""},"categories":[10,28],"tags":[],"yoast_head":"<!-- This site is optimized with the Yoast SEO plugin v24.5 - https:\/\/yoast.com\/wordpress\/plugins\/seo\/ -->\n<title>CUANDO LA SINRAZ\u00d3N SE IMPONE A LA RAZ\u00d3N - ASAJA Soria<\/title>\n<meta name=\"description\" content=\"La Comisi\u00f3n Territorial de Medio Ambiente y Urbanismo de la Junta resolvi\u00f3 a finales de octubre la inadmisi\u00f3n de la solicitud de inicio de evaluaci\u00f3n del\" \/>\n<meta name=\"robots\" content=\"index, follow, max-snippet:-1, max-image-preview:large, max-video-preview:-1\" \/>\n<link rel=\"canonical\" href=\"https:\/\/www.asajacyl.com\/soria\/asaja-soria-informa\/opinion-asaja\/cuando-la-sinrazon-se-impone-a-la-razon\" \/>\n<meta property=\"og:locale\" content=\"es_ES\" \/>\n<meta property=\"og:type\" content=\"article\" \/>\n<meta property=\"og:title\" content=\"CUANDO LA SINRAZ\u00d3N SE IMPONE A LA RAZ\u00d3N - ASAJA Soria\" \/>\n<meta property=\"og:description\" content=\"La Comisi\u00f3n Territorial de Medio Ambiente y Urbanismo de la Junta resolvi\u00f3 a finales de octubre la inadmisi\u00f3n de la solicitud de inicio de evaluaci\u00f3n del\" \/>\n<meta property=\"og:url\" content=\"https:\/\/www.asajacyl.com\/soria\/asaja-soria-informa\/opinion-asaja\/cuando-la-sinrazon-se-impone-a-la-razon\" \/>\n<meta property=\"og:site_name\" content=\"ASAJA Soria\" \/>\n<meta property=\"article:published_time\" content=\"2021-10-29T10:10:09+00:00\" \/>\n<meta property=\"article:modified_time\" content=\"2021-10-29T10:13:35+00:00\" \/>\n<meta property=\"og:image\" content=\"https:\/\/www.asajacyl.com\/soria\/wp-content\/uploads\/sites\/9\/2018\/03\/DSC_0230.jpg\" \/>\n\t<meta property=\"og:image:width\" content=\"2500\" \/>\n\t<meta property=\"og:image:height\" content=\"1406\" \/>\n\t<meta property=\"og:image:type\" content=\"image\/jpeg\" \/>\n<meta name=\"author\" content=\"Juan Ignacio Prieto Nieto\" \/>\n<meta name=\"twitter:card\" content=\"summary_large_image\" \/>\n<meta name=\"twitter:label1\" content=\"Escrito por\" \/>\n\t<meta name=\"twitter:data1\" content=\"Juan Ignacio Prieto Nieto\" \/>\n\t<meta name=\"twitter:label2\" content=\"Tiempo de lectura\" \/>\n\t<meta name=\"twitter:data2\" content=\"3 minutos\" \/>\n<script type=\"application\/ld+json\" class=\"yoast-schema-graph\">{\"@context\":\"https:\/\/schema.org\",\"@graph\":[{\"@type\":\"WebPage\",\"@id\":\"https:\/\/www.asajacyl.com\/soria\/asaja-soria-informa\/opinion-asaja\/cuando-la-sinrazon-se-impone-a-la-razon\",\"url\":\"https:\/\/www.asajacyl.com\/soria\/asaja-soria-informa\/opinion-asaja\/cuando-la-sinrazon-se-impone-a-la-razon\",\"name\":\"CUANDO LA SINRAZ\u00d3N SE IMPONE A LA RAZ\u00d3N - ASAJA Soria\",\"isPartOf\":{\"@id\":\"https:\/\/www.asajacyl.com\/soria\/#website\"},\"primaryImageOfPage\":{\"@id\":\"https:\/\/www.asajacyl.com\/soria\/asaja-soria-informa\/opinion-asaja\/cuando-la-sinrazon-se-impone-a-la-razon#primaryimage\"},\"image\":{\"@id\":\"https:\/\/www.asajacyl.com\/soria\/asaja-soria-informa\/opinion-asaja\/cuando-la-sinrazon-se-impone-a-la-razon#primaryimage\"},\"thumbnailUrl\":\"https:\/\/www.asajacyl.com\/soria\/wp-content\/uploads\/sites\/9\/2018\/03\/DSC_0230.jpg\",\"datePublished\":\"2021-10-29T10:10:09+00:00\",\"dateModified\":\"2021-10-29T10:13:35+00:00\",\"author\":{\"@id\":\"https:\/\/www.asajacyl.com\/soria\/#\/schema\/person\/fd3081c40255119ce8133b87e6aedfab\"},\"description\":\"La Comisi\u00f3n Territorial de Medio Ambiente y Urbanismo de la Junta resolvi\u00f3 a finales de octubre la inadmisi\u00f3n de la solicitud de inicio de evaluaci\u00f3n del\",\"breadcrumb\":{\"@id\":\"https:\/\/www.asajacyl.com\/soria\/asaja-soria-informa\/opinion-asaja\/cuando-la-sinrazon-se-impone-a-la-razon#breadcrumb\"},\"inLanguage\":\"es\",\"potentialAction\":[{\"@type\":\"ReadAction\",\"target\":[\"https:\/\/www.asajacyl.com\/soria\/asaja-soria-informa\/opinion-asaja\/cuando-la-sinrazon-se-impone-a-la-razon\"]}]},{\"@type\":\"ImageObject\",\"inLanguage\":\"es\",\"@id\":\"https:\/\/www.asajacyl.com\/soria\/asaja-soria-informa\/opinion-asaja\/cuando-la-sinrazon-se-impone-a-la-razon#primaryimage\",\"url\":\"https:\/\/www.asajacyl.com\/soria\/wp-content\/uploads\/sites\/9\/2018\/03\/DSC_0230.jpg\",\"contentUrl\":\"https:\/\/www.asajacyl.com\/soria\/wp-content\/uploads\/sites\/9\/2018\/03\/DSC_0230.jpg\",\"width\":2500,\"height\":1406},{\"@type\":\"BreadcrumbList\",\"@id\":\"https:\/\/www.asajacyl.com\/soria\/asaja-soria-informa\/opinion-asaja\/cuando-la-sinrazon-se-impone-a-la-razon#breadcrumb\",\"itemListElement\":[{\"@type\":\"ListItem\",\"position\":1,\"name\":\"Portada\",\"item\":\"https:\/\/www.asajacyl.com\/soria\/\"},{\"@type\":\"ListItem\",\"position\":2,\"name\":\"CUANDO LA SINRAZ\u00d3N SE IMPONE A LA RAZ\u00d3N\"}]},{\"@type\":\"WebSite\",\"@id\":\"https:\/\/www.asajacyl.com\/soria\/#website\",\"url\":\"https:\/\/www.asajacyl.com\/soria\/\",\"name\":\"ASAJA Soria\",\"description\":\"Otro sitio m\u00e1s de Provincias ASAJA Castilla y Le\u00f3n\",\"potentialAction\":[{\"@type\":\"SearchAction\",\"target\":{\"@type\":\"EntryPoint\",\"urlTemplate\":\"https:\/\/www.asajacyl.com\/soria\/?s={search_term_string}\"},\"query-input\":{\"@type\":\"PropertyValueSpecification\",\"valueRequired\":true,\"valueName\":\"search_term_string\"}}],\"inLanguage\":\"es\"},{\"@type\":\"Person\",\"@id\":\"https:\/\/www.asajacyl.com\/soria\/#\/schema\/person\/fd3081c40255119ce8133b87e6aedfab\",\"name\":\"Juan Ignacio Prieto Nieto\",\"image\":{\"@type\":\"ImageObject\",\"inLanguage\":\"es\",\"@id\":\"https:\/\/www.asajacyl.com\/soria\/#\/schema\/person\/image\/\",\"url\":\"https:\/\/secure.gravatar.com\/avatar\/8266b36e4d9001acb4700699a2468dc8?s=96&d=mm&r=g\",\"contentUrl\":\"https:\/\/secure.gravatar.com\/avatar\/8266b36e4d9001acb4700699a2468dc8?s=96&d=mm&r=g\",\"caption\":\"Juan Ignacio Prieto Nieto\"},\"url\":\"https:\/\/www.asajacyl.com\/soria\/author\/juanfranciscoby\"}]}<\/script>\n<!-- \/ Yoast SEO plugin. -->","yoast_head_json":{"title":"CUANDO LA SINRAZ\u00d3N SE IMPONE A LA RAZ\u00d3N - ASAJA Soria","description":"La Comisi\u00f3n Territorial de Medio Ambiente y Urbanismo de la Junta resolvi\u00f3 a finales de octubre la inadmisi\u00f3n de la solicitud de inicio de evaluaci\u00f3n del","robots":{"index":"index","follow":"follow","max-snippet":"max-snippet:-1","max-image-preview":"max-image-preview:large","max-video-preview":"max-video-preview:-1"},"canonical":"https:\/\/www.asajacyl.com\/soria\/asaja-soria-informa\/opinion-asaja\/cuando-la-sinrazon-se-impone-a-la-razon","og_locale":"es_ES","og_type":"article","og_title":"CUANDO LA SINRAZ\u00d3N SE IMPONE A LA RAZ\u00d3N - ASAJA Soria","og_description":"La Comisi\u00f3n Territorial de Medio Ambiente y Urbanismo de la Junta resolvi\u00f3 a finales de octubre la inadmisi\u00f3n de la solicitud de inicio de evaluaci\u00f3n del","og_url":"https:\/\/www.asajacyl.com\/soria\/asaja-soria-informa\/opinion-asaja\/cuando-la-sinrazon-se-impone-a-la-razon","og_site_name":"ASAJA Soria","article_published_time":"2021-10-29T10:10:09+00:00","article_modified_time":"2021-10-29T10:13:35+00:00","og_image":[{"width":2500,"height":1406,"url":"https:\/\/www.asajacyl.com\/soria\/wp-content\/uploads\/sites\/9\/2018\/03\/DSC_0230.jpg","type":"image\/jpeg"}],"author":"Juan Ignacio Prieto Nieto","twitter_card":"summary_large_image","twitter_misc":{"Escrito por":"Juan Ignacio Prieto Nieto","Tiempo de lectura":"3 minutos"},"schema":{"@context":"https:\/\/schema.org","@graph":[{"@type":"WebPage","@id":"https:\/\/www.asajacyl.com\/soria\/asaja-soria-informa\/opinion-asaja\/cuando-la-sinrazon-se-impone-a-la-razon","url":"https:\/\/www.asajacyl.com\/soria\/asaja-soria-informa\/opinion-asaja\/cuando-la-sinrazon-se-impone-a-la-razon","name":"CUANDO LA SINRAZ\u00d3N SE IMPONE A LA RAZ\u00d3N - ASAJA Soria","isPartOf":{"@id":"https:\/\/www.asajacyl.com\/soria\/#website"},"primaryImageOfPage":{"@id":"https:\/\/www.asajacyl.com\/soria\/asaja-soria-informa\/opinion-asaja\/cuando-la-sinrazon-se-impone-a-la-razon#primaryimage"},"image":{"@id":"https:\/\/www.asajacyl.com\/soria\/asaja-soria-informa\/opinion-asaja\/cuando-la-sinrazon-se-impone-a-la-razon#primaryimage"},"thumbnailUrl":"https:\/\/www.asajacyl.com\/soria\/wp-content\/uploads\/sites\/9\/2018\/03\/DSC_0230.jpg","datePublished":"2021-10-29T10:10:09+00:00","dateModified":"2021-10-29T10:13:35+00:00","author":{"@id":"https:\/\/www.asajacyl.com\/soria\/#\/schema\/person\/fd3081c40255119ce8133b87e6aedfab"},"description":"La Comisi\u00f3n Territorial de Medio Ambiente y Urbanismo de la Junta resolvi\u00f3 a finales de octubre la inadmisi\u00f3n de la solicitud de inicio de evaluaci\u00f3n del","breadcrumb":{"@id":"https:\/\/www.asajacyl.com\/soria\/asaja-soria-informa\/opinion-asaja\/cuando-la-sinrazon-se-impone-a-la-razon#breadcrumb"},"inLanguage":"es","potentialAction":[{"@type":"ReadAction","target":["https:\/\/www.asajacyl.com\/soria\/asaja-soria-informa\/opinion-asaja\/cuando-la-sinrazon-se-impone-a-la-razon"]}]},{"@type":"ImageObject","inLanguage":"es","@id":"https:\/\/www.asajacyl.com\/soria\/asaja-soria-informa\/opinion-asaja\/cuando-la-sinrazon-se-impone-a-la-razon#primaryimage","url":"https:\/\/www.asajacyl.com\/soria\/wp-content\/uploads\/sites\/9\/2018\/03\/DSC_0230.jpg","contentUrl":"https:\/\/www.asajacyl.com\/soria\/wp-content\/uploads\/sites\/9\/2018\/03\/DSC_0230.jpg","width":2500,"height":1406},{"@type":"BreadcrumbList","@id":"https:\/\/www.asajacyl.com\/soria\/asaja-soria-informa\/opinion-asaja\/cuando-la-sinrazon-se-impone-a-la-razon#breadcrumb","itemListElement":[{"@type":"ListItem","position":1,"name":"Portada","item":"https:\/\/www.asajacyl.com\/soria\/"},{"@type":"ListItem","position":2,"name":"CUANDO LA SINRAZ\u00d3N SE IMPONE A LA RAZ\u00d3N"}]},{"@type":"WebSite","@id":"https:\/\/www.asajacyl.com\/soria\/#website","url":"https:\/\/www.asajacyl.com\/soria\/","name":"ASAJA Soria","description":"Otro sitio m\u00e1s de Provincias ASAJA Castilla y Le\u00f3n","potentialAction":[{"@type":"SearchAction","target":{"@type":"EntryPoint","urlTemplate":"https:\/\/www.asajacyl.com\/soria\/?s={search_term_string}"},"query-input":{"@type":"PropertyValueSpecification","valueRequired":true,"valueName":"search_term_string"}}],"inLanguage":"es"},{"@type":"Person","@id":"https:\/\/www.asajacyl.com\/soria\/#\/schema\/person\/fd3081c40255119ce8133b87e6aedfab","name":"Juan Ignacio Prieto Nieto","image":{"@type":"ImageObject","inLanguage":"es","@id":"https:\/\/www.asajacyl.com\/soria\/#\/schema\/person\/image\/","url":"https:\/\/secure.gravatar.com\/avatar\/8266b36e4d9001acb4700699a2468dc8?s=96&d=mm&r=g","contentUrl":"https:\/\/secure.gravatar.com\/avatar\/8266b36e4d9001acb4700699a2468dc8?s=96&d=mm&r=g","caption":"Juan Ignacio Prieto Nieto"},"url":"https:\/\/www.asajacyl.com\/soria\/author\/juanfranciscoby"}]}},"_links":{"self":[{"href":"https:\/\/www.asajacyl.com\/soria\/wp-json\/wp\/v2\/posts\/5022"}],"collection":[{"href":"https:\/\/www.asajacyl.com\/soria\/wp-json\/wp\/v2\/posts"}],"about":[{"href":"https:\/\/www.asajacyl.com\/soria\/wp-json\/wp\/v2\/types\/post"}],"author":[{"embeddable":true,"href":"https:\/\/www.asajacyl.com\/soria\/wp-json\/wp\/v2\/users\/12"}],"replies":[{"embeddable":true,"href":"https:\/\/www.asajacyl.com\/soria\/wp-json\/wp\/v2\/comments?post=5022"}],"version-history":[{"count":1,"href":"https:\/\/www.asajacyl.com\/soria\/wp-json\/wp\/v2\/posts\/5022\/revisions"}],"predecessor-version":[{"id":5023,"href":"https:\/\/www.asajacyl.com\/soria\/wp-json\/wp\/v2\/posts\/5022\/revisions\/5023"}],"wp:featuredmedia":[{"embeddable":true,"href":"https:\/\/www.asajacyl.com\/soria\/wp-json\/wp\/v2\/media\/760"}],"wp:attachment":[{"href":"https:\/\/www.asajacyl.com\/soria\/wp-json\/wp\/v2\/media?parent=5022"}],"wp:term":[{"taxonomy":"category","embeddable":true,"href":"https:\/\/www.asajacyl.com\/soria\/wp-json\/wp\/v2\/categories?post=5022"},{"taxonomy":"post_tag","embeddable":true,"href":"https:\/\/www.asajacyl.com\/soria\/wp-json\/wp\/v2\/tags?post=5022"}],"curies":[{"name":"wp","href":"https:\/\/api.w.org\/{rel}","templated":true}]}}