{"id":5379,"date":"2022-03-08T10:26:39","date_gmt":"2022-03-08T09:26:39","guid":{"rendered":"https:\/\/www.asajacyl.com\/soria\/?p=5379"},"modified":"2022-03-08T10:26:41","modified_gmt":"2022-03-08T09:26:41","slug":"luis-planas-la-guerra-en-ucrania-obliga-a-cambiar-prioridades-y-replantear-decisiones-para-asegurar-la-seguridad-alimentaria-en-europa","status":"publish","type":"post","link":"https:\/\/www.asajacyl.com\/soria\/asaja-soria-informa\/luis-planas-la-guerra-en-ucrania-obliga-a-cambiar-prioridades-y-replantear-decisiones-para-asegurar-la-seguridad-alimentaria-en-europa","title":{"rendered":"Luis Planas: \u00abLa guerra en Ucrania obliga a cambiar prioridades y replantear decisiones para asegurar la seguridad alimentaria en Europa\u00bb"},"content":{"rendered":"\n<p class=\"Rpido\"><span lang=\"ES-TRAD\" xml:lang=\"ES-TRAD\">El ministro de Agricultura, Pesca y Alimentaci\u00f3n, Luis Planas, ha analizado esta semana, junto a las organizaciones profesionales agrarias, entre las que estaba ASAJA, las consecuencias de la invasi\u00f3n rusa de Ucrania en los mercados agroalimentarios, que ha pasado a primer punto del orden del d\u00eda del Comit\u00e9 Asesor Agrario, convocado originalmente para abordar el Plan Estrat\u00e9gico de la Pol\u00edtica Agraria Com\u00fan, la sequ\u00eda, las ordenaciones ganaderas y la Ley de la cadena alimentaria.<\/span><\/p>\n<p class=\"Rpido\"><span lang=\"ES-TRAD\" xml:lang=\"ES-TRAD\">\u00a0<\/span><span lang=\"ES-TRAD\" xml:lang=\"ES-TRAD\">Tras mostrar su solidaridad con el pueblo ucraniano, Luis Planas ha asegurado que \u201cestamos ante una situaci\u00f3n excepcional, que requiere de medidas excepcionales\u201d. Seg\u00fan el ministro, es necesario actuar con celeridad para asegurar la producci\u00f3n y abastecimiento alimentario en Europa.<\/span><\/p>\n<p class=\"Rpido\"><span lang=\"ES-TRAD\" xml:lang=\"ES-TRAD\">\u00a0<\/span><span lang=\"ES-TRAD\" xml:lang=\"ES-TRAD\">\u201cEl orden de prioridades cambia\u201d y la Comisi\u00f3n Europea tiene que flexibilizar medidas para afianzar la disponibilidad de materias primas, como ya le manifestamos ayer los Estados miembros, en la reuni\u00f3n extraordinaria del Consejo de Ministros de Agricultura de la UE.<\/span><\/p>\n<p class=\"Rpido\"><span lang=\"ES-TRAD\" xml:lang=\"ES-TRAD\">\u00a0<\/span><span lang=\"ES-TRAD\" xml:lang=\"ES-TRAD\">El ministro y las organizaciones agrarias han compartido la preocupaci\u00f3n porque se produzca un encarecimiento de precios y tensiones en el abastecimiento de algunos productos. Ucrania y Rusia son dos grandes productores de cereales y oleaginosas en el mundo.<\/span><\/p>\n<p class=\"Rpido\"><span lang=\"ES-TRAD\" xml:lang=\"ES-TRAD\">\u00a0<\/span><span lang=\"ES-TRAD\" xml:lang=\"ES-TRAD\">En el caso de Espa\u00f1a, Ucrania es el segundo suministrador de ma\u00edz a Espa\u00f1a, por detr\u00e1s de Brasil, con un volumen medio por temporada de 2,7 millones de toneladas, el 22 % de las compras de este producto en el exterior. Tambi\u00e9n son destacables las importaciones de torta de girasol, con 233.00 toneladas, el 68 % del suministro total que recibe Espa\u00f1a. Estos productos tienen un gran uso en la fabricaci\u00f3n de piensos para alimentaci\u00f3n animal.<\/span><\/p>\n<p class=\"Rpido\"><span lang=\"ES-TRAD\" xml:lang=\"ES-TRAD\">\u00a0<\/span><span lang=\"ES-TRAD\" xml:lang=\"ES-TRAD\">La actividad comercial desde Ucrania est\u00e1 totalmente paralizada y hay dudas sobre las posibilidades de siembra y producci\u00f3n para la pr\u00f3xima campa\u00f1a.<\/span><\/p>\n<p class=\"Rpido\"><span lang=\"ES-TRAD\" xml:lang=\"ES-TRAD\">\u00a0<\/span><span lang=\"ES-TRAD\" xml:lang=\"ES-TRAD\">El ministro ha se\u00f1alado que se trata de un problema que afecta al conjunto de Europa, por lo que ayer solicit\u00f3 que la Comisi\u00f3n Europea active todos los mecanismos que sean necesarios para facilitar la disponibilidad de materias primas en el mercado \u00fanico y que se flexibilicen las medidas de la PAC para que se pueda incrementar la producci\u00f3n. En este sentido, ha apuntado la necesidad de que de flexibilicen algunos requerimientos t\u00e9cnicos aplicables a las importaciones, siempre con el aval de la Autoridad Europea de Seguridad Alimentaria (EFSA, por sus siglas en ingl\u00e9s).<\/span><\/p>\n<p class=\"Rpido\"><span lang=\"ES-TRAD\" xml:lang=\"ES-TRAD\">\u00a0<\/span><span lang=\"ES-TRAD\" xml:lang=\"ES-TRAD\">El conflicto b\u00e9lico ha desencadenado ya un incremento de precios de las materias primas, que afecta especialmente al sector ganadero, y que se suma a la situaci\u00f3n de sequ\u00eda.<\/span><\/p>\n<p class=\"Rpido\"><span lang=\"ES-TRAD\" xml:lang=\"ES-TRAD\">\u00a0<\/span><span lang=\"ES-TRAD\" xml:lang=\"ES-TRAD\">El ministro ha mencionado que no se prev\u00e9n problemas de desabastecimiento, pero que hay que adoptar medidas en el seno comunitario para, ha insistido, asegurar la producci\u00f3n y evitar rupturas en las cadenas de suministro.<\/span><\/p>\n<p>\u00a0<\/p>\n<p>FUENTE: <a href=\"https:\/\/www.mapa.gob.es\/es\/prensa\/ultimas-noticias\/luis-planas-la-guerra-en-ucrania-obliga-a-cambiar-prioridades-y-replantear-decisiones-para-asegurar-la-seguridad-alimentaria-en-europa\/tcm:30-612133\">https:\/\/www.mapa.gob.es\/es\/prensa\/ultimas-noticias\/luis-planas-la-guerra-en-ucrania-obliga-a-cambiar-prioridades-y-replantear-decisiones-para-asegurar-la-seguridad-alimentaria-en-europa\/tcm:30-612133<\/a><\/p>\n","protected":false},"excerpt":{"rendered":"<p>El ministro de Agricultura, Pesca y Alimentaci\u00f3n, Luis Planas, ha analizado esta semana, junto a las organizaciones profesionales agrarias, entre las que estaba ASAJA, las consecuencias de la invasi\u00f3n rusa de Ucrania en los mercados agroalimentarios, que ha pasado a primer punto del orden del d\u00eda del Comit\u00e9 Asesor Agrario, convocado originalmente para abordar el [&hellip;]<\/p>\n","protected":false},"author":12,"featured_media":4660,"comment_status":"open","ping_status":"open","sticky":false,"template":"","format":"standard","meta":{"footnotes":""},"categories":[10,25],"tags":[],"yoast_head":"<!-- This site is optimized with the Yoast SEO plugin v24.5 - https:\/\/yoast.com\/wordpress\/plugins\/seo\/ -->\n<title>Luis Planas: &quot;La guerra en Ucrania obliga a cambiar prioridades y replantear decisiones para asegurar la seguridad alimentaria en Europa&quot; - ASAJA Soria<\/title>\n<meta name=\"description\" content=\"El ministro de Agricultura, Pesca y Alimentaci\u00f3n, Luis Planas, ha analizado esta semana, junto a las organizaciones profesionales agrarias, entre las que\" \/>\n<meta name=\"robots\" content=\"index, follow, max-snippet:-1, max-image-preview:large, max-video-preview:-1\" \/>\n<link rel=\"canonical\" href=\"https:\/\/www.asajacyl.com\/soria\/asaja-soria-informa\/luis-planas-la-guerra-en-ucrania-obliga-a-cambiar-prioridades-y-replantear-decisiones-para-asegurar-la-seguridad-alimentaria-en-europa\" \/>\n<meta property=\"og:locale\" content=\"es_ES\" \/>\n<meta property=\"og:type\" content=\"article\" \/>\n<meta property=\"og:title\" content=\"Luis Planas: &quot;La guerra en Ucrania obliga a cambiar prioridades y replantear decisiones para asegurar la seguridad alimentaria en Europa&quot; - ASAJA Soria\" \/>\n<meta property=\"og:description\" content=\"El ministro de Agricultura, Pesca y Alimentaci\u00f3n, Luis Planas, ha analizado esta semana, junto a las organizaciones profesionales agrarias, entre las que\" \/>\n<meta property=\"og:url\" content=\"https:\/\/www.asajacyl.com\/soria\/asaja-soria-informa\/luis-planas-la-guerra-en-ucrania-obliga-a-cambiar-prioridades-y-replantear-decisiones-para-asegurar-la-seguridad-alimentaria-en-europa\" \/>\n<meta property=\"og:site_name\" content=\"ASAJA Soria\" \/>\n<meta property=\"article:published_time\" content=\"2022-03-08T09:26:39+00:00\" \/>\n<meta property=\"article:modified_time\" content=\"2022-03-08T09:26:41+00:00\" \/>\n<meta property=\"og:image\" content=\"https:\/\/www.asajacyl.com\/soria\/wp-content\/uploads\/sites\/9\/2021\/07\/PLANAS-Y-CARMELO.jpg\" \/>\n\t<meta property=\"og:image:width\" content=\"2500\" \/>\n\t<meta property=\"og:image:height\" content=\"1877\" \/>\n\t<meta property=\"og:image:type\" content=\"image\/jpeg\" \/>\n<meta name=\"author\" content=\"Juan Ignacio Prieto Nieto\" \/>\n<meta name=\"twitter:card\" content=\"summary_large_image\" \/>\n<meta name=\"twitter:label1\" content=\"Escrito por\" \/>\n\t<meta name=\"twitter:data1\" content=\"Juan Ignacio Prieto Nieto\" \/>\n\t<meta name=\"twitter:label2\" content=\"Tiempo de lectura\" \/>\n\t<meta name=\"twitter:data2\" content=\"3 minutos\" \/>\n<script type=\"application\/ld+json\" class=\"yoast-schema-graph\">{\"@context\":\"https:\/\/schema.org\",\"@graph\":[{\"@type\":\"WebPage\",\"@id\":\"https:\/\/www.asajacyl.com\/soria\/asaja-soria-informa\/luis-planas-la-guerra-en-ucrania-obliga-a-cambiar-prioridades-y-replantear-decisiones-para-asegurar-la-seguridad-alimentaria-en-europa\",\"url\":\"https:\/\/www.asajacyl.com\/soria\/asaja-soria-informa\/luis-planas-la-guerra-en-ucrania-obliga-a-cambiar-prioridades-y-replantear-decisiones-para-asegurar-la-seguridad-alimentaria-en-europa\",\"name\":\"Luis Planas: \\\"La guerra en Ucrania obliga a cambiar prioridades y replantear decisiones para asegurar la seguridad alimentaria en Europa\\\" - ASAJA Soria\",\"isPartOf\":{\"@id\":\"https:\/\/www.asajacyl.com\/soria\/#website\"},\"primaryImageOfPage\":{\"@id\":\"https:\/\/www.asajacyl.com\/soria\/asaja-soria-informa\/luis-planas-la-guerra-en-ucrania-obliga-a-cambiar-prioridades-y-replantear-decisiones-para-asegurar-la-seguridad-alimentaria-en-europa#primaryimage\"},\"image\":{\"@id\":\"https:\/\/www.asajacyl.com\/soria\/asaja-soria-informa\/luis-planas-la-guerra-en-ucrania-obliga-a-cambiar-prioridades-y-replantear-decisiones-para-asegurar-la-seguridad-alimentaria-en-europa#primaryimage\"},\"thumbnailUrl\":\"https:\/\/www.asajacyl.com\/soria\/wp-content\/uploads\/sites\/9\/2021\/07\/PLANAS-Y-CARMELO.jpg\",\"datePublished\":\"2022-03-08T09:26:39+00:00\",\"dateModified\":\"2022-03-08T09:26:41+00:00\",\"author\":{\"@id\":\"https:\/\/www.asajacyl.com\/soria\/#\/schema\/person\/fd3081c40255119ce8133b87e6aedfab\"},\"description\":\"El ministro de Agricultura, Pesca y Alimentaci\u00f3n, Luis Planas, ha analizado esta semana, junto a las organizaciones profesionales agrarias, entre las que\",\"breadcrumb\":{\"@id\":\"https:\/\/www.asajacyl.com\/soria\/asaja-soria-informa\/luis-planas-la-guerra-en-ucrania-obliga-a-cambiar-prioridades-y-replantear-decisiones-para-asegurar-la-seguridad-alimentaria-en-europa#breadcrumb\"},\"inLanguage\":\"es\",\"potentialAction\":[{\"@type\":\"ReadAction\",\"target\":[\"https:\/\/www.asajacyl.com\/soria\/asaja-soria-informa\/luis-planas-la-guerra-en-ucrania-obliga-a-cambiar-prioridades-y-replantear-decisiones-para-asegurar-la-seguridad-alimentaria-en-europa\"]}]},{\"@type\":\"ImageObject\",\"inLanguage\":\"es\",\"@id\":\"https:\/\/www.asajacyl.com\/soria\/asaja-soria-informa\/luis-planas-la-guerra-en-ucrania-obliga-a-cambiar-prioridades-y-replantear-decisiones-para-asegurar-la-seguridad-alimentaria-en-europa#primaryimage\",\"url\":\"https:\/\/www.asajacyl.com\/soria\/wp-content\/uploads\/sites\/9\/2021\/07\/PLANAS-Y-CARMELO.jpg\",\"contentUrl\":\"https:\/\/www.asajacyl.com\/soria\/wp-content\/uploads\/sites\/9\/2021\/07\/PLANAS-Y-CARMELO.jpg\",\"width\":2500,\"height\":1877},{\"@type\":\"BreadcrumbList\",\"@id\":\"https:\/\/www.asajacyl.com\/soria\/asaja-soria-informa\/luis-planas-la-guerra-en-ucrania-obliga-a-cambiar-prioridades-y-replantear-decisiones-para-asegurar-la-seguridad-alimentaria-en-europa#breadcrumb\",\"itemListElement\":[{\"@type\":\"ListItem\",\"position\":1,\"name\":\"Portada\",\"item\":\"https:\/\/www.asajacyl.com\/soria\/\"},{\"@type\":\"ListItem\",\"position\":2,\"name\":\"Luis Planas: \u00abLa guerra en Ucrania obliga a cambiar prioridades y replantear decisiones para asegurar la seguridad alimentaria en Europa\u00bb\"}]},{\"@type\":\"WebSite\",\"@id\":\"https:\/\/www.asajacyl.com\/soria\/#website\",\"url\":\"https:\/\/www.asajacyl.com\/soria\/\",\"name\":\"ASAJA Soria\",\"description\":\"Otro sitio m\u00e1s de Provincias ASAJA Castilla y Le\u00f3n\",\"potentialAction\":[{\"@type\":\"SearchAction\",\"target\":{\"@type\":\"EntryPoint\",\"urlTemplate\":\"https:\/\/www.asajacyl.com\/soria\/?s={search_term_string}\"},\"query-input\":{\"@type\":\"PropertyValueSpecification\",\"valueRequired\":true,\"valueName\":\"search_term_string\"}}],\"inLanguage\":\"es\"},{\"@type\":\"Person\",\"@id\":\"https:\/\/www.asajacyl.com\/soria\/#\/schema\/person\/fd3081c40255119ce8133b87e6aedfab\",\"name\":\"Juan Ignacio Prieto Nieto\",\"image\":{\"@type\":\"ImageObject\",\"inLanguage\":\"es\",\"@id\":\"https:\/\/www.asajacyl.com\/soria\/#\/schema\/person\/image\/\",\"url\":\"https:\/\/secure.gravatar.com\/avatar\/8266b36e4d9001acb4700699a2468dc8?s=96&d=mm&r=g\",\"contentUrl\":\"https:\/\/secure.gravatar.com\/avatar\/8266b36e4d9001acb4700699a2468dc8?s=96&d=mm&r=g\",\"caption\":\"Juan Ignacio Prieto Nieto\"},\"url\":\"https:\/\/www.asajacyl.com\/soria\/author\/juanfranciscoby\"}]}<\/script>\n<!-- \/ Yoast SEO plugin. -->","yoast_head_json":{"title":"Luis Planas: \"La guerra en Ucrania obliga a cambiar prioridades y replantear decisiones para asegurar la seguridad alimentaria en Europa\" - ASAJA Soria","description":"El ministro de Agricultura, Pesca y Alimentaci\u00f3n, Luis Planas, ha analizado esta semana, junto a las organizaciones profesionales agrarias, entre las que","robots":{"index":"index","follow":"follow","max-snippet":"max-snippet:-1","max-image-preview":"max-image-preview:large","max-video-preview":"max-video-preview:-1"},"canonical":"https:\/\/www.asajacyl.com\/soria\/asaja-soria-informa\/luis-planas-la-guerra-en-ucrania-obliga-a-cambiar-prioridades-y-replantear-decisiones-para-asegurar-la-seguridad-alimentaria-en-europa","og_locale":"es_ES","og_type":"article","og_title":"Luis Planas: \"La guerra en Ucrania obliga a cambiar prioridades y replantear decisiones para asegurar la seguridad alimentaria en Europa\" - ASAJA Soria","og_description":"El ministro de Agricultura, Pesca y Alimentaci\u00f3n, Luis Planas, ha analizado esta semana, junto a las organizaciones profesionales agrarias, entre las que","og_url":"https:\/\/www.asajacyl.com\/soria\/asaja-soria-informa\/luis-planas-la-guerra-en-ucrania-obliga-a-cambiar-prioridades-y-replantear-decisiones-para-asegurar-la-seguridad-alimentaria-en-europa","og_site_name":"ASAJA Soria","article_published_time":"2022-03-08T09:26:39+00:00","article_modified_time":"2022-03-08T09:26:41+00:00","og_image":[{"width":2500,"height":1877,"url":"https:\/\/www.asajacyl.com\/soria\/wp-content\/uploads\/sites\/9\/2021\/07\/PLANAS-Y-CARMELO.jpg","type":"image\/jpeg"}],"author":"Juan Ignacio Prieto Nieto","twitter_card":"summary_large_image","twitter_misc":{"Escrito por":"Juan Ignacio Prieto Nieto","Tiempo de lectura":"3 minutos"},"schema":{"@context":"https:\/\/schema.org","@graph":[{"@type":"WebPage","@id":"https:\/\/www.asajacyl.com\/soria\/asaja-soria-informa\/luis-planas-la-guerra-en-ucrania-obliga-a-cambiar-prioridades-y-replantear-decisiones-para-asegurar-la-seguridad-alimentaria-en-europa","url":"https:\/\/www.asajacyl.com\/soria\/asaja-soria-informa\/luis-planas-la-guerra-en-ucrania-obliga-a-cambiar-prioridades-y-replantear-decisiones-para-asegurar-la-seguridad-alimentaria-en-europa","name":"Luis Planas: \"La guerra en Ucrania obliga a cambiar prioridades y replantear decisiones para asegurar la seguridad alimentaria en Europa\" - ASAJA Soria","isPartOf":{"@id":"https:\/\/www.asajacyl.com\/soria\/#website"},"primaryImageOfPage":{"@id":"https:\/\/www.asajacyl.com\/soria\/asaja-soria-informa\/luis-planas-la-guerra-en-ucrania-obliga-a-cambiar-prioridades-y-replantear-decisiones-para-asegurar-la-seguridad-alimentaria-en-europa#primaryimage"},"image":{"@id":"https:\/\/www.asajacyl.com\/soria\/asaja-soria-informa\/luis-planas-la-guerra-en-ucrania-obliga-a-cambiar-prioridades-y-replantear-decisiones-para-asegurar-la-seguridad-alimentaria-en-europa#primaryimage"},"thumbnailUrl":"https:\/\/www.asajacyl.com\/soria\/wp-content\/uploads\/sites\/9\/2021\/07\/PLANAS-Y-CARMELO.jpg","datePublished":"2022-03-08T09:26:39+00:00","dateModified":"2022-03-08T09:26:41+00:00","author":{"@id":"https:\/\/www.asajacyl.com\/soria\/#\/schema\/person\/fd3081c40255119ce8133b87e6aedfab"},"description":"El ministro de Agricultura, Pesca y Alimentaci\u00f3n, Luis Planas, ha analizado esta semana, junto a las organizaciones profesionales agrarias, entre las que","breadcrumb":{"@id":"https:\/\/www.asajacyl.com\/soria\/asaja-soria-informa\/luis-planas-la-guerra-en-ucrania-obliga-a-cambiar-prioridades-y-replantear-decisiones-para-asegurar-la-seguridad-alimentaria-en-europa#breadcrumb"},"inLanguage":"es","potentialAction":[{"@type":"ReadAction","target":["https:\/\/www.asajacyl.com\/soria\/asaja-soria-informa\/luis-planas-la-guerra-en-ucrania-obliga-a-cambiar-prioridades-y-replantear-decisiones-para-asegurar-la-seguridad-alimentaria-en-europa"]}]},{"@type":"ImageObject","inLanguage":"es","@id":"https:\/\/www.asajacyl.com\/soria\/asaja-soria-informa\/luis-planas-la-guerra-en-ucrania-obliga-a-cambiar-prioridades-y-replantear-decisiones-para-asegurar-la-seguridad-alimentaria-en-europa#primaryimage","url":"https:\/\/www.asajacyl.com\/soria\/wp-content\/uploads\/sites\/9\/2021\/07\/PLANAS-Y-CARMELO.jpg","contentUrl":"https:\/\/www.asajacyl.com\/soria\/wp-content\/uploads\/sites\/9\/2021\/07\/PLANAS-Y-CARMELO.jpg","width":2500,"height":1877},{"@type":"BreadcrumbList","@id":"https:\/\/www.asajacyl.com\/soria\/asaja-soria-informa\/luis-planas-la-guerra-en-ucrania-obliga-a-cambiar-prioridades-y-replantear-decisiones-para-asegurar-la-seguridad-alimentaria-en-europa#breadcrumb","itemListElement":[{"@type":"ListItem","position":1,"name":"Portada","item":"https:\/\/www.asajacyl.com\/soria\/"},{"@type":"ListItem","position":2,"name":"Luis Planas: \u00abLa guerra en Ucrania obliga a cambiar prioridades y replantear decisiones para asegurar la seguridad alimentaria en Europa\u00bb"}]},{"@type":"WebSite","@id":"https:\/\/www.asajacyl.com\/soria\/#website","url":"https:\/\/www.asajacyl.com\/soria\/","name":"ASAJA Soria","description":"Otro sitio m\u00e1s de Provincias ASAJA Castilla y Le\u00f3n","potentialAction":[{"@type":"SearchAction","target":{"@type":"EntryPoint","urlTemplate":"https:\/\/www.asajacyl.com\/soria\/?s={search_term_string}"},"query-input":{"@type":"PropertyValueSpecification","valueRequired":true,"valueName":"search_term_string"}}],"inLanguage":"es"},{"@type":"Person","@id":"https:\/\/www.asajacyl.com\/soria\/#\/schema\/person\/fd3081c40255119ce8133b87e6aedfab","name":"Juan Ignacio Prieto Nieto","image":{"@type":"ImageObject","inLanguage":"es","@id":"https:\/\/www.asajacyl.com\/soria\/#\/schema\/person\/image\/","url":"https:\/\/secure.gravatar.com\/avatar\/8266b36e4d9001acb4700699a2468dc8?s=96&d=mm&r=g","contentUrl":"https:\/\/secure.gravatar.com\/avatar\/8266b36e4d9001acb4700699a2468dc8?s=96&d=mm&r=g","caption":"Juan Ignacio Prieto Nieto"},"url":"https:\/\/www.asajacyl.com\/soria\/author\/juanfranciscoby"}]}},"_links":{"self":[{"href":"https:\/\/www.asajacyl.com\/soria\/wp-json\/wp\/v2\/posts\/5379"}],"collection":[{"href":"https:\/\/www.asajacyl.com\/soria\/wp-json\/wp\/v2\/posts"}],"about":[{"href":"https:\/\/www.asajacyl.com\/soria\/wp-json\/wp\/v2\/types\/post"}],"author":[{"embeddable":true,"href":"https:\/\/www.asajacyl.com\/soria\/wp-json\/wp\/v2\/users\/12"}],"replies":[{"embeddable":true,"href":"https:\/\/www.asajacyl.com\/soria\/wp-json\/wp\/v2\/comments?post=5379"}],"version-history":[{"count":1,"href":"https:\/\/www.asajacyl.com\/soria\/wp-json\/wp\/v2\/posts\/5379\/revisions"}],"predecessor-version":[{"id":5380,"href":"https:\/\/www.asajacyl.com\/soria\/wp-json\/wp\/v2\/posts\/5379\/revisions\/5380"}],"wp:featuredmedia":[{"embeddable":true,"href":"https:\/\/www.asajacyl.com\/soria\/wp-json\/wp\/v2\/media\/4660"}],"wp:attachment":[{"href":"https:\/\/www.asajacyl.com\/soria\/wp-json\/wp\/v2\/media?parent=5379"}],"wp:term":[{"taxonomy":"category","embeddable":true,"href":"https:\/\/www.asajacyl.com\/soria\/wp-json\/wp\/v2\/categories?post=5379"},{"taxonomy":"post_tag","embeddable":true,"href":"https:\/\/www.asajacyl.com\/soria\/wp-json\/wp\/v2\/tags?post=5379"}],"curies":[{"name":"wp","href":"https:\/\/api.w.org\/{rel}","templated":true}]}}