{"id":5391,"date":"2022-03-16T13:57:07","date_gmt":"2022-03-16T12:57:07","guid":{"rendered":"https:\/\/www.asajacyl.com\/soria\/?p=5391"},"modified":"2022-03-20T20:15:39","modified_gmt":"2022-03-20T19:15:39","slug":"la-manifestacion-del-20m-comenzara-finalmente-a-las-1100-horas-frente-al-ministerio-de-agricultura","status":"publish","type":"post","link":"https:\/\/www.asajacyl.com\/soria\/asaja-soria-informa\/la-manifestacion-del-20m-comenzara-finalmente-a-las-1100-horas-frente-al-ministerio-de-agricultura","title":{"rendered":"La manifestaci\u00f3n del 20M comenzar\u00e1 finalmente a las 11:00 horas frente al Ministerio de Agricultura"},"content":{"rendered":"\n<h2><strong>La organizaci\u00f3n hace un llamamiento a toda la poblaci\u00f3n espa\u00f1ola a sumarse a la defensa del futuro del campo<\/strong><\/h2>\n<p>Los organizadores de la manifestaci\u00f3n del Mundo Rural convocada el pr\u00f3ximo 20 de marzo en Madrid (ASAJA, Real Federaci\u00f3n Espa\u00f1ola de Caza (RFEC), Oficina Nacional de la Caza (ONC), Alianza Rural, Uni\u00f3n de Criadores del Toro de Lidia (UCTL), Coag, Upa, Federaci\u00f3n Nacional de Comunidades de Regantes de Espa\u00f1a (FENACORE) y Cooperativas Agro-alimentarias) han realizado un llamamiento a toda la poblaci\u00f3n espa\u00f1ola comprometida con la supervivencia del campo porque, aseguran, el futuro del campo es cosa de todos.<\/p>\n<p><em><strong>Aunque el arranque estaba previsto que fuese en la Puerta de Alcal\u00e1, la cita comenzar\u00e1 finalmente a las 11:00 horas en la Plaza Emperador Carlos V, frente al Ministerio de Agricultura, ya que no se entender\u00eda que una movilizaci\u00f3n de este calado no partiera de ese punto.<\/strong><\/em><\/p>\n<p>Recorrer\u00e1 el Paseo de la Castellana para llegar a la Fuente de San Juan de la Cruz, a las puertas del Ministerio de Transici\u00f3n Ecol\u00f3gica, administraci\u00f3n responsable de muchos de los problemas que afectan al campo.<\/p>\n<p>A la cita se prev\u00e9 la asistencia de m\u00e1s de 200.000 personas provenientes de todos los puntos del pa\u00eds, especialmente de aquellas zonas en las que actividades ligadas al medio rural como la agricultura, la ganader\u00eda o la caza son una fuente principal de subsistencia y desarrollo.<\/p>\n<p>En este sentido, se espera la llegada de m\u00e1s de 1.500 autobuses movilizados por distintas organizaciones, entidades y particulares del mundo rural, para lo que se ha preparado un dispositivo hist\u00f3rico que garantice la llegada segura y escalonada de todos los participantes.<\/p>\n<p>Pero los organizadores quieren extender la participaci\u00f3n a cualquier persona que quiera defender un mundo rural vivo, puesto que el abandono del campo no solo afecta a quienes viven en \u00e9l, sino a toda la sociedad que consume sus productos, respira el ox\u00edgeno de sus plantas y disfruta de su tranquilidad cuando busca descanso.<\/p>\n<p>Para las organizaciones promotoras de la manifestaci\u00f3n, es muy importante que toda la sociedad, tambi\u00e9n quienes viven en las ciudades y est\u00e1n m\u00e1s alejados del campo, se una al mundo rural y muestren su apoyo y fuerza a unos sectores que son vitales para el pa\u00eds y que est\u00e1n cada d\u00eda m\u00e1s asfixiados.<\/p>\n<p>Por otro lado, las organizaciones convocantes han recalcado el car\u00e1cter apol\u00edtico de la movilizaci\u00f3n, ya que el verdadero protagonista de la manifestaci\u00f3n es el campo espa\u00f1ol y todo el mundo rural.<\/p>\n<p>Es el momento de unir nuestras voces frente a unas pol\u00edticas ineficaces que est\u00e1n dando la espalda a quienes trabajan d\u00eda a d\u00eda para llenar las neveras de todos los espa\u00f1oles y para cuidar de un medio ambiente que todos necesitamos y del que todos disfrutamos.<\/p>\n<p><strong>#juntosporelcampo<\/strong><\/p>\n<p><strong>#20MRural<\/strong><\/p>\n<p><img loading=\"lazy\" decoding=\"async\" class=\"aligncenter  wp-image-5392\" src=\"https:\/\/www.asajacyl.com\/soria\/wp-content\/uploads\/sites\/9\/2022\/03\/www.jpg\" alt=\"\" width=\"513\" height=\"453\" srcset=\"https:\/\/www.asajacyl.com\/soria\/wp-content\/uploads\/sites\/9\/2022\/03\/www.jpg 1654w, https:\/\/www.asajacyl.com\/soria\/wp-content\/uploads\/sites\/9\/2022\/03\/www-300x265.jpg 300w, https:\/\/www.asajacyl.com\/soria\/wp-content\/uploads\/sites\/9\/2022\/03\/www-1024x903.jpg 1024w, https:\/\/www.asajacyl.com\/soria\/wp-content\/uploads\/sites\/9\/2022\/03\/www-768x677.jpg 768w, https:\/\/www.asajacyl.com\/soria\/wp-content\/uploads\/sites\/9\/2022\/03\/www-1536x1355.jpg 1536w, https:\/\/www.asajacyl.com\/soria\/wp-content\/uploads\/sites\/9\/2022\/03\/www-696x614.jpg 696w, https:\/\/www.asajacyl.com\/soria\/wp-content\/uploads\/sites\/9\/2022\/03\/www-1068x942.jpg 1068w, https:\/\/www.asajacyl.com\/soria\/wp-content\/uploads\/sites\/9\/2022\/03\/www-476x420.jpg 476w\" sizes=\"(max-width: 513px) 100vw, 513px\" \/><\/p>\n<p>PINCHA AQU\u00cd Y PODR\u00c1S LEER EL MANIFIESTO Y LAS REIVINDICACIONES PRINCIPALES: <a href=\"https:\/\/www.asajacyl.com\/soria\/wp-content\/uploads\/sites\/9\/2022\/02\/manifiesto_manifestacion_15-febrero_c.pdf\">manifiesto_manifestacion_15-febrero_c<\/a><\/p>\n<p>\u00a0<\/p>\n","protected":false},"excerpt":{"rendered":"<p>La organizaci\u00f3n hace un llamamiento a toda la poblaci\u00f3n espa\u00f1ola a sumarse a la defensa del futuro del campo Los organizadores de la manifestaci\u00f3n del Mundo Rural convocada el pr\u00f3ximo 20 de marzo en Madrid (ASAJA, Real Federaci\u00f3n Espa\u00f1ola de Caza (RFEC), Oficina Nacional de la Caza (ONC), Alianza Rural, Uni\u00f3n de Criadores del Toro [&hellip;]<\/p>\n","protected":false},"author":12,"featured_media":5395,"comment_status":"open","ping_status":"open","sticky":false,"template":"","format":"standard","meta":{"footnotes":""},"categories":[10,25],"tags":[],"yoast_head":"<!-- This site is optimized with the Yoast SEO plugin v24.5 - https:\/\/yoast.com\/wordpress\/plugins\/seo\/ -->\n<title>La manifestaci\u00f3n del 20M comenzar\u00e1 finalmente a las 11:00 horas frente al Ministerio de Agricultura - ASAJA Soria<\/title>\n<meta name=\"description\" content=\"La organizaci\u00f3n hace un llamamiento a toda la poblaci\u00f3n espa\u00f1ola a sumarse a la defensa del futuro del campo Los organizadores de la manifestaci\u00f3n del\" \/>\n<meta name=\"robots\" content=\"index, follow, max-snippet:-1, max-image-preview:large, max-video-preview:-1\" \/>\n<link rel=\"canonical\" href=\"https:\/\/www.asajacyl.com\/soria\/asaja-soria-informa\/la-manifestacion-del-20m-comenzara-finalmente-a-las-1100-horas-frente-al-ministerio-de-agricultura\" \/>\n<meta property=\"og:locale\" content=\"es_ES\" \/>\n<meta property=\"og:type\" content=\"article\" \/>\n<meta property=\"og:title\" content=\"La manifestaci\u00f3n del 20M comenzar\u00e1 finalmente a las 11:00 horas frente al Ministerio de Agricultura - ASAJA Soria\" \/>\n<meta property=\"og:description\" content=\"La organizaci\u00f3n hace un llamamiento a toda la poblaci\u00f3n espa\u00f1ola a sumarse a la defensa del futuro del campo Los organizadores de la manifestaci\u00f3n del\" \/>\n<meta property=\"og:url\" content=\"https:\/\/www.asajacyl.com\/soria\/asaja-soria-informa\/la-manifestacion-del-20m-comenzara-finalmente-a-las-1100-horas-frente-al-ministerio-de-agricultura\" \/>\n<meta property=\"og:site_name\" content=\"ASAJA Soria\" \/>\n<meta property=\"article:published_time\" content=\"2022-03-16T12:57:07+00:00\" \/>\n<meta property=\"article:modified_time\" content=\"2022-03-20T19:15:39+00:00\" \/>\n<meta property=\"og:image\" content=\"https:\/\/www.asajacyl.com\/soria\/wp-content\/uploads\/sites\/9\/2022\/03\/20m-rural-juntos-por-el-campo-y-la-caza-61deb56db4b3e.png\" \/>\n\t<meta property=\"og:image:width\" content=\"728\" \/>\n\t<meta property=\"og:image:height\" content=\"546\" \/>\n\t<meta property=\"og:image:type\" content=\"image\/png\" \/>\n<meta name=\"author\" content=\"Juan Ignacio Prieto Nieto\" \/>\n<meta name=\"twitter:card\" content=\"summary_large_image\" \/>\n<meta name=\"twitter:label1\" content=\"Escrito por\" \/>\n\t<meta name=\"twitter:data1\" content=\"Juan Ignacio Prieto Nieto\" \/>\n\t<meta name=\"twitter:label2\" content=\"Tiempo de lectura\" \/>\n\t<meta name=\"twitter:data2\" content=\"3 minutos\" \/>\n<script type=\"application\/ld+json\" class=\"yoast-schema-graph\">{\"@context\":\"https:\/\/schema.org\",\"@graph\":[{\"@type\":\"WebPage\",\"@id\":\"https:\/\/www.asajacyl.com\/soria\/asaja-soria-informa\/la-manifestacion-del-20m-comenzara-finalmente-a-las-1100-horas-frente-al-ministerio-de-agricultura\",\"url\":\"https:\/\/www.asajacyl.com\/soria\/asaja-soria-informa\/la-manifestacion-del-20m-comenzara-finalmente-a-las-1100-horas-frente-al-ministerio-de-agricultura\",\"name\":\"La manifestaci\u00f3n del 20M comenzar\u00e1 finalmente a las 11:00 horas frente al Ministerio de Agricultura - ASAJA Soria\",\"isPartOf\":{\"@id\":\"https:\/\/www.asajacyl.com\/soria\/#website\"},\"primaryImageOfPage\":{\"@id\":\"https:\/\/www.asajacyl.com\/soria\/asaja-soria-informa\/la-manifestacion-del-20m-comenzara-finalmente-a-las-1100-horas-frente-al-ministerio-de-agricultura#primaryimage\"},\"image\":{\"@id\":\"https:\/\/www.asajacyl.com\/soria\/asaja-soria-informa\/la-manifestacion-del-20m-comenzara-finalmente-a-las-1100-horas-frente-al-ministerio-de-agricultura#primaryimage\"},\"thumbnailUrl\":\"https:\/\/www.asajacyl.com\/soria\/wp-content\/uploads\/sites\/9\/2022\/03\/20m-rural-juntos-por-el-campo-y-la-caza-61deb56db4b3e.png\",\"datePublished\":\"2022-03-16T12:57:07+00:00\",\"dateModified\":\"2022-03-20T19:15:39+00:00\",\"author\":{\"@id\":\"https:\/\/www.asajacyl.com\/soria\/#\/schema\/person\/fd3081c40255119ce8133b87e6aedfab\"},\"description\":\"La organizaci\u00f3n hace un llamamiento a toda la poblaci\u00f3n espa\u00f1ola a sumarse a la defensa del futuro del campo Los organizadores de la manifestaci\u00f3n del\",\"breadcrumb\":{\"@id\":\"https:\/\/www.asajacyl.com\/soria\/asaja-soria-informa\/la-manifestacion-del-20m-comenzara-finalmente-a-las-1100-horas-frente-al-ministerio-de-agricultura#breadcrumb\"},\"inLanguage\":\"es\",\"potentialAction\":[{\"@type\":\"ReadAction\",\"target\":[\"https:\/\/www.asajacyl.com\/soria\/asaja-soria-informa\/la-manifestacion-del-20m-comenzara-finalmente-a-las-1100-horas-frente-al-ministerio-de-agricultura\"]}]},{\"@type\":\"ImageObject\",\"inLanguage\":\"es\",\"@id\":\"https:\/\/www.asajacyl.com\/soria\/asaja-soria-informa\/la-manifestacion-del-20m-comenzara-finalmente-a-las-1100-horas-frente-al-ministerio-de-agricultura#primaryimage\",\"url\":\"https:\/\/www.asajacyl.com\/soria\/wp-content\/uploads\/sites\/9\/2022\/03\/20m-rural-juntos-por-el-campo-y-la-caza-61deb56db4b3e.png\",\"contentUrl\":\"https:\/\/www.asajacyl.com\/soria\/wp-content\/uploads\/sites\/9\/2022\/03\/20m-rural-juntos-por-el-campo-y-la-caza-61deb56db4b3e.png\",\"width\":728,\"height\":546},{\"@type\":\"BreadcrumbList\",\"@id\":\"https:\/\/www.asajacyl.com\/soria\/asaja-soria-informa\/la-manifestacion-del-20m-comenzara-finalmente-a-las-1100-horas-frente-al-ministerio-de-agricultura#breadcrumb\",\"itemListElement\":[{\"@type\":\"ListItem\",\"position\":1,\"name\":\"Portada\",\"item\":\"https:\/\/www.asajacyl.com\/soria\/\"},{\"@type\":\"ListItem\",\"position\":2,\"name\":\"La manifestaci\u00f3n del 20M comenzar\u00e1 finalmente a las 11:00 horas frente al Ministerio de Agricultura\"}]},{\"@type\":\"WebSite\",\"@id\":\"https:\/\/www.asajacyl.com\/soria\/#website\",\"url\":\"https:\/\/www.asajacyl.com\/soria\/\",\"name\":\"ASAJA Soria\",\"description\":\"Otro sitio m\u00e1s de Provincias ASAJA Castilla y Le\u00f3n\",\"potentialAction\":[{\"@type\":\"SearchAction\",\"target\":{\"@type\":\"EntryPoint\",\"urlTemplate\":\"https:\/\/www.asajacyl.com\/soria\/?s={search_term_string}\"},\"query-input\":{\"@type\":\"PropertyValueSpecification\",\"valueRequired\":true,\"valueName\":\"search_term_string\"}}],\"inLanguage\":\"es\"},{\"@type\":\"Person\",\"@id\":\"https:\/\/www.asajacyl.com\/soria\/#\/schema\/person\/fd3081c40255119ce8133b87e6aedfab\",\"name\":\"Juan Ignacio Prieto Nieto\",\"image\":{\"@type\":\"ImageObject\",\"inLanguage\":\"es\",\"@id\":\"https:\/\/www.asajacyl.com\/soria\/#\/schema\/person\/image\/\",\"url\":\"https:\/\/secure.gravatar.com\/avatar\/8266b36e4d9001acb4700699a2468dc8?s=96&d=mm&r=g\",\"contentUrl\":\"https:\/\/secure.gravatar.com\/avatar\/8266b36e4d9001acb4700699a2468dc8?s=96&d=mm&r=g\",\"caption\":\"Juan Ignacio Prieto Nieto\"},\"url\":\"https:\/\/www.asajacyl.com\/soria\/author\/juanfranciscoby\"}]}<\/script>\n<!-- \/ Yoast SEO plugin. -->","yoast_head_json":{"title":"La manifestaci\u00f3n del 20M comenzar\u00e1 finalmente a las 11:00 horas frente al Ministerio de Agricultura - ASAJA Soria","description":"La organizaci\u00f3n hace un llamamiento a toda la poblaci\u00f3n espa\u00f1ola a sumarse a la defensa del futuro del campo Los organizadores de la manifestaci\u00f3n del","robots":{"index":"index","follow":"follow","max-snippet":"max-snippet:-1","max-image-preview":"max-image-preview:large","max-video-preview":"max-video-preview:-1"},"canonical":"https:\/\/www.asajacyl.com\/soria\/asaja-soria-informa\/la-manifestacion-del-20m-comenzara-finalmente-a-las-1100-horas-frente-al-ministerio-de-agricultura","og_locale":"es_ES","og_type":"article","og_title":"La manifestaci\u00f3n del 20M comenzar\u00e1 finalmente a las 11:00 horas frente al Ministerio de Agricultura - ASAJA Soria","og_description":"La organizaci\u00f3n hace un llamamiento a toda la poblaci\u00f3n espa\u00f1ola a sumarse a la defensa del futuro del campo Los organizadores de la manifestaci\u00f3n del","og_url":"https:\/\/www.asajacyl.com\/soria\/asaja-soria-informa\/la-manifestacion-del-20m-comenzara-finalmente-a-las-1100-horas-frente-al-ministerio-de-agricultura","og_site_name":"ASAJA Soria","article_published_time":"2022-03-16T12:57:07+00:00","article_modified_time":"2022-03-20T19:15:39+00:00","og_image":[{"width":728,"height":546,"url":"https:\/\/www.asajacyl.com\/soria\/wp-content\/uploads\/sites\/9\/2022\/03\/20m-rural-juntos-por-el-campo-y-la-caza-61deb56db4b3e.png","type":"image\/png"}],"author":"Juan Ignacio Prieto Nieto","twitter_card":"summary_large_image","twitter_misc":{"Escrito por":"Juan Ignacio Prieto Nieto","Tiempo de lectura":"3 minutos"},"schema":{"@context":"https:\/\/schema.org","@graph":[{"@type":"WebPage","@id":"https:\/\/www.asajacyl.com\/soria\/asaja-soria-informa\/la-manifestacion-del-20m-comenzara-finalmente-a-las-1100-horas-frente-al-ministerio-de-agricultura","url":"https:\/\/www.asajacyl.com\/soria\/asaja-soria-informa\/la-manifestacion-del-20m-comenzara-finalmente-a-las-1100-horas-frente-al-ministerio-de-agricultura","name":"La manifestaci\u00f3n del 20M comenzar\u00e1 finalmente a las 11:00 horas frente al Ministerio de Agricultura - ASAJA Soria","isPartOf":{"@id":"https:\/\/www.asajacyl.com\/soria\/#website"},"primaryImageOfPage":{"@id":"https:\/\/www.asajacyl.com\/soria\/asaja-soria-informa\/la-manifestacion-del-20m-comenzara-finalmente-a-las-1100-horas-frente-al-ministerio-de-agricultura#primaryimage"},"image":{"@id":"https:\/\/www.asajacyl.com\/soria\/asaja-soria-informa\/la-manifestacion-del-20m-comenzara-finalmente-a-las-1100-horas-frente-al-ministerio-de-agricultura#primaryimage"},"thumbnailUrl":"https:\/\/www.asajacyl.com\/soria\/wp-content\/uploads\/sites\/9\/2022\/03\/20m-rural-juntos-por-el-campo-y-la-caza-61deb56db4b3e.png","datePublished":"2022-03-16T12:57:07+00:00","dateModified":"2022-03-20T19:15:39+00:00","author":{"@id":"https:\/\/www.asajacyl.com\/soria\/#\/schema\/person\/fd3081c40255119ce8133b87e6aedfab"},"description":"La organizaci\u00f3n hace un llamamiento a toda la poblaci\u00f3n espa\u00f1ola a sumarse a la defensa del futuro del campo Los organizadores de la manifestaci\u00f3n del","breadcrumb":{"@id":"https:\/\/www.asajacyl.com\/soria\/asaja-soria-informa\/la-manifestacion-del-20m-comenzara-finalmente-a-las-1100-horas-frente-al-ministerio-de-agricultura#breadcrumb"},"inLanguage":"es","potentialAction":[{"@type":"ReadAction","target":["https:\/\/www.asajacyl.com\/soria\/asaja-soria-informa\/la-manifestacion-del-20m-comenzara-finalmente-a-las-1100-horas-frente-al-ministerio-de-agricultura"]}]},{"@type":"ImageObject","inLanguage":"es","@id":"https:\/\/www.asajacyl.com\/soria\/asaja-soria-informa\/la-manifestacion-del-20m-comenzara-finalmente-a-las-1100-horas-frente-al-ministerio-de-agricultura#primaryimage","url":"https:\/\/www.asajacyl.com\/soria\/wp-content\/uploads\/sites\/9\/2022\/03\/20m-rural-juntos-por-el-campo-y-la-caza-61deb56db4b3e.png","contentUrl":"https:\/\/www.asajacyl.com\/soria\/wp-content\/uploads\/sites\/9\/2022\/03\/20m-rural-juntos-por-el-campo-y-la-caza-61deb56db4b3e.png","width":728,"height":546},{"@type":"BreadcrumbList","@id":"https:\/\/www.asajacyl.com\/soria\/asaja-soria-informa\/la-manifestacion-del-20m-comenzara-finalmente-a-las-1100-horas-frente-al-ministerio-de-agricultura#breadcrumb","itemListElement":[{"@type":"ListItem","position":1,"name":"Portada","item":"https:\/\/www.asajacyl.com\/soria\/"},{"@type":"ListItem","position":2,"name":"La manifestaci\u00f3n del 20M comenzar\u00e1 finalmente a las 11:00 horas frente al Ministerio de Agricultura"}]},{"@type":"WebSite","@id":"https:\/\/www.asajacyl.com\/soria\/#website","url":"https:\/\/www.asajacyl.com\/soria\/","name":"ASAJA Soria","description":"Otro sitio m\u00e1s de Provincias ASAJA Castilla y Le\u00f3n","potentialAction":[{"@type":"SearchAction","target":{"@type":"EntryPoint","urlTemplate":"https:\/\/www.asajacyl.com\/soria\/?s={search_term_string}"},"query-input":{"@type":"PropertyValueSpecification","valueRequired":true,"valueName":"search_term_string"}}],"inLanguage":"es"},{"@type":"Person","@id":"https:\/\/www.asajacyl.com\/soria\/#\/schema\/person\/fd3081c40255119ce8133b87e6aedfab","name":"Juan Ignacio Prieto Nieto","image":{"@type":"ImageObject","inLanguage":"es","@id":"https:\/\/www.asajacyl.com\/soria\/#\/schema\/person\/image\/","url":"https:\/\/secure.gravatar.com\/avatar\/8266b36e4d9001acb4700699a2468dc8?s=96&d=mm&r=g","contentUrl":"https:\/\/secure.gravatar.com\/avatar\/8266b36e4d9001acb4700699a2468dc8?s=96&d=mm&r=g","caption":"Juan Ignacio Prieto Nieto"},"url":"https:\/\/www.asajacyl.com\/soria\/author\/juanfranciscoby"}]}},"_links":{"self":[{"href":"https:\/\/www.asajacyl.com\/soria\/wp-json\/wp\/v2\/posts\/5391"}],"collection":[{"href":"https:\/\/www.asajacyl.com\/soria\/wp-json\/wp\/v2\/posts"}],"about":[{"href":"https:\/\/www.asajacyl.com\/soria\/wp-json\/wp\/v2\/types\/post"}],"author":[{"embeddable":true,"href":"https:\/\/www.asajacyl.com\/soria\/wp-json\/wp\/v2\/users\/12"}],"replies":[{"embeddable":true,"href":"https:\/\/www.asajacyl.com\/soria\/wp-json\/wp\/v2\/comments?post=5391"}],"version-history":[{"count":2,"href":"https:\/\/www.asajacyl.com\/soria\/wp-json\/wp\/v2\/posts\/5391\/revisions"}],"predecessor-version":[{"id":5394,"href":"https:\/\/www.asajacyl.com\/soria\/wp-json\/wp\/v2\/posts\/5391\/revisions\/5394"}],"wp:featuredmedia":[{"embeddable":true,"href":"https:\/\/www.asajacyl.com\/soria\/wp-json\/wp\/v2\/media\/5395"}],"wp:attachment":[{"href":"https:\/\/www.asajacyl.com\/soria\/wp-json\/wp\/v2\/media?parent=5391"}],"wp:term":[{"taxonomy":"category","embeddable":true,"href":"https:\/\/www.asajacyl.com\/soria\/wp-json\/wp\/v2\/categories?post=5391"},{"taxonomy":"post_tag","embeddable":true,"href":"https:\/\/www.asajacyl.com\/soria\/wp-json\/wp\/v2\/tags?post=5391"}],"curies":[{"name":"wp","href":"https:\/\/api.w.org\/{rel}","templated":true}]}}