{"id":5398,"date":"2022-04-05T14:23:10","date_gmt":"2022-04-05T12:23:10","guid":{"rendered":"https:\/\/www.asajacyl.com\/soria\/?p=5398"},"modified":"2022-04-22T11:48:04","modified_gmt":"2022-04-22T09:48:04","slug":"asaja-soria-llevo-el-lema-la-supervivencia-del-campo-es-la-de-todos-hasta-madrid","status":"publish","type":"post","link":"https:\/\/www.asajacyl.com\/soria\/asaja-soria-informa\/asaja-soria-llevo-el-lema-la-supervivencia-del-campo-es-la-de-todos-hasta-madrid","title":{"rendered":"ASAJA Soria llev\u00f3 el lema \u2018La supervivencia del campo es la de todos\u2019 hasta Madrid"},"content":{"rendered":"\n<h2><em>Cientos de agricultores y ganaderos de la provincia acudieron a una multitudinaria manifestaci\u00f3n que deber\u00eda suponer un antes y un despu\u00e9s a la hora de tener en cuenta al sector<\/em><\/h2>\n<p>El 20 de marzo de 2022 ser\u00e1 recordado como una cita hist\u00f3rica de la reivindicaci\u00f3n del campo y del mundo rural en defensa de sus intereses y de la lucha por un futuro digno y viable para las zonas alejadas de los grandes n\u00facleos urbanos.<\/p>\n<p>La manifestaci\u00f3n arranc\u00f3 a las 11:00 horas en la Plaza Emperador Carlos V, frente al Ministerio de Agricultura. Posteriormente, la multitudinaria protesta recorri\u00f3 el Paseo de La Castellana para llegar a la Plaza de San Juan de la Cruz, sede del Ministerio de Transici\u00f3n Ecol\u00f3gica y el Reto Demogr\u00e1fico, una de las administraciones responsables de la dif\u00edcil situaci\u00f3n que atraviesa el mundo rural espa\u00f1ol.<\/p>\n<p><img loading=\"lazy\" decoding=\"async\" class=\"aligncenter size-full wp-image-5409\" src=\"https:\/\/www.asajacyl.com\/soria\/wp-content\/uploads\/sites\/9\/2022\/03\/IMG_3680-1.jpg\" alt=\"\" width=\"1733\" height=\"927\" srcset=\"https:\/\/www.asajacyl.com\/soria\/wp-content\/uploads\/sites\/9\/2022\/03\/IMG_3680-1.jpg 1733w, https:\/\/www.asajacyl.com\/soria\/wp-content\/uploads\/sites\/9\/2022\/03\/IMG_3680-1-300x160.jpg 300w, https:\/\/www.asajacyl.com\/soria\/wp-content\/uploads\/sites\/9\/2022\/03\/IMG_3680-1-1024x548.jpg 1024w, https:\/\/www.asajacyl.com\/soria\/wp-content\/uploads\/sites\/9\/2022\/03\/IMG_3680-1-768x411.jpg 768w, https:\/\/www.asajacyl.com\/soria\/wp-content\/uploads\/sites\/9\/2022\/03\/IMG_3680-1-1536x822.jpg 1536w, https:\/\/www.asajacyl.com\/soria\/wp-content\/uploads\/sites\/9\/2022\/03\/IMG_3680-1-696x372.jpg 696w, https:\/\/www.asajacyl.com\/soria\/wp-content\/uploads\/sites\/9\/2022\/03\/IMG_3680-1-1068x571.jpg 1068w, https:\/\/www.asajacyl.com\/soria\/wp-content\/uploads\/sites\/9\/2022\/03\/IMG_3680-1-785x420.jpg 785w\" sizes=\"(max-width: 1733px) 100vw, 1733px\" \/><span style=\"color: initial\">ASAJA Soria port\u00f3 una gran pancarta en la que se pod\u00eda leer: <\/span><em style=\"color: initial\">\u2018La supervivencia del campo es la de todos\u2019.<\/em><span style=\"color: initial\"> Tras ella se situaron centenares de profesionales del campo de Soria; unos llegados en coches particulares y otros muchos para los que ASAJA hab\u00eda dispuesto autocares en rutas repartidas por toda la provincia, para facilitar la asistencia masiva.<\/span><\/p>\n<p><img loading=\"lazy\" decoding=\"async\" class=\"aligncenter size-full wp-image-5404\" src=\"https:\/\/www.asajacyl.com\/soria\/wp-content\/uploads\/sites\/9\/2022\/03\/IMG_3637.jpg\" alt=\"\" width=\"1875\" height=\"2500\" srcset=\"https:\/\/www.asajacyl.com\/soria\/wp-content\/uploads\/sites\/9\/2022\/03\/IMG_3637.jpg 1875w, https:\/\/www.asajacyl.com\/soria\/wp-content\/uploads\/sites\/9\/2022\/03\/IMG_3637-225x300.jpg 225w, https:\/\/www.asajacyl.com\/soria\/wp-content\/uploads\/sites\/9\/2022\/03\/IMG_3637-768x1024.jpg 768w, https:\/\/www.asajacyl.com\/soria\/wp-content\/uploads\/sites\/9\/2022\/03\/IMG_3637-1152x1536.jpg 1152w, https:\/\/www.asajacyl.com\/soria\/wp-content\/uploads\/sites\/9\/2022\/03\/IMG_3637-1536x2048.jpg 1536w, https:\/\/www.asajacyl.com\/soria\/wp-content\/uploads\/sites\/9\/2022\/03\/IMG_3637-696x928.jpg 696w, https:\/\/www.asajacyl.com\/soria\/wp-content\/uploads\/sites\/9\/2022\/03\/IMG_3637-1068x1424.jpg 1068w, https:\/\/www.asajacyl.com\/soria\/wp-content\/uploads\/sites\/9\/2022\/03\/IMG_3637-315x420.jpg 315w\" sizes=\"(max-width: 1875px) 100vw, 1875px\" \/><\/p>\n<p>El 20 M Rural ha sido un rotundo \u00e9xito de participaci\u00f3n y ha reunido a sectores como el de la agricultura, la ganader\u00eda, la caza, la pesca y otros muchos relacionados con el mundo rural, todos ellos afectados por las pol\u00edticas de las distintas administraciones auton\u00f3micas, gobierno central y las instituciones europeas.<\/p>\n<p>En la manifestaci\u00f3n, los asistentes alzaron la voz frente al abandono del mundo rural por parte del Gobierno y frente a unas pol\u00edticas incapaces de resolver los problemas que afectan a los hombres y mujeres del campo, que se est\u00e1n viendo obligados a abandonar su forma de vida y sus costumbres.<\/p>\n<p><img loading=\"lazy\" decoding=\"async\" class=\"aligncenter size-full wp-image-5412\" src=\"https:\/\/www.asajacyl.com\/soria\/wp-content\/uploads\/sites\/9\/2022\/03\/IMG_3557.jpg\" alt=\"\" width=\"1619\" height=\"2158\" srcset=\"https:\/\/www.asajacyl.com\/soria\/wp-content\/uploads\/sites\/9\/2022\/03\/IMG_3557.jpg 1619w, https:\/\/www.asajacyl.com\/soria\/wp-content\/uploads\/sites\/9\/2022\/03\/IMG_3557-225x300.jpg 225w, https:\/\/www.asajacyl.com\/soria\/wp-content\/uploads\/sites\/9\/2022\/03\/IMG_3557-768x1024.jpg 768w, https:\/\/www.asajacyl.com\/soria\/wp-content\/uploads\/sites\/9\/2022\/03\/IMG_3557-1152x1536.jpg 1152w, https:\/\/www.asajacyl.com\/soria\/wp-content\/uploads\/sites\/9\/2022\/03\/IMG_3557-1536x2048.jpg 1536w, https:\/\/www.asajacyl.com\/soria\/wp-content\/uploads\/sites\/9\/2022\/03\/IMG_3557-696x928.jpg 696w, https:\/\/www.asajacyl.com\/soria\/wp-content\/uploads\/sites\/9\/2022\/03\/IMG_3557-1068x1424.jpg 1068w, https:\/\/www.asajacyl.com\/soria\/wp-content\/uploads\/sites\/9\/2022\/03\/IMG_3557-315x420.jpg 315w\" sizes=\"(max-width: 1619px) 100vw, 1619px\" \/><\/p>\n<p>La asistencia fue masiva, con m\u00e1s de 300.000 asistentes, que dejaron bien claro que luchan y luchar\u00e1n por una agricultura y ganader\u00eda viables como motor econ\u00f3mico del medio rural, adem\u00e1s de conservar las tradiciones, usos y costumbres del campo.<\/p>\n<p>El presidente de ASAJA Soria, Carmelo G\u00f3mez, agradeci\u00f3 la asistencia de todos los profesionales de la agroganader\u00eda provincial y apunt\u00f3 que \u201cdeber\u00eda haber un antes y un despu\u00e9s de esta multitudinaria reivindicaci\u00f3n\u201d.<\/p>\n<p>G\u00f3mez tambi\u00e9n dijo que se \u201cdeben priorizar los apoyos a aquellos activos agrarios que viven de su trabajo en el campo y generan verdadera econom\u00eda real en el medio rural. Sin sostenibilidad econ\u00f3mica de las explotaciones agrarias profesionales dif\u00edcilmente habr\u00e1 sostenibilidad social y medioambiental. Que lo tengan claro: no habr\u00e1 campo ni alimentaci\u00f3n segura y a precios razonables\u201d.<\/p>\n<p><img loading=\"lazy\" decoding=\"async\" class=\"aligncenter size-full wp-image-5449\" src=\"https:\/\/www.asajacyl.com\/soria\/wp-content\/uploads\/sites\/9\/2022\/03\/ZZZ.jpg\" alt=\"\" width=\"2016\" height=\"1512\" srcset=\"https:\/\/www.asajacyl.com\/soria\/wp-content\/uploads\/sites\/9\/2022\/03\/ZZZ.jpg 2016w, https:\/\/www.asajacyl.com\/soria\/wp-content\/uploads\/sites\/9\/2022\/03\/ZZZ-300x225.jpg 300w, https:\/\/www.asajacyl.com\/soria\/wp-content\/uploads\/sites\/9\/2022\/03\/ZZZ-1024x768.jpg 1024w, https:\/\/www.asajacyl.com\/soria\/wp-content\/uploads\/sites\/9\/2022\/03\/ZZZ-768x576.jpg 768w, https:\/\/www.asajacyl.com\/soria\/wp-content\/uploads\/sites\/9\/2022\/03\/ZZZ-1536x1152.jpg 1536w, https:\/\/www.asajacyl.com\/soria\/wp-content\/uploads\/sites\/9\/2022\/03\/ZZZ-696x522.jpg 696w, https:\/\/www.asajacyl.com\/soria\/wp-content\/uploads\/sites\/9\/2022\/03\/ZZZ-1068x801.jpg 1068w, https:\/\/www.asajacyl.com\/soria\/wp-content\/uploads\/sites\/9\/2022\/03\/ZZZ-1920x1440.jpg 1920w, https:\/\/www.asajacyl.com\/soria\/wp-content\/uploads\/sites\/9\/2022\/03\/ZZZ-560x420.jpg 560w, https:\/\/www.asajacyl.com\/soria\/wp-content\/uploads\/sites\/9\/2022\/03\/ZZZ-80x60.jpg 80w\" sizes=\"(max-width: 2016px) 100vw, 2016px\" \/><\/p>\n<p>Para ASAJA \u201cno se puede admitir que se legisle a nuestras espaldas, desde una visi\u00f3n urbanita desconocedora de la realidad del campo, de lo que es el d\u00eda a d\u00eda del mundo rural. No pueden seguir perjudicando nuestros intereses, inversiones y puestos de trabajo ni empujando a nuestros pueblos y a nuestras explotaciones al abandono\u201d.<\/p>\n<p>Esta gran movilizaci\u00f3n que llen\u00f3 las calles de Madrid pretendi\u00f3 que la sociedad en general escuchase, y escuche a partir de ahora, las necesidades del campo y muestre su apoyo para que el Gobierno preste m\u00e1s atenci\u00f3n y el cuidado necesario a quienes ocupan m\u00e1s del 80 por ciento del territorio. En definitiva, para que la sociedad apoye un mundo rural con futuro, en el que el campo sea un espacio para vivir dignamente y sea comprendido y valorado en las \u00e1reas urbanas.<\/p>\n<p><img loading=\"lazy\" decoding=\"async\" class=\"aligncenter  wp-image-5406\" src=\"https:\/\/www.asajacyl.com\/soria\/wp-content\/uploads\/sites\/9\/2022\/03\/IMG_3577.jpg\" alt=\"\" width=\"524\" height=\"393\" srcset=\"https:\/\/www.asajacyl.com\/soria\/wp-content\/uploads\/sites\/9\/2022\/03\/IMG_3577.jpg 2016w, https:\/\/www.asajacyl.com\/soria\/wp-content\/uploads\/sites\/9\/2022\/03\/IMG_3577-300x225.jpg 300w, https:\/\/www.asajacyl.com\/soria\/wp-content\/uploads\/sites\/9\/2022\/03\/IMG_3577-1024x768.jpg 1024w, https:\/\/www.asajacyl.com\/soria\/wp-content\/uploads\/sites\/9\/2022\/03\/IMG_3577-768x576.jpg 768w, https:\/\/www.asajacyl.com\/soria\/wp-content\/uploads\/sites\/9\/2022\/03\/IMG_3577-1536x1152.jpg 1536w, https:\/\/www.asajacyl.com\/soria\/wp-content\/uploads\/sites\/9\/2022\/03\/IMG_3577-696x522.jpg 696w, https:\/\/www.asajacyl.com\/soria\/wp-content\/uploads\/sites\/9\/2022\/03\/IMG_3577-1068x801.jpg 1068w, https:\/\/www.asajacyl.com\/soria\/wp-content\/uploads\/sites\/9\/2022\/03\/IMG_3577-1920x1440.jpg 1920w, https:\/\/www.asajacyl.com\/soria\/wp-content\/uploads\/sites\/9\/2022\/03\/IMG_3577-560x420.jpg 560w, https:\/\/www.asajacyl.com\/soria\/wp-content\/uploads\/sites\/9\/2022\/03\/IMG_3577-80x60.jpg 80w\" sizes=\"(max-width: 524px) 100vw, 524px\" \/><\/p>\n<p><img loading=\"lazy\" decoding=\"async\" class=\"aligncenter  wp-image-5407\" src=\"https:\/\/www.asajacyl.com\/soria\/wp-content\/uploads\/sites\/9\/2022\/03\/IMG_3520.jpg\" alt=\"\" width=\"596\" height=\"447\" srcset=\"https:\/\/www.asajacyl.com\/soria\/wp-content\/uploads\/sites\/9\/2022\/03\/IMG_3520.jpg 2500w, https:\/\/www.asajacyl.com\/soria\/wp-content\/uploads\/sites\/9\/2022\/03\/IMG_3520-300x225.jpg 300w, https:\/\/www.asajacyl.com\/soria\/wp-content\/uploads\/sites\/9\/2022\/03\/IMG_3520-1024x768.jpg 1024w, https:\/\/www.asajacyl.com\/soria\/wp-content\/uploads\/sites\/9\/2022\/03\/IMG_3520-768x576.jpg 768w, https:\/\/www.asajacyl.com\/soria\/wp-content\/uploads\/sites\/9\/2022\/03\/IMG_3520-1536x1152.jpg 1536w, https:\/\/www.asajacyl.com\/soria\/wp-content\/uploads\/sites\/9\/2022\/03\/IMG_3520-2048x1536.jpg 2048w, https:\/\/www.asajacyl.com\/soria\/wp-content\/uploads\/sites\/9\/2022\/03\/IMG_3520-696x522.jpg 696w, https:\/\/www.asajacyl.com\/soria\/wp-content\/uploads\/sites\/9\/2022\/03\/IMG_3520-1068x801.jpg 1068w, https:\/\/www.asajacyl.com\/soria\/wp-content\/uploads\/sites\/9\/2022\/03\/IMG_3520-1920x1440.jpg 1920w, https:\/\/www.asajacyl.com\/soria\/wp-content\/uploads\/sites\/9\/2022\/03\/IMG_3520-560x420.jpg 560w, https:\/\/www.asajacyl.com\/soria\/wp-content\/uploads\/sites\/9\/2022\/03\/IMG_3520-80x60.jpg 80w\" sizes=\"(max-width: 596px) 100vw, 596px\" \/><\/p>\n<p><br \/>#juntosporelcampo<br \/>#20MRural<br \/><br \/><\/p>\n","protected":false},"excerpt":{"rendered":"<p>Cientos de agricultores y ganaderos de la provincia acudieron a una multitudinaria manifestaci\u00f3n que deber\u00eda suponer un antes y un despu\u00e9s a la hora de tener en cuenta al sector El 20 de marzo de 2022 ser\u00e1 recordado como una cita hist\u00f3rica de la reivindicaci\u00f3n del campo y del mundo rural en defensa de sus [&hellip;]<\/p>\n","protected":false},"author":12,"featured_media":5399,"comment_status":"open","ping_status":"open","sticky":false,"template":"","format":"standard","meta":{"footnotes":""},"categories":[10,25],"tags":[],"yoast_head":"<!-- This site is optimized with the Yoast SEO plugin v24.5 - https:\/\/yoast.com\/wordpress\/plugins\/seo\/ -->\n<title>ASAJA Soria llev\u00f3 el lema \u2018La supervivencia del campo es la de todos\u2019 hasta Madrid - ASAJA Soria<\/title>\n<meta name=\"description\" content=\"Cientos de agricultores y ganaderos de la provincia acudieron a una multitudinaria manifestaci\u00f3n que deber\u00eda suponer un antes y un despu\u00e9s a la hora de\" \/>\n<meta name=\"robots\" content=\"index, follow, max-snippet:-1, max-image-preview:large, max-video-preview:-1\" \/>\n<link rel=\"canonical\" href=\"https:\/\/www.asajacyl.com\/soria\/asaja-soria-informa\/asaja-soria-llevo-el-lema-la-supervivencia-del-campo-es-la-de-todos-hasta-madrid\" \/>\n<meta property=\"og:locale\" content=\"es_ES\" \/>\n<meta property=\"og:type\" content=\"article\" \/>\n<meta property=\"og:title\" content=\"ASAJA Soria llev\u00f3 el lema \u2018La supervivencia del campo es la de todos\u2019 hasta Madrid - ASAJA Soria\" \/>\n<meta property=\"og:description\" content=\"Cientos de agricultores y ganaderos de la provincia acudieron a una multitudinaria manifestaci\u00f3n que deber\u00eda suponer un antes y un despu\u00e9s a la hora de\" \/>\n<meta property=\"og:url\" content=\"https:\/\/www.asajacyl.com\/soria\/asaja-soria-informa\/asaja-soria-llevo-el-lema-la-supervivencia-del-campo-es-la-de-todos-hasta-madrid\" \/>\n<meta property=\"og:site_name\" content=\"ASAJA Soria\" \/>\n<meta property=\"article:published_time\" content=\"2022-04-05T12:23:10+00:00\" \/>\n<meta property=\"article:modified_time\" content=\"2022-04-22T09:48:04+00:00\" \/>\n<meta property=\"og:image\" content=\"https:\/\/www.asajacyl.com\/soria\/wp-content\/uploads\/sites\/9\/2022\/03\/IMG_3695.jpg\" \/>\n\t<meta property=\"og:image:width\" content=\"2500\" \/>\n\t<meta property=\"og:image:height\" content=\"1875\" \/>\n\t<meta property=\"og:image:type\" content=\"image\/jpeg\" \/>\n<meta name=\"author\" content=\"Juan Ignacio Prieto Nieto\" \/>\n<meta name=\"twitter:card\" content=\"summary_large_image\" \/>\n<meta name=\"twitter:label1\" content=\"Escrito por\" \/>\n\t<meta name=\"twitter:data1\" content=\"Juan Ignacio Prieto Nieto\" \/>\n\t<meta name=\"twitter:label2\" content=\"Tiempo de lectura\" \/>\n\t<meta name=\"twitter:data2\" content=\"4 minutos\" \/>\n<script type=\"application\/ld+json\" class=\"yoast-schema-graph\">{\"@context\":\"https:\/\/schema.org\",\"@graph\":[{\"@type\":\"WebPage\",\"@id\":\"https:\/\/www.asajacyl.com\/soria\/asaja-soria-informa\/asaja-soria-llevo-el-lema-la-supervivencia-del-campo-es-la-de-todos-hasta-madrid\",\"url\":\"https:\/\/www.asajacyl.com\/soria\/asaja-soria-informa\/asaja-soria-llevo-el-lema-la-supervivencia-del-campo-es-la-de-todos-hasta-madrid\",\"name\":\"ASAJA Soria llev\u00f3 el lema \u2018La supervivencia del campo es la de todos\u2019 hasta Madrid - ASAJA Soria\",\"isPartOf\":{\"@id\":\"https:\/\/www.asajacyl.com\/soria\/#website\"},\"primaryImageOfPage\":{\"@id\":\"https:\/\/www.asajacyl.com\/soria\/asaja-soria-informa\/asaja-soria-llevo-el-lema-la-supervivencia-del-campo-es-la-de-todos-hasta-madrid#primaryimage\"},\"image\":{\"@id\":\"https:\/\/www.asajacyl.com\/soria\/asaja-soria-informa\/asaja-soria-llevo-el-lema-la-supervivencia-del-campo-es-la-de-todos-hasta-madrid#primaryimage\"},\"thumbnailUrl\":\"https:\/\/www.asajacyl.com\/soria\/wp-content\/uploads\/sites\/9\/2022\/03\/IMG_3695.jpg\",\"datePublished\":\"2022-04-05T12:23:10+00:00\",\"dateModified\":\"2022-04-22T09:48:04+00:00\",\"author\":{\"@id\":\"https:\/\/www.asajacyl.com\/soria\/#\/schema\/person\/fd3081c40255119ce8133b87e6aedfab\"},\"description\":\"Cientos de agricultores y ganaderos de la provincia acudieron a una multitudinaria manifestaci\u00f3n que deber\u00eda suponer un antes y un despu\u00e9s a la hora de\",\"breadcrumb\":{\"@id\":\"https:\/\/www.asajacyl.com\/soria\/asaja-soria-informa\/asaja-soria-llevo-el-lema-la-supervivencia-del-campo-es-la-de-todos-hasta-madrid#breadcrumb\"},\"inLanguage\":\"es\",\"potentialAction\":[{\"@type\":\"ReadAction\",\"target\":[\"https:\/\/www.asajacyl.com\/soria\/asaja-soria-informa\/asaja-soria-llevo-el-lema-la-supervivencia-del-campo-es-la-de-todos-hasta-madrid\"]}]},{\"@type\":\"ImageObject\",\"inLanguage\":\"es\",\"@id\":\"https:\/\/www.asajacyl.com\/soria\/asaja-soria-informa\/asaja-soria-llevo-el-lema-la-supervivencia-del-campo-es-la-de-todos-hasta-madrid#primaryimage\",\"url\":\"https:\/\/www.asajacyl.com\/soria\/wp-content\/uploads\/sites\/9\/2022\/03\/IMG_3695.jpg\",\"contentUrl\":\"https:\/\/www.asajacyl.com\/soria\/wp-content\/uploads\/sites\/9\/2022\/03\/IMG_3695.jpg\",\"width\":2500,\"height\":1875},{\"@type\":\"BreadcrumbList\",\"@id\":\"https:\/\/www.asajacyl.com\/soria\/asaja-soria-informa\/asaja-soria-llevo-el-lema-la-supervivencia-del-campo-es-la-de-todos-hasta-madrid#breadcrumb\",\"itemListElement\":[{\"@type\":\"ListItem\",\"position\":1,\"name\":\"Portada\",\"item\":\"https:\/\/www.asajacyl.com\/soria\/\"},{\"@type\":\"ListItem\",\"position\":2,\"name\":\"ASAJA Soria llev\u00f3 el lema \u2018La supervivencia del campo es la de todos\u2019 hasta Madrid\"}]},{\"@type\":\"WebSite\",\"@id\":\"https:\/\/www.asajacyl.com\/soria\/#website\",\"url\":\"https:\/\/www.asajacyl.com\/soria\/\",\"name\":\"ASAJA Soria\",\"description\":\"Otro sitio m\u00e1s de Provincias ASAJA Castilla y Le\u00f3n\",\"potentialAction\":[{\"@type\":\"SearchAction\",\"target\":{\"@type\":\"EntryPoint\",\"urlTemplate\":\"https:\/\/www.asajacyl.com\/soria\/?s={search_term_string}\"},\"query-input\":{\"@type\":\"PropertyValueSpecification\",\"valueRequired\":true,\"valueName\":\"search_term_string\"}}],\"inLanguage\":\"es\"},{\"@type\":\"Person\",\"@id\":\"https:\/\/www.asajacyl.com\/soria\/#\/schema\/person\/fd3081c40255119ce8133b87e6aedfab\",\"name\":\"Juan Ignacio Prieto Nieto\",\"image\":{\"@type\":\"ImageObject\",\"inLanguage\":\"es\",\"@id\":\"https:\/\/www.asajacyl.com\/soria\/#\/schema\/person\/image\/\",\"url\":\"https:\/\/secure.gravatar.com\/avatar\/8266b36e4d9001acb4700699a2468dc8?s=96&d=mm&r=g\",\"contentUrl\":\"https:\/\/secure.gravatar.com\/avatar\/8266b36e4d9001acb4700699a2468dc8?s=96&d=mm&r=g\",\"caption\":\"Juan Ignacio Prieto Nieto\"},\"url\":\"https:\/\/www.asajacyl.com\/soria\/author\/juanfranciscoby\"}]}<\/script>\n<!-- \/ Yoast SEO plugin. -->","yoast_head_json":{"title":"ASAJA Soria llev\u00f3 el lema \u2018La supervivencia del campo es la de todos\u2019 hasta Madrid - ASAJA Soria","description":"Cientos de agricultores y ganaderos de la provincia acudieron a una multitudinaria manifestaci\u00f3n que deber\u00eda suponer un antes y un despu\u00e9s a la hora de","robots":{"index":"index","follow":"follow","max-snippet":"max-snippet:-1","max-image-preview":"max-image-preview:large","max-video-preview":"max-video-preview:-1"},"canonical":"https:\/\/www.asajacyl.com\/soria\/asaja-soria-informa\/asaja-soria-llevo-el-lema-la-supervivencia-del-campo-es-la-de-todos-hasta-madrid","og_locale":"es_ES","og_type":"article","og_title":"ASAJA Soria llev\u00f3 el lema \u2018La supervivencia del campo es la de todos\u2019 hasta Madrid - ASAJA Soria","og_description":"Cientos de agricultores y ganaderos de la provincia acudieron a una multitudinaria manifestaci\u00f3n que deber\u00eda suponer un antes y un despu\u00e9s a la hora de","og_url":"https:\/\/www.asajacyl.com\/soria\/asaja-soria-informa\/asaja-soria-llevo-el-lema-la-supervivencia-del-campo-es-la-de-todos-hasta-madrid","og_site_name":"ASAJA Soria","article_published_time":"2022-04-05T12:23:10+00:00","article_modified_time":"2022-04-22T09:48:04+00:00","og_image":[{"width":2500,"height":1875,"url":"https:\/\/www.asajacyl.com\/soria\/wp-content\/uploads\/sites\/9\/2022\/03\/IMG_3695.jpg","type":"image\/jpeg"}],"author":"Juan Ignacio Prieto Nieto","twitter_card":"summary_large_image","twitter_misc":{"Escrito por":"Juan Ignacio Prieto Nieto","Tiempo de lectura":"4 minutos"},"schema":{"@context":"https:\/\/schema.org","@graph":[{"@type":"WebPage","@id":"https:\/\/www.asajacyl.com\/soria\/asaja-soria-informa\/asaja-soria-llevo-el-lema-la-supervivencia-del-campo-es-la-de-todos-hasta-madrid","url":"https:\/\/www.asajacyl.com\/soria\/asaja-soria-informa\/asaja-soria-llevo-el-lema-la-supervivencia-del-campo-es-la-de-todos-hasta-madrid","name":"ASAJA Soria llev\u00f3 el lema \u2018La supervivencia del campo es la de todos\u2019 hasta Madrid - ASAJA Soria","isPartOf":{"@id":"https:\/\/www.asajacyl.com\/soria\/#website"},"primaryImageOfPage":{"@id":"https:\/\/www.asajacyl.com\/soria\/asaja-soria-informa\/asaja-soria-llevo-el-lema-la-supervivencia-del-campo-es-la-de-todos-hasta-madrid#primaryimage"},"image":{"@id":"https:\/\/www.asajacyl.com\/soria\/asaja-soria-informa\/asaja-soria-llevo-el-lema-la-supervivencia-del-campo-es-la-de-todos-hasta-madrid#primaryimage"},"thumbnailUrl":"https:\/\/www.asajacyl.com\/soria\/wp-content\/uploads\/sites\/9\/2022\/03\/IMG_3695.jpg","datePublished":"2022-04-05T12:23:10+00:00","dateModified":"2022-04-22T09:48:04+00:00","author":{"@id":"https:\/\/www.asajacyl.com\/soria\/#\/schema\/person\/fd3081c40255119ce8133b87e6aedfab"},"description":"Cientos de agricultores y ganaderos de la provincia acudieron a una multitudinaria manifestaci\u00f3n que deber\u00eda suponer un antes y un despu\u00e9s a la hora de","breadcrumb":{"@id":"https:\/\/www.asajacyl.com\/soria\/asaja-soria-informa\/asaja-soria-llevo-el-lema-la-supervivencia-del-campo-es-la-de-todos-hasta-madrid#breadcrumb"},"inLanguage":"es","potentialAction":[{"@type":"ReadAction","target":["https:\/\/www.asajacyl.com\/soria\/asaja-soria-informa\/asaja-soria-llevo-el-lema-la-supervivencia-del-campo-es-la-de-todos-hasta-madrid"]}]},{"@type":"ImageObject","inLanguage":"es","@id":"https:\/\/www.asajacyl.com\/soria\/asaja-soria-informa\/asaja-soria-llevo-el-lema-la-supervivencia-del-campo-es-la-de-todos-hasta-madrid#primaryimage","url":"https:\/\/www.asajacyl.com\/soria\/wp-content\/uploads\/sites\/9\/2022\/03\/IMG_3695.jpg","contentUrl":"https:\/\/www.asajacyl.com\/soria\/wp-content\/uploads\/sites\/9\/2022\/03\/IMG_3695.jpg","width":2500,"height":1875},{"@type":"BreadcrumbList","@id":"https:\/\/www.asajacyl.com\/soria\/asaja-soria-informa\/asaja-soria-llevo-el-lema-la-supervivencia-del-campo-es-la-de-todos-hasta-madrid#breadcrumb","itemListElement":[{"@type":"ListItem","position":1,"name":"Portada","item":"https:\/\/www.asajacyl.com\/soria\/"},{"@type":"ListItem","position":2,"name":"ASAJA Soria llev\u00f3 el lema \u2018La supervivencia del campo es la de todos\u2019 hasta Madrid"}]},{"@type":"WebSite","@id":"https:\/\/www.asajacyl.com\/soria\/#website","url":"https:\/\/www.asajacyl.com\/soria\/","name":"ASAJA Soria","description":"Otro sitio m\u00e1s de Provincias ASAJA Castilla y Le\u00f3n","potentialAction":[{"@type":"SearchAction","target":{"@type":"EntryPoint","urlTemplate":"https:\/\/www.asajacyl.com\/soria\/?s={search_term_string}"},"query-input":{"@type":"PropertyValueSpecification","valueRequired":true,"valueName":"search_term_string"}}],"inLanguage":"es"},{"@type":"Person","@id":"https:\/\/www.asajacyl.com\/soria\/#\/schema\/person\/fd3081c40255119ce8133b87e6aedfab","name":"Juan Ignacio Prieto Nieto","image":{"@type":"ImageObject","inLanguage":"es","@id":"https:\/\/www.asajacyl.com\/soria\/#\/schema\/person\/image\/","url":"https:\/\/secure.gravatar.com\/avatar\/8266b36e4d9001acb4700699a2468dc8?s=96&d=mm&r=g","contentUrl":"https:\/\/secure.gravatar.com\/avatar\/8266b36e4d9001acb4700699a2468dc8?s=96&d=mm&r=g","caption":"Juan Ignacio Prieto Nieto"},"url":"https:\/\/www.asajacyl.com\/soria\/author\/juanfranciscoby"}]}},"_links":{"self":[{"href":"https:\/\/www.asajacyl.com\/soria\/wp-json\/wp\/v2\/posts\/5398"}],"collection":[{"href":"https:\/\/www.asajacyl.com\/soria\/wp-json\/wp\/v2\/posts"}],"about":[{"href":"https:\/\/www.asajacyl.com\/soria\/wp-json\/wp\/v2\/types\/post"}],"author":[{"embeddable":true,"href":"https:\/\/www.asajacyl.com\/soria\/wp-json\/wp\/v2\/users\/12"}],"replies":[{"embeddable":true,"href":"https:\/\/www.asajacyl.com\/soria\/wp-json\/wp\/v2\/comments?post=5398"}],"version-history":[{"count":13,"href":"https:\/\/www.asajacyl.com\/soria\/wp-json\/wp\/v2\/posts\/5398\/revisions"}],"predecessor-version":[{"id":5450,"href":"https:\/\/www.asajacyl.com\/soria\/wp-json\/wp\/v2\/posts\/5398\/revisions\/5450"}],"wp:featuredmedia":[{"embeddable":true,"href":"https:\/\/www.asajacyl.com\/soria\/wp-json\/wp\/v2\/media\/5399"}],"wp:attachment":[{"href":"https:\/\/www.asajacyl.com\/soria\/wp-json\/wp\/v2\/media?parent=5398"}],"wp:term":[{"taxonomy":"category","embeddable":true,"href":"https:\/\/www.asajacyl.com\/soria\/wp-json\/wp\/v2\/categories?post=5398"},{"taxonomy":"post_tag","embeddable":true,"href":"https:\/\/www.asajacyl.com\/soria\/wp-json\/wp\/v2\/tags?post=5398"}],"curies":[{"name":"wp","href":"https:\/\/api.w.org\/{rel}","templated":true}]}}