{"id":5456,"date":"2022-04-05T14:22:53","date_gmt":"2022-04-05T12:22:53","guid":{"rendered":"https:\/\/www.asajacyl.com\/soria\/?p=5456"},"modified":"2022-04-05T14:22:54","modified_gmt":"2022-04-05T12:22:54","slug":"las-administraciones-maniobran-para-eliminar-la-obligacion-del-barbecho","status":"publish","type":"post","link":"https:\/\/www.asajacyl.com\/soria\/asaja-soria-informa\/las-administraciones-maniobran-para-eliminar-la-obligacion-del-barbecho","title":{"rendered":"Las administraciones maniobran para eliminar la obligaci\u00f3n del barbecho"},"content":{"rendered":"\n<p>En el Consejo de Ministros de la Agricultura de la UE del 21 de marzo se acord\u00f3 la aprobaci\u00f3n de determinadas excepciones relacionas con el barbecho. Cabe recordar que debido a la invasi\u00f3n de Ucrania se ha producido una falta coyuntural de productos como el girasol.<\/p>\n<p>ASAJA aclara que el barbecho se encuentra incluido como opci\u00f3n dentro de las superficies con destino a inter\u00e9s ecol\u00f3gico que deben respetar las explotaciones de m\u00e1s de 15 hect\u00e1reas de tierra de cultivos arables.<\/p>\n<p>La superficie m\u00ednima que se exige dejar de estas dedicaciones ecol\u00f3gicas para el descanso de las tierras es del 5 por ciento<\/p>\n<p>A este respecto las administraciones nacionales barajan traducir el acuerdo expresado por el consejo de ministros de la UE en que las tierras que en principio se iban a dejar sin cultivo en barbecho o sin producci\u00f3n agr\u00edcola se podr\u00e1n considerar como cultivo distinto, aunque dichas tierras se pasten, se aprovechen, puedan ser cosechadas para producci\u00f3n o se cultiven de cualquier producto. Incluido, claro est\u00e1, el girasol.<\/p>\n<p>Por tanto, adem\u00e1s cuando se hace uso de esta excepci\u00f3n en estas superficies no se aplicar\u00e1 la limitaci\u00f3n en el uso de los fitosanitarios.<\/p>\n<p>ASAJA quiere aclarar que de lo \u00fanico que se ha hablado en el acuerdo es de estas excepciones para el cumplimiento de las superficies de inter\u00e9s ecol\u00f3gico por lo que el resto de condicionantes para el acceso al pago verde (el respeto a los pastos medioambientalmente sostenibles y diversificaci\u00f3n de cultivos y sus porcentajes) se tendr\u00e1n que seguir cumpliendo a rajatabla.<\/p>\n<p>ASAJA espera que antes del lunes, cuando expira el plazo en el que las autoridades nacionales de cada Estado miembro deben comunicar a la UE su decisi\u00f3n, los agricultores cuenten con la publicaci\u00f3n oficial definitiva y que, a trav\u00e9s de esta nota, nos atrevemos a adelantar puesto que estamos en plena campa\u00f1a PAC y en la planificaci\u00f3n de las posibles siembras.<\/p>\n<p>Quienes hayan hecho la PAC es posible que tengan que realizar alg\u00fan tipo de modificaci\u00f3n si desean aprovechar estas excepciones.<\/p>\n<p><strong>Para ampliar informaci\u00f3n pregunta a nuestros t\u00e9cnicos.<\/strong><\/p>\n","protected":false},"excerpt":{"rendered":"<p>En el Consejo de Ministros de la Agricultura de la UE del 21 de marzo se acord\u00f3 la aprobaci\u00f3n de determinadas excepciones relacionas con el barbecho. Cabe recordar que debido a la invasi\u00f3n de Ucrania se ha producido una falta coyuntural de productos como el girasol. ASAJA aclara que el barbecho se encuentra incluido como [&hellip;]<\/p>\n","protected":false},"author":12,"featured_media":5458,"comment_status":"open","ping_status":"open","sticky":false,"template":"","format":"standard","meta":{"footnotes":""},"categories":[10,25],"tags":[],"yoast_head":"<!-- This site is optimized with the Yoast SEO plugin v24.5 - https:\/\/yoast.com\/wordpress\/plugins\/seo\/ -->\n<title>Las administraciones maniobran para eliminar la obligaci\u00f3n del barbecho - ASAJA Soria<\/title>\n<meta name=\"description\" content=\"En el Consejo de Ministros de la Agricultura de la UE del 21 de marzo se acord\u00f3 la aprobaci\u00f3n de determinadas excepciones relacionas con el barbecho. Cabe\" \/>\n<meta name=\"robots\" content=\"index, follow, max-snippet:-1, max-image-preview:large, max-video-preview:-1\" \/>\n<link rel=\"canonical\" href=\"https:\/\/www.asajacyl.com\/soria\/asaja-soria-informa\/las-administraciones-maniobran-para-eliminar-la-obligacion-del-barbecho\" \/>\n<meta property=\"og:locale\" content=\"es_ES\" \/>\n<meta property=\"og:type\" content=\"article\" \/>\n<meta property=\"og:title\" content=\"Las administraciones maniobran para eliminar la obligaci\u00f3n del barbecho - ASAJA Soria\" \/>\n<meta property=\"og:description\" content=\"En el Consejo de Ministros de la Agricultura de la UE del 21 de marzo se acord\u00f3 la aprobaci\u00f3n de determinadas excepciones relacionas con el barbecho. Cabe\" \/>\n<meta property=\"og:url\" content=\"https:\/\/www.asajacyl.com\/soria\/asaja-soria-informa\/las-administraciones-maniobran-para-eliminar-la-obligacion-del-barbecho\" \/>\n<meta property=\"og:site_name\" content=\"ASAJA Soria\" \/>\n<meta property=\"article:published_time\" content=\"2022-04-05T12:22:53+00:00\" \/>\n<meta property=\"article:modified_time\" content=\"2022-04-05T12:22:54+00:00\" \/>\n<meta property=\"og:image\" content=\"https:\/\/www.asajacyl.com\/soria\/wp-content\/uploads\/sites\/9\/2022\/03\/IMG_3292.jpg\" \/>\n\t<meta property=\"og:image:width\" content=\"1875\" \/>\n\t<meta property=\"og:image:height\" content=\"2500\" \/>\n\t<meta property=\"og:image:type\" content=\"image\/jpeg\" \/>\n<meta name=\"author\" content=\"Juan Ignacio Prieto Nieto\" \/>\n<meta name=\"twitter:card\" content=\"summary_large_image\" \/>\n<meta name=\"twitter:label1\" content=\"Escrito por\" \/>\n\t<meta name=\"twitter:data1\" content=\"Juan Ignacio Prieto Nieto\" \/>\n\t<meta name=\"twitter:label2\" content=\"Tiempo de lectura\" \/>\n\t<meta name=\"twitter:data2\" content=\"2 minutos\" \/>\n<script type=\"application\/ld+json\" class=\"yoast-schema-graph\">{\"@context\":\"https:\/\/schema.org\",\"@graph\":[{\"@type\":\"WebPage\",\"@id\":\"https:\/\/www.asajacyl.com\/soria\/asaja-soria-informa\/las-administraciones-maniobran-para-eliminar-la-obligacion-del-barbecho\",\"url\":\"https:\/\/www.asajacyl.com\/soria\/asaja-soria-informa\/las-administraciones-maniobran-para-eliminar-la-obligacion-del-barbecho\",\"name\":\"Las administraciones maniobran para eliminar la obligaci\u00f3n del barbecho - ASAJA Soria\",\"isPartOf\":{\"@id\":\"https:\/\/www.asajacyl.com\/soria\/#website\"},\"primaryImageOfPage\":{\"@id\":\"https:\/\/www.asajacyl.com\/soria\/asaja-soria-informa\/las-administraciones-maniobran-para-eliminar-la-obligacion-del-barbecho#primaryimage\"},\"image\":{\"@id\":\"https:\/\/www.asajacyl.com\/soria\/asaja-soria-informa\/las-administraciones-maniobran-para-eliminar-la-obligacion-del-barbecho#primaryimage\"},\"thumbnailUrl\":\"https:\/\/www.asajacyl.com\/soria\/wp-content\/uploads\/sites\/9\/2022\/03\/IMG_3292.jpg\",\"datePublished\":\"2022-04-05T12:22:53+00:00\",\"dateModified\":\"2022-04-05T12:22:54+00:00\",\"author\":{\"@id\":\"https:\/\/www.asajacyl.com\/soria\/#\/schema\/person\/fd3081c40255119ce8133b87e6aedfab\"},\"description\":\"En el Consejo de Ministros de la Agricultura de la UE del 21 de marzo se acord\u00f3 la aprobaci\u00f3n de determinadas excepciones relacionas con el barbecho. Cabe\",\"breadcrumb\":{\"@id\":\"https:\/\/www.asajacyl.com\/soria\/asaja-soria-informa\/las-administraciones-maniobran-para-eliminar-la-obligacion-del-barbecho#breadcrumb\"},\"inLanguage\":\"es\",\"potentialAction\":[{\"@type\":\"ReadAction\",\"target\":[\"https:\/\/www.asajacyl.com\/soria\/asaja-soria-informa\/las-administraciones-maniobran-para-eliminar-la-obligacion-del-barbecho\"]}]},{\"@type\":\"ImageObject\",\"inLanguage\":\"es\",\"@id\":\"https:\/\/www.asajacyl.com\/soria\/asaja-soria-informa\/las-administraciones-maniobran-para-eliminar-la-obligacion-del-barbecho#primaryimage\",\"url\":\"https:\/\/www.asajacyl.com\/soria\/wp-content\/uploads\/sites\/9\/2022\/03\/IMG_3292.jpg\",\"contentUrl\":\"https:\/\/www.asajacyl.com\/soria\/wp-content\/uploads\/sites\/9\/2022\/03\/IMG_3292.jpg\",\"width\":1875,\"height\":2500},{\"@type\":\"BreadcrumbList\",\"@id\":\"https:\/\/www.asajacyl.com\/soria\/asaja-soria-informa\/las-administraciones-maniobran-para-eliminar-la-obligacion-del-barbecho#breadcrumb\",\"itemListElement\":[{\"@type\":\"ListItem\",\"position\":1,\"name\":\"Portada\",\"item\":\"https:\/\/www.asajacyl.com\/soria\/\"},{\"@type\":\"ListItem\",\"position\":2,\"name\":\"Las administraciones maniobran para eliminar la obligaci\u00f3n del barbecho\"}]},{\"@type\":\"WebSite\",\"@id\":\"https:\/\/www.asajacyl.com\/soria\/#website\",\"url\":\"https:\/\/www.asajacyl.com\/soria\/\",\"name\":\"ASAJA Soria\",\"description\":\"Otro sitio m\u00e1s de Provincias ASAJA Castilla y Le\u00f3n\",\"potentialAction\":[{\"@type\":\"SearchAction\",\"target\":{\"@type\":\"EntryPoint\",\"urlTemplate\":\"https:\/\/www.asajacyl.com\/soria\/?s={search_term_string}\"},\"query-input\":{\"@type\":\"PropertyValueSpecification\",\"valueRequired\":true,\"valueName\":\"search_term_string\"}}],\"inLanguage\":\"es\"},{\"@type\":\"Person\",\"@id\":\"https:\/\/www.asajacyl.com\/soria\/#\/schema\/person\/fd3081c40255119ce8133b87e6aedfab\",\"name\":\"Juan Ignacio Prieto Nieto\",\"image\":{\"@type\":\"ImageObject\",\"inLanguage\":\"es\",\"@id\":\"https:\/\/www.asajacyl.com\/soria\/#\/schema\/person\/image\/\",\"url\":\"https:\/\/secure.gravatar.com\/avatar\/8266b36e4d9001acb4700699a2468dc8?s=96&d=mm&r=g\",\"contentUrl\":\"https:\/\/secure.gravatar.com\/avatar\/8266b36e4d9001acb4700699a2468dc8?s=96&d=mm&r=g\",\"caption\":\"Juan Ignacio Prieto Nieto\"},\"url\":\"https:\/\/www.asajacyl.com\/soria\/author\/juanfranciscoby\"}]}<\/script>\n<!-- \/ Yoast SEO plugin. -->","yoast_head_json":{"title":"Las administraciones maniobran para eliminar la obligaci\u00f3n del barbecho - ASAJA Soria","description":"En el Consejo de Ministros de la Agricultura de la UE del 21 de marzo se acord\u00f3 la aprobaci\u00f3n de determinadas excepciones relacionas con el barbecho. Cabe","robots":{"index":"index","follow":"follow","max-snippet":"max-snippet:-1","max-image-preview":"max-image-preview:large","max-video-preview":"max-video-preview:-1"},"canonical":"https:\/\/www.asajacyl.com\/soria\/asaja-soria-informa\/las-administraciones-maniobran-para-eliminar-la-obligacion-del-barbecho","og_locale":"es_ES","og_type":"article","og_title":"Las administraciones maniobran para eliminar la obligaci\u00f3n del barbecho - ASAJA Soria","og_description":"En el Consejo de Ministros de la Agricultura de la UE del 21 de marzo se acord\u00f3 la aprobaci\u00f3n de determinadas excepciones relacionas con el barbecho. Cabe","og_url":"https:\/\/www.asajacyl.com\/soria\/asaja-soria-informa\/las-administraciones-maniobran-para-eliminar-la-obligacion-del-barbecho","og_site_name":"ASAJA Soria","article_published_time":"2022-04-05T12:22:53+00:00","article_modified_time":"2022-04-05T12:22:54+00:00","og_image":[{"width":1875,"height":2500,"url":"https:\/\/www.asajacyl.com\/soria\/wp-content\/uploads\/sites\/9\/2022\/03\/IMG_3292.jpg","type":"image\/jpeg"}],"author":"Juan Ignacio Prieto Nieto","twitter_card":"summary_large_image","twitter_misc":{"Escrito por":"Juan Ignacio Prieto Nieto","Tiempo de lectura":"2 minutos"},"schema":{"@context":"https:\/\/schema.org","@graph":[{"@type":"WebPage","@id":"https:\/\/www.asajacyl.com\/soria\/asaja-soria-informa\/las-administraciones-maniobran-para-eliminar-la-obligacion-del-barbecho","url":"https:\/\/www.asajacyl.com\/soria\/asaja-soria-informa\/las-administraciones-maniobran-para-eliminar-la-obligacion-del-barbecho","name":"Las administraciones maniobran para eliminar la obligaci\u00f3n del barbecho - ASAJA Soria","isPartOf":{"@id":"https:\/\/www.asajacyl.com\/soria\/#website"},"primaryImageOfPage":{"@id":"https:\/\/www.asajacyl.com\/soria\/asaja-soria-informa\/las-administraciones-maniobran-para-eliminar-la-obligacion-del-barbecho#primaryimage"},"image":{"@id":"https:\/\/www.asajacyl.com\/soria\/asaja-soria-informa\/las-administraciones-maniobran-para-eliminar-la-obligacion-del-barbecho#primaryimage"},"thumbnailUrl":"https:\/\/www.asajacyl.com\/soria\/wp-content\/uploads\/sites\/9\/2022\/03\/IMG_3292.jpg","datePublished":"2022-04-05T12:22:53+00:00","dateModified":"2022-04-05T12:22:54+00:00","author":{"@id":"https:\/\/www.asajacyl.com\/soria\/#\/schema\/person\/fd3081c40255119ce8133b87e6aedfab"},"description":"En el Consejo de Ministros de la Agricultura de la UE del 21 de marzo se acord\u00f3 la aprobaci\u00f3n de determinadas excepciones relacionas con el barbecho. Cabe","breadcrumb":{"@id":"https:\/\/www.asajacyl.com\/soria\/asaja-soria-informa\/las-administraciones-maniobran-para-eliminar-la-obligacion-del-barbecho#breadcrumb"},"inLanguage":"es","potentialAction":[{"@type":"ReadAction","target":["https:\/\/www.asajacyl.com\/soria\/asaja-soria-informa\/las-administraciones-maniobran-para-eliminar-la-obligacion-del-barbecho"]}]},{"@type":"ImageObject","inLanguage":"es","@id":"https:\/\/www.asajacyl.com\/soria\/asaja-soria-informa\/las-administraciones-maniobran-para-eliminar-la-obligacion-del-barbecho#primaryimage","url":"https:\/\/www.asajacyl.com\/soria\/wp-content\/uploads\/sites\/9\/2022\/03\/IMG_3292.jpg","contentUrl":"https:\/\/www.asajacyl.com\/soria\/wp-content\/uploads\/sites\/9\/2022\/03\/IMG_3292.jpg","width":1875,"height":2500},{"@type":"BreadcrumbList","@id":"https:\/\/www.asajacyl.com\/soria\/asaja-soria-informa\/las-administraciones-maniobran-para-eliminar-la-obligacion-del-barbecho#breadcrumb","itemListElement":[{"@type":"ListItem","position":1,"name":"Portada","item":"https:\/\/www.asajacyl.com\/soria\/"},{"@type":"ListItem","position":2,"name":"Las administraciones maniobran para eliminar la obligaci\u00f3n del barbecho"}]},{"@type":"WebSite","@id":"https:\/\/www.asajacyl.com\/soria\/#website","url":"https:\/\/www.asajacyl.com\/soria\/","name":"ASAJA Soria","description":"Otro sitio m\u00e1s de Provincias ASAJA Castilla y Le\u00f3n","potentialAction":[{"@type":"SearchAction","target":{"@type":"EntryPoint","urlTemplate":"https:\/\/www.asajacyl.com\/soria\/?s={search_term_string}"},"query-input":{"@type":"PropertyValueSpecification","valueRequired":true,"valueName":"search_term_string"}}],"inLanguage":"es"},{"@type":"Person","@id":"https:\/\/www.asajacyl.com\/soria\/#\/schema\/person\/fd3081c40255119ce8133b87e6aedfab","name":"Juan Ignacio Prieto Nieto","image":{"@type":"ImageObject","inLanguage":"es","@id":"https:\/\/www.asajacyl.com\/soria\/#\/schema\/person\/image\/","url":"https:\/\/secure.gravatar.com\/avatar\/8266b36e4d9001acb4700699a2468dc8?s=96&d=mm&r=g","contentUrl":"https:\/\/secure.gravatar.com\/avatar\/8266b36e4d9001acb4700699a2468dc8?s=96&d=mm&r=g","caption":"Juan Ignacio Prieto Nieto"},"url":"https:\/\/www.asajacyl.com\/soria\/author\/juanfranciscoby"}]}},"_links":{"self":[{"href":"https:\/\/www.asajacyl.com\/soria\/wp-json\/wp\/v2\/posts\/5456"}],"collection":[{"href":"https:\/\/www.asajacyl.com\/soria\/wp-json\/wp\/v2\/posts"}],"about":[{"href":"https:\/\/www.asajacyl.com\/soria\/wp-json\/wp\/v2\/types\/post"}],"author":[{"embeddable":true,"href":"https:\/\/www.asajacyl.com\/soria\/wp-json\/wp\/v2\/users\/12"}],"replies":[{"embeddable":true,"href":"https:\/\/www.asajacyl.com\/soria\/wp-json\/wp\/v2\/comments?post=5456"}],"version-history":[{"count":1,"href":"https:\/\/www.asajacyl.com\/soria\/wp-json\/wp\/v2\/posts\/5456\/revisions"}],"predecessor-version":[{"id":5457,"href":"https:\/\/www.asajacyl.com\/soria\/wp-json\/wp\/v2\/posts\/5456\/revisions\/5457"}],"wp:featuredmedia":[{"embeddable":true,"href":"https:\/\/www.asajacyl.com\/soria\/wp-json\/wp\/v2\/media\/5458"}],"wp:attachment":[{"href":"https:\/\/www.asajacyl.com\/soria\/wp-json\/wp\/v2\/media?parent=5456"}],"wp:term":[{"taxonomy":"category","embeddable":true,"href":"https:\/\/www.asajacyl.com\/soria\/wp-json\/wp\/v2\/categories?post=5456"},{"taxonomy":"post_tag","embeddable":true,"href":"https:\/\/www.asajacyl.com\/soria\/wp-json\/wp\/v2\/tags?post=5456"}],"curies":[{"name":"wp","href":"https:\/\/api.w.org\/{rel}","templated":true}]}}