{"id":5468,"date":"2022-04-05T14:22:40","date_gmt":"2022-04-05T12:22:40","guid":{"rendered":"https:\/\/www.asajacyl.com\/soria\/?p=5468"},"modified":"2022-04-05T14:22:41","modified_gmt":"2022-04-05T12:22:41","slug":"asaja-soria-opina-que-las-medidas-anunciadas-por-el-gobierno-de-apoyo-al-sector-son-las-urgentes-pero-no-comprenden-todas-las-importantes","status":"publish","type":"post","link":"https:\/\/www.asajacyl.com\/soria\/asaja-soria-informa\/asaja-soria-opina-que-las-medidas-anunciadas-por-el-gobierno-de-apoyo-al-sector-son-las-urgentes-pero-no-comprenden-todas-las-importantes","title":{"rendered":"ASAJA Soria opina que las medidas anunciadas por el Gobierno de apoyo al sector son las urgentes, pero no comprenden todas las importantes"},"content":{"rendered":"\n<h2><strong><em>La OPA destaca como la m\u00e1s determinante, y que no est\u00e1 entre las anunciadas, ajustar el sistema de seguros agrarios a la nueva realidad<\/em><\/strong><\/h2>\n<p>Precisamente en el a\u00f1o en que el ministro Planas daba por cumplido su compromiso expresado ante ASAJA de recuperar en esta legislatura el apoyo del Gobierno de Espa\u00f1a a la contrataci\u00f3n de los seguros agrarios, que se traduce en recuperar el nivel porcentual de ayuda previo a la crisis de financiaci\u00f3n de las administraciones perdido en 2010, la guerra de Ucrania puede dar al traste con ello de no tomarse medidas.<\/p>\n<p>La escalada de precios de los insumos, especialmente gravosa para agriculturas como la cerealista con alta necesidad, hace que el nivel de cobertura de los seguros agrarios quede desfasado. Este desfase se produce porque el precio asegurado, unos 0.18 \u20ac\/kg de cereal, se sit\u00faa ahora por encima de los 0,30 \u20ac\/kg, en el mercado real. Este precio viene a estar en sinton\u00eda con el de los insumos que ahora est\u00e1 gastando el agricultor y que ASAJA recuerda que se han incrementado hasta en un 300% en el caso de los fertilizantes o el 230% en el gas\u00f3leo.<\/p>\n<p>Este aumento de los precios hace que el nivel de cobertura actual de los seguros de los agricultores, que es el que se supone necesario para que estos puedan afrontar una nueva campa\u00f1a de siembra, quede en rid\u00edculo, pues la cobertura real se queda en menos de la mitad de la actual.<\/p>\n<p>As\u00ed las cosas, una eventual y razonable subida de los precios asegurados para acercarlos a la realidad implicar\u00eda autom\u00e1ticamente un aumento presupuestario de la Entidad Estatal de Seguros Agrarios, muy superior a lo expresado por el Ministerio.<\/p>\n<p>ASAJA Soria ha alertado de esta situaci\u00f3n en Junta Directiva Nacional celebrada hoy, en la que se han valorado las medidas publicadas y aquellas pendientes de publicaci\u00f3n. Y reclama al MAPA la atenci\u00f3n y el esfuerzo econ\u00f3mico que sea preciso en su momento, para que el nivel de seguridad eficaz de los agricultores y ganaderos no quede lesionado, y con ello la producci\u00f3n cerealista y otras tan importantes en estos momentos para la sociedad espa\u00f1ola, asunto este de capital relevancia.<\/p>\n<p><img loading=\"lazy\" decoding=\"async\" class=\"aligncenter  wp-image-5471\" src=\"https:\/\/www.asajacyl.com\/soria\/wp-content\/uploads\/sites\/9\/2022\/03\/63c0c911-19e5-49bf-ace0-ea0bc79839b1.jpg\" alt=\"\" width=\"465\" height=\"827\" srcset=\"https:\/\/www.asajacyl.com\/soria\/wp-content\/uploads\/sites\/9\/2022\/03\/63c0c911-19e5-49bf-ace0-ea0bc79839b1.jpg 900w, https:\/\/www.asajacyl.com\/soria\/wp-content\/uploads\/sites\/9\/2022\/03\/63c0c911-19e5-49bf-ace0-ea0bc79839b1-169x300.jpg 169w, https:\/\/www.asajacyl.com\/soria\/wp-content\/uploads\/sites\/9\/2022\/03\/63c0c911-19e5-49bf-ace0-ea0bc79839b1-576x1024.jpg 576w, https:\/\/www.asajacyl.com\/soria\/wp-content\/uploads\/sites\/9\/2022\/03\/63c0c911-19e5-49bf-ace0-ea0bc79839b1-768x1365.jpg 768w, https:\/\/www.asajacyl.com\/soria\/wp-content\/uploads\/sites\/9\/2022\/03\/63c0c911-19e5-49bf-ace0-ea0bc79839b1-864x1536.jpg 864w, https:\/\/www.asajacyl.com\/soria\/wp-content\/uploads\/sites\/9\/2022\/03\/63c0c911-19e5-49bf-ace0-ea0bc79839b1-696x1237.jpg 696w, https:\/\/www.asajacyl.com\/soria\/wp-content\/uploads\/sites\/9\/2022\/03\/63c0c911-19e5-49bf-ace0-ea0bc79839b1-236x420.jpg 236w\" sizes=\"(max-width: 465px) 100vw, 465px\" \/><\/p>\n","protected":false},"excerpt":{"rendered":"<p>La OPA destaca como la m\u00e1s determinante, y que no est\u00e1 entre las anunciadas, ajustar el sistema de seguros agrarios a la nueva realidad Precisamente en el a\u00f1o en que el ministro Planas daba por cumplido su compromiso expresado ante ASAJA de recuperar en esta legislatura el apoyo del Gobierno de Espa\u00f1a a la contrataci\u00f3n [&hellip;]<\/p>\n","protected":false},"author":12,"featured_media":5470,"comment_status":"open","ping_status":"open","sticky":false,"template":"","format":"standard","meta":{"footnotes":""},"categories":[10,25],"tags":[],"yoast_head":"<!-- This site is optimized with the Yoast SEO plugin v24.5 - https:\/\/yoast.com\/wordpress\/plugins\/seo\/ -->\n<title>ASAJA Soria opina que las medidas anunciadas por el Gobierno de apoyo al sector son las urgentes, pero no comprenden todas las importantes - ASAJA Soria<\/title>\n<meta name=\"description\" content=\"La OPA destaca como la m\u00e1s determinante, y que no est\u00e1 entre las anunciadas, ajustar el sistema de seguros agrarios a la nueva realidad Precisamente en el\" \/>\n<meta name=\"robots\" content=\"index, follow, max-snippet:-1, max-image-preview:large, max-video-preview:-1\" \/>\n<link rel=\"canonical\" href=\"https:\/\/www.asajacyl.com\/soria\/asaja-soria-informa\/asaja-soria-opina-que-las-medidas-anunciadas-por-el-gobierno-de-apoyo-al-sector-son-las-urgentes-pero-no-comprenden-todas-las-importantes\" \/>\n<meta property=\"og:locale\" content=\"es_ES\" \/>\n<meta property=\"og:type\" content=\"article\" \/>\n<meta property=\"og:title\" content=\"ASAJA Soria opina que las medidas anunciadas por el Gobierno de apoyo al sector son las urgentes, pero no comprenden todas las importantes - ASAJA Soria\" \/>\n<meta property=\"og:description\" content=\"La OPA destaca como la m\u00e1s determinante, y que no est\u00e1 entre las anunciadas, ajustar el sistema de seguros agrarios a la nueva realidad Precisamente en el\" \/>\n<meta property=\"og:url\" content=\"https:\/\/www.asajacyl.com\/soria\/asaja-soria-informa\/asaja-soria-opina-que-las-medidas-anunciadas-por-el-gobierno-de-apoyo-al-sector-son-las-urgentes-pero-no-comprenden-todas-las-importantes\" \/>\n<meta property=\"og:site_name\" content=\"ASAJA Soria\" \/>\n<meta property=\"article:published_time\" content=\"2022-04-05T12:22:40+00:00\" \/>\n<meta property=\"article:modified_time\" content=\"2022-04-05T12:22:41+00:00\" \/>\n<meta property=\"og:image\" content=\"https:\/\/www.asajacyl.com\/soria\/wp-content\/uploads\/sites\/9\/2022\/03\/PEDRISCO-GRANIZO-NEPAS.jpg\" \/>\n\t<meta property=\"og:image:width\" content=\"1536\" \/>\n\t<meta property=\"og:image:height\" content=\"2048\" \/>\n\t<meta property=\"og:image:type\" content=\"image\/jpeg\" \/>\n<meta name=\"author\" content=\"Juan Ignacio Prieto Nieto\" \/>\n<meta name=\"twitter:card\" content=\"summary_large_image\" \/>\n<meta name=\"twitter:label1\" content=\"Escrito por\" \/>\n\t<meta name=\"twitter:data1\" content=\"Juan Ignacio Prieto Nieto\" \/>\n\t<meta name=\"twitter:label2\" content=\"Tiempo de lectura\" \/>\n\t<meta name=\"twitter:data2\" content=\"2 minutos\" \/>\n<script type=\"application\/ld+json\" class=\"yoast-schema-graph\">{\"@context\":\"https:\/\/schema.org\",\"@graph\":[{\"@type\":\"WebPage\",\"@id\":\"https:\/\/www.asajacyl.com\/soria\/asaja-soria-informa\/asaja-soria-opina-que-las-medidas-anunciadas-por-el-gobierno-de-apoyo-al-sector-son-las-urgentes-pero-no-comprenden-todas-las-importantes\",\"url\":\"https:\/\/www.asajacyl.com\/soria\/asaja-soria-informa\/asaja-soria-opina-que-las-medidas-anunciadas-por-el-gobierno-de-apoyo-al-sector-son-las-urgentes-pero-no-comprenden-todas-las-importantes\",\"name\":\"ASAJA Soria opina que las medidas anunciadas por el Gobierno de apoyo al sector son las urgentes, pero no comprenden todas las importantes - ASAJA Soria\",\"isPartOf\":{\"@id\":\"https:\/\/www.asajacyl.com\/soria\/#website\"},\"primaryImageOfPage\":{\"@id\":\"https:\/\/www.asajacyl.com\/soria\/asaja-soria-informa\/asaja-soria-opina-que-las-medidas-anunciadas-por-el-gobierno-de-apoyo-al-sector-son-las-urgentes-pero-no-comprenden-todas-las-importantes#primaryimage\"},\"image\":{\"@id\":\"https:\/\/www.asajacyl.com\/soria\/asaja-soria-informa\/asaja-soria-opina-que-las-medidas-anunciadas-por-el-gobierno-de-apoyo-al-sector-son-las-urgentes-pero-no-comprenden-todas-las-importantes#primaryimage\"},\"thumbnailUrl\":\"https:\/\/www.asajacyl.com\/soria\/wp-content\/uploads\/sites\/9\/2022\/03\/PEDRISCO-GRANIZO-NEPAS.jpg\",\"datePublished\":\"2022-04-05T12:22:40+00:00\",\"dateModified\":\"2022-04-05T12:22:41+00:00\",\"author\":{\"@id\":\"https:\/\/www.asajacyl.com\/soria\/#\/schema\/person\/fd3081c40255119ce8133b87e6aedfab\"},\"description\":\"La OPA destaca como la m\u00e1s determinante, y que no est\u00e1 entre las anunciadas, ajustar el sistema de seguros agrarios a la nueva realidad Precisamente en el\",\"breadcrumb\":{\"@id\":\"https:\/\/www.asajacyl.com\/soria\/asaja-soria-informa\/asaja-soria-opina-que-las-medidas-anunciadas-por-el-gobierno-de-apoyo-al-sector-son-las-urgentes-pero-no-comprenden-todas-las-importantes#breadcrumb\"},\"inLanguage\":\"es\",\"potentialAction\":[{\"@type\":\"ReadAction\",\"target\":[\"https:\/\/www.asajacyl.com\/soria\/asaja-soria-informa\/asaja-soria-opina-que-las-medidas-anunciadas-por-el-gobierno-de-apoyo-al-sector-son-las-urgentes-pero-no-comprenden-todas-las-importantes\"]}]},{\"@type\":\"ImageObject\",\"inLanguage\":\"es\",\"@id\":\"https:\/\/www.asajacyl.com\/soria\/asaja-soria-informa\/asaja-soria-opina-que-las-medidas-anunciadas-por-el-gobierno-de-apoyo-al-sector-son-las-urgentes-pero-no-comprenden-todas-las-importantes#primaryimage\",\"url\":\"https:\/\/www.asajacyl.com\/soria\/wp-content\/uploads\/sites\/9\/2022\/03\/PEDRISCO-GRANIZO-NEPAS.jpg\",\"contentUrl\":\"https:\/\/www.asajacyl.com\/soria\/wp-content\/uploads\/sites\/9\/2022\/03\/PEDRISCO-GRANIZO-NEPAS.jpg\",\"width\":1536,\"height\":2048},{\"@type\":\"BreadcrumbList\",\"@id\":\"https:\/\/www.asajacyl.com\/soria\/asaja-soria-informa\/asaja-soria-opina-que-las-medidas-anunciadas-por-el-gobierno-de-apoyo-al-sector-son-las-urgentes-pero-no-comprenden-todas-las-importantes#breadcrumb\",\"itemListElement\":[{\"@type\":\"ListItem\",\"position\":1,\"name\":\"Portada\",\"item\":\"https:\/\/www.asajacyl.com\/soria\/\"},{\"@type\":\"ListItem\",\"position\":2,\"name\":\"ASAJA Soria opina que las medidas anunciadas por el Gobierno de apoyo al sector son las urgentes, pero no comprenden todas las importantes\"}]},{\"@type\":\"WebSite\",\"@id\":\"https:\/\/www.asajacyl.com\/soria\/#website\",\"url\":\"https:\/\/www.asajacyl.com\/soria\/\",\"name\":\"ASAJA Soria\",\"description\":\"Otro sitio m\u00e1s de Provincias ASAJA Castilla y Le\u00f3n\",\"potentialAction\":[{\"@type\":\"SearchAction\",\"target\":{\"@type\":\"EntryPoint\",\"urlTemplate\":\"https:\/\/www.asajacyl.com\/soria\/?s={search_term_string}\"},\"query-input\":{\"@type\":\"PropertyValueSpecification\",\"valueRequired\":true,\"valueName\":\"search_term_string\"}}],\"inLanguage\":\"es\"},{\"@type\":\"Person\",\"@id\":\"https:\/\/www.asajacyl.com\/soria\/#\/schema\/person\/fd3081c40255119ce8133b87e6aedfab\",\"name\":\"Juan Ignacio Prieto Nieto\",\"image\":{\"@type\":\"ImageObject\",\"inLanguage\":\"es\",\"@id\":\"https:\/\/www.asajacyl.com\/soria\/#\/schema\/person\/image\/\",\"url\":\"https:\/\/secure.gravatar.com\/avatar\/8266b36e4d9001acb4700699a2468dc8?s=96&d=mm&r=g\",\"contentUrl\":\"https:\/\/secure.gravatar.com\/avatar\/8266b36e4d9001acb4700699a2468dc8?s=96&d=mm&r=g\",\"caption\":\"Juan Ignacio Prieto Nieto\"},\"url\":\"https:\/\/www.asajacyl.com\/soria\/author\/juanfranciscoby\"}]}<\/script>\n<!-- \/ Yoast SEO plugin. -->","yoast_head_json":{"title":"ASAJA Soria opina que las medidas anunciadas por el Gobierno de apoyo al sector son las urgentes, pero no comprenden todas las importantes - ASAJA Soria","description":"La OPA destaca como la m\u00e1s determinante, y que no est\u00e1 entre las anunciadas, ajustar el sistema de seguros agrarios a la nueva realidad Precisamente en el","robots":{"index":"index","follow":"follow","max-snippet":"max-snippet:-1","max-image-preview":"max-image-preview:large","max-video-preview":"max-video-preview:-1"},"canonical":"https:\/\/www.asajacyl.com\/soria\/asaja-soria-informa\/asaja-soria-opina-que-las-medidas-anunciadas-por-el-gobierno-de-apoyo-al-sector-son-las-urgentes-pero-no-comprenden-todas-las-importantes","og_locale":"es_ES","og_type":"article","og_title":"ASAJA Soria opina que las medidas anunciadas por el Gobierno de apoyo al sector son las urgentes, pero no comprenden todas las importantes - ASAJA Soria","og_description":"La OPA destaca como la m\u00e1s determinante, y que no est\u00e1 entre las anunciadas, ajustar el sistema de seguros agrarios a la nueva realidad Precisamente en el","og_url":"https:\/\/www.asajacyl.com\/soria\/asaja-soria-informa\/asaja-soria-opina-que-las-medidas-anunciadas-por-el-gobierno-de-apoyo-al-sector-son-las-urgentes-pero-no-comprenden-todas-las-importantes","og_site_name":"ASAJA Soria","article_published_time":"2022-04-05T12:22:40+00:00","article_modified_time":"2022-04-05T12:22:41+00:00","og_image":[{"width":1536,"height":2048,"url":"https:\/\/www.asajacyl.com\/soria\/wp-content\/uploads\/sites\/9\/2022\/03\/PEDRISCO-GRANIZO-NEPAS.jpg","type":"image\/jpeg"}],"author":"Juan Ignacio Prieto Nieto","twitter_card":"summary_large_image","twitter_misc":{"Escrito por":"Juan Ignacio Prieto Nieto","Tiempo de lectura":"2 minutos"},"schema":{"@context":"https:\/\/schema.org","@graph":[{"@type":"WebPage","@id":"https:\/\/www.asajacyl.com\/soria\/asaja-soria-informa\/asaja-soria-opina-que-las-medidas-anunciadas-por-el-gobierno-de-apoyo-al-sector-son-las-urgentes-pero-no-comprenden-todas-las-importantes","url":"https:\/\/www.asajacyl.com\/soria\/asaja-soria-informa\/asaja-soria-opina-que-las-medidas-anunciadas-por-el-gobierno-de-apoyo-al-sector-son-las-urgentes-pero-no-comprenden-todas-las-importantes","name":"ASAJA Soria opina que las medidas anunciadas por el Gobierno de apoyo al sector son las urgentes, pero no comprenden todas las importantes - ASAJA Soria","isPartOf":{"@id":"https:\/\/www.asajacyl.com\/soria\/#website"},"primaryImageOfPage":{"@id":"https:\/\/www.asajacyl.com\/soria\/asaja-soria-informa\/asaja-soria-opina-que-las-medidas-anunciadas-por-el-gobierno-de-apoyo-al-sector-son-las-urgentes-pero-no-comprenden-todas-las-importantes#primaryimage"},"image":{"@id":"https:\/\/www.asajacyl.com\/soria\/asaja-soria-informa\/asaja-soria-opina-que-las-medidas-anunciadas-por-el-gobierno-de-apoyo-al-sector-son-las-urgentes-pero-no-comprenden-todas-las-importantes#primaryimage"},"thumbnailUrl":"https:\/\/www.asajacyl.com\/soria\/wp-content\/uploads\/sites\/9\/2022\/03\/PEDRISCO-GRANIZO-NEPAS.jpg","datePublished":"2022-04-05T12:22:40+00:00","dateModified":"2022-04-05T12:22:41+00:00","author":{"@id":"https:\/\/www.asajacyl.com\/soria\/#\/schema\/person\/fd3081c40255119ce8133b87e6aedfab"},"description":"La OPA destaca como la m\u00e1s determinante, y que no est\u00e1 entre las anunciadas, ajustar el sistema de seguros agrarios a la nueva realidad Precisamente en el","breadcrumb":{"@id":"https:\/\/www.asajacyl.com\/soria\/asaja-soria-informa\/asaja-soria-opina-que-las-medidas-anunciadas-por-el-gobierno-de-apoyo-al-sector-son-las-urgentes-pero-no-comprenden-todas-las-importantes#breadcrumb"},"inLanguage":"es","potentialAction":[{"@type":"ReadAction","target":["https:\/\/www.asajacyl.com\/soria\/asaja-soria-informa\/asaja-soria-opina-que-las-medidas-anunciadas-por-el-gobierno-de-apoyo-al-sector-son-las-urgentes-pero-no-comprenden-todas-las-importantes"]}]},{"@type":"ImageObject","inLanguage":"es","@id":"https:\/\/www.asajacyl.com\/soria\/asaja-soria-informa\/asaja-soria-opina-que-las-medidas-anunciadas-por-el-gobierno-de-apoyo-al-sector-son-las-urgentes-pero-no-comprenden-todas-las-importantes#primaryimage","url":"https:\/\/www.asajacyl.com\/soria\/wp-content\/uploads\/sites\/9\/2022\/03\/PEDRISCO-GRANIZO-NEPAS.jpg","contentUrl":"https:\/\/www.asajacyl.com\/soria\/wp-content\/uploads\/sites\/9\/2022\/03\/PEDRISCO-GRANIZO-NEPAS.jpg","width":1536,"height":2048},{"@type":"BreadcrumbList","@id":"https:\/\/www.asajacyl.com\/soria\/asaja-soria-informa\/asaja-soria-opina-que-las-medidas-anunciadas-por-el-gobierno-de-apoyo-al-sector-son-las-urgentes-pero-no-comprenden-todas-las-importantes#breadcrumb","itemListElement":[{"@type":"ListItem","position":1,"name":"Portada","item":"https:\/\/www.asajacyl.com\/soria\/"},{"@type":"ListItem","position":2,"name":"ASAJA Soria opina que las medidas anunciadas por el Gobierno de apoyo al sector son las urgentes, pero no comprenden todas las importantes"}]},{"@type":"WebSite","@id":"https:\/\/www.asajacyl.com\/soria\/#website","url":"https:\/\/www.asajacyl.com\/soria\/","name":"ASAJA Soria","description":"Otro sitio m\u00e1s de Provincias ASAJA Castilla y Le\u00f3n","potentialAction":[{"@type":"SearchAction","target":{"@type":"EntryPoint","urlTemplate":"https:\/\/www.asajacyl.com\/soria\/?s={search_term_string}"},"query-input":{"@type":"PropertyValueSpecification","valueRequired":true,"valueName":"search_term_string"}}],"inLanguage":"es"},{"@type":"Person","@id":"https:\/\/www.asajacyl.com\/soria\/#\/schema\/person\/fd3081c40255119ce8133b87e6aedfab","name":"Juan Ignacio Prieto Nieto","image":{"@type":"ImageObject","inLanguage":"es","@id":"https:\/\/www.asajacyl.com\/soria\/#\/schema\/person\/image\/","url":"https:\/\/secure.gravatar.com\/avatar\/8266b36e4d9001acb4700699a2468dc8?s=96&d=mm&r=g","contentUrl":"https:\/\/secure.gravatar.com\/avatar\/8266b36e4d9001acb4700699a2468dc8?s=96&d=mm&r=g","caption":"Juan Ignacio Prieto Nieto"},"url":"https:\/\/www.asajacyl.com\/soria\/author\/juanfranciscoby"}]}},"_links":{"self":[{"href":"https:\/\/www.asajacyl.com\/soria\/wp-json\/wp\/v2\/posts\/5468"}],"collection":[{"href":"https:\/\/www.asajacyl.com\/soria\/wp-json\/wp\/v2\/posts"}],"about":[{"href":"https:\/\/www.asajacyl.com\/soria\/wp-json\/wp\/v2\/types\/post"}],"author":[{"embeddable":true,"href":"https:\/\/www.asajacyl.com\/soria\/wp-json\/wp\/v2\/users\/12"}],"replies":[{"embeddable":true,"href":"https:\/\/www.asajacyl.com\/soria\/wp-json\/wp\/v2\/comments?post=5468"}],"version-history":[{"count":3,"href":"https:\/\/www.asajacyl.com\/soria\/wp-json\/wp\/v2\/posts\/5468\/revisions"}],"predecessor-version":[{"id":5475,"href":"https:\/\/www.asajacyl.com\/soria\/wp-json\/wp\/v2\/posts\/5468\/revisions\/5475"}],"wp:featuredmedia":[{"embeddable":true,"href":"https:\/\/www.asajacyl.com\/soria\/wp-json\/wp\/v2\/media\/5470"}],"wp:attachment":[{"href":"https:\/\/www.asajacyl.com\/soria\/wp-json\/wp\/v2\/media?parent=5468"}],"wp:term":[{"taxonomy":"category","embeddable":true,"href":"https:\/\/www.asajacyl.com\/soria\/wp-json\/wp\/v2\/categories?post=5468"},{"taxonomy":"post_tag","embeddable":true,"href":"https:\/\/www.asajacyl.com\/soria\/wp-json\/wp\/v2\/tags?post=5468"}],"curies":[{"name":"wp","href":"https:\/\/api.w.org\/{rel}","templated":true}]}}