{"id":5476,"date":"2022-04-05T14:22:24","date_gmt":"2022-04-05T12:22:24","guid":{"rendered":"https:\/\/www.asajacyl.com\/soria\/?p=5476"},"modified":"2022-04-05T14:22:25","modified_gmt":"2022-04-05T12:22:25","slug":"enfado-de-asaja-soria-porque-el-servicio-territorial-de-agricultura-y-ganaderia-comienza-a-sancionar-en-las-zonas-vulnerables","status":"publish","type":"post","link":"https:\/\/www.asajacyl.com\/soria\/asaja-soria-informa\/enfado-de-asaja-soria-porque-el-servicio-territorial-de-agricultura-y-ganaderia-comienza-a-sancionar-en-las-zonas-vulnerables","title":{"rendered":"Enfado de ASAJA Soria porque el Servicio Territorial de Agricultura y Ganader\u00eda comienza a sancionar en las zonas vulnerables"},"content":{"rendered":"\n<h2><strong><em>La OPA resalta que las prisas por penalizar generan situaciones incomprensibles<\/em><\/strong><\/h2>\n<p>ASAJA Soria considera que se est\u00e1 acosando a los agricultores y ganaderos, ya que las normativas que quieren que cumplamos ni est\u00e1n desarrolladas ni las vigentes que aplican bien explicadas.<\/p>\n<p>Los profesionales del campo soriano se encuentran en una indefensi\u00f3n total porque desde una administraci\u00f3n, que deb\u00eda estar a su servicio y para resolver los problemas de los ganaderos y de los agricultores, se est\u00e1 demostrando un ansia recaudatoria y una actitud en contra de ellos.<\/p>\n<p>Todo el sector en Castilla y Le\u00f3n est\u00e1 pendiente de que se publique la Orden que establece el programa de actuaci\u00f3n para las zonas vulnerables, a ra\u00edz de la publicaci\u00f3n del Real Decreto 5\/2020, de 25 de junio, por el que se designan las zonas vulnerables a la contaminaci\u00f3n de las aguas por nitratos procedentes de fuentes de origen agr\u00edcola y ganadero y por el que se aprueba el c\u00f3digo de buenas pr\u00e1cticas agrarias. Por lo tanto, existe una situaci\u00f3n ahora mismo de transitoriedad, puesto que la Orden que debe desarrollar el Real Decreto sigue pendiente de publicaci\u00f3n y la que se aplica actualmente es la antigua Orden de 2009 del anterior Real Decreto. Estamos en un per\u00edodo transitorio y aun as\u00ed el Servicio Territorial de Soria utiliza a los profesionales del campo como conejillos de Indias y se pone a la cabeza para aplicar la normativa en toda su intensidad.<\/p>\n<p>Para ASAJA Soria \u201cel campo parece que funciona al rev\u00e9s que la sociedad. Cuando alguien roba, corresponde a la Polic\u00eda o la administraci\u00f3n demostrarlo. Pero si en la agricultura un funcionario dice que un agricultor ha hecho una cosa mal, autom\u00e1ticamente a \u00e9ste se le sanciona sin mayor miramiento\u201d.<\/p>\n<p>La primera sanci\u00f3n recibida en ASAJA acerca de zonas vulnerables no es por un incumplimiento sino porque no se puede comprobar; cuando en cualquier sistema coercitivo en Derecho se prev\u00e9 la presunci\u00f3n de inocencia y compete a las administraciones o a la acusaci\u00f3n demostrar que ha existido la falta o el delito.<\/p>\n<p><img loading=\"lazy\" decoding=\"async\" class=\"aligncenter  wp-image-5477\" src=\"https:\/\/www.asajacyl.com\/soria\/wp-content\/uploads\/sites\/9\/2022\/03\/Captura-acta.jpg\" alt=\"\" width=\"1189\" height=\"304\" srcset=\"https:\/\/www.asajacyl.com\/soria\/wp-content\/uploads\/sites\/9\/2022\/03\/Captura-acta.jpg 1153w, https:\/\/www.asajacyl.com\/soria\/wp-content\/uploads\/sites\/9\/2022\/03\/Captura-acta-300x77.jpg 300w, https:\/\/www.asajacyl.com\/soria\/wp-content\/uploads\/sites\/9\/2022\/03\/Captura-acta-1024x262.jpg 1024w, https:\/\/www.asajacyl.com\/soria\/wp-content\/uploads\/sites\/9\/2022\/03\/Captura-acta-768x196.jpg 768w, https:\/\/www.asajacyl.com\/soria\/wp-content\/uploads\/sites\/9\/2022\/03\/Captura-acta-696x178.jpg 696w, https:\/\/www.asajacyl.com\/soria\/wp-content\/uploads\/sites\/9\/2022\/03\/Captura-acta-1068x273.jpg 1068w\" sizes=\"(max-width: 1189px) 100vw, 1189px\" \/><\/p>\n","protected":false},"excerpt":{"rendered":"<p>La OPA resalta que las prisas por penalizar generan situaciones incomprensibles ASAJA Soria considera que se est\u00e1 acosando a los agricultores y ganaderos, ya que las normativas que quieren que cumplamos ni est\u00e1n desarrolladas ni las vigentes que aplican bien explicadas. Los profesionales del campo soriano se encuentran en una indefensi\u00f3n total porque desde una [&hellip;]<\/p>\n","protected":false},"author":12,"featured_media":5478,"comment_status":"open","ping_status":"open","sticky":false,"template":"","format":"standard","meta":{"footnotes":""},"categories":[10,25],"tags":[],"yoast_head":"<!-- This site is optimized with the Yoast SEO plugin v24.5 - https:\/\/yoast.com\/wordpress\/plugins\/seo\/ -->\n<title>Enfado de ASAJA Soria porque el Servicio Territorial de Agricultura y Ganader\u00eda comienza a sancionar en las zonas vulnerables - ASAJA Soria<\/title>\n<meta name=\"description\" content=\"La OPA resalta que las prisas por penalizar generan situaciones incomprensibles ASAJA Soria considera que se est\u00e1 acosando a los agricultores y ganaderos,\" \/>\n<meta name=\"robots\" content=\"index, follow, max-snippet:-1, max-image-preview:large, max-video-preview:-1\" \/>\n<link rel=\"canonical\" href=\"https:\/\/www.asajacyl.com\/soria\/asaja-soria-informa\/enfado-de-asaja-soria-porque-el-servicio-territorial-de-agricultura-y-ganaderia-comienza-a-sancionar-en-las-zonas-vulnerables\" \/>\n<meta property=\"og:locale\" content=\"es_ES\" \/>\n<meta property=\"og:type\" content=\"article\" \/>\n<meta property=\"og:title\" content=\"Enfado de ASAJA Soria porque el Servicio Territorial de Agricultura y Ganader\u00eda comienza a sancionar en las zonas vulnerables - ASAJA Soria\" \/>\n<meta property=\"og:description\" content=\"La OPA resalta que las prisas por penalizar generan situaciones incomprensibles ASAJA Soria considera que se est\u00e1 acosando a los agricultores y ganaderos,\" \/>\n<meta property=\"og:url\" content=\"https:\/\/www.asajacyl.com\/soria\/asaja-soria-informa\/enfado-de-asaja-soria-porque-el-servicio-territorial-de-agricultura-y-ganaderia-comienza-a-sancionar-en-las-zonas-vulnerables\" \/>\n<meta property=\"og:site_name\" content=\"ASAJA Soria\" \/>\n<meta property=\"article:published_time\" content=\"2022-04-05T12:22:24+00:00\" \/>\n<meta property=\"article:modified_time\" content=\"2022-04-05T12:22:25+00:00\" \/>\n<meta property=\"og:image\" content=\"https:\/\/www.asajacyl.com\/soria\/wp-content\/uploads\/sites\/9\/2022\/03\/Captura-acta-portada.jpg\" \/>\n\t<meta property=\"og:image:width\" content=\"390\" \/>\n\t<meta property=\"og:image:height\" content=\"279\" \/>\n\t<meta property=\"og:image:type\" content=\"image\/jpeg\" \/>\n<meta name=\"author\" content=\"Juan Ignacio Prieto Nieto\" \/>\n<meta name=\"twitter:card\" content=\"summary_large_image\" \/>\n<meta name=\"twitter:label1\" content=\"Escrito por\" \/>\n\t<meta name=\"twitter:data1\" content=\"Juan Ignacio Prieto Nieto\" \/>\n\t<meta name=\"twitter:label2\" content=\"Tiempo de lectura\" \/>\n\t<meta name=\"twitter:data2\" content=\"2 minutos\" \/>\n<script type=\"application\/ld+json\" class=\"yoast-schema-graph\">{\"@context\":\"https:\/\/schema.org\",\"@graph\":[{\"@type\":\"WebPage\",\"@id\":\"https:\/\/www.asajacyl.com\/soria\/asaja-soria-informa\/enfado-de-asaja-soria-porque-el-servicio-territorial-de-agricultura-y-ganaderia-comienza-a-sancionar-en-las-zonas-vulnerables\",\"url\":\"https:\/\/www.asajacyl.com\/soria\/asaja-soria-informa\/enfado-de-asaja-soria-porque-el-servicio-territorial-de-agricultura-y-ganaderia-comienza-a-sancionar-en-las-zonas-vulnerables\",\"name\":\"Enfado de ASAJA Soria porque el Servicio Territorial de Agricultura y Ganader\u00eda comienza a sancionar en las zonas vulnerables - ASAJA Soria\",\"isPartOf\":{\"@id\":\"https:\/\/www.asajacyl.com\/soria\/#website\"},\"primaryImageOfPage\":{\"@id\":\"https:\/\/www.asajacyl.com\/soria\/asaja-soria-informa\/enfado-de-asaja-soria-porque-el-servicio-territorial-de-agricultura-y-ganaderia-comienza-a-sancionar-en-las-zonas-vulnerables#primaryimage\"},\"image\":{\"@id\":\"https:\/\/www.asajacyl.com\/soria\/asaja-soria-informa\/enfado-de-asaja-soria-porque-el-servicio-territorial-de-agricultura-y-ganaderia-comienza-a-sancionar-en-las-zonas-vulnerables#primaryimage\"},\"thumbnailUrl\":\"https:\/\/www.asajacyl.com\/soria\/wp-content\/uploads\/sites\/9\/2022\/03\/Captura-acta-portada.jpg\",\"datePublished\":\"2022-04-05T12:22:24+00:00\",\"dateModified\":\"2022-04-05T12:22:25+00:00\",\"author\":{\"@id\":\"https:\/\/www.asajacyl.com\/soria\/#\/schema\/person\/fd3081c40255119ce8133b87e6aedfab\"},\"description\":\"La OPA resalta que las prisas por penalizar generan situaciones incomprensibles ASAJA Soria considera que se est\u00e1 acosando a los agricultores y ganaderos,\",\"breadcrumb\":{\"@id\":\"https:\/\/www.asajacyl.com\/soria\/asaja-soria-informa\/enfado-de-asaja-soria-porque-el-servicio-territorial-de-agricultura-y-ganaderia-comienza-a-sancionar-en-las-zonas-vulnerables#breadcrumb\"},\"inLanguage\":\"es\",\"potentialAction\":[{\"@type\":\"ReadAction\",\"target\":[\"https:\/\/www.asajacyl.com\/soria\/asaja-soria-informa\/enfado-de-asaja-soria-porque-el-servicio-territorial-de-agricultura-y-ganaderia-comienza-a-sancionar-en-las-zonas-vulnerables\"]}]},{\"@type\":\"ImageObject\",\"inLanguage\":\"es\",\"@id\":\"https:\/\/www.asajacyl.com\/soria\/asaja-soria-informa\/enfado-de-asaja-soria-porque-el-servicio-territorial-de-agricultura-y-ganaderia-comienza-a-sancionar-en-las-zonas-vulnerables#primaryimage\",\"url\":\"https:\/\/www.asajacyl.com\/soria\/wp-content\/uploads\/sites\/9\/2022\/03\/Captura-acta-portada.jpg\",\"contentUrl\":\"https:\/\/www.asajacyl.com\/soria\/wp-content\/uploads\/sites\/9\/2022\/03\/Captura-acta-portada.jpg\",\"width\":390,\"height\":279},{\"@type\":\"BreadcrumbList\",\"@id\":\"https:\/\/www.asajacyl.com\/soria\/asaja-soria-informa\/enfado-de-asaja-soria-porque-el-servicio-territorial-de-agricultura-y-ganaderia-comienza-a-sancionar-en-las-zonas-vulnerables#breadcrumb\",\"itemListElement\":[{\"@type\":\"ListItem\",\"position\":1,\"name\":\"Portada\",\"item\":\"https:\/\/www.asajacyl.com\/soria\/\"},{\"@type\":\"ListItem\",\"position\":2,\"name\":\"Enfado de ASAJA Soria porque el Servicio Territorial de Agricultura y Ganader\u00eda comienza a sancionar en las zonas vulnerables\"}]},{\"@type\":\"WebSite\",\"@id\":\"https:\/\/www.asajacyl.com\/soria\/#website\",\"url\":\"https:\/\/www.asajacyl.com\/soria\/\",\"name\":\"ASAJA Soria\",\"description\":\"Otro sitio m\u00e1s de Provincias ASAJA Castilla y Le\u00f3n\",\"potentialAction\":[{\"@type\":\"SearchAction\",\"target\":{\"@type\":\"EntryPoint\",\"urlTemplate\":\"https:\/\/www.asajacyl.com\/soria\/?s={search_term_string}\"},\"query-input\":{\"@type\":\"PropertyValueSpecification\",\"valueRequired\":true,\"valueName\":\"search_term_string\"}}],\"inLanguage\":\"es\"},{\"@type\":\"Person\",\"@id\":\"https:\/\/www.asajacyl.com\/soria\/#\/schema\/person\/fd3081c40255119ce8133b87e6aedfab\",\"name\":\"Juan Ignacio Prieto Nieto\",\"image\":{\"@type\":\"ImageObject\",\"inLanguage\":\"es\",\"@id\":\"https:\/\/www.asajacyl.com\/soria\/#\/schema\/person\/image\/\",\"url\":\"https:\/\/secure.gravatar.com\/avatar\/8266b36e4d9001acb4700699a2468dc8?s=96&d=mm&r=g\",\"contentUrl\":\"https:\/\/secure.gravatar.com\/avatar\/8266b36e4d9001acb4700699a2468dc8?s=96&d=mm&r=g\",\"caption\":\"Juan Ignacio Prieto Nieto\"},\"url\":\"https:\/\/www.asajacyl.com\/soria\/author\/juanfranciscoby\"}]}<\/script>\n<!-- \/ Yoast SEO plugin. -->","yoast_head_json":{"title":"Enfado de ASAJA Soria porque el Servicio Territorial de Agricultura y Ganader\u00eda comienza a sancionar en las zonas vulnerables - ASAJA Soria","description":"La OPA resalta que las prisas por penalizar generan situaciones incomprensibles ASAJA Soria considera que se est\u00e1 acosando a los agricultores y ganaderos,","robots":{"index":"index","follow":"follow","max-snippet":"max-snippet:-1","max-image-preview":"max-image-preview:large","max-video-preview":"max-video-preview:-1"},"canonical":"https:\/\/www.asajacyl.com\/soria\/asaja-soria-informa\/enfado-de-asaja-soria-porque-el-servicio-territorial-de-agricultura-y-ganaderia-comienza-a-sancionar-en-las-zonas-vulnerables","og_locale":"es_ES","og_type":"article","og_title":"Enfado de ASAJA Soria porque el Servicio Territorial de Agricultura y Ganader\u00eda comienza a sancionar en las zonas vulnerables - ASAJA Soria","og_description":"La OPA resalta que las prisas por penalizar generan situaciones incomprensibles ASAJA Soria considera que se est\u00e1 acosando a los agricultores y ganaderos,","og_url":"https:\/\/www.asajacyl.com\/soria\/asaja-soria-informa\/enfado-de-asaja-soria-porque-el-servicio-territorial-de-agricultura-y-ganaderia-comienza-a-sancionar-en-las-zonas-vulnerables","og_site_name":"ASAJA Soria","article_published_time":"2022-04-05T12:22:24+00:00","article_modified_time":"2022-04-05T12:22:25+00:00","og_image":[{"width":390,"height":279,"url":"https:\/\/www.asajacyl.com\/soria\/wp-content\/uploads\/sites\/9\/2022\/03\/Captura-acta-portada.jpg","type":"image\/jpeg"}],"author":"Juan Ignacio Prieto Nieto","twitter_card":"summary_large_image","twitter_misc":{"Escrito por":"Juan Ignacio Prieto Nieto","Tiempo de lectura":"2 minutos"},"schema":{"@context":"https:\/\/schema.org","@graph":[{"@type":"WebPage","@id":"https:\/\/www.asajacyl.com\/soria\/asaja-soria-informa\/enfado-de-asaja-soria-porque-el-servicio-territorial-de-agricultura-y-ganaderia-comienza-a-sancionar-en-las-zonas-vulnerables","url":"https:\/\/www.asajacyl.com\/soria\/asaja-soria-informa\/enfado-de-asaja-soria-porque-el-servicio-territorial-de-agricultura-y-ganaderia-comienza-a-sancionar-en-las-zonas-vulnerables","name":"Enfado de ASAJA Soria porque el Servicio Territorial de Agricultura y Ganader\u00eda comienza a sancionar en las zonas vulnerables - ASAJA Soria","isPartOf":{"@id":"https:\/\/www.asajacyl.com\/soria\/#website"},"primaryImageOfPage":{"@id":"https:\/\/www.asajacyl.com\/soria\/asaja-soria-informa\/enfado-de-asaja-soria-porque-el-servicio-territorial-de-agricultura-y-ganaderia-comienza-a-sancionar-en-las-zonas-vulnerables#primaryimage"},"image":{"@id":"https:\/\/www.asajacyl.com\/soria\/asaja-soria-informa\/enfado-de-asaja-soria-porque-el-servicio-territorial-de-agricultura-y-ganaderia-comienza-a-sancionar-en-las-zonas-vulnerables#primaryimage"},"thumbnailUrl":"https:\/\/www.asajacyl.com\/soria\/wp-content\/uploads\/sites\/9\/2022\/03\/Captura-acta-portada.jpg","datePublished":"2022-04-05T12:22:24+00:00","dateModified":"2022-04-05T12:22:25+00:00","author":{"@id":"https:\/\/www.asajacyl.com\/soria\/#\/schema\/person\/fd3081c40255119ce8133b87e6aedfab"},"description":"La OPA resalta que las prisas por penalizar generan situaciones incomprensibles ASAJA Soria considera que se est\u00e1 acosando a los agricultores y ganaderos,","breadcrumb":{"@id":"https:\/\/www.asajacyl.com\/soria\/asaja-soria-informa\/enfado-de-asaja-soria-porque-el-servicio-territorial-de-agricultura-y-ganaderia-comienza-a-sancionar-en-las-zonas-vulnerables#breadcrumb"},"inLanguage":"es","potentialAction":[{"@type":"ReadAction","target":["https:\/\/www.asajacyl.com\/soria\/asaja-soria-informa\/enfado-de-asaja-soria-porque-el-servicio-territorial-de-agricultura-y-ganaderia-comienza-a-sancionar-en-las-zonas-vulnerables"]}]},{"@type":"ImageObject","inLanguage":"es","@id":"https:\/\/www.asajacyl.com\/soria\/asaja-soria-informa\/enfado-de-asaja-soria-porque-el-servicio-territorial-de-agricultura-y-ganaderia-comienza-a-sancionar-en-las-zonas-vulnerables#primaryimage","url":"https:\/\/www.asajacyl.com\/soria\/wp-content\/uploads\/sites\/9\/2022\/03\/Captura-acta-portada.jpg","contentUrl":"https:\/\/www.asajacyl.com\/soria\/wp-content\/uploads\/sites\/9\/2022\/03\/Captura-acta-portada.jpg","width":390,"height":279},{"@type":"BreadcrumbList","@id":"https:\/\/www.asajacyl.com\/soria\/asaja-soria-informa\/enfado-de-asaja-soria-porque-el-servicio-territorial-de-agricultura-y-ganaderia-comienza-a-sancionar-en-las-zonas-vulnerables#breadcrumb","itemListElement":[{"@type":"ListItem","position":1,"name":"Portada","item":"https:\/\/www.asajacyl.com\/soria\/"},{"@type":"ListItem","position":2,"name":"Enfado de ASAJA Soria porque el Servicio Territorial de Agricultura y Ganader\u00eda comienza a sancionar en las zonas vulnerables"}]},{"@type":"WebSite","@id":"https:\/\/www.asajacyl.com\/soria\/#website","url":"https:\/\/www.asajacyl.com\/soria\/","name":"ASAJA Soria","description":"Otro sitio m\u00e1s de Provincias ASAJA Castilla y Le\u00f3n","potentialAction":[{"@type":"SearchAction","target":{"@type":"EntryPoint","urlTemplate":"https:\/\/www.asajacyl.com\/soria\/?s={search_term_string}"},"query-input":{"@type":"PropertyValueSpecification","valueRequired":true,"valueName":"search_term_string"}}],"inLanguage":"es"},{"@type":"Person","@id":"https:\/\/www.asajacyl.com\/soria\/#\/schema\/person\/fd3081c40255119ce8133b87e6aedfab","name":"Juan Ignacio Prieto Nieto","image":{"@type":"ImageObject","inLanguage":"es","@id":"https:\/\/www.asajacyl.com\/soria\/#\/schema\/person\/image\/","url":"https:\/\/secure.gravatar.com\/avatar\/8266b36e4d9001acb4700699a2468dc8?s=96&d=mm&r=g","contentUrl":"https:\/\/secure.gravatar.com\/avatar\/8266b36e4d9001acb4700699a2468dc8?s=96&d=mm&r=g","caption":"Juan Ignacio Prieto Nieto"},"url":"https:\/\/www.asajacyl.com\/soria\/author\/juanfranciscoby"}]}},"_links":{"self":[{"href":"https:\/\/www.asajacyl.com\/soria\/wp-json\/wp\/v2\/posts\/5476"}],"collection":[{"href":"https:\/\/www.asajacyl.com\/soria\/wp-json\/wp\/v2\/posts"}],"about":[{"href":"https:\/\/www.asajacyl.com\/soria\/wp-json\/wp\/v2\/types\/post"}],"author":[{"embeddable":true,"href":"https:\/\/www.asajacyl.com\/soria\/wp-json\/wp\/v2\/users\/12"}],"replies":[{"embeddable":true,"href":"https:\/\/www.asajacyl.com\/soria\/wp-json\/wp\/v2\/comments?post=5476"}],"version-history":[{"count":2,"href":"https:\/\/www.asajacyl.com\/soria\/wp-json\/wp\/v2\/posts\/5476\/revisions"}],"predecessor-version":[{"id":5480,"href":"https:\/\/www.asajacyl.com\/soria\/wp-json\/wp\/v2\/posts\/5476\/revisions\/5480"}],"wp:featuredmedia":[{"embeddable":true,"href":"https:\/\/www.asajacyl.com\/soria\/wp-json\/wp\/v2\/media\/5478"}],"wp:attachment":[{"href":"https:\/\/www.asajacyl.com\/soria\/wp-json\/wp\/v2\/media?parent=5476"}],"wp:term":[{"taxonomy":"category","embeddable":true,"href":"https:\/\/www.asajacyl.com\/soria\/wp-json\/wp\/v2\/categories?post=5476"},{"taxonomy":"post_tag","embeddable":true,"href":"https:\/\/www.asajacyl.com\/soria\/wp-json\/wp\/v2\/tags?post=5476"}],"curies":[{"name":"wp","href":"https:\/\/api.w.org\/{rel}","templated":true}]}}