{"id":5514,"date":"2022-04-22T11:47:44","date_gmt":"2022-04-22T09:47:44","guid":{"rendered":"https:\/\/www.asajacyl.com\/soria\/?p=5514"},"modified":"2022-04-29T09:42:12","modified_gmt":"2022-04-29T07:42:12","slug":"el-mapa-inicia-las-consultas-de-seis-reales-decretos-para-la-pac-2023-2027","status":"publish","type":"post","link":"https:\/\/www.asajacyl.com\/soria\/asaja-soria-informa\/el-mapa-inicia-las-consultas-de-seis-reales-decretos-para-la-pac-2023-2027","title":{"rendered":"El Ministerio de Agricultura inicia las consultas de seis reales decretos para la PAC 2023-2027"},"content":{"rendered":"\n<p>El Ministerio de Agricultura, Pesca y Alimentaci\u00f3n (MAPA) ha iniciado el procedimiento de consulta p\u00fablica previo a la tramitaci\u00f3n de seis reales decretos que permitir\u00e1n la aplicaci\u00f3n del Plan Estrat\u00e9gico nacional de la Pol\u00edtica Agr\u00edcola Com\u00fan (PAC) para el pr\u00f3ximo periodo 2023-2027.<\/p>\n<p>As\u00ed lo ha informado el MAPA el d\u00eda 21 de abril mediante un comunicado en el que ha indicado que las consultas se desarrollar\u00e1n hasta el pr\u00f3ximo 6 de mayo\u00a0y ha detallado cu\u00e1les son los proyectos de reales decretos que se someter\u00e1n a este proceso.<br \/>Uno de ellos es el real decreto sobre la aplicaci\u00f3n de las intervenciones en forma de\u00a0pagos directos y para el desarrollo rural\u00a0y otro el que aborda los\u00a0derechos de ayuda b\u00e1sica a la renta para la sostenibilidad de la PAC, que regular\u00e1 los principios del apoyo directo que se presta a agricultores y ganaderos.<\/p>\n<p>Tambi\u00e9n se someter\u00e1n a escrutinio p\u00fablico el real decreto para la\u00a0aplicaci\u00f3n de la condicionalidad reforzada y de la condicionalidad social\u00a0que deben cumplir las personas beneficiarias de las ayudas que reciban pagos directos, y el real decreto que establecer\u00e1 criterios para\u00a0penalizar posibles incumplimientos de las condiciones\u00a0que dan acceso a las ayudas.<\/p>\n<p>Asimismo, se someter\u00e1 a consulta el real decreto por el que se regula la\u00a0gobernanza del Plan Estrat\u00e9gico de la PAC\u00a0y de los Fondos Europeos Agr\u00edcolas de Garant\u00eda Agraria (Feaga) y del Fondo Europeo Agr\u00edcola de Desarrollo Rural (Feader).<br \/>Finalmente, este viernes se abrir\u00e1 consulta sobre el real decreto sobre\u00a0gesti\u00f3n y controles de las intervenciones del Plan Estrat\u00e9gico de la PAC\u00a0que busca asegurar el uso correcto y eficiente de los fondos comunitarios.<\/p>\n","protected":false},"excerpt":{"rendered":"<p>El Ministerio de Agricultura, Pesca y Alimentaci\u00f3n (MAPA) ha iniciado el procedimiento de consulta p\u00fablica previo a la tramitaci\u00f3n de seis reales decretos que permitir\u00e1n la aplicaci\u00f3n del Plan Estrat\u00e9gico nacional de la Pol\u00edtica Agr\u00edcola Com\u00fan (PAC) para el pr\u00f3ximo periodo 2023-2027. As\u00ed lo ha informado el MAPA el d\u00eda 21 de abril mediante un [&hellip;]<\/p>\n","protected":false},"author":12,"featured_media":4935,"comment_status":"open","ping_status":"open","sticky":false,"template":"","format":"standard","meta":{"footnotes":""},"categories":[10,25],"tags":[],"yoast_head":"<!-- This site is optimized with the Yoast SEO plugin v24.5 - https:\/\/yoast.com\/wordpress\/plugins\/seo\/ -->\n<title>El Ministerio de Agricultura inicia las consultas de seis reales decretos para la PAC 2023-2027 - ASAJA Soria<\/title>\n<meta name=\"description\" content=\"El Ministerio de Agricultura, Pesca y Alimentaci\u00f3n (MAPA) ha iniciado el procedimiento de consulta p\u00fablica previo a la tramitaci\u00f3n de seis reales decretos\" \/>\n<meta name=\"robots\" content=\"index, follow, max-snippet:-1, max-image-preview:large, max-video-preview:-1\" \/>\n<link rel=\"canonical\" href=\"https:\/\/www.asajacyl.com\/soria\/asaja-soria-informa\/el-mapa-inicia-las-consultas-de-seis-reales-decretos-para-la-pac-2023-2027\" \/>\n<meta property=\"og:locale\" content=\"es_ES\" \/>\n<meta property=\"og:type\" content=\"article\" \/>\n<meta property=\"og:title\" content=\"El Ministerio de Agricultura inicia las consultas de seis reales decretos para la PAC 2023-2027 - ASAJA Soria\" \/>\n<meta property=\"og:description\" content=\"El Ministerio de Agricultura, Pesca y Alimentaci\u00f3n (MAPA) ha iniciado el procedimiento de consulta p\u00fablica previo a la tramitaci\u00f3n de seis reales decretos\" \/>\n<meta property=\"og:url\" content=\"https:\/\/www.asajacyl.com\/soria\/asaja-soria-informa\/el-mapa-inicia-las-consultas-de-seis-reales-decretos-para-la-pac-2023-2027\" \/>\n<meta property=\"og:site_name\" content=\"ASAJA Soria\" \/>\n<meta property=\"article:published_time\" content=\"2022-04-22T09:47:44+00:00\" \/>\n<meta property=\"article:modified_time\" content=\"2022-04-29T07:42:12+00:00\" \/>\n<meta property=\"og:image\" content=\"https:\/\/www.asajacyl.com\/soria\/wp-content\/uploads\/sites\/9\/2021\/10\/1724.jpg\" \/>\n\t<meta property=\"og:image:width\" content=\"2500\" \/>\n\t<meta property=\"og:image:height\" content=\"1406\" \/>\n\t<meta property=\"og:image:type\" content=\"image\/jpeg\" \/>\n<meta name=\"author\" content=\"Juan Ignacio Prieto Nieto\" \/>\n<meta name=\"twitter:card\" content=\"summary_large_image\" \/>\n<meta name=\"twitter:label1\" content=\"Escrito por\" \/>\n\t<meta name=\"twitter:data1\" content=\"Juan Ignacio Prieto Nieto\" \/>\n\t<meta name=\"twitter:label2\" content=\"Tiempo de lectura\" \/>\n\t<meta name=\"twitter:data2\" content=\"2 minutos\" \/>\n<script type=\"application\/ld+json\" class=\"yoast-schema-graph\">{\"@context\":\"https:\/\/schema.org\",\"@graph\":[{\"@type\":\"WebPage\",\"@id\":\"https:\/\/www.asajacyl.com\/soria\/asaja-soria-informa\/el-mapa-inicia-las-consultas-de-seis-reales-decretos-para-la-pac-2023-2027\",\"url\":\"https:\/\/www.asajacyl.com\/soria\/asaja-soria-informa\/el-mapa-inicia-las-consultas-de-seis-reales-decretos-para-la-pac-2023-2027\",\"name\":\"El Ministerio de Agricultura inicia las consultas de seis reales decretos para la PAC 2023-2027 - ASAJA Soria\",\"isPartOf\":{\"@id\":\"https:\/\/www.asajacyl.com\/soria\/#website\"},\"primaryImageOfPage\":{\"@id\":\"https:\/\/www.asajacyl.com\/soria\/asaja-soria-informa\/el-mapa-inicia-las-consultas-de-seis-reales-decretos-para-la-pac-2023-2027#primaryimage\"},\"image\":{\"@id\":\"https:\/\/www.asajacyl.com\/soria\/asaja-soria-informa\/el-mapa-inicia-las-consultas-de-seis-reales-decretos-para-la-pac-2023-2027#primaryimage\"},\"thumbnailUrl\":\"https:\/\/www.asajacyl.com\/soria\/wp-content\/uploads\/sites\/9\/2021\/10\/1724.jpg\",\"datePublished\":\"2022-04-22T09:47:44+00:00\",\"dateModified\":\"2022-04-29T07:42:12+00:00\",\"author\":{\"@id\":\"https:\/\/www.asajacyl.com\/soria\/#\/schema\/person\/fd3081c40255119ce8133b87e6aedfab\"},\"description\":\"El Ministerio de Agricultura, Pesca y Alimentaci\u00f3n (MAPA) ha iniciado el procedimiento de consulta p\u00fablica previo a la tramitaci\u00f3n de seis reales decretos\",\"breadcrumb\":{\"@id\":\"https:\/\/www.asajacyl.com\/soria\/asaja-soria-informa\/el-mapa-inicia-las-consultas-de-seis-reales-decretos-para-la-pac-2023-2027#breadcrumb\"},\"inLanguage\":\"es\",\"potentialAction\":[{\"@type\":\"ReadAction\",\"target\":[\"https:\/\/www.asajacyl.com\/soria\/asaja-soria-informa\/el-mapa-inicia-las-consultas-de-seis-reales-decretos-para-la-pac-2023-2027\"]}]},{\"@type\":\"ImageObject\",\"inLanguage\":\"es\",\"@id\":\"https:\/\/www.asajacyl.com\/soria\/asaja-soria-informa\/el-mapa-inicia-las-consultas-de-seis-reales-decretos-para-la-pac-2023-2027#primaryimage\",\"url\":\"https:\/\/www.asajacyl.com\/soria\/wp-content\/uploads\/sites\/9\/2021\/10\/1724.jpg\",\"contentUrl\":\"https:\/\/www.asajacyl.com\/soria\/wp-content\/uploads\/sites\/9\/2021\/10\/1724.jpg\",\"width\":2500,\"height\":1406},{\"@type\":\"BreadcrumbList\",\"@id\":\"https:\/\/www.asajacyl.com\/soria\/asaja-soria-informa\/el-mapa-inicia-las-consultas-de-seis-reales-decretos-para-la-pac-2023-2027#breadcrumb\",\"itemListElement\":[{\"@type\":\"ListItem\",\"position\":1,\"name\":\"Portada\",\"item\":\"https:\/\/www.asajacyl.com\/soria\/\"},{\"@type\":\"ListItem\",\"position\":2,\"name\":\"El Ministerio de Agricultura inicia las consultas de seis reales decretos para la PAC 2023-2027\"}]},{\"@type\":\"WebSite\",\"@id\":\"https:\/\/www.asajacyl.com\/soria\/#website\",\"url\":\"https:\/\/www.asajacyl.com\/soria\/\",\"name\":\"ASAJA Soria\",\"description\":\"Otro sitio m\u00e1s de Provincias ASAJA Castilla y Le\u00f3n\",\"potentialAction\":[{\"@type\":\"SearchAction\",\"target\":{\"@type\":\"EntryPoint\",\"urlTemplate\":\"https:\/\/www.asajacyl.com\/soria\/?s={search_term_string}\"},\"query-input\":{\"@type\":\"PropertyValueSpecification\",\"valueRequired\":true,\"valueName\":\"search_term_string\"}}],\"inLanguage\":\"es\"},{\"@type\":\"Person\",\"@id\":\"https:\/\/www.asajacyl.com\/soria\/#\/schema\/person\/fd3081c40255119ce8133b87e6aedfab\",\"name\":\"Juan Ignacio Prieto Nieto\",\"image\":{\"@type\":\"ImageObject\",\"inLanguage\":\"es\",\"@id\":\"https:\/\/www.asajacyl.com\/soria\/#\/schema\/person\/image\/\",\"url\":\"https:\/\/secure.gravatar.com\/avatar\/8266b36e4d9001acb4700699a2468dc8?s=96&d=mm&r=g\",\"contentUrl\":\"https:\/\/secure.gravatar.com\/avatar\/8266b36e4d9001acb4700699a2468dc8?s=96&d=mm&r=g\",\"caption\":\"Juan Ignacio Prieto Nieto\"},\"url\":\"https:\/\/www.asajacyl.com\/soria\/author\/juanfranciscoby\"}]}<\/script>\n<!-- \/ Yoast SEO plugin. -->","yoast_head_json":{"title":"El Ministerio de Agricultura inicia las consultas de seis reales decretos para la PAC 2023-2027 - ASAJA Soria","description":"El Ministerio de Agricultura, Pesca y Alimentaci\u00f3n (MAPA) ha iniciado el procedimiento de consulta p\u00fablica previo a la tramitaci\u00f3n de seis reales decretos","robots":{"index":"index","follow":"follow","max-snippet":"max-snippet:-1","max-image-preview":"max-image-preview:large","max-video-preview":"max-video-preview:-1"},"canonical":"https:\/\/www.asajacyl.com\/soria\/asaja-soria-informa\/el-mapa-inicia-las-consultas-de-seis-reales-decretos-para-la-pac-2023-2027","og_locale":"es_ES","og_type":"article","og_title":"El Ministerio de Agricultura inicia las consultas de seis reales decretos para la PAC 2023-2027 - ASAJA Soria","og_description":"El Ministerio de Agricultura, Pesca y Alimentaci\u00f3n (MAPA) ha iniciado el procedimiento de consulta p\u00fablica previo a la tramitaci\u00f3n de seis reales decretos","og_url":"https:\/\/www.asajacyl.com\/soria\/asaja-soria-informa\/el-mapa-inicia-las-consultas-de-seis-reales-decretos-para-la-pac-2023-2027","og_site_name":"ASAJA Soria","article_published_time":"2022-04-22T09:47:44+00:00","article_modified_time":"2022-04-29T07:42:12+00:00","og_image":[{"width":2500,"height":1406,"url":"https:\/\/www.asajacyl.com\/soria\/wp-content\/uploads\/sites\/9\/2021\/10\/1724.jpg","type":"image\/jpeg"}],"author":"Juan Ignacio Prieto Nieto","twitter_card":"summary_large_image","twitter_misc":{"Escrito por":"Juan Ignacio Prieto Nieto","Tiempo de lectura":"2 minutos"},"schema":{"@context":"https:\/\/schema.org","@graph":[{"@type":"WebPage","@id":"https:\/\/www.asajacyl.com\/soria\/asaja-soria-informa\/el-mapa-inicia-las-consultas-de-seis-reales-decretos-para-la-pac-2023-2027","url":"https:\/\/www.asajacyl.com\/soria\/asaja-soria-informa\/el-mapa-inicia-las-consultas-de-seis-reales-decretos-para-la-pac-2023-2027","name":"El Ministerio de Agricultura inicia las consultas de seis reales decretos para la PAC 2023-2027 - ASAJA Soria","isPartOf":{"@id":"https:\/\/www.asajacyl.com\/soria\/#website"},"primaryImageOfPage":{"@id":"https:\/\/www.asajacyl.com\/soria\/asaja-soria-informa\/el-mapa-inicia-las-consultas-de-seis-reales-decretos-para-la-pac-2023-2027#primaryimage"},"image":{"@id":"https:\/\/www.asajacyl.com\/soria\/asaja-soria-informa\/el-mapa-inicia-las-consultas-de-seis-reales-decretos-para-la-pac-2023-2027#primaryimage"},"thumbnailUrl":"https:\/\/www.asajacyl.com\/soria\/wp-content\/uploads\/sites\/9\/2021\/10\/1724.jpg","datePublished":"2022-04-22T09:47:44+00:00","dateModified":"2022-04-29T07:42:12+00:00","author":{"@id":"https:\/\/www.asajacyl.com\/soria\/#\/schema\/person\/fd3081c40255119ce8133b87e6aedfab"},"description":"El Ministerio de Agricultura, Pesca y Alimentaci\u00f3n (MAPA) ha iniciado el procedimiento de consulta p\u00fablica previo a la tramitaci\u00f3n de seis reales decretos","breadcrumb":{"@id":"https:\/\/www.asajacyl.com\/soria\/asaja-soria-informa\/el-mapa-inicia-las-consultas-de-seis-reales-decretos-para-la-pac-2023-2027#breadcrumb"},"inLanguage":"es","potentialAction":[{"@type":"ReadAction","target":["https:\/\/www.asajacyl.com\/soria\/asaja-soria-informa\/el-mapa-inicia-las-consultas-de-seis-reales-decretos-para-la-pac-2023-2027"]}]},{"@type":"ImageObject","inLanguage":"es","@id":"https:\/\/www.asajacyl.com\/soria\/asaja-soria-informa\/el-mapa-inicia-las-consultas-de-seis-reales-decretos-para-la-pac-2023-2027#primaryimage","url":"https:\/\/www.asajacyl.com\/soria\/wp-content\/uploads\/sites\/9\/2021\/10\/1724.jpg","contentUrl":"https:\/\/www.asajacyl.com\/soria\/wp-content\/uploads\/sites\/9\/2021\/10\/1724.jpg","width":2500,"height":1406},{"@type":"BreadcrumbList","@id":"https:\/\/www.asajacyl.com\/soria\/asaja-soria-informa\/el-mapa-inicia-las-consultas-de-seis-reales-decretos-para-la-pac-2023-2027#breadcrumb","itemListElement":[{"@type":"ListItem","position":1,"name":"Portada","item":"https:\/\/www.asajacyl.com\/soria\/"},{"@type":"ListItem","position":2,"name":"El Ministerio de Agricultura inicia las consultas de seis reales decretos para la PAC 2023-2027"}]},{"@type":"WebSite","@id":"https:\/\/www.asajacyl.com\/soria\/#website","url":"https:\/\/www.asajacyl.com\/soria\/","name":"ASAJA Soria","description":"Otro sitio m\u00e1s de Provincias ASAJA Castilla y Le\u00f3n","potentialAction":[{"@type":"SearchAction","target":{"@type":"EntryPoint","urlTemplate":"https:\/\/www.asajacyl.com\/soria\/?s={search_term_string}"},"query-input":{"@type":"PropertyValueSpecification","valueRequired":true,"valueName":"search_term_string"}}],"inLanguage":"es"},{"@type":"Person","@id":"https:\/\/www.asajacyl.com\/soria\/#\/schema\/person\/fd3081c40255119ce8133b87e6aedfab","name":"Juan Ignacio Prieto Nieto","image":{"@type":"ImageObject","inLanguage":"es","@id":"https:\/\/www.asajacyl.com\/soria\/#\/schema\/person\/image\/","url":"https:\/\/secure.gravatar.com\/avatar\/8266b36e4d9001acb4700699a2468dc8?s=96&d=mm&r=g","contentUrl":"https:\/\/secure.gravatar.com\/avatar\/8266b36e4d9001acb4700699a2468dc8?s=96&d=mm&r=g","caption":"Juan Ignacio Prieto Nieto"},"url":"https:\/\/www.asajacyl.com\/soria\/author\/juanfranciscoby"}]}},"_links":{"self":[{"href":"https:\/\/www.asajacyl.com\/soria\/wp-json\/wp\/v2\/posts\/5514"}],"collection":[{"href":"https:\/\/www.asajacyl.com\/soria\/wp-json\/wp\/v2\/posts"}],"about":[{"href":"https:\/\/www.asajacyl.com\/soria\/wp-json\/wp\/v2\/types\/post"}],"author":[{"embeddable":true,"href":"https:\/\/www.asajacyl.com\/soria\/wp-json\/wp\/v2\/users\/12"}],"replies":[{"embeddable":true,"href":"https:\/\/www.asajacyl.com\/soria\/wp-json\/wp\/v2\/comments?post=5514"}],"version-history":[{"count":2,"href":"https:\/\/www.asajacyl.com\/soria\/wp-json\/wp\/v2\/posts\/5514\/revisions"}],"predecessor-version":[{"id":5519,"href":"https:\/\/www.asajacyl.com\/soria\/wp-json\/wp\/v2\/posts\/5514\/revisions\/5519"}],"wp:featuredmedia":[{"embeddable":true,"href":"https:\/\/www.asajacyl.com\/soria\/wp-json\/wp\/v2\/media\/4935"}],"wp:attachment":[{"href":"https:\/\/www.asajacyl.com\/soria\/wp-json\/wp\/v2\/media?parent=5514"}],"wp:term":[{"taxonomy":"category","embeddable":true,"href":"https:\/\/www.asajacyl.com\/soria\/wp-json\/wp\/v2\/categories?post=5514"},{"taxonomy":"post_tag","embeddable":true,"href":"https:\/\/www.asajacyl.com\/soria\/wp-json\/wp\/v2\/tags?post=5514"}],"curies":[{"name":"wp","href":"https:\/\/api.w.org\/{rel}","templated":true}]}}