{"id":5516,"date":"2022-04-22T11:54:49","date_gmt":"2022-04-22T09:54:49","guid":{"rendered":"https:\/\/www.asajacyl.com\/soria\/?p=5516"},"modified":"2022-04-22T11:54:50","modified_gmt":"2022-04-22T09:54:50","slug":"agradecimiento-de-asaja-al-trabajo-y-dedicacion-de-jesus-julio-carnero","status":"publish","type":"post","link":"https:\/\/www.asajacyl.com\/soria\/asaja-soria-informa\/agradecimiento-de-asaja-al-trabajo-y-dedicacion-de-jesus-julio-carnero","title":{"rendered":"Agradecimiento de ASAJA al trabajo y dedicaci\u00f3n de Jes\u00fas Julio Carnero"},"content":{"rendered":"\n<p>Con ocasi\u00f3n de la celebraci\u00f3n de su Junta Directiva el 21 de abril, ASAJA de Castilla y Le\u00f3n quiere expresar su agradecimiento al ya ex consejero de Agricultura, Ganader\u00eda y Desarrollo Rural, Jes\u00fas Julio Carnero, cartera que ocupaba desde que fue nombrado en julio de 2019. Un mandato corto, de apenas tres a\u00f1os, pero seguramente el m\u00e1s intenso desde que existe esta consejer\u00eda, atravesado por la irrupci\u00f3n de la pandemia a principios de 2020, la crisis econ\u00f3mica posterior y la aguda desestabilizaci\u00f3n que ha provocado en el sector y en Europa en general la guerra en Ucrania.<\/p>\n<p>\u201cHa sido un periodo extraordinariamente complicado para toda la sociedad y en concreto para el sector agrario y ganadero, que ha obligado a desplegar una gran capacidad de trabajo y de reacci\u00f3n ante problemas que eran in\u00e9ditos y que han requerido de respuestas inmediatas\u201d, apunta el presidente de ASAJA, Donaciano Dujo, que a\u00f1ade que \u201cen todo momento, Jes\u00fas Julio Carnero ha sabido estar disponible y atento a nuestras demandas, para tratar de encontrar soluciones que en ning\u00fan caso han sido f\u00e1ciles\u201d.<\/p>\n<p>ASAJA valora tambi\u00e9n que una de las primeras visitas que hizo Carnero a los pocos d\u00edas de recibir el alta en el hospital tras superar el Covid \u201cfuera precisamente a la Junta Directiva de nuestra organizaci\u00f3n, demostrando su compromiso absoluto con sus responsabilidades, y tambi\u00e9n que la enfermedad no hab\u00eda hecho mella alguna en sus ilusiones respecto a la capacidad de la pol\u00edtica para mejorar las cosas, pese a las dificultades\u201d. Por todo ello, ASAJA le desea toda clase de \u00e9xitos en las nuevas competencias que ahora asume como consejero de Presidencia del nuevo Gobierno de la Junta de Castilla y Le\u00f3n.<\/p>\n<p>Paralelamente, ASAJA de Castilla quiere dar la bienvenida a Gerardo Due\u00f1as Merino, el nuevo consejero de Agricultura, Ganader\u00eda y Desarrollo Rural. ASAJA se pone a disposici\u00f3n del nuevo titular de Agricultura para trabajar desde ya en este periodo en los numerosos problemas del sector, que no pueden quedarse apartados ni sepultados por el complejo periodo pol\u00edtico al que nos enfrentamos. ASAJA desea suerte al nuevo consejero en esta etapa, y conf\u00eda en que cuente con el apoyo de un buen equipo, personas trabajadoras, competentes y, sobre todo, con buena disposici\u00f3n y capacidad para entenderse con las organizaciones del sector y, en especial, con las organizaciones agrarias.<\/p>\n","protected":false},"excerpt":{"rendered":"<p>Con ocasi\u00f3n de la celebraci\u00f3n de su Junta Directiva el 21 de abril, ASAJA de Castilla y Le\u00f3n quiere expresar su agradecimiento al ya ex consejero de Agricultura, Ganader\u00eda y Desarrollo Rural, Jes\u00fas Julio Carnero, cartera que ocupaba desde que fue nombrado en julio de 2019. Un mandato corto, de apenas tres a\u00f1os, pero seguramente [&hellip;]<\/p>\n","protected":false},"author":12,"featured_media":5517,"comment_status":"open","ping_status":"open","sticky":false,"template":"","format":"standard","meta":{"footnotes":""},"categories":[10,25],"tags":[],"yoast_head":"<!-- This site is optimized with the Yoast SEO plugin v24.5 - https:\/\/yoast.com\/wordpress\/plugins\/seo\/ -->\n<title>Agradecimiento de ASAJA al trabajo y dedicaci\u00f3n de Jes\u00fas Julio Carnero - ASAJA Soria<\/title>\n<meta name=\"description\" content=\"Con ocasi\u00f3n de la celebraci\u00f3n de su Junta Directiva el 21 de abril, ASAJA de Castilla y Le\u00f3n quiere expresar su agradecimiento al ya ex consejero de\" \/>\n<meta name=\"robots\" content=\"index, follow, max-snippet:-1, max-image-preview:large, max-video-preview:-1\" \/>\n<link rel=\"canonical\" href=\"https:\/\/www.asajacyl.com\/soria\/asaja-soria-informa\/agradecimiento-de-asaja-al-trabajo-y-dedicacion-de-jesus-julio-carnero\" \/>\n<meta property=\"og:locale\" content=\"es_ES\" \/>\n<meta property=\"og:type\" content=\"article\" \/>\n<meta property=\"og:title\" content=\"Agradecimiento de ASAJA al trabajo y dedicaci\u00f3n de Jes\u00fas Julio Carnero - ASAJA Soria\" \/>\n<meta property=\"og:description\" content=\"Con ocasi\u00f3n de la celebraci\u00f3n de su Junta Directiva el 21 de abril, ASAJA de Castilla y Le\u00f3n quiere expresar su agradecimiento al ya ex consejero de\" \/>\n<meta property=\"og:url\" content=\"https:\/\/www.asajacyl.com\/soria\/asaja-soria-informa\/agradecimiento-de-asaja-al-trabajo-y-dedicacion-de-jesus-julio-carnero\" \/>\n<meta property=\"og:site_name\" content=\"ASAJA Soria\" \/>\n<meta property=\"article:published_time\" content=\"2022-04-22T09:54:49+00:00\" \/>\n<meta property=\"article:modified_time\" content=\"2022-04-22T09:54:50+00:00\" \/>\n<meta property=\"og:image\" content=\"https:\/\/www.asajacyl.com\/soria\/wp-content\/uploads\/sites\/9\/2022\/04\/valladolid-4-624x420-1.jpg\" \/>\n\t<meta property=\"og:image:width\" content=\"620\" \/>\n\t<meta property=\"og:image:height\" content=\"282\" \/>\n\t<meta property=\"og:image:type\" content=\"image\/jpeg\" \/>\n<meta name=\"author\" content=\"Juan Ignacio Prieto Nieto\" \/>\n<meta name=\"twitter:card\" content=\"summary_large_image\" \/>\n<meta name=\"twitter:label1\" content=\"Escrito por\" \/>\n\t<meta name=\"twitter:data1\" content=\"Juan Ignacio Prieto Nieto\" \/>\n\t<meta name=\"twitter:label2\" content=\"Tiempo de lectura\" \/>\n\t<meta name=\"twitter:data2\" content=\"2 minutos\" \/>\n<script type=\"application\/ld+json\" class=\"yoast-schema-graph\">{\"@context\":\"https:\/\/schema.org\",\"@graph\":[{\"@type\":\"WebPage\",\"@id\":\"https:\/\/www.asajacyl.com\/soria\/asaja-soria-informa\/agradecimiento-de-asaja-al-trabajo-y-dedicacion-de-jesus-julio-carnero\",\"url\":\"https:\/\/www.asajacyl.com\/soria\/asaja-soria-informa\/agradecimiento-de-asaja-al-trabajo-y-dedicacion-de-jesus-julio-carnero\",\"name\":\"Agradecimiento de ASAJA al trabajo y dedicaci\u00f3n de Jes\u00fas Julio Carnero - ASAJA Soria\",\"isPartOf\":{\"@id\":\"https:\/\/www.asajacyl.com\/soria\/#website\"},\"primaryImageOfPage\":{\"@id\":\"https:\/\/www.asajacyl.com\/soria\/asaja-soria-informa\/agradecimiento-de-asaja-al-trabajo-y-dedicacion-de-jesus-julio-carnero#primaryimage\"},\"image\":{\"@id\":\"https:\/\/www.asajacyl.com\/soria\/asaja-soria-informa\/agradecimiento-de-asaja-al-trabajo-y-dedicacion-de-jesus-julio-carnero#primaryimage\"},\"thumbnailUrl\":\"https:\/\/www.asajacyl.com\/soria\/wp-content\/uploads\/sites\/9\/2022\/04\/valladolid-4-624x420-1.jpg\",\"datePublished\":\"2022-04-22T09:54:49+00:00\",\"dateModified\":\"2022-04-22T09:54:50+00:00\",\"author\":{\"@id\":\"https:\/\/www.asajacyl.com\/soria\/#\/schema\/person\/fd3081c40255119ce8133b87e6aedfab\"},\"description\":\"Con ocasi\u00f3n de la celebraci\u00f3n de su Junta Directiva el 21 de abril, ASAJA de Castilla y Le\u00f3n quiere expresar su agradecimiento al ya ex consejero de\",\"breadcrumb\":{\"@id\":\"https:\/\/www.asajacyl.com\/soria\/asaja-soria-informa\/agradecimiento-de-asaja-al-trabajo-y-dedicacion-de-jesus-julio-carnero#breadcrumb\"},\"inLanguage\":\"es\",\"potentialAction\":[{\"@type\":\"ReadAction\",\"target\":[\"https:\/\/www.asajacyl.com\/soria\/asaja-soria-informa\/agradecimiento-de-asaja-al-trabajo-y-dedicacion-de-jesus-julio-carnero\"]}]},{\"@type\":\"ImageObject\",\"inLanguage\":\"es\",\"@id\":\"https:\/\/www.asajacyl.com\/soria\/asaja-soria-informa\/agradecimiento-de-asaja-al-trabajo-y-dedicacion-de-jesus-julio-carnero#primaryimage\",\"url\":\"https:\/\/www.asajacyl.com\/soria\/wp-content\/uploads\/sites\/9\/2022\/04\/valladolid-4-624x420-1.jpg\",\"contentUrl\":\"https:\/\/www.asajacyl.com\/soria\/wp-content\/uploads\/sites\/9\/2022\/04\/valladolid-4-624x420-1.jpg\",\"width\":620,\"height\":282},{\"@type\":\"BreadcrumbList\",\"@id\":\"https:\/\/www.asajacyl.com\/soria\/asaja-soria-informa\/agradecimiento-de-asaja-al-trabajo-y-dedicacion-de-jesus-julio-carnero#breadcrumb\",\"itemListElement\":[{\"@type\":\"ListItem\",\"position\":1,\"name\":\"Portada\",\"item\":\"https:\/\/www.asajacyl.com\/soria\/\"},{\"@type\":\"ListItem\",\"position\":2,\"name\":\"Agradecimiento de ASAJA al trabajo y dedicaci\u00f3n de Jes\u00fas Julio Carnero\"}]},{\"@type\":\"WebSite\",\"@id\":\"https:\/\/www.asajacyl.com\/soria\/#website\",\"url\":\"https:\/\/www.asajacyl.com\/soria\/\",\"name\":\"ASAJA Soria\",\"description\":\"Otro sitio m\u00e1s de Provincias ASAJA Castilla y Le\u00f3n\",\"potentialAction\":[{\"@type\":\"SearchAction\",\"target\":{\"@type\":\"EntryPoint\",\"urlTemplate\":\"https:\/\/www.asajacyl.com\/soria\/?s={search_term_string}\"},\"query-input\":{\"@type\":\"PropertyValueSpecification\",\"valueRequired\":true,\"valueName\":\"search_term_string\"}}],\"inLanguage\":\"es\"},{\"@type\":\"Person\",\"@id\":\"https:\/\/www.asajacyl.com\/soria\/#\/schema\/person\/fd3081c40255119ce8133b87e6aedfab\",\"name\":\"Juan Ignacio Prieto Nieto\",\"image\":{\"@type\":\"ImageObject\",\"inLanguage\":\"es\",\"@id\":\"https:\/\/www.asajacyl.com\/soria\/#\/schema\/person\/image\/\",\"url\":\"https:\/\/secure.gravatar.com\/avatar\/8266b36e4d9001acb4700699a2468dc8?s=96&d=mm&r=g\",\"contentUrl\":\"https:\/\/secure.gravatar.com\/avatar\/8266b36e4d9001acb4700699a2468dc8?s=96&d=mm&r=g\",\"caption\":\"Juan Ignacio Prieto Nieto\"},\"url\":\"https:\/\/www.asajacyl.com\/soria\/author\/juanfranciscoby\"}]}<\/script>\n<!-- \/ Yoast SEO plugin. -->","yoast_head_json":{"title":"Agradecimiento de ASAJA al trabajo y dedicaci\u00f3n de Jes\u00fas Julio Carnero - ASAJA Soria","description":"Con ocasi\u00f3n de la celebraci\u00f3n de su Junta Directiva el 21 de abril, ASAJA de Castilla y Le\u00f3n quiere expresar su agradecimiento al ya ex consejero de","robots":{"index":"index","follow":"follow","max-snippet":"max-snippet:-1","max-image-preview":"max-image-preview:large","max-video-preview":"max-video-preview:-1"},"canonical":"https:\/\/www.asajacyl.com\/soria\/asaja-soria-informa\/agradecimiento-de-asaja-al-trabajo-y-dedicacion-de-jesus-julio-carnero","og_locale":"es_ES","og_type":"article","og_title":"Agradecimiento de ASAJA al trabajo y dedicaci\u00f3n de Jes\u00fas Julio Carnero - ASAJA Soria","og_description":"Con ocasi\u00f3n de la celebraci\u00f3n de su Junta Directiva el 21 de abril, ASAJA de Castilla y Le\u00f3n quiere expresar su agradecimiento al ya ex consejero de","og_url":"https:\/\/www.asajacyl.com\/soria\/asaja-soria-informa\/agradecimiento-de-asaja-al-trabajo-y-dedicacion-de-jesus-julio-carnero","og_site_name":"ASAJA Soria","article_published_time":"2022-04-22T09:54:49+00:00","article_modified_time":"2022-04-22T09:54:50+00:00","og_image":[{"width":620,"height":282,"url":"https:\/\/www.asajacyl.com\/soria\/wp-content\/uploads\/sites\/9\/2022\/04\/valladolid-4-624x420-1.jpg","type":"image\/jpeg"}],"author":"Juan Ignacio Prieto Nieto","twitter_card":"summary_large_image","twitter_misc":{"Escrito por":"Juan Ignacio Prieto Nieto","Tiempo de lectura":"2 minutos"},"schema":{"@context":"https:\/\/schema.org","@graph":[{"@type":"WebPage","@id":"https:\/\/www.asajacyl.com\/soria\/asaja-soria-informa\/agradecimiento-de-asaja-al-trabajo-y-dedicacion-de-jesus-julio-carnero","url":"https:\/\/www.asajacyl.com\/soria\/asaja-soria-informa\/agradecimiento-de-asaja-al-trabajo-y-dedicacion-de-jesus-julio-carnero","name":"Agradecimiento de ASAJA al trabajo y dedicaci\u00f3n de Jes\u00fas Julio Carnero - ASAJA Soria","isPartOf":{"@id":"https:\/\/www.asajacyl.com\/soria\/#website"},"primaryImageOfPage":{"@id":"https:\/\/www.asajacyl.com\/soria\/asaja-soria-informa\/agradecimiento-de-asaja-al-trabajo-y-dedicacion-de-jesus-julio-carnero#primaryimage"},"image":{"@id":"https:\/\/www.asajacyl.com\/soria\/asaja-soria-informa\/agradecimiento-de-asaja-al-trabajo-y-dedicacion-de-jesus-julio-carnero#primaryimage"},"thumbnailUrl":"https:\/\/www.asajacyl.com\/soria\/wp-content\/uploads\/sites\/9\/2022\/04\/valladolid-4-624x420-1.jpg","datePublished":"2022-04-22T09:54:49+00:00","dateModified":"2022-04-22T09:54:50+00:00","author":{"@id":"https:\/\/www.asajacyl.com\/soria\/#\/schema\/person\/fd3081c40255119ce8133b87e6aedfab"},"description":"Con ocasi\u00f3n de la celebraci\u00f3n de su Junta Directiva el 21 de abril, ASAJA de Castilla y Le\u00f3n quiere expresar su agradecimiento al ya ex consejero de","breadcrumb":{"@id":"https:\/\/www.asajacyl.com\/soria\/asaja-soria-informa\/agradecimiento-de-asaja-al-trabajo-y-dedicacion-de-jesus-julio-carnero#breadcrumb"},"inLanguage":"es","potentialAction":[{"@type":"ReadAction","target":["https:\/\/www.asajacyl.com\/soria\/asaja-soria-informa\/agradecimiento-de-asaja-al-trabajo-y-dedicacion-de-jesus-julio-carnero"]}]},{"@type":"ImageObject","inLanguage":"es","@id":"https:\/\/www.asajacyl.com\/soria\/asaja-soria-informa\/agradecimiento-de-asaja-al-trabajo-y-dedicacion-de-jesus-julio-carnero#primaryimage","url":"https:\/\/www.asajacyl.com\/soria\/wp-content\/uploads\/sites\/9\/2022\/04\/valladolid-4-624x420-1.jpg","contentUrl":"https:\/\/www.asajacyl.com\/soria\/wp-content\/uploads\/sites\/9\/2022\/04\/valladolid-4-624x420-1.jpg","width":620,"height":282},{"@type":"BreadcrumbList","@id":"https:\/\/www.asajacyl.com\/soria\/asaja-soria-informa\/agradecimiento-de-asaja-al-trabajo-y-dedicacion-de-jesus-julio-carnero#breadcrumb","itemListElement":[{"@type":"ListItem","position":1,"name":"Portada","item":"https:\/\/www.asajacyl.com\/soria\/"},{"@type":"ListItem","position":2,"name":"Agradecimiento de ASAJA al trabajo y dedicaci\u00f3n de Jes\u00fas Julio Carnero"}]},{"@type":"WebSite","@id":"https:\/\/www.asajacyl.com\/soria\/#website","url":"https:\/\/www.asajacyl.com\/soria\/","name":"ASAJA Soria","description":"Otro sitio m\u00e1s de Provincias ASAJA Castilla y Le\u00f3n","potentialAction":[{"@type":"SearchAction","target":{"@type":"EntryPoint","urlTemplate":"https:\/\/www.asajacyl.com\/soria\/?s={search_term_string}"},"query-input":{"@type":"PropertyValueSpecification","valueRequired":true,"valueName":"search_term_string"}}],"inLanguage":"es"},{"@type":"Person","@id":"https:\/\/www.asajacyl.com\/soria\/#\/schema\/person\/fd3081c40255119ce8133b87e6aedfab","name":"Juan Ignacio Prieto Nieto","image":{"@type":"ImageObject","inLanguage":"es","@id":"https:\/\/www.asajacyl.com\/soria\/#\/schema\/person\/image\/","url":"https:\/\/secure.gravatar.com\/avatar\/8266b36e4d9001acb4700699a2468dc8?s=96&d=mm&r=g","contentUrl":"https:\/\/secure.gravatar.com\/avatar\/8266b36e4d9001acb4700699a2468dc8?s=96&d=mm&r=g","caption":"Juan Ignacio Prieto Nieto"},"url":"https:\/\/www.asajacyl.com\/soria\/author\/juanfranciscoby"}]}},"_links":{"self":[{"href":"https:\/\/www.asajacyl.com\/soria\/wp-json\/wp\/v2\/posts\/5516"}],"collection":[{"href":"https:\/\/www.asajacyl.com\/soria\/wp-json\/wp\/v2\/posts"}],"about":[{"href":"https:\/\/www.asajacyl.com\/soria\/wp-json\/wp\/v2\/types\/post"}],"author":[{"embeddable":true,"href":"https:\/\/www.asajacyl.com\/soria\/wp-json\/wp\/v2\/users\/12"}],"replies":[{"embeddable":true,"href":"https:\/\/www.asajacyl.com\/soria\/wp-json\/wp\/v2\/comments?post=5516"}],"version-history":[{"count":1,"href":"https:\/\/www.asajacyl.com\/soria\/wp-json\/wp\/v2\/posts\/5516\/revisions"}],"predecessor-version":[{"id":5518,"href":"https:\/\/www.asajacyl.com\/soria\/wp-json\/wp\/v2\/posts\/5516\/revisions\/5518"}],"wp:featuredmedia":[{"embeddable":true,"href":"https:\/\/www.asajacyl.com\/soria\/wp-json\/wp\/v2\/media\/5517"}],"wp:attachment":[{"href":"https:\/\/www.asajacyl.com\/soria\/wp-json\/wp\/v2\/media?parent=5516"}],"wp:term":[{"taxonomy":"category","embeddable":true,"href":"https:\/\/www.asajacyl.com\/soria\/wp-json\/wp\/v2\/categories?post=5516"},{"taxonomy":"post_tag","embeddable":true,"href":"https:\/\/www.asajacyl.com\/soria\/wp-json\/wp\/v2\/tags?post=5516"}],"curies":[{"name":"wp","href":"https:\/\/api.w.org\/{rel}","templated":true}]}}