{"id":5548,"date":"2022-04-28T12:23:13","date_gmt":"2022-04-28T10:23:13","guid":{"rendered":"https:\/\/www.asajacyl.com\/soria\/?p=5548"},"modified":"2022-04-28T12:29:13","modified_gmt":"2022-04-28T10:29:13","slug":"ampliado-el-plazo-de-presentacion-de-la-pac-hasta-el-15-de-mayo","status":"publish","type":"post","link":"https:\/\/www.asajacyl.com\/soria\/asaja-soria-informa\/ampliado-el-plazo-de-presentacion-de-la-pac-hasta-el-15-de-mayo","title":{"rendered":"Ampliado el plazo de presentaci\u00f3n de la PAC hasta el 15 de mayo"},"content":{"rendered":"\n<p>La Consejer\u00eda de Agricultura ha ampliado hasta el d\u00eda 15 de mayo el plazo de presentaci\u00f3n de la Solicitud \u00danica de las ayudas de la Pol\u00edtica Agraria Com\u00fan (PAC).<\/p>\n<p>Para ver la normativa puedes pinchar aqu\u00ed: <a href=\"https:\/\/www.asajacyl.com\/soria\/wp-content\/uploads\/sites\/9\/2022\/04\/Texto-BOCyL.pdf\">Texto BOCyL<\/a><\/p>\n<p>\u00a0<\/p>\n","protected":false},"excerpt":{"rendered":"<p>La Consejer\u00eda de Agricultura ha ampliado hasta el d\u00eda 15 de mayo el plazo de presentaci\u00f3n de la Solicitud \u00danica de las ayudas de la Pol\u00edtica Agraria Com\u00fan (PAC). Para ver la normativa puedes pinchar aqu\u00ed: Texto BOCyL \u00a0<\/p>\n","protected":false},"author":12,"featured_media":5550,"comment_status":"open","ping_status":"open","sticky":false,"template":"","format":"standard","meta":{"footnotes":""},"categories":[10,25],"tags":[],"yoast_head":"<!-- This site is optimized with the Yoast SEO plugin v24.5 - https:\/\/yoast.com\/wordpress\/plugins\/seo\/ -->\n<title>Ampliado el plazo de presentaci\u00f3n de la PAC hasta el 15 de mayo - ASAJA Soria<\/title>\n<meta name=\"description\" content=\"La Consejer\u00eda de Agricultura ha ampliado hasta el d\u00eda 15 de mayo el plazo de presentaci\u00f3n de la Solicitud \u00danica de las ayudas de la Pol\u00edtica Agraria Com\u00fan\" \/>\n<meta name=\"robots\" content=\"index, follow, max-snippet:-1, max-image-preview:large, max-video-preview:-1\" \/>\n<link rel=\"canonical\" href=\"https:\/\/www.asajacyl.com\/soria\/asaja-soria-informa\/ampliado-el-plazo-de-presentacion-de-la-pac-hasta-el-15-de-mayo\" \/>\n<meta property=\"og:locale\" content=\"es_ES\" \/>\n<meta property=\"og:type\" content=\"article\" \/>\n<meta property=\"og:title\" content=\"Ampliado el plazo de presentaci\u00f3n de la PAC hasta el 15 de mayo - ASAJA Soria\" \/>\n<meta property=\"og:description\" content=\"La Consejer\u00eda de Agricultura ha ampliado hasta el d\u00eda 15 de mayo el plazo de presentaci\u00f3n de la Solicitud \u00danica de las ayudas de la Pol\u00edtica Agraria Com\u00fan\" \/>\n<meta property=\"og:url\" content=\"https:\/\/www.asajacyl.com\/soria\/asaja-soria-informa\/ampliado-el-plazo-de-presentacion-de-la-pac-hasta-el-15-de-mayo\" \/>\n<meta property=\"og:site_name\" content=\"ASAJA Soria\" \/>\n<meta property=\"article:published_time\" content=\"2022-04-28T10:23:13+00:00\" \/>\n<meta property=\"article:modified_time\" content=\"2022-04-28T10:29:13+00:00\" \/>\n<meta property=\"og:image\" content=\"https:\/\/www.asajacyl.com\/soria\/wp-content\/uploads\/sites\/9\/2022\/04\/IMG_4011.jpg\" \/>\n\t<meta property=\"og:image:width\" content=\"2016\" \/>\n\t<meta property=\"og:image:height\" content=\"1512\" \/>\n\t<meta property=\"og:image:type\" content=\"image\/jpeg\" \/>\n<meta name=\"author\" content=\"Juan Ignacio Prieto Nieto\" \/>\n<meta name=\"twitter:card\" content=\"summary_large_image\" \/>\n<meta name=\"twitter:label1\" content=\"Escrito por\" \/>\n\t<meta name=\"twitter:data1\" content=\"Juan Ignacio Prieto Nieto\" \/>\n\t<meta name=\"twitter:label2\" content=\"Tiempo de lectura\" \/>\n\t<meta name=\"twitter:data2\" content=\"1 minuto\" \/>\n<script type=\"application\/ld+json\" class=\"yoast-schema-graph\">{\"@context\":\"https:\/\/schema.org\",\"@graph\":[{\"@type\":\"WebPage\",\"@id\":\"https:\/\/www.asajacyl.com\/soria\/asaja-soria-informa\/ampliado-el-plazo-de-presentacion-de-la-pac-hasta-el-15-de-mayo\",\"url\":\"https:\/\/www.asajacyl.com\/soria\/asaja-soria-informa\/ampliado-el-plazo-de-presentacion-de-la-pac-hasta-el-15-de-mayo\",\"name\":\"Ampliado el plazo de presentaci\u00f3n de la PAC hasta el 15 de mayo - ASAJA Soria\",\"isPartOf\":{\"@id\":\"https:\/\/www.asajacyl.com\/soria\/#website\"},\"primaryImageOfPage\":{\"@id\":\"https:\/\/www.asajacyl.com\/soria\/asaja-soria-informa\/ampliado-el-plazo-de-presentacion-de-la-pac-hasta-el-15-de-mayo#primaryimage\"},\"image\":{\"@id\":\"https:\/\/www.asajacyl.com\/soria\/asaja-soria-informa\/ampliado-el-plazo-de-presentacion-de-la-pac-hasta-el-15-de-mayo#primaryimage\"},\"thumbnailUrl\":\"https:\/\/www.asajacyl.com\/soria\/wp-content\/uploads\/sites\/9\/2022\/04\/IMG_4011.jpg\",\"datePublished\":\"2022-04-28T10:23:13+00:00\",\"dateModified\":\"2022-04-28T10:29:13+00:00\",\"author\":{\"@id\":\"https:\/\/www.asajacyl.com\/soria\/#\/schema\/person\/fd3081c40255119ce8133b87e6aedfab\"},\"description\":\"La Consejer\u00eda de Agricultura ha ampliado hasta el d\u00eda 15 de mayo el plazo de presentaci\u00f3n de la Solicitud \u00danica de las ayudas de la Pol\u00edtica Agraria Com\u00fan\",\"breadcrumb\":{\"@id\":\"https:\/\/www.asajacyl.com\/soria\/asaja-soria-informa\/ampliado-el-plazo-de-presentacion-de-la-pac-hasta-el-15-de-mayo#breadcrumb\"},\"inLanguage\":\"es\",\"potentialAction\":[{\"@type\":\"ReadAction\",\"target\":[\"https:\/\/www.asajacyl.com\/soria\/asaja-soria-informa\/ampliado-el-plazo-de-presentacion-de-la-pac-hasta-el-15-de-mayo\"]}]},{\"@type\":\"ImageObject\",\"inLanguage\":\"es\",\"@id\":\"https:\/\/www.asajacyl.com\/soria\/asaja-soria-informa\/ampliado-el-plazo-de-presentacion-de-la-pac-hasta-el-15-de-mayo#primaryimage\",\"url\":\"https:\/\/www.asajacyl.com\/soria\/wp-content\/uploads\/sites\/9\/2022\/04\/IMG_4011.jpg\",\"contentUrl\":\"https:\/\/www.asajacyl.com\/soria\/wp-content\/uploads\/sites\/9\/2022\/04\/IMG_4011.jpg\",\"width\":2016,\"height\":1512},{\"@type\":\"BreadcrumbList\",\"@id\":\"https:\/\/www.asajacyl.com\/soria\/asaja-soria-informa\/ampliado-el-plazo-de-presentacion-de-la-pac-hasta-el-15-de-mayo#breadcrumb\",\"itemListElement\":[{\"@type\":\"ListItem\",\"position\":1,\"name\":\"Portada\",\"item\":\"https:\/\/www.asajacyl.com\/soria\/\"},{\"@type\":\"ListItem\",\"position\":2,\"name\":\"Ampliado el plazo de presentaci\u00f3n de la PAC hasta el 15 de mayo\"}]},{\"@type\":\"WebSite\",\"@id\":\"https:\/\/www.asajacyl.com\/soria\/#website\",\"url\":\"https:\/\/www.asajacyl.com\/soria\/\",\"name\":\"ASAJA Soria\",\"description\":\"Otro sitio m\u00e1s de Provincias ASAJA Castilla y Le\u00f3n\",\"potentialAction\":[{\"@type\":\"SearchAction\",\"target\":{\"@type\":\"EntryPoint\",\"urlTemplate\":\"https:\/\/www.asajacyl.com\/soria\/?s={search_term_string}\"},\"query-input\":{\"@type\":\"PropertyValueSpecification\",\"valueRequired\":true,\"valueName\":\"search_term_string\"}}],\"inLanguage\":\"es\"},{\"@type\":\"Person\",\"@id\":\"https:\/\/www.asajacyl.com\/soria\/#\/schema\/person\/fd3081c40255119ce8133b87e6aedfab\",\"name\":\"Juan Ignacio Prieto Nieto\",\"image\":{\"@type\":\"ImageObject\",\"inLanguage\":\"es\",\"@id\":\"https:\/\/www.asajacyl.com\/soria\/#\/schema\/person\/image\/\",\"url\":\"https:\/\/secure.gravatar.com\/avatar\/8266b36e4d9001acb4700699a2468dc8?s=96&d=mm&r=g\",\"contentUrl\":\"https:\/\/secure.gravatar.com\/avatar\/8266b36e4d9001acb4700699a2468dc8?s=96&d=mm&r=g\",\"caption\":\"Juan Ignacio Prieto Nieto\"},\"url\":\"https:\/\/www.asajacyl.com\/soria\/author\/juanfranciscoby\"}]}<\/script>\n<!-- \/ Yoast SEO plugin. -->","yoast_head_json":{"title":"Ampliado el plazo de presentaci\u00f3n de la PAC hasta el 15 de mayo - ASAJA Soria","description":"La Consejer\u00eda de Agricultura ha ampliado hasta el d\u00eda 15 de mayo el plazo de presentaci\u00f3n de la Solicitud \u00danica de las ayudas de la Pol\u00edtica Agraria Com\u00fan","robots":{"index":"index","follow":"follow","max-snippet":"max-snippet:-1","max-image-preview":"max-image-preview:large","max-video-preview":"max-video-preview:-1"},"canonical":"https:\/\/www.asajacyl.com\/soria\/asaja-soria-informa\/ampliado-el-plazo-de-presentacion-de-la-pac-hasta-el-15-de-mayo","og_locale":"es_ES","og_type":"article","og_title":"Ampliado el plazo de presentaci\u00f3n de la PAC hasta el 15 de mayo - ASAJA Soria","og_description":"La Consejer\u00eda de Agricultura ha ampliado hasta el d\u00eda 15 de mayo el plazo de presentaci\u00f3n de la Solicitud \u00danica de las ayudas de la Pol\u00edtica Agraria Com\u00fan","og_url":"https:\/\/www.asajacyl.com\/soria\/asaja-soria-informa\/ampliado-el-plazo-de-presentacion-de-la-pac-hasta-el-15-de-mayo","og_site_name":"ASAJA Soria","article_published_time":"2022-04-28T10:23:13+00:00","article_modified_time":"2022-04-28T10:29:13+00:00","og_image":[{"width":2016,"height":1512,"url":"https:\/\/www.asajacyl.com\/soria\/wp-content\/uploads\/sites\/9\/2022\/04\/IMG_4011.jpg","type":"image\/jpeg"}],"author":"Juan Ignacio Prieto Nieto","twitter_card":"summary_large_image","twitter_misc":{"Escrito por":"Juan Ignacio Prieto Nieto","Tiempo de lectura":"1 minuto"},"schema":{"@context":"https:\/\/schema.org","@graph":[{"@type":"WebPage","@id":"https:\/\/www.asajacyl.com\/soria\/asaja-soria-informa\/ampliado-el-plazo-de-presentacion-de-la-pac-hasta-el-15-de-mayo","url":"https:\/\/www.asajacyl.com\/soria\/asaja-soria-informa\/ampliado-el-plazo-de-presentacion-de-la-pac-hasta-el-15-de-mayo","name":"Ampliado el plazo de presentaci\u00f3n de la PAC hasta el 15 de mayo - ASAJA Soria","isPartOf":{"@id":"https:\/\/www.asajacyl.com\/soria\/#website"},"primaryImageOfPage":{"@id":"https:\/\/www.asajacyl.com\/soria\/asaja-soria-informa\/ampliado-el-plazo-de-presentacion-de-la-pac-hasta-el-15-de-mayo#primaryimage"},"image":{"@id":"https:\/\/www.asajacyl.com\/soria\/asaja-soria-informa\/ampliado-el-plazo-de-presentacion-de-la-pac-hasta-el-15-de-mayo#primaryimage"},"thumbnailUrl":"https:\/\/www.asajacyl.com\/soria\/wp-content\/uploads\/sites\/9\/2022\/04\/IMG_4011.jpg","datePublished":"2022-04-28T10:23:13+00:00","dateModified":"2022-04-28T10:29:13+00:00","author":{"@id":"https:\/\/www.asajacyl.com\/soria\/#\/schema\/person\/fd3081c40255119ce8133b87e6aedfab"},"description":"La Consejer\u00eda de Agricultura ha ampliado hasta el d\u00eda 15 de mayo el plazo de presentaci\u00f3n de la Solicitud \u00danica de las ayudas de la Pol\u00edtica Agraria Com\u00fan","breadcrumb":{"@id":"https:\/\/www.asajacyl.com\/soria\/asaja-soria-informa\/ampliado-el-plazo-de-presentacion-de-la-pac-hasta-el-15-de-mayo#breadcrumb"},"inLanguage":"es","potentialAction":[{"@type":"ReadAction","target":["https:\/\/www.asajacyl.com\/soria\/asaja-soria-informa\/ampliado-el-plazo-de-presentacion-de-la-pac-hasta-el-15-de-mayo"]}]},{"@type":"ImageObject","inLanguage":"es","@id":"https:\/\/www.asajacyl.com\/soria\/asaja-soria-informa\/ampliado-el-plazo-de-presentacion-de-la-pac-hasta-el-15-de-mayo#primaryimage","url":"https:\/\/www.asajacyl.com\/soria\/wp-content\/uploads\/sites\/9\/2022\/04\/IMG_4011.jpg","contentUrl":"https:\/\/www.asajacyl.com\/soria\/wp-content\/uploads\/sites\/9\/2022\/04\/IMG_4011.jpg","width":2016,"height":1512},{"@type":"BreadcrumbList","@id":"https:\/\/www.asajacyl.com\/soria\/asaja-soria-informa\/ampliado-el-plazo-de-presentacion-de-la-pac-hasta-el-15-de-mayo#breadcrumb","itemListElement":[{"@type":"ListItem","position":1,"name":"Portada","item":"https:\/\/www.asajacyl.com\/soria\/"},{"@type":"ListItem","position":2,"name":"Ampliado el plazo de presentaci\u00f3n de la PAC hasta el 15 de mayo"}]},{"@type":"WebSite","@id":"https:\/\/www.asajacyl.com\/soria\/#website","url":"https:\/\/www.asajacyl.com\/soria\/","name":"ASAJA Soria","description":"Otro sitio m\u00e1s de Provincias ASAJA Castilla y Le\u00f3n","potentialAction":[{"@type":"SearchAction","target":{"@type":"EntryPoint","urlTemplate":"https:\/\/www.asajacyl.com\/soria\/?s={search_term_string}"},"query-input":{"@type":"PropertyValueSpecification","valueRequired":true,"valueName":"search_term_string"}}],"inLanguage":"es"},{"@type":"Person","@id":"https:\/\/www.asajacyl.com\/soria\/#\/schema\/person\/fd3081c40255119ce8133b87e6aedfab","name":"Juan Ignacio Prieto Nieto","image":{"@type":"ImageObject","inLanguage":"es","@id":"https:\/\/www.asajacyl.com\/soria\/#\/schema\/person\/image\/","url":"https:\/\/secure.gravatar.com\/avatar\/8266b36e4d9001acb4700699a2468dc8?s=96&d=mm&r=g","contentUrl":"https:\/\/secure.gravatar.com\/avatar\/8266b36e4d9001acb4700699a2468dc8?s=96&d=mm&r=g","caption":"Juan Ignacio Prieto Nieto"},"url":"https:\/\/www.asajacyl.com\/soria\/author\/juanfranciscoby"}]}},"_links":{"self":[{"href":"https:\/\/www.asajacyl.com\/soria\/wp-json\/wp\/v2\/posts\/5548"}],"collection":[{"href":"https:\/\/www.asajacyl.com\/soria\/wp-json\/wp\/v2\/posts"}],"about":[{"href":"https:\/\/www.asajacyl.com\/soria\/wp-json\/wp\/v2\/types\/post"}],"author":[{"embeddable":true,"href":"https:\/\/www.asajacyl.com\/soria\/wp-json\/wp\/v2\/users\/12"}],"replies":[{"embeddable":true,"href":"https:\/\/www.asajacyl.com\/soria\/wp-json\/wp\/v2\/comments?post=5548"}],"version-history":[{"count":3,"href":"https:\/\/www.asajacyl.com\/soria\/wp-json\/wp\/v2\/posts\/5548\/revisions"}],"predecessor-version":[{"id":5555,"href":"https:\/\/www.asajacyl.com\/soria\/wp-json\/wp\/v2\/posts\/5548\/revisions\/5555"}],"wp:featuredmedia":[{"embeddable":true,"href":"https:\/\/www.asajacyl.com\/soria\/wp-json\/wp\/v2\/media\/5550"}],"wp:attachment":[{"href":"https:\/\/www.asajacyl.com\/soria\/wp-json\/wp\/v2\/media?parent=5548"}],"wp:term":[{"taxonomy":"category","embeddable":true,"href":"https:\/\/www.asajacyl.com\/soria\/wp-json\/wp\/v2\/categories?post=5548"},{"taxonomy":"post_tag","embeddable":true,"href":"https:\/\/www.asajacyl.com\/soria\/wp-json\/wp\/v2\/tags?post=5548"}],"curies":[{"name":"wp","href":"https:\/\/api.w.org\/{rel}","templated":true}]}}