{"id":5556,"date":"2022-05-27T13:30:48","date_gmt":"2022-05-27T11:30:48","guid":{"rendered":"https:\/\/www.asajacyl.com\/soria\/?p=5556"},"modified":"2022-05-27T13:31:19","modified_gmt":"2022-05-27T11:31:19","slug":"la-comision-europea-podria-ampliar-hasta-el-70-el-anticipo-de-ayudas-directas-de-la-pac","status":"publish","type":"post","link":"https:\/\/www.asajacyl.com\/soria\/asaja-soria-informa\/la-comision-europea-podria-ampliar-hasta-el-70-el-anticipo-de-ayudas-directas-de-la-pac","title":{"rendered":"La Comisi\u00f3n Europea podr\u00eda ampliar hasta el 70% el anticipo de ayudas directas de la PAC"},"content":{"rendered":"\n<p>La Comisi\u00f3n Europea ha presentado en Bruselas el borrador del reglamento para poder incrementar hasta el 70 % las ayudas directas de la Pol\u00edtica Agr\u00edcola Com\u00fan (PAC) de 2022 y hasta el 85 % en las medidas de desarrollo rural, seg\u00fan ha informado el Ministerio de Agricultura, Pesca y Alimentaci\u00f3n (MAPA) y como recoge Efeagro.<\/p>\n<p>El MAPA ha valorado este inicio del procedimiento que permitir\u00e1 a Espa\u00f1a contar con un adelanto de las ayudas directas de hasta 3.386 millones de euros, seg\u00fan un comunicado del Departamento.<\/p>\n<p>Este\u00a0incremento, respecto al 50 % habitual, \u00abresponde\u00bb a la petici\u00f3n formulada por Espa\u00f1a\u00a0a trav\u00e9s del MAPA para dotar de mayor liquidez a las explotaciones y ayudar a los agricultores y ganaderos a paliar los efectos adversos derivados de la guerra en Ucrania.<\/p>\n<p>Se espera que el tr\u00e1mite formal de aprobaci\u00f3n y publicaci\u00f3n se produzca en las pr\u00f3ximas semanas.<\/p>\n<p>Asimismo, la CE ha presentado el futuro reglamento que permitir\u00e1 flexibilizar determinadas medidas de control de las solicitudes de\u00a0ayudas de la PAC\u00a0con motivo de la pandemia, como ya ocurri\u00f3 en las campa\u00f1as previas de 2020 y 2021.<\/p>\n","protected":false},"excerpt":{"rendered":"<p>La Comisi\u00f3n Europea ha presentado en Bruselas el borrador del reglamento para poder incrementar hasta el 70 % las ayudas directas de la Pol\u00edtica Agr\u00edcola Com\u00fan (PAC) de 2022 y hasta el 85 % en las medidas de desarrollo rural, seg\u00fan ha informado el Ministerio de Agricultura, Pesca y Alimentaci\u00f3n (MAPA) y como recoge Efeagro. [&hellip;]<\/p>\n","protected":false},"author":12,"featured_media":4502,"comment_status":"open","ping_status":"open","sticky":false,"template":"","format":"standard","meta":{"footnotes":""},"categories":[10,25],"tags":[],"yoast_head":"<!-- This site is optimized with the Yoast SEO plugin v24.5 - https:\/\/yoast.com\/wordpress\/plugins\/seo\/ -->\n<title>La Comisi\u00f3n Europea podr\u00eda ampliar hasta el 70% el anticipo de ayudas directas de la PAC - ASAJA Soria<\/title>\n<meta name=\"description\" content=\"La Comisi\u00f3n Europea ha presentado en Bruselas el borrador del reglamento para poder incrementar hasta el 70 % las ayudas directas de la Pol\u00edtica Agr\u00edcola\" \/>\n<meta name=\"robots\" content=\"index, follow, max-snippet:-1, max-image-preview:large, max-video-preview:-1\" \/>\n<link rel=\"canonical\" href=\"https:\/\/www.asajacyl.com\/soria\/asaja-soria-informa\/la-comision-europea-podria-ampliar-hasta-el-70-el-anticipo-de-ayudas-directas-de-la-pac\" \/>\n<meta property=\"og:locale\" content=\"es_ES\" \/>\n<meta property=\"og:type\" content=\"article\" \/>\n<meta property=\"og:title\" content=\"La Comisi\u00f3n Europea podr\u00eda ampliar hasta el 70% el anticipo de ayudas directas de la PAC - ASAJA Soria\" \/>\n<meta property=\"og:description\" content=\"La Comisi\u00f3n Europea ha presentado en Bruselas el borrador del reglamento para poder incrementar hasta el 70 % las ayudas directas de la Pol\u00edtica Agr\u00edcola\" \/>\n<meta property=\"og:url\" content=\"https:\/\/www.asajacyl.com\/soria\/asaja-soria-informa\/la-comision-europea-podria-ampliar-hasta-el-70-el-anticipo-de-ayudas-directas-de-la-pac\" \/>\n<meta property=\"og:site_name\" content=\"ASAJA Soria\" \/>\n<meta property=\"article:published_time\" content=\"2022-05-27T11:30:48+00:00\" \/>\n<meta property=\"article:modified_time\" content=\"2022-05-27T11:31:19+00:00\" \/>\n<meta property=\"og:image\" content=\"https:\/\/www.asajacyl.com\/soria\/wp-content\/uploads\/sites\/9\/2021\/05\/YEPA3505-cosecha.jpg\" \/>\n\t<meta property=\"og:image:width\" content=\"1600\" \/>\n\t<meta property=\"og:image:height\" content=\"898\" \/>\n\t<meta property=\"og:image:type\" content=\"image\/jpeg\" \/>\n<meta name=\"author\" content=\"Juan Ignacio Prieto Nieto\" \/>\n<meta name=\"twitter:card\" content=\"summary_large_image\" \/>\n<meta name=\"twitter:label1\" content=\"Escrito por\" \/>\n\t<meta name=\"twitter:data1\" content=\"Juan Ignacio Prieto Nieto\" \/>\n\t<meta name=\"twitter:label2\" content=\"Tiempo de lectura\" \/>\n\t<meta name=\"twitter:data2\" content=\"1 minuto\" \/>\n<script type=\"application\/ld+json\" class=\"yoast-schema-graph\">{\"@context\":\"https:\/\/schema.org\",\"@graph\":[{\"@type\":\"WebPage\",\"@id\":\"https:\/\/www.asajacyl.com\/soria\/asaja-soria-informa\/la-comision-europea-podria-ampliar-hasta-el-70-el-anticipo-de-ayudas-directas-de-la-pac\",\"url\":\"https:\/\/www.asajacyl.com\/soria\/asaja-soria-informa\/la-comision-europea-podria-ampliar-hasta-el-70-el-anticipo-de-ayudas-directas-de-la-pac\",\"name\":\"La Comisi\u00f3n Europea podr\u00eda ampliar hasta el 70% el anticipo de ayudas directas de la PAC - ASAJA Soria\",\"isPartOf\":{\"@id\":\"https:\/\/www.asajacyl.com\/soria\/#website\"},\"primaryImageOfPage\":{\"@id\":\"https:\/\/www.asajacyl.com\/soria\/asaja-soria-informa\/la-comision-europea-podria-ampliar-hasta-el-70-el-anticipo-de-ayudas-directas-de-la-pac#primaryimage\"},\"image\":{\"@id\":\"https:\/\/www.asajacyl.com\/soria\/asaja-soria-informa\/la-comision-europea-podria-ampliar-hasta-el-70-el-anticipo-de-ayudas-directas-de-la-pac#primaryimage\"},\"thumbnailUrl\":\"https:\/\/www.asajacyl.com\/soria\/wp-content\/uploads\/sites\/9\/2021\/05\/YEPA3505-cosecha.jpg\",\"datePublished\":\"2022-05-27T11:30:48+00:00\",\"dateModified\":\"2022-05-27T11:31:19+00:00\",\"author\":{\"@id\":\"https:\/\/www.asajacyl.com\/soria\/#\/schema\/person\/fd3081c40255119ce8133b87e6aedfab\"},\"description\":\"La Comisi\u00f3n Europea ha presentado en Bruselas el borrador del reglamento para poder incrementar hasta el 70 % las ayudas directas de la Pol\u00edtica Agr\u00edcola\",\"breadcrumb\":{\"@id\":\"https:\/\/www.asajacyl.com\/soria\/asaja-soria-informa\/la-comision-europea-podria-ampliar-hasta-el-70-el-anticipo-de-ayudas-directas-de-la-pac#breadcrumb\"},\"inLanguage\":\"es\",\"potentialAction\":[{\"@type\":\"ReadAction\",\"target\":[\"https:\/\/www.asajacyl.com\/soria\/asaja-soria-informa\/la-comision-europea-podria-ampliar-hasta-el-70-el-anticipo-de-ayudas-directas-de-la-pac\"]}]},{\"@type\":\"ImageObject\",\"inLanguage\":\"es\",\"@id\":\"https:\/\/www.asajacyl.com\/soria\/asaja-soria-informa\/la-comision-europea-podria-ampliar-hasta-el-70-el-anticipo-de-ayudas-directas-de-la-pac#primaryimage\",\"url\":\"https:\/\/www.asajacyl.com\/soria\/wp-content\/uploads\/sites\/9\/2021\/05\/YEPA3505-cosecha.jpg\",\"contentUrl\":\"https:\/\/www.asajacyl.com\/soria\/wp-content\/uploads\/sites\/9\/2021\/05\/YEPA3505-cosecha.jpg\",\"width\":1600,\"height\":898},{\"@type\":\"BreadcrumbList\",\"@id\":\"https:\/\/www.asajacyl.com\/soria\/asaja-soria-informa\/la-comision-europea-podria-ampliar-hasta-el-70-el-anticipo-de-ayudas-directas-de-la-pac#breadcrumb\",\"itemListElement\":[{\"@type\":\"ListItem\",\"position\":1,\"name\":\"Portada\",\"item\":\"https:\/\/www.asajacyl.com\/soria\/\"},{\"@type\":\"ListItem\",\"position\":2,\"name\":\"La Comisi\u00f3n Europea podr\u00eda ampliar hasta el 70% el anticipo de ayudas directas de la PAC\"}]},{\"@type\":\"WebSite\",\"@id\":\"https:\/\/www.asajacyl.com\/soria\/#website\",\"url\":\"https:\/\/www.asajacyl.com\/soria\/\",\"name\":\"ASAJA Soria\",\"description\":\"Otro sitio m\u00e1s de Provincias ASAJA Castilla y Le\u00f3n\",\"potentialAction\":[{\"@type\":\"SearchAction\",\"target\":{\"@type\":\"EntryPoint\",\"urlTemplate\":\"https:\/\/www.asajacyl.com\/soria\/?s={search_term_string}\"},\"query-input\":{\"@type\":\"PropertyValueSpecification\",\"valueRequired\":true,\"valueName\":\"search_term_string\"}}],\"inLanguage\":\"es\"},{\"@type\":\"Person\",\"@id\":\"https:\/\/www.asajacyl.com\/soria\/#\/schema\/person\/fd3081c40255119ce8133b87e6aedfab\",\"name\":\"Juan Ignacio Prieto Nieto\",\"image\":{\"@type\":\"ImageObject\",\"inLanguage\":\"es\",\"@id\":\"https:\/\/www.asajacyl.com\/soria\/#\/schema\/person\/image\/\",\"url\":\"https:\/\/secure.gravatar.com\/avatar\/8266b36e4d9001acb4700699a2468dc8?s=96&d=mm&r=g\",\"contentUrl\":\"https:\/\/secure.gravatar.com\/avatar\/8266b36e4d9001acb4700699a2468dc8?s=96&d=mm&r=g\",\"caption\":\"Juan Ignacio Prieto Nieto\"},\"url\":\"https:\/\/www.asajacyl.com\/soria\/author\/juanfranciscoby\"}]}<\/script>\n<!-- \/ Yoast SEO plugin. -->","yoast_head_json":{"title":"La Comisi\u00f3n Europea podr\u00eda ampliar hasta el 70% el anticipo de ayudas directas de la PAC - ASAJA Soria","description":"La Comisi\u00f3n Europea ha presentado en Bruselas el borrador del reglamento para poder incrementar hasta el 70 % las ayudas directas de la Pol\u00edtica Agr\u00edcola","robots":{"index":"index","follow":"follow","max-snippet":"max-snippet:-1","max-image-preview":"max-image-preview:large","max-video-preview":"max-video-preview:-1"},"canonical":"https:\/\/www.asajacyl.com\/soria\/asaja-soria-informa\/la-comision-europea-podria-ampliar-hasta-el-70-el-anticipo-de-ayudas-directas-de-la-pac","og_locale":"es_ES","og_type":"article","og_title":"La Comisi\u00f3n Europea podr\u00eda ampliar hasta el 70% el anticipo de ayudas directas de la PAC - ASAJA Soria","og_description":"La Comisi\u00f3n Europea ha presentado en Bruselas el borrador del reglamento para poder incrementar hasta el 70 % las ayudas directas de la Pol\u00edtica Agr\u00edcola","og_url":"https:\/\/www.asajacyl.com\/soria\/asaja-soria-informa\/la-comision-europea-podria-ampliar-hasta-el-70-el-anticipo-de-ayudas-directas-de-la-pac","og_site_name":"ASAJA Soria","article_published_time":"2022-05-27T11:30:48+00:00","article_modified_time":"2022-05-27T11:31:19+00:00","og_image":[{"width":1600,"height":898,"url":"https:\/\/www.asajacyl.com\/soria\/wp-content\/uploads\/sites\/9\/2021\/05\/YEPA3505-cosecha.jpg","type":"image\/jpeg"}],"author":"Juan Ignacio Prieto Nieto","twitter_card":"summary_large_image","twitter_misc":{"Escrito por":"Juan Ignacio Prieto Nieto","Tiempo de lectura":"1 minuto"},"schema":{"@context":"https:\/\/schema.org","@graph":[{"@type":"WebPage","@id":"https:\/\/www.asajacyl.com\/soria\/asaja-soria-informa\/la-comision-europea-podria-ampliar-hasta-el-70-el-anticipo-de-ayudas-directas-de-la-pac","url":"https:\/\/www.asajacyl.com\/soria\/asaja-soria-informa\/la-comision-europea-podria-ampliar-hasta-el-70-el-anticipo-de-ayudas-directas-de-la-pac","name":"La Comisi\u00f3n Europea podr\u00eda ampliar hasta el 70% el anticipo de ayudas directas de la PAC - ASAJA Soria","isPartOf":{"@id":"https:\/\/www.asajacyl.com\/soria\/#website"},"primaryImageOfPage":{"@id":"https:\/\/www.asajacyl.com\/soria\/asaja-soria-informa\/la-comision-europea-podria-ampliar-hasta-el-70-el-anticipo-de-ayudas-directas-de-la-pac#primaryimage"},"image":{"@id":"https:\/\/www.asajacyl.com\/soria\/asaja-soria-informa\/la-comision-europea-podria-ampliar-hasta-el-70-el-anticipo-de-ayudas-directas-de-la-pac#primaryimage"},"thumbnailUrl":"https:\/\/www.asajacyl.com\/soria\/wp-content\/uploads\/sites\/9\/2021\/05\/YEPA3505-cosecha.jpg","datePublished":"2022-05-27T11:30:48+00:00","dateModified":"2022-05-27T11:31:19+00:00","author":{"@id":"https:\/\/www.asajacyl.com\/soria\/#\/schema\/person\/fd3081c40255119ce8133b87e6aedfab"},"description":"La Comisi\u00f3n Europea ha presentado en Bruselas el borrador del reglamento para poder incrementar hasta el 70 % las ayudas directas de la Pol\u00edtica Agr\u00edcola","breadcrumb":{"@id":"https:\/\/www.asajacyl.com\/soria\/asaja-soria-informa\/la-comision-europea-podria-ampliar-hasta-el-70-el-anticipo-de-ayudas-directas-de-la-pac#breadcrumb"},"inLanguage":"es","potentialAction":[{"@type":"ReadAction","target":["https:\/\/www.asajacyl.com\/soria\/asaja-soria-informa\/la-comision-europea-podria-ampliar-hasta-el-70-el-anticipo-de-ayudas-directas-de-la-pac"]}]},{"@type":"ImageObject","inLanguage":"es","@id":"https:\/\/www.asajacyl.com\/soria\/asaja-soria-informa\/la-comision-europea-podria-ampliar-hasta-el-70-el-anticipo-de-ayudas-directas-de-la-pac#primaryimage","url":"https:\/\/www.asajacyl.com\/soria\/wp-content\/uploads\/sites\/9\/2021\/05\/YEPA3505-cosecha.jpg","contentUrl":"https:\/\/www.asajacyl.com\/soria\/wp-content\/uploads\/sites\/9\/2021\/05\/YEPA3505-cosecha.jpg","width":1600,"height":898},{"@type":"BreadcrumbList","@id":"https:\/\/www.asajacyl.com\/soria\/asaja-soria-informa\/la-comision-europea-podria-ampliar-hasta-el-70-el-anticipo-de-ayudas-directas-de-la-pac#breadcrumb","itemListElement":[{"@type":"ListItem","position":1,"name":"Portada","item":"https:\/\/www.asajacyl.com\/soria\/"},{"@type":"ListItem","position":2,"name":"La Comisi\u00f3n Europea podr\u00eda ampliar hasta el 70% el anticipo de ayudas directas de la PAC"}]},{"@type":"WebSite","@id":"https:\/\/www.asajacyl.com\/soria\/#website","url":"https:\/\/www.asajacyl.com\/soria\/","name":"ASAJA Soria","description":"Otro sitio m\u00e1s de Provincias ASAJA Castilla y Le\u00f3n","potentialAction":[{"@type":"SearchAction","target":{"@type":"EntryPoint","urlTemplate":"https:\/\/www.asajacyl.com\/soria\/?s={search_term_string}"},"query-input":{"@type":"PropertyValueSpecification","valueRequired":true,"valueName":"search_term_string"}}],"inLanguage":"es"},{"@type":"Person","@id":"https:\/\/www.asajacyl.com\/soria\/#\/schema\/person\/fd3081c40255119ce8133b87e6aedfab","name":"Juan Ignacio Prieto Nieto","image":{"@type":"ImageObject","inLanguage":"es","@id":"https:\/\/www.asajacyl.com\/soria\/#\/schema\/person\/image\/","url":"https:\/\/secure.gravatar.com\/avatar\/8266b36e4d9001acb4700699a2468dc8?s=96&d=mm&r=g","contentUrl":"https:\/\/secure.gravatar.com\/avatar\/8266b36e4d9001acb4700699a2468dc8?s=96&d=mm&r=g","caption":"Juan Ignacio Prieto Nieto"},"url":"https:\/\/www.asajacyl.com\/soria\/author\/juanfranciscoby"}]}},"_links":{"self":[{"href":"https:\/\/www.asajacyl.com\/soria\/wp-json\/wp\/v2\/posts\/5556"}],"collection":[{"href":"https:\/\/www.asajacyl.com\/soria\/wp-json\/wp\/v2\/posts"}],"about":[{"href":"https:\/\/www.asajacyl.com\/soria\/wp-json\/wp\/v2\/types\/post"}],"author":[{"embeddable":true,"href":"https:\/\/www.asajacyl.com\/soria\/wp-json\/wp\/v2\/users\/12"}],"replies":[{"embeddable":true,"href":"https:\/\/www.asajacyl.com\/soria\/wp-json\/wp\/v2\/comments?post=5556"}],"version-history":[{"count":1,"href":"https:\/\/www.asajacyl.com\/soria\/wp-json\/wp\/v2\/posts\/5556\/revisions"}],"predecessor-version":[{"id":5557,"href":"https:\/\/www.asajacyl.com\/soria\/wp-json\/wp\/v2\/posts\/5556\/revisions\/5557"}],"wp:featuredmedia":[{"embeddable":true,"href":"https:\/\/www.asajacyl.com\/soria\/wp-json\/wp\/v2\/media\/4502"}],"wp:attachment":[{"href":"https:\/\/www.asajacyl.com\/soria\/wp-json\/wp\/v2\/media?parent=5556"}],"wp:term":[{"taxonomy":"category","embeddable":true,"href":"https:\/\/www.asajacyl.com\/soria\/wp-json\/wp\/v2\/categories?post=5556"},{"taxonomy":"post_tag","embeddable":true,"href":"https:\/\/www.asajacyl.com\/soria\/wp-json\/wp\/v2\/tags?post=5556"}],"curies":[{"name":"wp","href":"https:\/\/api.w.org\/{rel}","templated":true}]}}