{"id":5597,"date":"2022-05-11T11:17:58","date_gmt":"2022-05-11T09:17:58","guid":{"rendered":"https:\/\/www.asajacyl.com\/soria\/?p=5597"},"modified":"2022-05-12T18:25:08","modified_gmt":"2022-05-12T16:25:08","slug":"asaja-soria-celebra-una-asamblea-general-con-un-formato-extraordinario","status":"publish","type":"post","link":"https:\/\/www.asajacyl.com\/soria\/asaja-soria-informa\/asaja-soria-celebra-una-asamblea-general-con-un-formato-extraordinario","title":{"rendered":"ASAJA Soria celebra una asamblea general con un formato extraordinario"},"content":{"rendered":"\n<h2><em>La OPA<\/em><em> ha dividido esta vez su principal c\u00f3nclave anual en dos partes; una para rendir cuentas a los socios y otra espec\u00edfica sobre mercados agrarios, materias primas y precios<\/em><\/h2>\n<p>La Asociaci\u00f3n Agraria de J\u00f3venes Agricultores de Soria (ASAJA) celebra ma\u00f1ana Asamblea General Ordinaria. La reuni\u00f3n comenzar\u00e1 a las 11:30 horas en el Sal\u00f3n de Actos del Campus \u201cDuques de Soria\u201d de la Universidad de Valladolid, calle Universidad, en los Pajaritos, de Soria.<\/p>\n<p>\u00a0La asamblea, de manera extraordinaria, contar\u00e1 este a\u00f1o con dos partes bien diferenciadas. Por un lado, arrancar\u00e1 con la lectura y aprobaci\u00f3n del acta anterior y el balance sindical.<\/p>\n<p>\u00a0A continuaci\u00f3n, empezar\u00e1 la segunda parte, dedicada especialmente a la extraordinaria situaci\u00f3n derivada de la guerra de Ucrania y la crisis de las materias primas por la pandemia. En esta parte tomar\u00e1n protagonismo el presidente nacional de ASAJA, Pedro Barato, y el presidente de ASAJA de Castilla y Le\u00f3n, Donaciano Dujo. Y se contar\u00e1 con la participaci\u00f3n de prestigiosos analistas internacionales de mercados agrarios que ofrecer\u00e1n informaci\u00f3n de primera mano sobre la perspectiva de precios; concretamente Carlos Ruiz Vivancos, que es director comercial de trading de Cefetra Ib\u00e9rica, empresa filial del grupo alem\u00e1n BayWa, de origen cooperativo, l\u00edder en la originaci\u00f3n y distribuci\u00f3n de materias primas agroalimentarias con m\u00e1s de 18.000 trabajadores repartidos en 40 pa\u00edses y que opera principalmente desde el puerto de Rotterdam.<\/p>\n<p>\u00a0Con este nuevo formato se quiere poner el foco en la extraordinaria situaci\u00f3n por el encarecimiento de las materias primas y el alza de precios y tratar de ofrecer una perspectiva de la situaci\u00f3n para el futuro pr\u00f3ximo y una base de discusi\u00f3n y reflexi\u00f3n interna de esta organizaci\u00f3n profesional agraria para encaminar su actividad sindical.<\/p>\n","protected":false},"excerpt":{"rendered":"<p>La OPA ha dividido esta vez su principal c\u00f3nclave anual en dos partes; una para rendir cuentas a los socios y otra espec\u00edfica sobre mercados agrarios, materias primas y precios La Asociaci\u00f3n Agraria de J\u00f3venes Agricultores de Soria (ASAJA) celebra ma\u00f1ana Asamblea General Ordinaria. La reuni\u00f3n comenzar\u00e1 a las 11:30 horas en el Sal\u00f3n de [&hellip;]<\/p>\n","protected":false},"author":12,"featured_media":5598,"comment_status":"open","ping_status":"open","sticky":false,"template":"","format":"standard","meta":{"footnotes":""},"categories":[10,25],"tags":[],"yoast_head":"<!-- This site is optimized with the Yoast SEO plugin v24.5 - https:\/\/yoast.com\/wordpress\/plugins\/seo\/ -->\n<title>ASAJA Soria celebra una asamblea general con un formato extraordinario - ASAJA Soria<\/title>\n<meta name=\"description\" content=\"La OPA ha dividido esta vez su principal c\u00f3nclave anual en dos partes; una para rendir cuentas a los socios y otra espec\u00edfica sobre mercados agrarios,\" \/>\n<meta name=\"robots\" content=\"index, follow, max-snippet:-1, max-image-preview:large, max-video-preview:-1\" \/>\n<link rel=\"canonical\" href=\"https:\/\/www.asajacyl.com\/soria\/asaja-soria-informa\/asaja-soria-celebra-una-asamblea-general-con-un-formato-extraordinario\" \/>\n<meta property=\"og:locale\" content=\"es_ES\" \/>\n<meta property=\"og:type\" content=\"article\" \/>\n<meta property=\"og:title\" content=\"ASAJA Soria celebra una asamblea general con un formato extraordinario - ASAJA Soria\" \/>\n<meta property=\"og:description\" content=\"La OPA ha dividido esta vez su principal c\u00f3nclave anual en dos partes; una para rendir cuentas a los socios y otra espec\u00edfica sobre mercados agrarios,\" \/>\n<meta property=\"og:url\" content=\"https:\/\/www.asajacyl.com\/soria\/asaja-soria-informa\/asaja-soria-celebra-una-asamblea-general-con-un-formato-extraordinario\" \/>\n<meta property=\"og:site_name\" content=\"ASAJA Soria\" \/>\n<meta property=\"article:published_time\" content=\"2022-05-11T09:17:58+00:00\" \/>\n<meta property=\"article:modified_time\" content=\"2022-05-12T16:25:08+00:00\" \/>\n<meta property=\"og:image\" content=\"https:\/\/www.asajacyl.com\/soria\/wp-content\/uploads\/sites\/9\/2022\/05\/asamblea-2019.jpg\" \/>\n\t<meta property=\"og:image:width\" content=\"2500\" \/>\n\t<meta property=\"og:image:height\" content=\"1875\" \/>\n\t<meta property=\"og:image:type\" content=\"image\/jpeg\" \/>\n<meta name=\"author\" content=\"Juan Ignacio Prieto Nieto\" \/>\n<meta name=\"twitter:card\" content=\"summary_large_image\" \/>\n<meta name=\"twitter:label1\" content=\"Escrito por\" \/>\n\t<meta name=\"twitter:data1\" content=\"Juan Ignacio Prieto Nieto\" \/>\n\t<meta name=\"twitter:label2\" content=\"Tiempo de lectura\" \/>\n\t<meta name=\"twitter:data2\" content=\"2 minutos\" \/>\n<script type=\"application\/ld+json\" class=\"yoast-schema-graph\">{\"@context\":\"https:\/\/schema.org\",\"@graph\":[{\"@type\":\"WebPage\",\"@id\":\"https:\/\/www.asajacyl.com\/soria\/asaja-soria-informa\/asaja-soria-celebra-una-asamblea-general-con-un-formato-extraordinario\",\"url\":\"https:\/\/www.asajacyl.com\/soria\/asaja-soria-informa\/asaja-soria-celebra-una-asamblea-general-con-un-formato-extraordinario\",\"name\":\"ASAJA Soria celebra una asamblea general con un formato extraordinario - ASAJA Soria\",\"isPartOf\":{\"@id\":\"https:\/\/www.asajacyl.com\/soria\/#website\"},\"primaryImageOfPage\":{\"@id\":\"https:\/\/www.asajacyl.com\/soria\/asaja-soria-informa\/asaja-soria-celebra-una-asamblea-general-con-un-formato-extraordinario#primaryimage\"},\"image\":{\"@id\":\"https:\/\/www.asajacyl.com\/soria\/asaja-soria-informa\/asaja-soria-celebra-una-asamblea-general-con-un-formato-extraordinario#primaryimage\"},\"thumbnailUrl\":\"https:\/\/www.asajacyl.com\/soria\/wp-content\/uploads\/sites\/9\/2022\/05\/asamblea-2019.jpg\",\"datePublished\":\"2022-05-11T09:17:58+00:00\",\"dateModified\":\"2022-05-12T16:25:08+00:00\",\"author\":{\"@id\":\"https:\/\/www.asajacyl.com\/soria\/#\/schema\/person\/fd3081c40255119ce8133b87e6aedfab\"},\"description\":\"La OPA ha dividido esta vez su principal c\u00f3nclave anual en dos partes; una para rendir cuentas a los socios y otra espec\u00edfica sobre mercados agrarios,\",\"breadcrumb\":{\"@id\":\"https:\/\/www.asajacyl.com\/soria\/asaja-soria-informa\/asaja-soria-celebra-una-asamblea-general-con-un-formato-extraordinario#breadcrumb\"},\"inLanguage\":\"es\",\"potentialAction\":[{\"@type\":\"ReadAction\",\"target\":[\"https:\/\/www.asajacyl.com\/soria\/asaja-soria-informa\/asaja-soria-celebra-una-asamblea-general-con-un-formato-extraordinario\"]}]},{\"@type\":\"ImageObject\",\"inLanguage\":\"es\",\"@id\":\"https:\/\/www.asajacyl.com\/soria\/asaja-soria-informa\/asaja-soria-celebra-una-asamblea-general-con-un-formato-extraordinario#primaryimage\",\"url\":\"https:\/\/www.asajacyl.com\/soria\/wp-content\/uploads\/sites\/9\/2022\/05\/asamblea-2019.jpg\",\"contentUrl\":\"https:\/\/www.asajacyl.com\/soria\/wp-content\/uploads\/sites\/9\/2022\/05\/asamblea-2019.jpg\",\"width\":2500,\"height\":1875},{\"@type\":\"BreadcrumbList\",\"@id\":\"https:\/\/www.asajacyl.com\/soria\/asaja-soria-informa\/asaja-soria-celebra-una-asamblea-general-con-un-formato-extraordinario#breadcrumb\",\"itemListElement\":[{\"@type\":\"ListItem\",\"position\":1,\"name\":\"Portada\",\"item\":\"https:\/\/www.asajacyl.com\/soria\/\"},{\"@type\":\"ListItem\",\"position\":2,\"name\":\"ASAJA Soria celebra una asamblea general con un formato extraordinario\"}]},{\"@type\":\"WebSite\",\"@id\":\"https:\/\/www.asajacyl.com\/soria\/#website\",\"url\":\"https:\/\/www.asajacyl.com\/soria\/\",\"name\":\"ASAJA Soria\",\"description\":\"Otro sitio m\u00e1s de Provincias ASAJA Castilla y Le\u00f3n\",\"potentialAction\":[{\"@type\":\"SearchAction\",\"target\":{\"@type\":\"EntryPoint\",\"urlTemplate\":\"https:\/\/www.asajacyl.com\/soria\/?s={search_term_string}\"},\"query-input\":{\"@type\":\"PropertyValueSpecification\",\"valueRequired\":true,\"valueName\":\"search_term_string\"}}],\"inLanguage\":\"es\"},{\"@type\":\"Person\",\"@id\":\"https:\/\/www.asajacyl.com\/soria\/#\/schema\/person\/fd3081c40255119ce8133b87e6aedfab\",\"name\":\"Juan Ignacio Prieto Nieto\",\"image\":{\"@type\":\"ImageObject\",\"inLanguage\":\"es\",\"@id\":\"https:\/\/www.asajacyl.com\/soria\/#\/schema\/person\/image\/\",\"url\":\"https:\/\/secure.gravatar.com\/avatar\/8266b36e4d9001acb4700699a2468dc8?s=96&d=mm&r=g\",\"contentUrl\":\"https:\/\/secure.gravatar.com\/avatar\/8266b36e4d9001acb4700699a2468dc8?s=96&d=mm&r=g\",\"caption\":\"Juan Ignacio Prieto Nieto\"},\"url\":\"https:\/\/www.asajacyl.com\/soria\/author\/juanfranciscoby\"}]}<\/script>\n<!-- \/ Yoast SEO plugin. -->","yoast_head_json":{"title":"ASAJA Soria celebra una asamblea general con un formato extraordinario - ASAJA Soria","description":"La OPA ha dividido esta vez su principal c\u00f3nclave anual en dos partes; una para rendir cuentas a los socios y otra espec\u00edfica sobre mercados agrarios,","robots":{"index":"index","follow":"follow","max-snippet":"max-snippet:-1","max-image-preview":"max-image-preview:large","max-video-preview":"max-video-preview:-1"},"canonical":"https:\/\/www.asajacyl.com\/soria\/asaja-soria-informa\/asaja-soria-celebra-una-asamblea-general-con-un-formato-extraordinario","og_locale":"es_ES","og_type":"article","og_title":"ASAJA Soria celebra una asamblea general con un formato extraordinario - ASAJA Soria","og_description":"La OPA ha dividido esta vez su principal c\u00f3nclave anual en dos partes; una para rendir cuentas a los socios y otra espec\u00edfica sobre mercados agrarios,","og_url":"https:\/\/www.asajacyl.com\/soria\/asaja-soria-informa\/asaja-soria-celebra-una-asamblea-general-con-un-formato-extraordinario","og_site_name":"ASAJA Soria","article_published_time":"2022-05-11T09:17:58+00:00","article_modified_time":"2022-05-12T16:25:08+00:00","og_image":[{"width":2500,"height":1875,"url":"https:\/\/www.asajacyl.com\/soria\/wp-content\/uploads\/sites\/9\/2022\/05\/asamblea-2019.jpg","type":"image\/jpeg"}],"author":"Juan Ignacio Prieto Nieto","twitter_card":"summary_large_image","twitter_misc":{"Escrito por":"Juan Ignacio Prieto Nieto","Tiempo de lectura":"2 minutos"},"schema":{"@context":"https:\/\/schema.org","@graph":[{"@type":"WebPage","@id":"https:\/\/www.asajacyl.com\/soria\/asaja-soria-informa\/asaja-soria-celebra-una-asamblea-general-con-un-formato-extraordinario","url":"https:\/\/www.asajacyl.com\/soria\/asaja-soria-informa\/asaja-soria-celebra-una-asamblea-general-con-un-formato-extraordinario","name":"ASAJA Soria celebra una asamblea general con un formato extraordinario - ASAJA Soria","isPartOf":{"@id":"https:\/\/www.asajacyl.com\/soria\/#website"},"primaryImageOfPage":{"@id":"https:\/\/www.asajacyl.com\/soria\/asaja-soria-informa\/asaja-soria-celebra-una-asamblea-general-con-un-formato-extraordinario#primaryimage"},"image":{"@id":"https:\/\/www.asajacyl.com\/soria\/asaja-soria-informa\/asaja-soria-celebra-una-asamblea-general-con-un-formato-extraordinario#primaryimage"},"thumbnailUrl":"https:\/\/www.asajacyl.com\/soria\/wp-content\/uploads\/sites\/9\/2022\/05\/asamblea-2019.jpg","datePublished":"2022-05-11T09:17:58+00:00","dateModified":"2022-05-12T16:25:08+00:00","author":{"@id":"https:\/\/www.asajacyl.com\/soria\/#\/schema\/person\/fd3081c40255119ce8133b87e6aedfab"},"description":"La OPA ha dividido esta vez su principal c\u00f3nclave anual en dos partes; una para rendir cuentas a los socios y otra espec\u00edfica sobre mercados agrarios,","breadcrumb":{"@id":"https:\/\/www.asajacyl.com\/soria\/asaja-soria-informa\/asaja-soria-celebra-una-asamblea-general-con-un-formato-extraordinario#breadcrumb"},"inLanguage":"es","potentialAction":[{"@type":"ReadAction","target":["https:\/\/www.asajacyl.com\/soria\/asaja-soria-informa\/asaja-soria-celebra-una-asamblea-general-con-un-formato-extraordinario"]}]},{"@type":"ImageObject","inLanguage":"es","@id":"https:\/\/www.asajacyl.com\/soria\/asaja-soria-informa\/asaja-soria-celebra-una-asamblea-general-con-un-formato-extraordinario#primaryimage","url":"https:\/\/www.asajacyl.com\/soria\/wp-content\/uploads\/sites\/9\/2022\/05\/asamblea-2019.jpg","contentUrl":"https:\/\/www.asajacyl.com\/soria\/wp-content\/uploads\/sites\/9\/2022\/05\/asamblea-2019.jpg","width":2500,"height":1875},{"@type":"BreadcrumbList","@id":"https:\/\/www.asajacyl.com\/soria\/asaja-soria-informa\/asaja-soria-celebra-una-asamblea-general-con-un-formato-extraordinario#breadcrumb","itemListElement":[{"@type":"ListItem","position":1,"name":"Portada","item":"https:\/\/www.asajacyl.com\/soria\/"},{"@type":"ListItem","position":2,"name":"ASAJA Soria celebra una asamblea general con un formato extraordinario"}]},{"@type":"WebSite","@id":"https:\/\/www.asajacyl.com\/soria\/#website","url":"https:\/\/www.asajacyl.com\/soria\/","name":"ASAJA Soria","description":"Otro sitio m\u00e1s de Provincias ASAJA Castilla y Le\u00f3n","potentialAction":[{"@type":"SearchAction","target":{"@type":"EntryPoint","urlTemplate":"https:\/\/www.asajacyl.com\/soria\/?s={search_term_string}"},"query-input":{"@type":"PropertyValueSpecification","valueRequired":true,"valueName":"search_term_string"}}],"inLanguage":"es"},{"@type":"Person","@id":"https:\/\/www.asajacyl.com\/soria\/#\/schema\/person\/fd3081c40255119ce8133b87e6aedfab","name":"Juan Ignacio Prieto Nieto","image":{"@type":"ImageObject","inLanguage":"es","@id":"https:\/\/www.asajacyl.com\/soria\/#\/schema\/person\/image\/","url":"https:\/\/secure.gravatar.com\/avatar\/8266b36e4d9001acb4700699a2468dc8?s=96&d=mm&r=g","contentUrl":"https:\/\/secure.gravatar.com\/avatar\/8266b36e4d9001acb4700699a2468dc8?s=96&d=mm&r=g","caption":"Juan Ignacio Prieto Nieto"},"url":"https:\/\/www.asajacyl.com\/soria\/author\/juanfranciscoby"}]}},"_links":{"self":[{"href":"https:\/\/www.asajacyl.com\/soria\/wp-json\/wp\/v2\/posts\/5597"}],"collection":[{"href":"https:\/\/www.asajacyl.com\/soria\/wp-json\/wp\/v2\/posts"}],"about":[{"href":"https:\/\/www.asajacyl.com\/soria\/wp-json\/wp\/v2\/types\/post"}],"author":[{"embeddable":true,"href":"https:\/\/www.asajacyl.com\/soria\/wp-json\/wp\/v2\/users\/12"}],"replies":[{"embeddable":true,"href":"https:\/\/www.asajacyl.com\/soria\/wp-json\/wp\/v2\/comments?post=5597"}],"version-history":[{"count":2,"href":"https:\/\/www.asajacyl.com\/soria\/wp-json\/wp\/v2\/posts\/5597\/revisions"}],"predecessor-version":[{"id":5603,"href":"https:\/\/www.asajacyl.com\/soria\/wp-json\/wp\/v2\/posts\/5597\/revisions\/5603"}],"wp:featuredmedia":[{"embeddable":true,"href":"https:\/\/www.asajacyl.com\/soria\/wp-json\/wp\/v2\/media\/5598"}],"wp:attachment":[{"href":"https:\/\/www.asajacyl.com\/soria\/wp-json\/wp\/v2\/media?parent=5597"}],"wp:term":[{"taxonomy":"category","embeddable":true,"href":"https:\/\/www.asajacyl.com\/soria\/wp-json\/wp\/v2\/categories?post=5597"},{"taxonomy":"post_tag","embeddable":true,"href":"https:\/\/www.asajacyl.com\/soria\/wp-json\/wp\/v2\/tags?post=5597"}],"curies":[{"name":"wp","href":"https:\/\/api.w.org\/{rel}","templated":true}]}}