{"id":5601,"date":"2022-05-11T11:21:40","date_gmt":"2022-05-11T09:21:40","guid":{"rendered":"https:\/\/www.asajacyl.com\/soria\/?p=5601"},"modified":"2022-05-11T11:26:14","modified_gmt":"2022-05-11T09:26:14","slug":"asaja-soria-da-la-bienvenida-a-la-reduccion-de-modulos-fiscales-para-el-campo-provincial","status":"publish","type":"post","link":"https:\/\/www.asajacyl.com\/soria\/asaja-soria-informa\/asaja-soria-da-la-bienvenida-a-la-reduccion-de-modulos-fiscales-para-el-campo-provincial","title":{"rendered":"ASAJA Soria da la bienvenida a la reducci\u00f3n de m\u00f3dulos fiscales para el campo provincial"},"content":{"rendered":"\n<h2><em>La OPA<\/em><em> agradece a la Subdelegaci\u00f3n del Gobierno las gestiones realizadas para la consecuci\u00f3n de estas rebajas, as\u00ed como las de a\u00f1os anteriores en nuestra provincia por diversas incidencias climatol\u00f3gicas o situaciones adversas de mercado<\/em><\/h2>\n<p>La Asociaci\u00f3n Agraria de J\u00f3venes Agricultores de Soria (ASAJA) ha recibido de manera positiva la solicitada reducci\u00f3n de los \u00edndices de rendimiento neto aplicables en el m\u00e9todo de Estimaci\u00f3n Objetiva (m\u00f3dulos) del Impuesto sobre la Renta de las Personas F\u00edsicas para actividades agr\u00edcolas y ganaderas en el periodo impositivo de 2021. Esta rebaja fiscal completa la ya publicada en marzo, en la que se reduc\u00eda el 20 por ciento el rendimiento neto para las actividades agr\u00edcolas y ganaderas que tributan en IRPF en el m\u00e9todo de estimaci\u00f3n objetiva; normativa que fue publicada justo antes de la gran manifestaci\u00f3n del 20M.<\/p>\n<p>De esta forma, el Gobierno da respuesta a las peticiones de ASAJA, que ven\u00eda reclamando un ajuste de la fiscalidad por circunstancias especiales. La Orden HFP\/413\/2022, de 10 de mayo, incluye una reducci\u00f3n del \u00edndice corrector aplicable en 2021 por piensos adquiridos a terceros y por cultivos en tierras de regad\u00edos que utilicen a tal efecto energ\u00eda el\u00e9ctrica.<\/p>\n<p>Adem\u00e1s, se recoge una reducci\u00f3n de los m\u00f3dulos en las siguientes producciones para toda la provincia: apicultura, avicultura, bovino de carne, bovino de cr\u00eda, bovino de leche, cunicultura, equino, porcino de carne, porcino de cr\u00eda, ovino y caprino de carne y de leche.<\/p>\n<p>Asimismo, el Ministerio de Hacienda se\u00f1ala algunos t\u00e9rminos municipales en los que el m\u00f3dulo queda m\u00e1s reducido; en cereales, con un \u00edndice de rendimiento neto del 0,18 en Alconaba, Alentisque, Arcos de Jal\u00f3n, Candilichera, Carrascosa de Abajo, Escobosa de Almaz\u00e1n, Espeja de San Marcelino, Momblona, Nafr\u00eda de Ucero, Nepas, Recuerda, Retortillo de Soria, La Riba de Escalote, Santa Mar\u00eda de Huerta, Santa Mar\u00eda de las Hoyas, Torrubia de Soria, Valdelagua del Cerro y Yanguas.<\/p>\n<p>\u00a0En Almaz\u00e1n, El Burgo de Osma, Coscurita, Almaluez, Almenar de Soria, Bayubas de Abajo, Berlanga de Duero, Borjabad, Castilruiz, Fuentearmegil, Fuentelmonge, Fuentestr\u00fan, Langa de Duero, Maj\u00e1n, Medinaceli, Montejo de Tiermes, Mor\u00f3n de Almaz\u00e1n, Ser\u00f3n de N\u00e1gima, Soliedra, Suellacabras, Taroda, Tr\u00e9vago, Valdenebro, Velamaz\u00e1n, Viana de Duero y Villar del R\u00edo, el 0,13.<\/p>\n<p>En Alcubilla de las Pe\u00f1as, Baraona, Caltojar, Cubo de la Solana, Frechilla de Almaz\u00e1n, Golmayo, Quintana Redonda y Valdege\u00f1a es el 0,09.<\/p>\n<p>Adem\u00e1s, en el t\u00e9rmino de Almaz\u00e1n, a la reducci\u00f3n en cereales, se suman los productos hort\u00edcolas y la remolacha azucarera. En Coscurita, a la reducci\u00f3n de cereales se le a\u00f1ade un 0,05 en productos hort\u00edcolas.<\/p>\n<p>En Barca hay una reducci\u00f3n de 0,18 para productos hort\u00edcolas. En Alcubilla de Avellaneda la reducci\u00f3n va para la uva de vino con y sin denominaci\u00f3n de origen. Y en San Esteban de Gormaz, a la reducci\u00f3n de estos tipos de uva se le suma un 0,05 en cereales y un 0,07 en frutos no c\u00edtricos.<\/p>\n<p>ASAJA Soria agradece a la Subdelegaci\u00f3n del Gobierno, con Miguel Latorre Zubiri a la cabeza, las gestiones realizadas para la consecuci\u00f3n de estas rebajas de m\u00f3dulos y la trayectoria de reconocimiento de reducciones en estos a\u00f1os anteriores en nuestra provincia por diversas incidencias climatol\u00f3gicas o situaciones adversas.<\/p>\n<p>Es preciso tener en cuenta que siempre es posible que exista alguna injusticia de tipo puntual con alg\u00fan t\u00e9rmino municipal o con alguna producci\u00f3n, por lo que se pueden dirigir a la Subdelegaci\u00f3n del Gobierno para hacer constar su posible reclamaci\u00f3n. Sea como fuere, es justo reconocer a la vez que esta medida de rebajar el esfuerzo tributario a aquellos agricultores que no pueden hacerlo de otro modo que a trav\u00e9s de la necesaria rebaja de los m\u00f3dulos, como as\u00ed hemos venido solicitando, es muy bien recibida desde ASAJA Soria.<\/p>\n","protected":false},"excerpt":{"rendered":"<p>La OPA agradece a la Subdelegaci\u00f3n del Gobierno las gestiones realizadas para la consecuci\u00f3n de estas rebajas, as\u00ed como las de a\u00f1os anteriores en nuestra provincia por diversas incidencias climatol\u00f3gicas o situaciones adversas de mercado La Asociaci\u00f3n Agraria de J\u00f3venes Agricultores de Soria (ASAJA) ha recibido de manera positiva la solicitada reducci\u00f3n de los \u00edndices [&hellip;]<\/p>\n","protected":false},"author":12,"featured_media":2749,"comment_status":"open","ping_status":"open","sticky":false,"template":"","format":"standard","meta":{"footnotes":""},"categories":[10,25],"tags":[],"yoast_head":"<!-- This site is optimized with the Yoast SEO plugin v24.5 - https:\/\/yoast.com\/wordpress\/plugins\/seo\/ -->\n<title>ASAJA Soria da la bienvenida a la reducci\u00f3n de m\u00f3dulos fiscales para el campo provincial - ASAJA Soria<\/title>\n<meta name=\"description\" content=\"La OPA agradece a la Subdelegaci\u00f3n del Gobierno las gestiones realizadas para la consecuci\u00f3n de estas rebajas, as\u00ed como las de a\u00f1os anteriores en nuestra\" \/>\n<meta name=\"robots\" content=\"index, follow, max-snippet:-1, max-image-preview:large, max-video-preview:-1\" \/>\n<link rel=\"canonical\" href=\"https:\/\/www.asajacyl.com\/soria\/asaja-soria-informa\/asaja-soria-da-la-bienvenida-a-la-reduccion-de-modulos-fiscales-para-el-campo-provincial\" \/>\n<meta property=\"og:locale\" content=\"es_ES\" \/>\n<meta property=\"og:type\" content=\"article\" \/>\n<meta property=\"og:title\" content=\"ASAJA Soria da la bienvenida a la reducci\u00f3n de m\u00f3dulos fiscales para el campo provincial - ASAJA Soria\" \/>\n<meta property=\"og:description\" content=\"La OPA agradece a la Subdelegaci\u00f3n del Gobierno las gestiones realizadas para la consecuci\u00f3n de estas rebajas, as\u00ed como las de a\u00f1os anteriores en nuestra\" \/>\n<meta property=\"og:url\" content=\"https:\/\/www.asajacyl.com\/soria\/asaja-soria-informa\/asaja-soria-da-la-bienvenida-a-la-reduccion-de-modulos-fiscales-para-el-campo-provincial\" \/>\n<meta property=\"og:site_name\" content=\"ASAJA Soria\" \/>\n<meta property=\"article:published_time\" content=\"2022-05-11T09:21:40+00:00\" \/>\n<meta property=\"article:modified_time\" content=\"2022-05-11T09:26:14+00:00\" \/>\n<meta property=\"og:image\" content=\"https:\/\/www.asajacyl.com\/soria\/wp-content\/uploads\/sites\/9\/2020\/02\/pedrisc3-768x1024.jpg\" \/>\n\t<meta property=\"og:image:width\" content=\"768\" \/>\n\t<meta property=\"og:image:height\" content=\"1024\" \/>\n\t<meta property=\"og:image:type\" content=\"image\/jpeg\" \/>\n<meta name=\"author\" content=\"Juan Ignacio Prieto Nieto\" \/>\n<meta name=\"twitter:card\" content=\"summary_large_image\" \/>\n<meta name=\"twitter:label1\" content=\"Escrito por\" \/>\n\t<meta name=\"twitter:data1\" content=\"Juan Ignacio Prieto Nieto\" \/>\n\t<meta name=\"twitter:label2\" content=\"Tiempo de lectura\" \/>\n\t<meta name=\"twitter:data2\" content=\"3 minutos\" \/>\n<script type=\"application\/ld+json\" class=\"yoast-schema-graph\">{\"@context\":\"https:\/\/schema.org\",\"@graph\":[{\"@type\":\"WebPage\",\"@id\":\"https:\/\/www.asajacyl.com\/soria\/asaja-soria-informa\/asaja-soria-da-la-bienvenida-a-la-reduccion-de-modulos-fiscales-para-el-campo-provincial\",\"url\":\"https:\/\/www.asajacyl.com\/soria\/asaja-soria-informa\/asaja-soria-da-la-bienvenida-a-la-reduccion-de-modulos-fiscales-para-el-campo-provincial\",\"name\":\"ASAJA Soria da la bienvenida a la reducci\u00f3n de m\u00f3dulos fiscales para el campo provincial - ASAJA Soria\",\"isPartOf\":{\"@id\":\"https:\/\/www.asajacyl.com\/soria\/#website\"},\"primaryImageOfPage\":{\"@id\":\"https:\/\/www.asajacyl.com\/soria\/asaja-soria-informa\/asaja-soria-da-la-bienvenida-a-la-reduccion-de-modulos-fiscales-para-el-campo-provincial#primaryimage\"},\"image\":{\"@id\":\"https:\/\/www.asajacyl.com\/soria\/asaja-soria-informa\/asaja-soria-da-la-bienvenida-a-la-reduccion-de-modulos-fiscales-para-el-campo-provincial#primaryimage\"},\"thumbnailUrl\":\"https:\/\/www.asajacyl.com\/soria\/wp-content\/uploads\/sites\/9\/2020\/02\/pedrisc3.jpg\",\"datePublished\":\"2022-05-11T09:21:40+00:00\",\"dateModified\":\"2022-05-11T09:26:14+00:00\",\"author\":{\"@id\":\"https:\/\/www.asajacyl.com\/soria\/#\/schema\/person\/fd3081c40255119ce8133b87e6aedfab\"},\"description\":\"La OPA agradece a la Subdelegaci\u00f3n del Gobierno las gestiones realizadas para la consecuci\u00f3n de estas rebajas, as\u00ed como las de a\u00f1os anteriores en nuestra\",\"breadcrumb\":{\"@id\":\"https:\/\/www.asajacyl.com\/soria\/asaja-soria-informa\/asaja-soria-da-la-bienvenida-a-la-reduccion-de-modulos-fiscales-para-el-campo-provincial#breadcrumb\"},\"inLanguage\":\"es\",\"potentialAction\":[{\"@type\":\"ReadAction\",\"target\":[\"https:\/\/www.asajacyl.com\/soria\/asaja-soria-informa\/asaja-soria-da-la-bienvenida-a-la-reduccion-de-modulos-fiscales-para-el-campo-provincial\"]}]},{\"@type\":\"ImageObject\",\"inLanguage\":\"es\",\"@id\":\"https:\/\/www.asajacyl.com\/soria\/asaja-soria-informa\/asaja-soria-da-la-bienvenida-a-la-reduccion-de-modulos-fiscales-para-el-campo-provincial#primaryimage\",\"url\":\"https:\/\/www.asajacyl.com\/soria\/wp-content\/uploads\/sites\/9\/2020\/02\/pedrisc3.jpg\",\"contentUrl\":\"https:\/\/www.asajacyl.com\/soria\/wp-content\/uploads\/sites\/9\/2020\/02\/pedrisc3.jpg\",\"width\":1628,\"height\":2171},{\"@type\":\"BreadcrumbList\",\"@id\":\"https:\/\/www.asajacyl.com\/soria\/asaja-soria-informa\/asaja-soria-da-la-bienvenida-a-la-reduccion-de-modulos-fiscales-para-el-campo-provincial#breadcrumb\",\"itemListElement\":[{\"@type\":\"ListItem\",\"position\":1,\"name\":\"Portada\",\"item\":\"https:\/\/www.asajacyl.com\/soria\/\"},{\"@type\":\"ListItem\",\"position\":2,\"name\":\"ASAJA Soria da la bienvenida a la reducci\u00f3n de m\u00f3dulos fiscales para el campo provincial\"}]},{\"@type\":\"WebSite\",\"@id\":\"https:\/\/www.asajacyl.com\/soria\/#website\",\"url\":\"https:\/\/www.asajacyl.com\/soria\/\",\"name\":\"ASAJA Soria\",\"description\":\"Otro sitio m\u00e1s de Provincias ASAJA Castilla y Le\u00f3n\",\"potentialAction\":[{\"@type\":\"SearchAction\",\"target\":{\"@type\":\"EntryPoint\",\"urlTemplate\":\"https:\/\/www.asajacyl.com\/soria\/?s={search_term_string}\"},\"query-input\":{\"@type\":\"PropertyValueSpecification\",\"valueRequired\":true,\"valueName\":\"search_term_string\"}}],\"inLanguage\":\"es\"},{\"@type\":\"Person\",\"@id\":\"https:\/\/www.asajacyl.com\/soria\/#\/schema\/person\/fd3081c40255119ce8133b87e6aedfab\",\"name\":\"Juan Ignacio Prieto Nieto\",\"image\":{\"@type\":\"ImageObject\",\"inLanguage\":\"es\",\"@id\":\"https:\/\/www.asajacyl.com\/soria\/#\/schema\/person\/image\/\",\"url\":\"https:\/\/secure.gravatar.com\/avatar\/8266b36e4d9001acb4700699a2468dc8?s=96&d=mm&r=g\",\"contentUrl\":\"https:\/\/secure.gravatar.com\/avatar\/8266b36e4d9001acb4700699a2468dc8?s=96&d=mm&r=g\",\"caption\":\"Juan Ignacio Prieto Nieto\"},\"url\":\"https:\/\/www.asajacyl.com\/soria\/author\/juanfranciscoby\"}]}<\/script>\n<!-- \/ Yoast SEO plugin. -->","yoast_head_json":{"title":"ASAJA Soria da la bienvenida a la reducci\u00f3n de m\u00f3dulos fiscales para el campo provincial - ASAJA Soria","description":"La OPA agradece a la Subdelegaci\u00f3n del Gobierno las gestiones realizadas para la consecuci\u00f3n de estas rebajas, as\u00ed como las de a\u00f1os anteriores en nuestra","robots":{"index":"index","follow":"follow","max-snippet":"max-snippet:-1","max-image-preview":"max-image-preview:large","max-video-preview":"max-video-preview:-1"},"canonical":"https:\/\/www.asajacyl.com\/soria\/asaja-soria-informa\/asaja-soria-da-la-bienvenida-a-la-reduccion-de-modulos-fiscales-para-el-campo-provincial","og_locale":"es_ES","og_type":"article","og_title":"ASAJA Soria da la bienvenida a la reducci\u00f3n de m\u00f3dulos fiscales para el campo provincial - ASAJA Soria","og_description":"La OPA agradece a la Subdelegaci\u00f3n del Gobierno las gestiones realizadas para la consecuci\u00f3n de estas rebajas, as\u00ed como las de a\u00f1os anteriores en nuestra","og_url":"https:\/\/www.asajacyl.com\/soria\/asaja-soria-informa\/asaja-soria-da-la-bienvenida-a-la-reduccion-de-modulos-fiscales-para-el-campo-provincial","og_site_name":"ASAJA Soria","article_published_time":"2022-05-11T09:21:40+00:00","article_modified_time":"2022-05-11T09:26:14+00:00","og_image":[{"width":768,"height":1024,"url":"https:\/\/www.asajacyl.com\/soria\/wp-content\/uploads\/sites\/9\/2020\/02\/pedrisc3-768x1024.jpg","type":"image\/jpeg"}],"author":"Juan Ignacio Prieto Nieto","twitter_card":"summary_large_image","twitter_misc":{"Escrito por":"Juan Ignacio Prieto Nieto","Tiempo de lectura":"3 minutos"},"schema":{"@context":"https:\/\/schema.org","@graph":[{"@type":"WebPage","@id":"https:\/\/www.asajacyl.com\/soria\/asaja-soria-informa\/asaja-soria-da-la-bienvenida-a-la-reduccion-de-modulos-fiscales-para-el-campo-provincial","url":"https:\/\/www.asajacyl.com\/soria\/asaja-soria-informa\/asaja-soria-da-la-bienvenida-a-la-reduccion-de-modulos-fiscales-para-el-campo-provincial","name":"ASAJA Soria da la bienvenida a la reducci\u00f3n de m\u00f3dulos fiscales para el campo provincial - ASAJA Soria","isPartOf":{"@id":"https:\/\/www.asajacyl.com\/soria\/#website"},"primaryImageOfPage":{"@id":"https:\/\/www.asajacyl.com\/soria\/asaja-soria-informa\/asaja-soria-da-la-bienvenida-a-la-reduccion-de-modulos-fiscales-para-el-campo-provincial#primaryimage"},"image":{"@id":"https:\/\/www.asajacyl.com\/soria\/asaja-soria-informa\/asaja-soria-da-la-bienvenida-a-la-reduccion-de-modulos-fiscales-para-el-campo-provincial#primaryimage"},"thumbnailUrl":"https:\/\/www.asajacyl.com\/soria\/wp-content\/uploads\/sites\/9\/2020\/02\/pedrisc3.jpg","datePublished":"2022-05-11T09:21:40+00:00","dateModified":"2022-05-11T09:26:14+00:00","author":{"@id":"https:\/\/www.asajacyl.com\/soria\/#\/schema\/person\/fd3081c40255119ce8133b87e6aedfab"},"description":"La OPA agradece a la Subdelegaci\u00f3n del Gobierno las gestiones realizadas para la consecuci\u00f3n de estas rebajas, as\u00ed como las de a\u00f1os anteriores en nuestra","breadcrumb":{"@id":"https:\/\/www.asajacyl.com\/soria\/asaja-soria-informa\/asaja-soria-da-la-bienvenida-a-la-reduccion-de-modulos-fiscales-para-el-campo-provincial#breadcrumb"},"inLanguage":"es","potentialAction":[{"@type":"ReadAction","target":["https:\/\/www.asajacyl.com\/soria\/asaja-soria-informa\/asaja-soria-da-la-bienvenida-a-la-reduccion-de-modulos-fiscales-para-el-campo-provincial"]}]},{"@type":"ImageObject","inLanguage":"es","@id":"https:\/\/www.asajacyl.com\/soria\/asaja-soria-informa\/asaja-soria-da-la-bienvenida-a-la-reduccion-de-modulos-fiscales-para-el-campo-provincial#primaryimage","url":"https:\/\/www.asajacyl.com\/soria\/wp-content\/uploads\/sites\/9\/2020\/02\/pedrisc3.jpg","contentUrl":"https:\/\/www.asajacyl.com\/soria\/wp-content\/uploads\/sites\/9\/2020\/02\/pedrisc3.jpg","width":1628,"height":2171},{"@type":"BreadcrumbList","@id":"https:\/\/www.asajacyl.com\/soria\/asaja-soria-informa\/asaja-soria-da-la-bienvenida-a-la-reduccion-de-modulos-fiscales-para-el-campo-provincial#breadcrumb","itemListElement":[{"@type":"ListItem","position":1,"name":"Portada","item":"https:\/\/www.asajacyl.com\/soria\/"},{"@type":"ListItem","position":2,"name":"ASAJA Soria da la bienvenida a la reducci\u00f3n de m\u00f3dulos fiscales para el campo provincial"}]},{"@type":"WebSite","@id":"https:\/\/www.asajacyl.com\/soria\/#website","url":"https:\/\/www.asajacyl.com\/soria\/","name":"ASAJA Soria","description":"Otro sitio m\u00e1s de Provincias ASAJA Castilla y Le\u00f3n","potentialAction":[{"@type":"SearchAction","target":{"@type":"EntryPoint","urlTemplate":"https:\/\/www.asajacyl.com\/soria\/?s={search_term_string}"},"query-input":{"@type":"PropertyValueSpecification","valueRequired":true,"valueName":"search_term_string"}}],"inLanguage":"es"},{"@type":"Person","@id":"https:\/\/www.asajacyl.com\/soria\/#\/schema\/person\/fd3081c40255119ce8133b87e6aedfab","name":"Juan Ignacio Prieto Nieto","image":{"@type":"ImageObject","inLanguage":"es","@id":"https:\/\/www.asajacyl.com\/soria\/#\/schema\/person\/image\/","url":"https:\/\/secure.gravatar.com\/avatar\/8266b36e4d9001acb4700699a2468dc8?s=96&d=mm&r=g","contentUrl":"https:\/\/secure.gravatar.com\/avatar\/8266b36e4d9001acb4700699a2468dc8?s=96&d=mm&r=g","caption":"Juan Ignacio Prieto Nieto"},"url":"https:\/\/www.asajacyl.com\/soria\/author\/juanfranciscoby"}]}},"_links":{"self":[{"href":"https:\/\/www.asajacyl.com\/soria\/wp-json\/wp\/v2\/posts\/5601"}],"collection":[{"href":"https:\/\/www.asajacyl.com\/soria\/wp-json\/wp\/v2\/posts"}],"about":[{"href":"https:\/\/www.asajacyl.com\/soria\/wp-json\/wp\/v2\/types\/post"}],"author":[{"embeddable":true,"href":"https:\/\/www.asajacyl.com\/soria\/wp-json\/wp\/v2\/users\/12"}],"replies":[{"embeddable":true,"href":"https:\/\/www.asajacyl.com\/soria\/wp-json\/wp\/v2\/comments?post=5601"}],"version-history":[{"count":1,"href":"https:\/\/www.asajacyl.com\/soria\/wp-json\/wp\/v2\/posts\/5601\/revisions"}],"predecessor-version":[{"id":5602,"href":"https:\/\/www.asajacyl.com\/soria\/wp-json\/wp\/v2\/posts\/5601\/revisions\/5602"}],"wp:featuredmedia":[{"embeddable":true,"href":"https:\/\/www.asajacyl.com\/soria\/wp-json\/wp\/v2\/media\/2749"}],"wp:attachment":[{"href":"https:\/\/www.asajacyl.com\/soria\/wp-json\/wp\/v2\/media?parent=5601"}],"wp:term":[{"taxonomy":"category","embeddable":true,"href":"https:\/\/www.asajacyl.com\/soria\/wp-json\/wp\/v2\/categories?post=5601"},{"taxonomy":"post_tag","embeddable":true,"href":"https:\/\/www.asajacyl.com\/soria\/wp-json\/wp\/v2\/tags?post=5601"}],"curies":[{"name":"wp","href":"https:\/\/api.w.org\/{rel}","templated":true}]}}