{"id":5604,"date":"2022-05-19T09:24:02","date_gmt":"2022-05-19T07:24:02","guid":{"rendered":"https:\/\/www.asajacyl.com\/soria\/?p=5604"},"modified":"2022-05-19T09:24:57","modified_gmt":"2022-05-19T07:24:57","slug":"asaja-soria-celebro-su-asamblea-general-con-la-vista-puesta-en-la-situacion-de-los-mercados-y-precios","status":"publish","type":"post","link":"https:\/\/www.asajacyl.com\/soria\/asaja-soria-informa\/asaja-soria-celebro-su-asamblea-general-con-la-vista-puesta-en-la-situacion-de-los-mercados-y-precios","title":{"rendered":"ASAJA Soria celebr\u00f3 su asamblea general con la vista puesta en la situaci\u00f3n de los mercados y precios"},"content":{"rendered":"\n<h2><em>El Sal\u00f3n de Actos del Campus Universitario de Los Pajaritos fue el escenario de un congreso en el que se analizaron las <\/em><em>perspectivas para el futuro en el campo<\/em><em> \u00a0<\/em><\/h2>\n<p>ASAJA Soria celebr\u00f3 el jueves 12 de mayo su asamblea general anual en el sal\u00f3n de actos del Campus de la Universidad de Valladolid en Soria capital. En esta ocasi\u00f3n no tocaba renovaci\u00f3n de cargos. La asamblea, de manera extraordinaria, cont\u00f3 este a\u00f1o con dos partes bien diferenciadas. Por un lado, arranc\u00f3 con la lectura y aprobaci\u00f3n del acta anterior y el balance sindical. A continuaci\u00f3n, empez\u00f3 la segunda parte, dedicada especialmente a la extraordinaria situaci\u00f3n derivada de la guerra de Ucrania y la crisis de las materias primas por la pandemia. En esta parte tomaron protagonismo el presidente nacional de ASAJA, Pedro Barato, y el presidente de ASAJA de Castilla y Le\u00f3n, Donaciano Dujo. Y se cont\u00f3 con la participaci\u00f3n de prestigiosos analistas internacionales de mercados agrarios que ofrecieron informaci\u00f3n de primera mano sobre la perspectiva de precios; concretamente Carlos Ruiz Vivancos, que es director comercial de <em>Trading<\/em> de Cefetra Ib\u00e9rica, empresa filial del grupo alem\u00e1n BayWa, de origen cooperativo, l\u00edder en la \u2018originaci\u00f3n\u2019 y distribuci\u00f3n de materias primas agroalimentarias con m\u00e1s de 18.000 trabajadores repartidos en 40 pa\u00edses y que opera principalmente desde el puerto de Rotterdam.<\/p>\n<p>Con este nuevo formato, ASAJA Soria quiso poner el foco en la compleja situaci\u00f3n por el encarecimiento de las materias primas y el alza de precios y a la vez tratar de ofrecer una perspectiva de la situaci\u00f3n para el futuro pr\u00f3ximo y una base de discusi\u00f3n y reflexi\u00f3n interna de esta organizaci\u00f3n profesional agraria para encaminar su actividad sindical.<\/p>\n<p>En estos momentos de tribulaciones en muchos \u00e1mbitos de la vida econ\u00f3mica, social y pol\u00edtica, ASAJA Soria se ha convertido una vez m\u00e1s en una organizaci\u00f3n que trabaja para que sus asociados tengan la mejor informaci\u00f3n y defensa posible para continuar su labor en el campo. Y eso qued\u00f3 demostrado una vez m\u00e1s en la asamblea de 2022, con una nueva exhibici\u00f3n de unidad entre los socios asistentes, y en una clausura a la que no faltaron la delegada del Gobierno en Castilla y Le\u00f3n, Virginia Barcones, el subdelegado del Gobierno en Soria, Miguel Latorre, y la delegada territorial de la Junta, Yolanda de Gregorio, entre otras muchas m\u00e1s autoridades y otros responsables de instituciones, empresas y entidades relacionadas con el sector primario; adem\u00e1s de la presencia del m\u00e1ximo responsable de ASAJA en la provincia de \u00c1vila y vicepresidente regional de la OPA, Joaqu\u00edn Antonio Pino.<\/p>\n<p><img loading=\"lazy\" decoding=\"async\" class=\"aligncenter size-full wp-image-5605\" src=\"https:\/\/www.asajacyl.com\/soria\/wp-content\/uploads\/sites\/9\/2022\/05\/IMG_4280.jpg\" alt=\"\" width=\"2500\" height=\"1875\" srcset=\"https:\/\/www.asajacyl.com\/soria\/wp-content\/uploads\/sites\/9\/2022\/05\/IMG_4280.jpg 2500w, https:\/\/www.asajacyl.com\/soria\/wp-content\/uploads\/sites\/9\/2022\/05\/IMG_4280-300x225.jpg 300w, https:\/\/www.asajacyl.com\/soria\/wp-content\/uploads\/sites\/9\/2022\/05\/IMG_4280-1024x768.jpg 1024w, https:\/\/www.asajacyl.com\/soria\/wp-content\/uploads\/sites\/9\/2022\/05\/IMG_4280-768x576.jpg 768w, https:\/\/www.asajacyl.com\/soria\/wp-content\/uploads\/sites\/9\/2022\/05\/IMG_4280-1536x1152.jpg 1536w, https:\/\/www.asajacyl.com\/soria\/wp-content\/uploads\/sites\/9\/2022\/05\/IMG_4280-2048x1536.jpg 2048w, https:\/\/www.asajacyl.com\/soria\/wp-content\/uploads\/sites\/9\/2022\/05\/IMG_4280-696x522.jpg 696w, https:\/\/www.asajacyl.com\/soria\/wp-content\/uploads\/sites\/9\/2022\/05\/IMG_4280-1068x801.jpg 1068w, https:\/\/www.asajacyl.com\/soria\/wp-content\/uploads\/sites\/9\/2022\/05\/IMG_4280-1920x1440.jpg 1920w, https:\/\/www.asajacyl.com\/soria\/wp-content\/uploads\/sites\/9\/2022\/05\/IMG_4280-560x420.jpg 560w, https:\/\/www.asajacyl.com\/soria\/wp-content\/uploads\/sites\/9\/2022\/05\/IMG_4280-80x60.jpg 80w\" sizes=\"(max-width: 2500px) 100vw, 2500px\" \/><\/p>\n<p>En su intervenci\u00f3n inicial, Carmelo G\u00f3mez Sanz, presidente de ASAJA Soria, agradeci\u00f3 el esfuerzo y confianza de todos los socios que se decantan por los t\u00e9cnicos de esta organizaci\u00f3n profesional agraria a la hora de abordar todas sus gestiones relacionadas con el mundo agroganadero. Posteriormente, reconoci\u00f3 que \u201cestamos volcados en conseguir que se agilicen los tr\u00e1mites, se mejoren las infraestructuras, y en la defensa de nuestros intereses ante la nueva PAC\u201d. A la vez, destac\u00f3 la continua actividad de ASAJA Soria con una presencia muy importante; tanto en la calle como en los medios de comunicaci\u00f3n, en las redes sociales, en foros monogr\u00e1ficos y reuniones espec\u00edficas. Un trabajo que, asegura, \u201cse continuar\u00e1 realizando desde la organizaci\u00f3n agraria para defender, apoyar y mejorar el d\u00eda a d\u00eda de todo el sector agroganadero\u201d.<\/p>\n<p><img loading=\"lazy\" decoding=\"async\" class=\"aligncenter size-full wp-image-5608\" src=\"https:\/\/www.asajacyl.com\/soria\/wp-content\/uploads\/sites\/9\/2022\/05\/IMG_4283.jpg\" alt=\"\" width=\"2500\" height=\"1875\" srcset=\"https:\/\/www.asajacyl.com\/soria\/wp-content\/uploads\/sites\/9\/2022\/05\/IMG_4283.jpg 2500w, https:\/\/www.asajacyl.com\/soria\/wp-content\/uploads\/sites\/9\/2022\/05\/IMG_4283-300x225.jpg 300w, https:\/\/www.asajacyl.com\/soria\/wp-content\/uploads\/sites\/9\/2022\/05\/IMG_4283-1024x768.jpg 1024w, https:\/\/www.asajacyl.com\/soria\/wp-content\/uploads\/sites\/9\/2022\/05\/IMG_4283-768x576.jpg 768w, https:\/\/www.asajacyl.com\/soria\/wp-content\/uploads\/sites\/9\/2022\/05\/IMG_4283-1536x1152.jpg 1536w, https:\/\/www.asajacyl.com\/soria\/wp-content\/uploads\/sites\/9\/2022\/05\/IMG_4283-2048x1536.jpg 2048w, https:\/\/www.asajacyl.com\/soria\/wp-content\/uploads\/sites\/9\/2022\/05\/IMG_4283-696x522.jpg 696w, https:\/\/www.asajacyl.com\/soria\/wp-content\/uploads\/sites\/9\/2022\/05\/IMG_4283-1068x801.jpg 1068w, https:\/\/www.asajacyl.com\/soria\/wp-content\/uploads\/sites\/9\/2022\/05\/IMG_4283-1920x1440.jpg 1920w, https:\/\/www.asajacyl.com\/soria\/wp-content\/uploads\/sites\/9\/2022\/05\/IMG_4283-560x420.jpg 560w, https:\/\/www.asajacyl.com\/soria\/wp-content\/uploads\/sites\/9\/2022\/05\/IMG_4283-80x60.jpg 80w\" sizes=\"(max-width: 2500px) 100vw, 2500px\" \/><\/p>\n<p>\u00a0<\/p>\n<p>\u00a0<\/p>\n<p>Carlos Ruiz, el director de <em>Trading<\/em> de Cefetra, centr\u00f3 su ponencia es tratar de perfilar hacia d\u00f3nde va el mercado de materias primas y para ello comenz\u00f3 contextualizando la situaci\u00f3n, con la lupa puesta en la pandemia, los fletes internacionales, los precios del gas, el clima, las tendencias de los fondos de inversi\u00f3n, la demanda mundial de cereales y el aumento exponencial de pol\u00edticas de aprovisionamiento por parte de China. M\u00e1s adelante analiz\u00f3 la evoluci\u00f3n de los mercados de futuros y las preocupaciones actuales como la guerra en Ucrania, las previsiones de pocas lluvias en toda Europa y la situaci\u00f3n de <em>stocks<\/em> mundiales. Adem\u00e1s, se refiri\u00f3 a la oferta y demanda actual de la Pen\u00ednsula Ib\u00e9rica, los flujos de importaciones y no descart\u00f3 que Espa\u00f1a se convierta en un candidato para exportar cebada en los meses de campa\u00f1a si el calor contin\u00faa.<\/p>\n<p><img loading=\"lazy\" decoding=\"async\" class=\"aligncenter size-full wp-image-5610\" src=\"https:\/\/www.asajacyl.com\/soria\/wp-content\/uploads\/sites\/9\/2022\/05\/IMG_4325.jpg\" alt=\"\" width=\"2500\" height=\"1875\" srcset=\"https:\/\/www.asajacyl.com\/soria\/wp-content\/uploads\/sites\/9\/2022\/05\/IMG_4325.jpg 2500w, https:\/\/www.asajacyl.com\/soria\/wp-content\/uploads\/sites\/9\/2022\/05\/IMG_4325-300x225.jpg 300w, https:\/\/www.asajacyl.com\/soria\/wp-content\/uploads\/sites\/9\/2022\/05\/IMG_4325-1024x768.jpg 1024w, https:\/\/www.asajacyl.com\/soria\/wp-content\/uploads\/sites\/9\/2022\/05\/IMG_4325-768x576.jpg 768w, https:\/\/www.asajacyl.com\/soria\/wp-content\/uploads\/sites\/9\/2022\/05\/IMG_4325-1536x1152.jpg 1536w, https:\/\/www.asajacyl.com\/soria\/wp-content\/uploads\/sites\/9\/2022\/05\/IMG_4325-2048x1536.jpg 2048w, https:\/\/www.asajacyl.com\/soria\/wp-content\/uploads\/sites\/9\/2022\/05\/IMG_4325-696x522.jpg 696w, https:\/\/www.asajacyl.com\/soria\/wp-content\/uploads\/sites\/9\/2022\/05\/IMG_4325-1068x801.jpg 1068w, https:\/\/www.asajacyl.com\/soria\/wp-content\/uploads\/sites\/9\/2022\/05\/IMG_4325-1920x1440.jpg 1920w, https:\/\/www.asajacyl.com\/soria\/wp-content\/uploads\/sites\/9\/2022\/05\/IMG_4325-560x420.jpg 560w, https:\/\/www.asajacyl.com\/soria\/wp-content\/uploads\/sites\/9\/2022\/05\/IMG_4325-80x60.jpg 80w\" sizes=\"(max-width: 2500px) 100vw, 2500px\" \/><\/p>\n<p><strong>\u201cSoria no tiene por qu\u00e9 tener solamente un 5 por ciento de regad\u00edo. No hay mejor pol\u00edtica contra la despoblaci\u00f3n que las infraestructuras hidr\u00e1ulicas\u201d<\/strong><\/p>\n<p>Por su parte, el presidente de ASAJA de Castilla y Le\u00f3n, Donaciano Dujo, abord\u00f3 muchos asuntos de gran inter\u00e9s y actualidad del campo. En primer lugar, se refiri\u00f3 a los costes de producci\u00f3n del sector agr\u00edcola y ganadero, que \u201cson muy altos. Sin buena cosecha y precios dignos la rentabilidad de las explotaciones es nula y el sector sabe trabajar, pero le tienen que acompa\u00f1ar el tiempo y los precios\u201d.\u00a0 Adem\u00e1s, pidi\u00f3 que \u201cdespu\u00e9s de estar desde diciembre sin Gobierno regional, la Junta se tiene que poner a a trabajar y tener interlocuci\u00f3n con las Opas para defender a la regi\u00f3n, que es el granero de Espa\u00f1a\u201d.<\/p>\n<p>Dujo tambi\u00e9n coment\u00f3 que es \u201cvital que la cadena alimentaria haga rentable las explotaciones y crear infraestructuras productivas en toda la regi\u00f3n y para la provincia de Soria, que no tiene por qu\u00e9 estar condenada a tener un 5 por ciento de regad\u00edo con respecto del secano cuando la media nacional est\u00e1 en un 23 por ciento. Y que si el Gobierno quiere pol\u00edticas para la poblaci\u00f3n en Soria no hay mejor pol\u00edtica que las infraestructuras hidr\u00e1ulicas\u201d.<\/p>\n<p><img loading=\"lazy\" decoding=\"async\" class=\"aligncenter size-full wp-image-5611\" src=\"https:\/\/www.asajacyl.com\/soria\/wp-content\/uploads\/sites\/9\/2022\/05\/IMG_4352.jpg\" alt=\"\" width=\"2500\" height=\"1875\" srcset=\"https:\/\/www.asajacyl.com\/soria\/wp-content\/uploads\/sites\/9\/2022\/05\/IMG_4352.jpg 2500w, https:\/\/www.asajacyl.com\/soria\/wp-content\/uploads\/sites\/9\/2022\/05\/IMG_4352-300x225.jpg 300w, https:\/\/www.asajacyl.com\/soria\/wp-content\/uploads\/sites\/9\/2022\/05\/IMG_4352-1024x768.jpg 1024w, https:\/\/www.asajacyl.com\/soria\/wp-content\/uploads\/sites\/9\/2022\/05\/IMG_4352-768x576.jpg 768w, https:\/\/www.asajacyl.com\/soria\/wp-content\/uploads\/sites\/9\/2022\/05\/IMG_4352-1536x1152.jpg 1536w, https:\/\/www.asajacyl.com\/soria\/wp-content\/uploads\/sites\/9\/2022\/05\/IMG_4352-2048x1536.jpg 2048w, https:\/\/www.asajacyl.com\/soria\/wp-content\/uploads\/sites\/9\/2022\/05\/IMG_4352-696x522.jpg 696w, https:\/\/www.asajacyl.com\/soria\/wp-content\/uploads\/sites\/9\/2022\/05\/IMG_4352-1068x801.jpg 1068w, https:\/\/www.asajacyl.com\/soria\/wp-content\/uploads\/sites\/9\/2022\/05\/IMG_4352-1920x1440.jpg 1920w, https:\/\/www.asajacyl.com\/soria\/wp-content\/uploads\/sites\/9\/2022\/05\/IMG_4352-560x420.jpg 560w, https:\/\/www.asajacyl.com\/soria\/wp-content\/uploads\/sites\/9\/2022\/05\/IMG_4352-80x60.jpg 80w\" sizes=\"(max-width: 2500px) 100vw, 2500px\" \/><\/p>\n<p>\u00a0<\/p>\n<p><strong>\u201cMejoras en el seguro agrario, mayor reconocimiento para el sector y leyes que se cumplan\u201d<\/strong><\/p>\n<p>Por otro lado, en la intervenci\u00f3n del presidente nacional de ASAJA, Pedro Barato puso el acento en que ASAJA Soria \u201csiempre ha ido un paso por delante, siempre est\u00e1 en la primera posici\u00f3n en cuanto a reivindicaci\u00f3n y defensa del campo; un sector para el que hay que exigir mejoras en el seguro agrario y un mayor reconocimiento a la tarea de los profesionales del agro\u201d. En ese sentido apunt\u00f3 que \u201csi somos esenciales somos esenciales. Para que se fortalezcan los ingresos de ganaderos y agricultores se tienen que cumplir las leyes, como la del pago en 30 d\u00edas o la prohibici\u00f3n de vender por debajo del coste. Como no pongamos medios, la Ley de la Cadena Alimentaria no va a servir para nada\u201d.<\/p>\n<p>Por \u00faltimo, Pedro Barato se mostr\u00f3 preocupado por las agresiones sistem\u00e1ticas al campo que se producen desde dentro del Gobierno de Espa\u00f1a: \u201cNo es de recibo que un ministro ponga en peligro nuestra carne o que se pongan por delante a los animales sobre las personas. Estamos acostumbrados a problemas en nuestras explotaciones como las sequ\u00edas o las heladas, pero es preocupante que los problemas nos lleguen desde el propio Gobierno\u201d, enfatiz\u00f3.<\/p>\n<p><img loading=\"lazy\" decoding=\"async\" class=\"aligncenter size-full wp-image-5612\" src=\"https:\/\/www.asajacyl.com\/soria\/wp-content\/uploads\/sites\/9\/2022\/05\/IMG_4241.jpg\" alt=\"\" width=\"2500\" height=\"1875\" srcset=\"https:\/\/www.asajacyl.com\/soria\/wp-content\/uploads\/sites\/9\/2022\/05\/IMG_4241.jpg 2500w, https:\/\/www.asajacyl.com\/soria\/wp-content\/uploads\/sites\/9\/2022\/05\/IMG_4241-300x225.jpg 300w, https:\/\/www.asajacyl.com\/soria\/wp-content\/uploads\/sites\/9\/2022\/05\/IMG_4241-1024x768.jpg 1024w, https:\/\/www.asajacyl.com\/soria\/wp-content\/uploads\/sites\/9\/2022\/05\/IMG_4241-768x576.jpg 768w, https:\/\/www.asajacyl.com\/soria\/wp-content\/uploads\/sites\/9\/2022\/05\/IMG_4241-1536x1152.jpg 1536w, https:\/\/www.asajacyl.com\/soria\/wp-content\/uploads\/sites\/9\/2022\/05\/IMG_4241-2048x1536.jpg 2048w, https:\/\/www.asajacyl.com\/soria\/wp-content\/uploads\/sites\/9\/2022\/05\/IMG_4241-696x522.jpg 696w, https:\/\/www.asajacyl.com\/soria\/wp-content\/uploads\/sites\/9\/2022\/05\/IMG_4241-1068x801.jpg 1068w, https:\/\/www.asajacyl.com\/soria\/wp-content\/uploads\/sites\/9\/2022\/05\/IMG_4241-1920x1440.jpg 1920w, https:\/\/www.asajacyl.com\/soria\/wp-content\/uploads\/sites\/9\/2022\/05\/IMG_4241-560x420.jpg 560w, https:\/\/www.asajacyl.com\/soria\/wp-content\/uploads\/sites\/9\/2022\/05\/IMG_4241-80x60.jpg 80w\" sizes=\"(max-width: 2500px) 100vw, 2500px\" \/><\/p>\n","protected":false},"excerpt":{"rendered":"<p>El Sal\u00f3n de Actos del Campus Universitario de Los Pajaritos fue el escenario de un congreso en el que se analizaron las perspectivas para el futuro en el campo \u00a0 ASAJA Soria celebr\u00f3 el jueves 12 de mayo su asamblea general anual en el sal\u00f3n de actos del Campus de la Universidad de Valladolid en [&hellip;]<\/p>\n","protected":false},"author":12,"featured_media":5614,"comment_status":"open","ping_status":"open","sticky":false,"template":"","format":"standard","meta":{"footnotes":""},"categories":[10,25],"tags":[],"yoast_head":"<!-- This site is optimized with the Yoast SEO plugin v24.5 - https:\/\/yoast.com\/wordpress\/plugins\/seo\/ -->\n<title>ASAJA Soria celebr\u00f3 su asamblea general con la vista puesta en la situaci\u00f3n de los mercados y precios - ASAJA Soria<\/title>\n<meta name=\"description\" content=\"El Sal\u00f3n de Actos del Campus Universitario de Los Pajaritos fue el escenario de un congreso en el que se analizaron las perspectivas para el futuro en el\" \/>\n<meta name=\"robots\" content=\"index, follow, max-snippet:-1, max-image-preview:large, max-video-preview:-1\" \/>\n<link rel=\"canonical\" href=\"https:\/\/www.asajacyl.com\/soria\/asaja-soria-informa\/asaja-soria-celebro-su-asamblea-general-con-la-vista-puesta-en-la-situacion-de-los-mercados-y-precios\" \/>\n<meta property=\"og:locale\" content=\"es_ES\" \/>\n<meta property=\"og:type\" content=\"article\" \/>\n<meta property=\"og:title\" content=\"ASAJA Soria celebr\u00f3 su asamblea general con la vista puesta en la situaci\u00f3n de los mercados y precios - ASAJA Soria\" \/>\n<meta property=\"og:description\" content=\"El Sal\u00f3n de Actos del Campus Universitario de Los Pajaritos fue el escenario de un congreso en el que se analizaron las perspectivas para el futuro en el\" \/>\n<meta property=\"og:url\" content=\"https:\/\/www.asajacyl.com\/soria\/asaja-soria-informa\/asaja-soria-celebro-su-asamblea-general-con-la-vista-puesta-en-la-situacion-de-los-mercados-y-precios\" \/>\n<meta property=\"og:site_name\" content=\"ASAJA Soria\" \/>\n<meta property=\"article:published_time\" content=\"2022-05-19T07:24:02+00:00\" \/>\n<meta property=\"article:modified_time\" content=\"2022-05-19T07:24:57+00:00\" \/>\n<meta property=\"og:image\" content=\"https:\/\/www.asajacyl.com\/soria\/wp-content\/uploads\/sites\/9\/2022\/05\/IMG_4284.jpg\" \/>\n\t<meta property=\"og:image:width\" content=\"2500\" \/>\n\t<meta property=\"og:image:height\" content=\"1875\" \/>\n\t<meta property=\"og:image:type\" content=\"image\/jpeg\" \/>\n<meta name=\"author\" content=\"Juan Ignacio Prieto Nieto\" \/>\n<meta name=\"twitter:card\" content=\"summary_large_image\" \/>\n<meta name=\"twitter:label1\" content=\"Escrito por\" \/>\n\t<meta name=\"twitter:data1\" content=\"Juan Ignacio Prieto Nieto\" \/>\n\t<meta name=\"twitter:label2\" content=\"Tiempo de lectura\" \/>\n\t<meta name=\"twitter:data2\" content=\"7 minutos\" \/>\n<script type=\"application\/ld+json\" class=\"yoast-schema-graph\">{\"@context\":\"https:\/\/schema.org\",\"@graph\":[{\"@type\":\"WebPage\",\"@id\":\"https:\/\/www.asajacyl.com\/soria\/asaja-soria-informa\/asaja-soria-celebro-su-asamblea-general-con-la-vista-puesta-en-la-situacion-de-los-mercados-y-precios\",\"url\":\"https:\/\/www.asajacyl.com\/soria\/asaja-soria-informa\/asaja-soria-celebro-su-asamblea-general-con-la-vista-puesta-en-la-situacion-de-los-mercados-y-precios\",\"name\":\"ASAJA Soria celebr\u00f3 su asamblea general con la vista puesta en la situaci\u00f3n de los mercados y precios - ASAJA Soria\",\"isPartOf\":{\"@id\":\"https:\/\/www.asajacyl.com\/soria\/#website\"},\"primaryImageOfPage\":{\"@id\":\"https:\/\/www.asajacyl.com\/soria\/asaja-soria-informa\/asaja-soria-celebro-su-asamblea-general-con-la-vista-puesta-en-la-situacion-de-los-mercados-y-precios#primaryimage\"},\"image\":{\"@id\":\"https:\/\/www.asajacyl.com\/soria\/asaja-soria-informa\/asaja-soria-celebro-su-asamblea-general-con-la-vista-puesta-en-la-situacion-de-los-mercados-y-precios#primaryimage\"},\"thumbnailUrl\":\"https:\/\/www.asajacyl.com\/soria\/wp-content\/uploads\/sites\/9\/2022\/05\/IMG_4284.jpg\",\"datePublished\":\"2022-05-19T07:24:02+00:00\",\"dateModified\":\"2022-05-19T07:24:57+00:00\",\"author\":{\"@id\":\"https:\/\/www.asajacyl.com\/soria\/#\/schema\/person\/fd3081c40255119ce8133b87e6aedfab\"},\"description\":\"El Sal\u00f3n de Actos del Campus Universitario de Los Pajaritos fue el escenario de un congreso en el que se analizaron las perspectivas para el futuro en el\",\"breadcrumb\":{\"@id\":\"https:\/\/www.asajacyl.com\/soria\/asaja-soria-informa\/asaja-soria-celebro-su-asamblea-general-con-la-vista-puesta-en-la-situacion-de-los-mercados-y-precios#breadcrumb\"},\"inLanguage\":\"es\",\"potentialAction\":[{\"@type\":\"ReadAction\",\"target\":[\"https:\/\/www.asajacyl.com\/soria\/asaja-soria-informa\/asaja-soria-celebro-su-asamblea-general-con-la-vista-puesta-en-la-situacion-de-los-mercados-y-precios\"]}]},{\"@type\":\"ImageObject\",\"inLanguage\":\"es\",\"@id\":\"https:\/\/www.asajacyl.com\/soria\/asaja-soria-informa\/asaja-soria-celebro-su-asamblea-general-con-la-vista-puesta-en-la-situacion-de-los-mercados-y-precios#primaryimage\",\"url\":\"https:\/\/www.asajacyl.com\/soria\/wp-content\/uploads\/sites\/9\/2022\/05\/IMG_4284.jpg\",\"contentUrl\":\"https:\/\/www.asajacyl.com\/soria\/wp-content\/uploads\/sites\/9\/2022\/05\/IMG_4284.jpg\",\"width\":2500,\"height\":1875},{\"@type\":\"BreadcrumbList\",\"@id\":\"https:\/\/www.asajacyl.com\/soria\/asaja-soria-informa\/asaja-soria-celebro-su-asamblea-general-con-la-vista-puesta-en-la-situacion-de-los-mercados-y-precios#breadcrumb\",\"itemListElement\":[{\"@type\":\"ListItem\",\"position\":1,\"name\":\"Portada\",\"item\":\"https:\/\/www.asajacyl.com\/soria\/\"},{\"@type\":\"ListItem\",\"position\":2,\"name\":\"ASAJA Soria celebr\u00f3 su asamblea general con la vista puesta en la situaci\u00f3n de los mercados y precios\"}]},{\"@type\":\"WebSite\",\"@id\":\"https:\/\/www.asajacyl.com\/soria\/#website\",\"url\":\"https:\/\/www.asajacyl.com\/soria\/\",\"name\":\"ASAJA Soria\",\"description\":\"Otro sitio m\u00e1s de Provincias ASAJA Castilla y Le\u00f3n\",\"potentialAction\":[{\"@type\":\"SearchAction\",\"target\":{\"@type\":\"EntryPoint\",\"urlTemplate\":\"https:\/\/www.asajacyl.com\/soria\/?s={search_term_string}\"},\"query-input\":{\"@type\":\"PropertyValueSpecification\",\"valueRequired\":true,\"valueName\":\"search_term_string\"}}],\"inLanguage\":\"es\"},{\"@type\":\"Person\",\"@id\":\"https:\/\/www.asajacyl.com\/soria\/#\/schema\/person\/fd3081c40255119ce8133b87e6aedfab\",\"name\":\"Juan Ignacio Prieto Nieto\",\"image\":{\"@type\":\"ImageObject\",\"inLanguage\":\"es\",\"@id\":\"https:\/\/www.asajacyl.com\/soria\/#\/schema\/person\/image\/\",\"url\":\"https:\/\/secure.gravatar.com\/avatar\/8266b36e4d9001acb4700699a2468dc8?s=96&d=mm&r=g\",\"contentUrl\":\"https:\/\/secure.gravatar.com\/avatar\/8266b36e4d9001acb4700699a2468dc8?s=96&d=mm&r=g\",\"caption\":\"Juan Ignacio Prieto Nieto\"},\"url\":\"https:\/\/www.asajacyl.com\/soria\/author\/juanfranciscoby\"}]}<\/script>\n<!-- \/ Yoast SEO plugin. -->","yoast_head_json":{"title":"ASAJA Soria celebr\u00f3 su asamblea general con la vista puesta en la situaci\u00f3n de los mercados y precios - ASAJA Soria","description":"El Sal\u00f3n de Actos del Campus Universitario de Los Pajaritos fue el escenario de un congreso en el que se analizaron las perspectivas para el futuro en el","robots":{"index":"index","follow":"follow","max-snippet":"max-snippet:-1","max-image-preview":"max-image-preview:large","max-video-preview":"max-video-preview:-1"},"canonical":"https:\/\/www.asajacyl.com\/soria\/asaja-soria-informa\/asaja-soria-celebro-su-asamblea-general-con-la-vista-puesta-en-la-situacion-de-los-mercados-y-precios","og_locale":"es_ES","og_type":"article","og_title":"ASAJA Soria celebr\u00f3 su asamblea general con la vista puesta en la situaci\u00f3n de los mercados y precios - ASAJA Soria","og_description":"El Sal\u00f3n de Actos del Campus Universitario de Los Pajaritos fue el escenario de un congreso en el que se analizaron las perspectivas para el futuro en el","og_url":"https:\/\/www.asajacyl.com\/soria\/asaja-soria-informa\/asaja-soria-celebro-su-asamblea-general-con-la-vista-puesta-en-la-situacion-de-los-mercados-y-precios","og_site_name":"ASAJA Soria","article_published_time":"2022-05-19T07:24:02+00:00","article_modified_time":"2022-05-19T07:24:57+00:00","og_image":[{"width":2500,"height":1875,"url":"https:\/\/www.asajacyl.com\/soria\/wp-content\/uploads\/sites\/9\/2022\/05\/IMG_4284.jpg","type":"image\/jpeg"}],"author":"Juan Ignacio Prieto Nieto","twitter_card":"summary_large_image","twitter_misc":{"Escrito por":"Juan Ignacio Prieto Nieto","Tiempo de lectura":"7 minutos"},"schema":{"@context":"https:\/\/schema.org","@graph":[{"@type":"WebPage","@id":"https:\/\/www.asajacyl.com\/soria\/asaja-soria-informa\/asaja-soria-celebro-su-asamblea-general-con-la-vista-puesta-en-la-situacion-de-los-mercados-y-precios","url":"https:\/\/www.asajacyl.com\/soria\/asaja-soria-informa\/asaja-soria-celebro-su-asamblea-general-con-la-vista-puesta-en-la-situacion-de-los-mercados-y-precios","name":"ASAJA Soria celebr\u00f3 su asamblea general con la vista puesta en la situaci\u00f3n de los mercados y precios - ASAJA Soria","isPartOf":{"@id":"https:\/\/www.asajacyl.com\/soria\/#website"},"primaryImageOfPage":{"@id":"https:\/\/www.asajacyl.com\/soria\/asaja-soria-informa\/asaja-soria-celebro-su-asamblea-general-con-la-vista-puesta-en-la-situacion-de-los-mercados-y-precios#primaryimage"},"image":{"@id":"https:\/\/www.asajacyl.com\/soria\/asaja-soria-informa\/asaja-soria-celebro-su-asamblea-general-con-la-vista-puesta-en-la-situacion-de-los-mercados-y-precios#primaryimage"},"thumbnailUrl":"https:\/\/www.asajacyl.com\/soria\/wp-content\/uploads\/sites\/9\/2022\/05\/IMG_4284.jpg","datePublished":"2022-05-19T07:24:02+00:00","dateModified":"2022-05-19T07:24:57+00:00","author":{"@id":"https:\/\/www.asajacyl.com\/soria\/#\/schema\/person\/fd3081c40255119ce8133b87e6aedfab"},"description":"El Sal\u00f3n de Actos del Campus Universitario de Los Pajaritos fue el escenario de un congreso en el que se analizaron las perspectivas para el futuro en el","breadcrumb":{"@id":"https:\/\/www.asajacyl.com\/soria\/asaja-soria-informa\/asaja-soria-celebro-su-asamblea-general-con-la-vista-puesta-en-la-situacion-de-los-mercados-y-precios#breadcrumb"},"inLanguage":"es","potentialAction":[{"@type":"ReadAction","target":["https:\/\/www.asajacyl.com\/soria\/asaja-soria-informa\/asaja-soria-celebro-su-asamblea-general-con-la-vista-puesta-en-la-situacion-de-los-mercados-y-precios"]}]},{"@type":"ImageObject","inLanguage":"es","@id":"https:\/\/www.asajacyl.com\/soria\/asaja-soria-informa\/asaja-soria-celebro-su-asamblea-general-con-la-vista-puesta-en-la-situacion-de-los-mercados-y-precios#primaryimage","url":"https:\/\/www.asajacyl.com\/soria\/wp-content\/uploads\/sites\/9\/2022\/05\/IMG_4284.jpg","contentUrl":"https:\/\/www.asajacyl.com\/soria\/wp-content\/uploads\/sites\/9\/2022\/05\/IMG_4284.jpg","width":2500,"height":1875},{"@type":"BreadcrumbList","@id":"https:\/\/www.asajacyl.com\/soria\/asaja-soria-informa\/asaja-soria-celebro-su-asamblea-general-con-la-vista-puesta-en-la-situacion-de-los-mercados-y-precios#breadcrumb","itemListElement":[{"@type":"ListItem","position":1,"name":"Portada","item":"https:\/\/www.asajacyl.com\/soria\/"},{"@type":"ListItem","position":2,"name":"ASAJA Soria celebr\u00f3 su asamblea general con la vista puesta en la situaci\u00f3n de los mercados y precios"}]},{"@type":"WebSite","@id":"https:\/\/www.asajacyl.com\/soria\/#website","url":"https:\/\/www.asajacyl.com\/soria\/","name":"ASAJA Soria","description":"Otro sitio m\u00e1s de Provincias ASAJA Castilla y Le\u00f3n","potentialAction":[{"@type":"SearchAction","target":{"@type":"EntryPoint","urlTemplate":"https:\/\/www.asajacyl.com\/soria\/?s={search_term_string}"},"query-input":{"@type":"PropertyValueSpecification","valueRequired":true,"valueName":"search_term_string"}}],"inLanguage":"es"},{"@type":"Person","@id":"https:\/\/www.asajacyl.com\/soria\/#\/schema\/person\/fd3081c40255119ce8133b87e6aedfab","name":"Juan Ignacio Prieto Nieto","image":{"@type":"ImageObject","inLanguage":"es","@id":"https:\/\/www.asajacyl.com\/soria\/#\/schema\/person\/image\/","url":"https:\/\/secure.gravatar.com\/avatar\/8266b36e4d9001acb4700699a2468dc8?s=96&d=mm&r=g","contentUrl":"https:\/\/secure.gravatar.com\/avatar\/8266b36e4d9001acb4700699a2468dc8?s=96&d=mm&r=g","caption":"Juan Ignacio Prieto Nieto"},"url":"https:\/\/www.asajacyl.com\/soria\/author\/juanfranciscoby"}]}},"_links":{"self":[{"href":"https:\/\/www.asajacyl.com\/soria\/wp-json\/wp\/v2\/posts\/5604"}],"collection":[{"href":"https:\/\/www.asajacyl.com\/soria\/wp-json\/wp\/v2\/posts"}],"about":[{"href":"https:\/\/www.asajacyl.com\/soria\/wp-json\/wp\/v2\/types\/post"}],"author":[{"embeddable":true,"href":"https:\/\/www.asajacyl.com\/soria\/wp-json\/wp\/v2\/users\/12"}],"replies":[{"embeddable":true,"href":"https:\/\/www.asajacyl.com\/soria\/wp-json\/wp\/v2\/comments?post=5604"}],"version-history":[{"count":3,"href":"https:\/\/www.asajacyl.com\/soria\/wp-json\/wp\/v2\/posts\/5604\/revisions"}],"predecessor-version":[{"id":5616,"href":"https:\/\/www.asajacyl.com\/soria\/wp-json\/wp\/v2\/posts\/5604\/revisions\/5616"}],"wp:featuredmedia":[{"embeddable":true,"href":"https:\/\/www.asajacyl.com\/soria\/wp-json\/wp\/v2\/media\/5614"}],"wp:attachment":[{"href":"https:\/\/www.asajacyl.com\/soria\/wp-json\/wp\/v2\/media?parent=5604"}],"wp:term":[{"taxonomy":"category","embeddable":true,"href":"https:\/\/www.asajacyl.com\/soria\/wp-json\/wp\/v2\/categories?post=5604"},{"taxonomy":"post_tag","embeddable":true,"href":"https:\/\/www.asajacyl.com\/soria\/wp-json\/wp\/v2\/tags?post=5604"}],"curies":[{"name":"wp","href":"https:\/\/api.w.org\/{rel}","templated":true}]}}