{"id":5618,"date":"2022-05-12T18:34:01","date_gmt":"2022-05-12T16:34:01","guid":{"rendered":"https:\/\/www.asajacyl.com\/soria\/?p=5618"},"modified":"2022-05-13T08:31:33","modified_gmt":"2022-05-13T06:31:33","slug":"agraciados-viaje-asamblea-2022","status":"publish","type":"post","link":"https:\/\/www.asajacyl.com\/soria\/servicios-socio\/informes\/agraciados-viaje-asamblea-2022","title":{"rendered":"Agraciados viaje asamblea 2022"},"content":{"rendered":"\n<p>Herederos Jos\u00e9 Salvach\u00faa\u00a0 96<\/p>\n<p>Conrado Mateo Cabrerizo 211<\/p>\n<p>Alfonso Rodrig\u00e1lvarez Velasco 209<\/p>\n<p>Abilio Alonso Cabrejas 1504<\/p>\n<p>El\u00edas Ciria Verde\u00a0 1595<\/p>\n<p>Eugenio Taranc\u00f3n Maj\u00e1n 167<\/p>\n<p>Virgilio Lape\u00f1a Gallego 1834<\/p>\n<p>Fernando Garc\u00e9s Card\u00f3s 763<\/p>\n<p>Esteban Garijo Lape\u00f1a 33<\/p>\n<p>Fco. Jos\u00e9 Ant\u00f3n Ant\u00f3n 917<\/p>\n<p>Jos\u00e9 A. D\u00edez Miguel\u00a0 1682<\/p>\n<p>Ra\u00fal P\u00e9rez Morales\u00a0 2152<\/p>\n<p>Laureano Abad de Vicente\u00a0 2453<\/p>\n<p>Luis Patricio Sanz Larriba\u00a0 2015<\/p>\n<p>Fernando Fuentemilla Rodr\u00edguez\u00a0 1232<\/p>\n<p>Javier Jimeno Jim\u00e9nez\u00a0 2257<\/p>\n<p>Roberto L\u00f3pez Redondo 2595<\/p>\n<p>Abel Mach\u00edn Pe\u00f1a\u00a0 1516<\/p>\n<p>Jaime Angulo Angulo\u00a0 1896<\/p>\n<p>Juan Le\u00f3n de Blas Ayuso\u00a0 1147<\/p>\n<p>Jos\u00e9 Luis Garc\u00eda Egido\u00a0 909<\/p>\n<p>Martina Ord\u00f3\u00f1ez Espinoza\u00a0 1489<\/p>\n<p>\u00c1ngel G\u00f3mara Hern\u00e1ndez\u00a0 1185<\/p>\n<p>Jos\u00e9 Antonio Garc\u00eda Tabernero\u00a0 60<\/p>\n<p>Virgilio Mach\u00edn Garc\u00eda\u00a0 164<\/p>\n<p>Javier Calavia Maj\u00e1n 2090<\/p>\n<p>Santiago Monteagudo Sanz 864<\/p>\n<p>Jos\u00e9 Luis Mart\u00ednez P\u00e9rez\u00a0 1735<\/p>\n<p>Alberto Garc\u00eda Blanco\u00a0 2231<\/p>\n<p>Domingo Larrad Sanz 1919<\/p>\n<p>SUPLENTES:<\/p>\n<p>CB. Hnos. Huerta Moreno\u00a0 915<\/p>\n<p>Eusebio Atienza Redondo\u00a0 348<\/p>\n<p>Eliseo Romero Jim\u00e9nez\u00a0 895<\/p>\n<p>Jos\u00e9 Luis Mart\u00ednez Blasco\u00a0 1108<\/p>\n<p>Isidoro Gil Garc\u00eda\u00a0 1927<\/p>\n<p>Herm\u00f3genes Gil Vel\u00e1zquez\u00a0 2200<\/p>\n<p>Jos\u00e9 A. Ciria Andr\u00e9s\u00a0 27<\/p>\n<p>Santos Sotillos del Cura\u00a0 1646<\/p>\n<p>Luis A. Garc\u00e9s Borque\u00a0 1760<\/p>\n<p>Pedro Enrique Pascual Camacho\u00a0 2339<\/p>\n<p>\u00a0<\/p>\n","protected":false},"excerpt":{"rendered":"<p>Herederos Jos\u00e9 Salvach\u00faa\u00a0 96 Conrado Mateo Cabrerizo 211 Alfonso Rodrig\u00e1lvarez Velasco 209 Abilio Alonso Cabrejas 1504 El\u00edas Ciria Verde\u00a0 1595 Eugenio Taranc\u00f3n Maj\u00e1n 167 Virgilio Lape\u00f1a Gallego 1834 Fernando Garc\u00e9s Card\u00f3s 763 Esteban Garijo Lape\u00f1a 33 Fco. Jos\u00e9 Ant\u00f3n Ant\u00f3n 917 Jos\u00e9 A. D\u00edez Miguel\u00a0 1682 Ra\u00fal P\u00e9rez Morales\u00a0 2152 Laureano Abad de Vicente\u00a0 2453 [&hellip;]<\/p>\n","protected":false},"author":12,"featured_media":293,"comment_status":"open","ping_status":"open","sticky":false,"template":"","format":"standard","meta":{"footnotes":""},"categories":[37,9],"tags":[],"yoast_head":"<!-- This site is optimized with the Yoast SEO plugin v24.5 - https:\/\/yoast.com\/wordpress\/plugins\/seo\/ -->\n<title>Agraciados viaje asamblea 2022 - ASAJA Soria<\/title>\n<meta name=\"description\" content=\"Herederos Jos\u00e9 Salvach\u00faa\u00a0 96 Conrado Mateo Cabrerizo 211 Alfonso Rodrig\u00e1lvarez Velasco 209 Abilio Alonso Cabrejas 1504 El\u00edas Ciria Verde\u00a0 1595 Eugenio\" \/>\n<meta name=\"robots\" content=\"index, follow, max-snippet:-1, max-image-preview:large, max-video-preview:-1\" \/>\n<link rel=\"canonical\" href=\"https:\/\/www.asajacyl.com\/soria\/servicios-socio\/informes\/agraciados-viaje-asamblea-2022\" \/>\n<meta property=\"og:locale\" content=\"es_ES\" \/>\n<meta property=\"og:type\" content=\"article\" \/>\n<meta property=\"og:title\" content=\"Agraciados viaje asamblea 2022 - ASAJA Soria\" \/>\n<meta property=\"og:description\" content=\"Herederos Jos\u00e9 Salvach\u00faa\u00a0 96 Conrado Mateo Cabrerizo 211 Alfonso Rodrig\u00e1lvarez Velasco 209 Abilio Alonso Cabrejas 1504 El\u00edas Ciria Verde\u00a0 1595 Eugenio\" \/>\n<meta property=\"og:url\" content=\"https:\/\/www.asajacyl.com\/soria\/servicios-socio\/informes\/agraciados-viaje-asamblea-2022\" \/>\n<meta property=\"og:site_name\" content=\"ASAJA Soria\" \/>\n<meta property=\"article:published_time\" content=\"2022-05-12T16:34:01+00:00\" \/>\n<meta property=\"article:modified_time\" content=\"2022-05-13T06:31:33+00:00\" \/>\n<meta name=\"author\" content=\"Juan Ignacio Prieto Nieto\" \/>\n<meta name=\"twitter:card\" content=\"summary_large_image\" \/>\n<meta name=\"twitter:label1\" content=\"Escrito por\" \/>\n\t<meta name=\"twitter:data1\" content=\"Juan Ignacio Prieto Nieto\" \/>\n\t<meta name=\"twitter:label2\" content=\"Tiempo de lectura\" \/>\n\t<meta name=\"twitter:data2\" content=\"1 minuto\" \/>\n<script type=\"application\/ld+json\" class=\"yoast-schema-graph\">{\"@context\":\"https:\/\/schema.org\",\"@graph\":[{\"@type\":\"WebPage\",\"@id\":\"https:\/\/www.asajacyl.com\/soria\/servicios-socio\/informes\/agraciados-viaje-asamblea-2022\",\"url\":\"https:\/\/www.asajacyl.com\/soria\/servicios-socio\/informes\/agraciados-viaje-asamblea-2022\",\"name\":\"Agraciados viaje asamblea 2022 - ASAJA Soria\",\"isPartOf\":{\"@id\":\"https:\/\/www.asajacyl.com\/soria\/#website\"},\"primaryImageOfPage\":{\"@id\":\"https:\/\/www.asajacyl.com\/soria\/servicios-socio\/informes\/agraciados-viaje-asamblea-2022#primaryimage\"},\"image\":{\"@id\":\"https:\/\/www.asajacyl.com\/soria\/servicios-socio\/informes\/agraciados-viaje-asamblea-2022#primaryimage\"},\"thumbnailUrl\":\"https:\/\/www.asajacyl.com\/soria\/wp-content\/uploads\/sites\/9\/2017\/11\/im_predefinida_1920x1080.jpg\",\"datePublished\":\"2022-05-12T16:34:01+00:00\",\"dateModified\":\"2022-05-13T06:31:33+00:00\",\"author\":{\"@id\":\"https:\/\/www.asajacyl.com\/soria\/#\/schema\/person\/fd3081c40255119ce8133b87e6aedfab\"},\"description\":\"Herederos Jos\u00e9 Salvach\u00faa\u00a0 96 Conrado Mateo Cabrerizo 211 Alfonso Rodrig\u00e1lvarez Velasco 209 Abilio Alonso Cabrejas 1504 El\u00edas Ciria Verde\u00a0 1595 Eugenio\",\"breadcrumb\":{\"@id\":\"https:\/\/www.asajacyl.com\/soria\/servicios-socio\/informes\/agraciados-viaje-asamblea-2022#breadcrumb\"},\"inLanguage\":\"es\",\"potentialAction\":[{\"@type\":\"ReadAction\",\"target\":[\"https:\/\/www.asajacyl.com\/soria\/servicios-socio\/informes\/agraciados-viaje-asamblea-2022\"]}]},{\"@type\":\"ImageObject\",\"inLanguage\":\"es\",\"@id\":\"https:\/\/www.asajacyl.com\/soria\/servicios-socio\/informes\/agraciados-viaje-asamblea-2022#primaryimage\",\"url\":\"https:\/\/www.asajacyl.com\/soria\/wp-content\/uploads\/sites\/9\/2017\/11\/im_predefinida_1920x1080.jpg\",\"contentUrl\":\"https:\/\/www.asajacyl.com\/soria\/wp-content\/uploads\/sites\/9\/2017\/11\/im_predefinida_1920x1080.jpg\",\"width\":1920,\"height\":1080,\"caption\":\"Logotipo ASAJA Soria\"},{\"@type\":\"BreadcrumbList\",\"@id\":\"https:\/\/www.asajacyl.com\/soria\/servicios-socio\/informes\/agraciados-viaje-asamblea-2022#breadcrumb\",\"itemListElement\":[{\"@type\":\"ListItem\",\"position\":1,\"name\":\"Portada\",\"item\":\"https:\/\/www.asajacyl.com\/soria\/\"},{\"@type\":\"ListItem\",\"position\":2,\"name\":\"Agraciados viaje asamblea 2022\"}]},{\"@type\":\"WebSite\",\"@id\":\"https:\/\/www.asajacyl.com\/soria\/#website\",\"url\":\"https:\/\/www.asajacyl.com\/soria\/\",\"name\":\"ASAJA Soria\",\"description\":\"Otro sitio m\u00e1s de Provincias ASAJA Castilla y Le\u00f3n\",\"potentialAction\":[{\"@type\":\"SearchAction\",\"target\":{\"@type\":\"EntryPoint\",\"urlTemplate\":\"https:\/\/www.asajacyl.com\/soria\/?s={search_term_string}\"},\"query-input\":{\"@type\":\"PropertyValueSpecification\",\"valueRequired\":true,\"valueName\":\"search_term_string\"}}],\"inLanguage\":\"es\"},{\"@type\":\"Person\",\"@id\":\"https:\/\/www.asajacyl.com\/soria\/#\/schema\/person\/fd3081c40255119ce8133b87e6aedfab\",\"name\":\"Juan Ignacio Prieto Nieto\",\"image\":{\"@type\":\"ImageObject\",\"inLanguage\":\"es\",\"@id\":\"https:\/\/www.asajacyl.com\/soria\/#\/schema\/person\/image\/\",\"url\":\"https:\/\/secure.gravatar.com\/avatar\/8266b36e4d9001acb4700699a2468dc8?s=96&d=mm&r=g\",\"contentUrl\":\"https:\/\/secure.gravatar.com\/avatar\/8266b36e4d9001acb4700699a2468dc8?s=96&d=mm&r=g\",\"caption\":\"Juan Ignacio Prieto Nieto\"},\"url\":\"https:\/\/www.asajacyl.com\/soria\/author\/juanfranciscoby\"}]}<\/script>\n<!-- \/ Yoast SEO plugin. -->","yoast_head_json":{"title":"Agraciados viaje asamblea 2022 - ASAJA Soria","description":"Herederos Jos\u00e9 Salvach\u00faa\u00a0 96 Conrado Mateo Cabrerizo 211 Alfonso Rodrig\u00e1lvarez Velasco 209 Abilio Alonso Cabrejas 1504 El\u00edas Ciria Verde\u00a0 1595 Eugenio","robots":{"index":"index","follow":"follow","max-snippet":"max-snippet:-1","max-image-preview":"max-image-preview:large","max-video-preview":"max-video-preview:-1"},"canonical":"https:\/\/www.asajacyl.com\/soria\/servicios-socio\/informes\/agraciados-viaje-asamblea-2022","og_locale":"es_ES","og_type":"article","og_title":"Agraciados viaje asamblea 2022 - ASAJA Soria","og_description":"Herederos Jos\u00e9 Salvach\u00faa\u00a0 96 Conrado Mateo Cabrerizo 211 Alfonso Rodrig\u00e1lvarez Velasco 209 Abilio Alonso Cabrejas 1504 El\u00edas Ciria Verde\u00a0 1595 Eugenio","og_url":"https:\/\/www.asajacyl.com\/soria\/servicios-socio\/informes\/agraciados-viaje-asamblea-2022","og_site_name":"ASAJA Soria","article_published_time":"2022-05-12T16:34:01+00:00","article_modified_time":"2022-05-13T06:31:33+00:00","author":"Juan Ignacio Prieto Nieto","twitter_card":"summary_large_image","twitter_misc":{"Escrito por":"Juan Ignacio Prieto Nieto","Tiempo de lectura":"1 minuto"},"schema":{"@context":"https:\/\/schema.org","@graph":[{"@type":"WebPage","@id":"https:\/\/www.asajacyl.com\/soria\/servicios-socio\/informes\/agraciados-viaje-asamblea-2022","url":"https:\/\/www.asajacyl.com\/soria\/servicios-socio\/informes\/agraciados-viaje-asamblea-2022","name":"Agraciados viaje asamblea 2022 - ASAJA Soria","isPartOf":{"@id":"https:\/\/www.asajacyl.com\/soria\/#website"},"primaryImageOfPage":{"@id":"https:\/\/www.asajacyl.com\/soria\/servicios-socio\/informes\/agraciados-viaje-asamblea-2022#primaryimage"},"image":{"@id":"https:\/\/www.asajacyl.com\/soria\/servicios-socio\/informes\/agraciados-viaje-asamblea-2022#primaryimage"},"thumbnailUrl":"https:\/\/www.asajacyl.com\/soria\/wp-content\/uploads\/sites\/9\/2017\/11\/im_predefinida_1920x1080.jpg","datePublished":"2022-05-12T16:34:01+00:00","dateModified":"2022-05-13T06:31:33+00:00","author":{"@id":"https:\/\/www.asajacyl.com\/soria\/#\/schema\/person\/fd3081c40255119ce8133b87e6aedfab"},"description":"Herederos Jos\u00e9 Salvach\u00faa\u00a0 96 Conrado Mateo Cabrerizo 211 Alfonso Rodrig\u00e1lvarez Velasco 209 Abilio Alonso Cabrejas 1504 El\u00edas Ciria Verde\u00a0 1595 Eugenio","breadcrumb":{"@id":"https:\/\/www.asajacyl.com\/soria\/servicios-socio\/informes\/agraciados-viaje-asamblea-2022#breadcrumb"},"inLanguage":"es","potentialAction":[{"@type":"ReadAction","target":["https:\/\/www.asajacyl.com\/soria\/servicios-socio\/informes\/agraciados-viaje-asamblea-2022"]}]},{"@type":"ImageObject","inLanguage":"es","@id":"https:\/\/www.asajacyl.com\/soria\/servicios-socio\/informes\/agraciados-viaje-asamblea-2022#primaryimage","url":"https:\/\/www.asajacyl.com\/soria\/wp-content\/uploads\/sites\/9\/2017\/11\/im_predefinida_1920x1080.jpg","contentUrl":"https:\/\/www.asajacyl.com\/soria\/wp-content\/uploads\/sites\/9\/2017\/11\/im_predefinida_1920x1080.jpg","width":1920,"height":1080,"caption":"Logotipo ASAJA Soria"},{"@type":"BreadcrumbList","@id":"https:\/\/www.asajacyl.com\/soria\/servicios-socio\/informes\/agraciados-viaje-asamblea-2022#breadcrumb","itemListElement":[{"@type":"ListItem","position":1,"name":"Portada","item":"https:\/\/www.asajacyl.com\/soria\/"},{"@type":"ListItem","position":2,"name":"Agraciados viaje asamblea 2022"}]},{"@type":"WebSite","@id":"https:\/\/www.asajacyl.com\/soria\/#website","url":"https:\/\/www.asajacyl.com\/soria\/","name":"ASAJA Soria","description":"Otro sitio m\u00e1s de Provincias ASAJA Castilla y Le\u00f3n","potentialAction":[{"@type":"SearchAction","target":{"@type":"EntryPoint","urlTemplate":"https:\/\/www.asajacyl.com\/soria\/?s={search_term_string}"},"query-input":{"@type":"PropertyValueSpecification","valueRequired":true,"valueName":"search_term_string"}}],"inLanguage":"es"},{"@type":"Person","@id":"https:\/\/www.asajacyl.com\/soria\/#\/schema\/person\/fd3081c40255119ce8133b87e6aedfab","name":"Juan Ignacio Prieto Nieto","image":{"@type":"ImageObject","inLanguage":"es","@id":"https:\/\/www.asajacyl.com\/soria\/#\/schema\/person\/image\/","url":"https:\/\/secure.gravatar.com\/avatar\/8266b36e4d9001acb4700699a2468dc8?s=96&d=mm&r=g","contentUrl":"https:\/\/secure.gravatar.com\/avatar\/8266b36e4d9001acb4700699a2468dc8?s=96&d=mm&r=g","caption":"Juan Ignacio Prieto Nieto"},"url":"https:\/\/www.asajacyl.com\/soria\/author\/juanfranciscoby"}]}},"_links":{"self":[{"href":"https:\/\/www.asajacyl.com\/soria\/wp-json\/wp\/v2\/posts\/5618"}],"collection":[{"href":"https:\/\/www.asajacyl.com\/soria\/wp-json\/wp\/v2\/posts"}],"about":[{"href":"https:\/\/www.asajacyl.com\/soria\/wp-json\/wp\/v2\/types\/post"}],"author":[{"embeddable":true,"href":"https:\/\/www.asajacyl.com\/soria\/wp-json\/wp\/v2\/users\/12"}],"replies":[{"embeddable":true,"href":"https:\/\/www.asajacyl.com\/soria\/wp-json\/wp\/v2\/comments?post=5618"}],"version-history":[{"count":9,"href":"https:\/\/www.asajacyl.com\/soria\/wp-json\/wp\/v2\/posts\/5618\/revisions"}],"predecessor-version":[{"id":5652,"href":"https:\/\/www.asajacyl.com\/soria\/wp-json\/wp\/v2\/posts\/5618\/revisions\/5652"}],"wp:featuredmedia":[{"embeddable":true,"href":"https:\/\/www.asajacyl.com\/soria\/wp-json\/wp\/v2\/media\/293"}],"wp:attachment":[{"href":"https:\/\/www.asajacyl.com\/soria\/wp-json\/wp\/v2\/media?parent=5618"}],"wp:term":[{"taxonomy":"category","embeddable":true,"href":"https:\/\/www.asajacyl.com\/soria\/wp-json\/wp\/v2\/categories?post=5618"},{"taxonomy":"post_tag","embeddable":true,"href":"https:\/\/www.asajacyl.com\/soria\/wp-json\/wp\/v2\/tags?post=5618"}],"curies":[{"name":"wp","href":"https:\/\/api.w.org\/{rel}","templated":true}]}}