{"id":5620,"date":"2023-04-17T09:16:11","date_gmt":"2023-04-17T07:16:11","guid":{"rendered":"https:\/\/www.asajacyl.com\/soria\/?p=5620"},"modified":"2023-05-04T18:44:55","modified_gmt":"2023-05-04T16:44:55","slug":"recortes-de-prensa-2022-2023","status":"publish","type":"post","link":"https:\/\/www.asajacyl.com\/soria\/servicios-socio\/recortes-de-prensa-2022-2023","title":{"rendered":"Recortes de prensa 2022-2023"},"content":{"rendered":"\n<p><a href=\"https:\/\/www.asajacyl.com\/soria\/wp-content\/uploads\/sites\/9\/2023\/04\/asamblea-asaja.pdf\">asamblea asaja<\/a><\/p>\n<p><a href=\"https:\/\/www.asajacyl.com\/soria\/wp-content\/uploads\/sites\/9\/2023\/04\/Mundo-Agrario.pdf\">Mundo Agrario<\/a><\/p>\n<p><a href=\"https:\/\/www.asajacyl.com\/soria\/wp-content\/uploads\/sites\/9\/2023\/04\/Dossier-prensa-3-mayo.pdf\">Dossier prensa 3 mayo<\/a><\/p>\n<p><a href=\"https:\/\/www.asajacyl.com\/soria\/wp-content\/uploads\/sites\/9\/2023\/04\/Cultum-suplemento-agrario-28-abril.pdf\">Cultum suplemento agrario 28 abril<\/a><\/p>\n<p><a href=\"https:\/\/www.asajacyl.com\/soria\/wp-content\/uploads\/sites\/9\/2023\/04\/REDUCCION-MODULOS.pdf\">REDUCCI\u00d3N M\u00d3DULOS<\/a><\/p>\n<p><a href=\"https:\/\/www.asajacyl.com\/soria\/wp-content\/uploads\/sites\/9\/2023\/04\/Dossier-prensa-26-abril-DESCUENTO-EN-IRPF.pdf\">Dossier prensa 26 abril DESCUENTO EN IRPF<\/a> <a href=\"https:\/\/www.asajacyl.com\/soria\/wp-content\/uploads\/sites\/9\/2023\/04\/RADAR-PREDICCION-LLUVIAS.pdf\">RADAR PREDICCI\u00d3N LLUVIAS<\/a><\/p>\n<p><a href=\"https:\/\/www.asajacyl.com\/soria\/wp-content\/uploads\/sites\/9\/2023\/04\/Dossier-prensa-22-abril-titularidad-compartida.pdf\">Dossier prensa 22 abril titularidad compartida<\/a><\/p>\n<p><a href=\"https:\/\/www.asajacyl.com\/soria\/wp-content\/uploads\/sites\/9\/2023\/04\/Dossier-prensa-21-abril-SECTOR-PIDE-FLEXIBILIDAD-EN-LA-PAC-PARA-GASTAR-MENOS.pdf\">Dossier prensa 21 abril SECTOR PIDE FLEXIBILIDAD EN LA PAC PARA GASTAR MENOS<\/a><\/p>\n<p><a href=\"https:\/\/www.asajacyl.com\/soria\/wp-content\/uploads\/sites\/9\/2023\/04\/Dossier-prensa-19-abril-SEQUIA.pdf\">Dossier prensa 19 abril SEQU\u00cdA<\/a><\/p>\n<p><a href=\"https:\/\/www.asajacyl.com\/soria\/wp-content\/uploads\/sites\/9\/2023\/04\/202304200847-ayudas-fertilizantes.pdf\">202304200847 ayudas fertilizantes<\/a><\/p>\n<p><a href=\"https:\/\/www.asajacyl.com\/soria\/wp-content\/uploads\/sites\/9\/2023\/04\/202304210908-camara-agraria.pdf\">202304210908 c\u00e1mara agraria<\/a><\/p>\n<p><a href=\"https:\/\/www.asajacyl.com\/soria\/wp-content\/uploads\/sites\/9\/2023\/03\/Dossier-prensa-5-abril.pdf\">Dossier prensa 5 abril<\/a><\/p>\n<p><a href=\"https:\/\/www.asajacyl.com\/soria\/wp-content\/uploads\/sites\/9\/2023\/03\/Dossier-prensa-12-abril.pdf\">Dossier prensa 12 abril<\/a><\/p>\n<p><a href=\"https:\/\/www.asajacyl.com\/soria\/wp-content\/uploads\/sites\/9\/2023\/03\/Dossier-prensa-8-abril.pdf\">Dossier prensa 8 abril<\/a><\/p>\n<p><a href=\"https:\/\/www.asajacyl.com\/soria\/wp-content\/uploads\/sites\/9\/2023\/03\/Cultum-suplemento-agrario-14-abril.pdf\">Cultum suplemento agrario 14 abril<\/a><\/p>\n<p><a href=\"https:\/\/www.asajacyl.com\/soria\/wp-content\/uploads\/sites\/9\/2023\/03\/heladas.pdf\">heladas<\/a><\/p>\n<p><a href=\"https:\/\/www.asajacyl.com\/soria\/wp-content\/uploads\/sites\/9\/2023\/03\/pagos-forestales-y-devolucion-gasoleo.pdf\">pagos forestales y devoluci\u00f3n gas\u00f3leo<\/a><\/p>\n<p><a href=\"https:\/\/www.asajacyl.com\/soria\/wp-content\/uploads\/sites\/9\/2023\/03\/Dossier-prensa-28-marzo-intoxicacion.pdf\">Dossier prensa 28 marzo intoxicaci\u00f3n<\/a><\/p>\n<p><a href=\"https:\/\/www.asajacyl.com\/soria\/wp-content\/uploads\/sites\/9\/2023\/03\/Dossier-prensa-26-marzo-entrevista-al-consejero.pdf\">Dossier prensa 26 marzo entrevista al consejero<\/a><\/p>\n<p><a href=\"https:\/\/www.asajacyl.com\/soria\/wp-content\/uploads\/sites\/9\/2023\/03\/Cultum-suplemento-agrario-24-marzo.pdf\">Cultum suplemento agrario 24 marzo<\/a><\/p>\n<p><a href=\"https:\/\/www.asajacyl.com\/soria\/wp-content\/uploads\/sites\/9\/2023\/03\/Mundo-Agrario-20-marzo.pdf\">Mundo Agrario 20 marzo<\/a><\/p>\n<p><a href=\"https:\/\/www.asajacyl.com\/soria\/wp-content\/uploads\/sites\/9\/2023\/03\/Suplemento-Hidrogeno-Verde-20-marzo.pdf\">Suplemento Hidr\u00f3geno Verde 20 marzo<\/a><\/p>\n<p><a href=\"https:\/\/www.asajacyl.com\/soria\/wp-content\/uploads\/sites\/9\/2023\/03\/Dossier-prensa-10-marzo-VINEDO-FONDOS-DE-INVERSION-APICULTURA-MAIZ....pdf\">Dossier prensa 10 marzo VI\u00d1EDO, FONDOS DE INVERSI\u00d3N, APICULTURA, MA\u00cdZ&#8230;<\/a><\/p>\n<p><a href=\"https:\/\/www.asajacyl.com\/soria\/wp-content\/uploads\/sites\/9\/2023\/03\/Cultum-suplemento-agrario-10-marzo-GUERRA-Y-PAC.pdf\">Cultum suplemento agrario 10 marzo GUERRA Y PAC<\/a><\/p>\n<p><a href=\"https:\/\/www.asajacyl.com\/soria\/wp-content\/uploads\/sites\/9\/2023\/03\/La-Junta-empujara-a-los-cotos-con-mas-atropellos-a-equilibrar-la-poblacion-de-corzos.pdf\">La Junta empujar\u00e1 a los cotos con m\u00e1s atropellos a equilibrar la poblaci\u00f3n de corzos<\/a><\/p>\n<p><a href=\"https:\/\/www.asajacyl.com\/soria\/wp-content\/uploads\/sites\/9\/2023\/03\/movimiento-cebaderos-y-renovables.pdf\">movimiento cebaderos y renovables<\/a><\/p>\n<p><a href=\"https:\/\/www.asajacyl.com\/soria\/wp-content\/uploads\/sites\/9\/2023\/03\/entrevista-a-Carmelo-en-el-Heraldo-Diario.pdf\">entrevista a Carmelo en el Heraldo Diario<\/a><\/p>\n<p><a href=\"https:\/\/www.asajacyl.com\/soria\/wp-content\/uploads\/sites\/9\/2023\/03\/LA-JUNTA-EXIGE-MATAR-MAS-CORZAS-A-77-COTOS.pdf\">LA JUNTA EXIGE MATAR M\u00c1S CORZAS A 77 COTOS<\/a><\/p>\n<p><a href=\"https:\/\/www.asajacyl.com\/soria\/wp-content\/uploads\/sites\/9\/2023\/03\/LA-JUNTA-SUSPENDE-LAS-QUEMAS.pdf\">LA JUNTA SUSPENDE LAS QUEMAS<\/a><\/p>\n<p><a href=\"https:\/\/www.asajacyl.com\/soria\/wp-content\/uploads\/sites\/9\/2022\/11\/Dossier-prensa-6-marzo.pdf\">Dossier prensa 6 marzo<\/a><\/p>\n<p><a href=\"https:\/\/www.asajacyl.com\/soria\/wp-content\/uploads\/sites\/9\/2022\/11\/Mundo-Agrario-6-marzo.pdf\">Mundo Agrario 6 marzo<\/a><\/p>\n<p><a href=\"https:\/\/www.asajacyl.com\/soria\/wp-content\/uploads\/sites\/9\/2022\/11\/movimiento-cebaderos-y-renovables.pdf\">movimiento cebaderos y renovables<\/a><\/p>\n<p><a href=\"https:\/\/www.asajacyl.com\/soria\/wp-content\/uploads\/sites\/9\/2022\/11\/PRENSA-16-febrero-23-reduccion-modulos.pdf\">PRENSA 16 febrero 23 reducci\u00f3n m\u00f3dulos<\/a><\/p>\n<p><a href=\"https:\/\/www.asajacyl.com\/soria\/wp-content\/uploads\/sites\/9\/2022\/11\/Dossier-prensa-28-febrero.pdf\">Dossier prensa 28 febrero<\/a><\/p>\n<p><a href=\"https:\/\/www.asajacyl.com\/soria\/wp-content\/uploads\/sites\/9\/2022\/11\/jornada-sector-porcino.pdf\">jornada sector porcino<\/a><\/p>\n<p><a href=\"https:\/\/www.asajacyl.com\/soria\/wp-content\/uploads\/sites\/9\/2022\/11\/202302071249-centro-alimentos-carn-seta.pdf\">202302071249 centro alimentos carne seta<\/a><\/p>\n<p><a href=\"https:\/\/www.asajacyl.com\/soria\/wp-content\/uploads\/sites\/9\/2022\/11\/carne-artificial-y-articulo-de-opinion-Carmelo.pdf\">carne artificial y art\u00edculo de opini\u00f3n Carmelo<\/a><\/p>\n<p><a href=\"https:\/\/www.asajacyl.com\/soria\/wp-content\/uploads\/sites\/9\/2022\/11\/Cultum-suplemento-agrario-27-enero.pdf\">Cultum suplemento agrario 27 enero<\/a><\/p>\n<p><a href=\"https:\/\/www.asajacyl.com\/soria\/wp-content\/uploads\/sites\/9\/2022\/11\/danos.pdf\">da\u00f1os<\/a><\/p>\n<p><a href=\"https:\/\/www.asajacyl.com\/soria\/wp-content\/uploads\/sites\/9\/2022\/11\/voto-anticipado.pdf\">voto anticipado<\/a><\/p>\n<p><a href=\"https:\/\/www.asajacyl.com\/soria\/wp-content\/uploads\/sites\/9\/2022\/11\/prestamos-para-el-sector.pdf\">pr\u00e9stamos para el sector<\/a><\/p>\n<p><a href=\"https:\/\/www.asajacyl.com\/soria\/wp-content\/uploads\/sites\/9\/2022\/11\/Dossier-prensa-12-enero-TUBERCULOSIS.pdf\">Dossier prensa 12 enero TUBERCULOSIS<\/a><\/p>\n<p><a href=\"https:\/\/www.asajacyl.com\/soria\/wp-content\/uploads\/sites\/9\/2022\/11\/Dossier-prensa-11-enero-MENOS-PAC-PETICION-VOTO.pdf\">Dossier prensa 11 enero MENOS PAC PETICI\u00d3N VOTO<\/a><\/p>\n<p><a href=\"https:\/\/www.asajacyl.com\/soria\/wp-content\/uploads\/sites\/9\/2022\/11\/ASAJA-PIDE-AGILIDAD-EN-PAGOS-PAC.pdf\">ASAJA PIDE AGILIDAD EN PAGOS PAC<\/a><\/p>\n<p><a href=\"https:\/\/www.asajacyl.com\/soria\/wp-content\/uploads\/sites\/9\/2022\/11\/Dossier-prensa-14-diciembre.pdf\">Dossier prensa 14 diciembre<\/a><\/p>\n<p><a href=\"https:\/\/www.asajacyl.com\/soria\/wp-content\/uploads\/sites\/9\/2022\/11\/cuaderno.pdf\">cuaderno y eco reg\u00edmenes<\/a><\/p>\n<p><a href=\"https:\/\/www.asajacyl.com\/soria\/wp-content\/uploads\/sites\/9\/2022\/11\/Consejero-apoyo-a-las-opas.pdf\">Consejero apoyo a las opas<\/a><\/p>\n<p><a href=\"https:\/\/www.asajacyl.com\/soria\/wp-content\/uploads\/sites\/9\/2022\/11\/GLIFOSATO-PRORROGA.pdf\">GLIFOSATO PR\u00d3RROGA<\/a><\/p>\n<p><a href=\"https:\/\/www.asajacyl.com\/soria\/wp-content\/uploads\/sites\/9\/2022\/11\/Dossier-prensa-2-diciembre-SEMENTERA.pdf\">Dossier prensa 2 diciembre SEMENTERA<\/a><\/p>\n<p><a href=\"https:\/\/www.asajacyl.com\/soria\/wp-content\/uploads\/sites\/9\/2022\/11\/Cultum-suplemento-agrario-2-diciembre-SEGUROS.pdf\">Cultum suplemento agrario 2 diciembre SEGUROS<\/a><\/p>\n<p><a href=\"https:\/\/www.asajacyl.com\/soria\/wp-content\/uploads\/sites\/9\/2022\/11\/concentracion-29-n-lobo.pdf\">concentraci\u00f3n 29 n lobo<\/a><\/p>\n<p><a href=\"https:\/\/www.asajacyl.com\/soria\/wp-content\/uploads\/sites\/9\/2022\/11\/Mundo-Agrario-28-noviembre.pdf\">Mundo Agrario 28 noviembre<\/a><\/p>\n<p><a href=\"https:\/\/www.asajacyl.com\/soria\/wp-content\/uploads\/sites\/9\/2022\/11\/202211210915-concentracion-asaja.pdf\">202211210915 concentraci\u00f3n asaja<\/a><\/p>\n<p><a href=\"https:\/\/www.asajacyl.com\/soria\/wp-content\/uploads\/sites\/9\/2022\/11\/concentracion-ASAJA-23-n.pdf\">concentraci\u00f3n ASAJA 23 n<\/a><\/p>\n<p><a href=\"https:\/\/www.asajacyl.com\/soria\/wp-content\/uploads\/sites\/9\/2022\/11\/anticipo-Pac.pdf\">anticipo Pac<\/a><\/p>\n<p><a href=\"https:\/\/www.asajacyl.com\/soria\/wp-content\/uploads\/sites\/9\/2022\/11\/Cultum-suplemento-agrario-11-noviembre.pdf\">Cultum suplemento agrario 11 noviembre<\/a><\/p>\n<p><a href=\"https:\/\/www.asajacyl.com\/soria\/wp-content\/uploads\/sites\/9\/2022\/11\/Dossier-prensa-11-noviembre-leguminosas.pdf\">Dossier prensa 11 noviembre leguminosas<\/a><\/p>\n<p><a href=\"https:\/\/www.asajacyl.com\/soria\/wp-content\/uploads\/sites\/9\/2022\/11\/Dossier-prensa-16-noviembre-CONSEJO-AGRARIO.pdf\">Dossier prensa 16 noviembre CONSEJO AGRARIO<\/a><\/p>\n<p><a href=\"https:\/\/www.asajacyl.com\/soria\/wp-content\/uploads\/sites\/9\/2022\/11\/Dossier-prensa-22-noviembre-fertilizantes-Planas.pdf\">Dossier prensa 22 noviembre fertilizantes Planas<\/a><\/p>\n<p><a href=\"https:\/\/www.asajacyl.com\/soria\/wp-content\/uploads\/sites\/9\/2022\/11\/glifosato.pdf\">glifosato<\/a><\/p>\n<p><a href=\"https:\/\/www.asajacyl.com\/soria\/wp-content\/uploads\/sites\/9\/2022\/11\/202210271119-REUNION-SEGUROS-ASAJA.pdf\">202210271119 REUNI\u00d3N SEGUROS ASAJA<\/a><\/p>\n<p><a href=\"https:\/\/www.asajacyl.com\/soria\/wp-content\/uploads\/sites\/9\/2022\/11\/202210250948-ACCIDENTE-CORZOS.pdf\">202210250948 ACCIDENTE CORZOS<\/a><\/p>\n<p><a href=\"https:\/\/www.asajacyl.com\/soria\/wp-content\/uploads\/sites\/9\/2022\/11\/Soriana-al-frente-de-la-CHD.pdf\">Soriana al frente de la CHD<\/a><\/p>\n<p><a href=\"https:\/\/www.asajacyl.com\/soria\/wp-content\/uploads\/sites\/9\/2022\/11\/Cultum-suplemento-agrario-30-septiembre.pdf\">Cultum suplemento agrario 30 septiembre<\/a><\/p>\n<p><a href=\"https:\/\/www.asajacyl.com\/soria\/wp-content\/uploads\/sites\/9\/2022\/11\/charla-ASAJA-en-Almazan.pdf\">charla ASAJA en Almaz\u00e1n<\/a><\/p>\n<p><a href=\"https:\/\/www.asajacyl.com\/soria\/wp-content\/uploads\/sites\/9\/2022\/11\/articulo-de-opinion-de-Carmelo.pdf\">art\u00edculo de opini\u00f3n de Carmelo<\/a><\/p>\n<p><a href=\"https:\/\/www.asajacyl.com\/soria\/wp-content\/uploads\/sites\/9\/2022\/11\/202209010818-PEDRISCO-GIRASOL.pdf\">202209010818 PEDRISCO GIRASOL<\/a><\/p>\n<p><a href=\"https:\/\/www.asajacyl.com\/soria\/wp-content\/uploads\/sites\/9\/2022\/11\/Dossier-prensa-26-agosto-CONTROLES.pdf\">Dossier prensa 26 agosto CONTROLES<\/a><\/p>\n<p><a href=\"https:\/\/www.asajacyl.com\/soria\/wp-content\/uploads\/sites\/9\/2022\/11\/danos-campo-agroseguro-agosto-22.pdf\">da\u00f1os campo agroseguro agosto 22<\/a><\/p>\n<p><a href=\"https:\/\/www.asajacyl.com\/soria\/wp-content\/uploads\/sites\/9\/2022\/11\/opas-pacto-fuegos.pdf\">opas pacto fuegos<\/a><\/p>\n<p><a href=\"https:\/\/www.asajacyl.com\/soria\/wp-content\/uploads\/sites\/9\/2022\/11\/siega-Nepas.pdf\">siega Nepas<\/a><\/p>\n<p><a href=\"https:\/\/www.asajacyl.com\/soria\/wp-content\/uploads\/sites\/9\/2022\/11\/REGADIO-22-AG-22.pdf\">REGAD\u00cdO 22 AG 22<\/a><\/p>\n<p><a href=\"https:\/\/www.asajacyl.com\/soria\/wp-content\/uploads\/sites\/9\/2022\/11\/ASAJA-Soria-impugna-prohibicion-cosecha-Diario-Heraldo.pdf\">ASAJA Soria impugna prohibici\u00f3n cosecha Diario Heraldo<\/a><\/p>\n<p><a href=\"https:\/\/www.asajacyl.com\/soria\/wp-content\/uploads\/sites\/9\/2022\/11\/30-fuegos.pdf\">30 fuegos<\/a><\/p>\n<p><a href=\"https:\/\/www.asajacyl.com\/soria\/wp-content\/uploads\/sites\/9\/2022\/11\/datos-cosecha-ASAJA-SO.pdf\">datos cosecha ASAJA SO<\/a><\/p>\n<p><a href=\"https:\/\/www.asajacyl.com\/soria\/wp-content\/uploads\/sites\/9\/2022\/11\/INCENDIOS-FORESTALES-CYL-DESDE-2000.pdf\">INCENDIOS FORESTALES CYL DESDE 2000<\/a><\/p>\n<p><a href=\"https:\/\/www.asajacyl.com\/soria\/wp-content\/uploads\/sites\/9\/2022\/11\/Dossier-prensa-29-julio-menos-hectareas-por-los-altos-costes.pdf\">Dossier prensa 29 julio menos hect\u00e1reas por los altos costes<\/a><\/p>\n<p><a href=\"https:\/\/www.asajacyl.com\/soria\/wp-content\/uploads\/sites\/9\/2022\/11\/Dossier-prensa-INCENDIO-QUINTANILLA-COCO.pdf\">Dossier prensa INCENDIO QUINTANILLA COCO<\/a><\/p>\n<p><a href=\"https:\/\/www.asajacyl.com\/soria\/wp-content\/uploads\/sites\/9\/2022\/11\/prevision-cosecha-y-regadio-Ines.pdf\">previsi\u00f3n cosecha y regad\u00edo Ines<\/a><\/p>\n<p><a href=\"https:\/\/www.asajacyl.com\/soria\/wp-content\/uploads\/sites\/9\/2022\/11\/mas-abonos-organicos.pdf\">m\u00e1s abonos org\u00e1nicos<\/a><\/p>\n<p><a href=\"https:\/\/www.asajacyl.com\/soria\/wp-content\/uploads\/sites\/9\/2022\/11\/AYUDAS-SEGUROS.pdf\">AYUDAS SEGUROS<\/a><\/p>\n<p><a href=\"https:\/\/www.asajacyl.com\/soria\/wp-content\/uploads\/sites\/9\/2022\/11\/ASAJA-Soria-emprende-acciones-prohibicion-cosechar.pdf\">ASAJA Soria emprende acciones prohibici\u00f3n cosechar<\/a><\/p>\n<p><a href=\"https:\/\/www.asajacyl.com\/soria\/wp-content\/uploads\/sites\/9\/2022\/11\/Dossier-prensa-14-julio-COSECHA-CYL-MALA.pdf\">Dossier prensa 14 julio COSECHA CYL MALA<\/a><\/p>\n<p><a href=\"https:\/\/www.asajacyl.com\/soria\/wp-content\/uploads\/sites\/9\/2022\/11\/Mundo-Agrario-11-julio.pdf\">Mundo Agrario 11 julio<\/a><\/p>\n<p><a href=\"https:\/\/www.asajacyl.com\/soria\/wp-content\/uploads\/sites\/9\/2022\/11\/Dossier-prensa-29-junio-VARAPALO-GIRASOL.pdf\">Dossier prensa 29 junio VARAPALO GIRASOL<\/a><\/p>\n<p><a href=\"https:\/\/www.asajacyl.com\/soria\/wp-content\/uploads\/sites\/9\/2022\/11\/Dossier-prensa-28-junio.pdf\">Dossier prensa 28 junio<\/a><\/p>\n<p><a href=\"https:\/\/www.asajacyl.com\/soria\/wp-content\/uploads\/sites\/9\/2022\/11\/Mundo-Agrario-27-junio.pdf\">Mundo Agrario 27 junio<\/a><\/p>\n<p><a href=\"https:\/\/www.asajacyl.com\/soria\/wp-content\/uploads\/sites\/9\/2022\/11\/Dossier-prensa-16-junio-cosecha-nefasta-y-precios-insumos.pdf\">Dossier prensa 16 junio cosecha nefasta y precios insumos<\/a><\/p>\n<p><a href=\"https:\/\/www.asajacyl.com\/soria\/wp-content\/uploads\/sites\/9\/2022\/11\/Dossier-prensa-17-junio-SIEGA.pdf\">Dossier prensa 17 junio SIEGA<\/a><\/p>\n<p><a href=\"https:\/\/www.asajacyl.com\/soria\/wp-content\/uploads\/sites\/9\/2022\/06\/Cultum-suplemento-agrario-10-junio-pac-ley-desperdicio.pdf\">Cultum suplemento agrario 10 junio pac, ley desperdicio<\/a><\/p>\n<p><a href=\"https:\/\/www.asajacyl.com\/soria\/wp-content\/uploads\/sites\/9\/2022\/06\/DBU-12-junio-2022-Pagina-12-y-13-Cereal-3x5-BURGOS.pdf\">DBU 12 junio 2022-P\u00e1gina 12 y 13 Cereal&#8212; 3&#215;5-BURGOS<\/a><\/p>\n<p><a href=\"https:\/\/www.asajacyl.com\/soria\/wp-content\/uploads\/sites\/9\/2022\/06\/Dossier-prensa-14-junio-MAIZ.pdf\">Dossier prensa 14 junio MA\u00cdZ<\/a><\/p>\n<p><a href=\"https:\/\/www.asajacyl.com\/soria\/wp-content\/uploads\/sites\/9\/2022\/06\/Mundo-Agrario-13-junio-seguro-cereales-invierno.pdf\">Mundo Agrario 13 junio seguro cereales invierno<\/a><\/p>\n<p><a href=\"https:\/\/www.asajacyl.com\/soria\/wp-content\/uploads\/sites\/9\/2022\/06\/Dossier-prensa-10-junio-Barato-Argelia.pdf\">Dossier prensa 10 junio Barato, Argelia<\/a><\/p>\n<p><a href=\"https:\/\/www.asajacyl.com\/soria\/wp-content\/uploads\/sites\/9\/2022\/06\/incorporaciones.pdf\">incorporaciones<\/a><\/p>\n<p><a href=\"https:\/\/www.asajacyl.com\/soria\/wp-content\/uploads\/sites\/9\/2022\/05\/Dossier-prensa-8-junio-LOBO-COSECHA.pdf\">Dossier prensa 8 junio LOBO, COSECHA<\/a><\/p>\n<p><a href=\"https:\/\/www.asajacyl.com\/soria\/wp-content\/uploads\/sites\/9\/2022\/05\/apoyo-al-ovino.pdf\">apoyo al ovino<\/a><\/p>\n<p><a href=\"https:\/\/www.asajacyl.com\/soria\/wp-content\/uploads\/sites\/9\/2022\/05\/202206060844-COPISO.pdf\">202206060844 COPISO<\/a><\/p>\n<p><a href=\"https:\/\/www.asajacyl.com\/soria\/wp-content\/uploads\/sites\/9\/2022\/05\/202206060829-curso-viticultura.pdf\">202206060829 curso viticultura<\/a><\/p>\n<p><a href=\"https:\/\/www.asajacyl.com\/soria\/wp-content\/uploads\/sites\/9\/2022\/05\/202206020821-cosecha.pdf\">202206020821 cosecha<\/a><\/p>\n<p><a href=\"https:\/\/www.asajacyl.com\/soria\/wp-content\/uploads\/sites\/9\/2022\/05\/Dossier-prensa-7-junio-ganaderia.pdf\">Dossier prensa 7 junio ganader\u00eda<\/a><\/p>\n<p><a href=\"https:\/\/www.asajacyl.com\/soria\/wp-content\/uploads\/sites\/9\/2022\/05\/Mundo-Agrario-6-junio.pdf\">Mundo Agrario 6 junio<\/a><\/p>\n<p><a href=\"https:\/\/www.asajacyl.com\/soria\/wp-content\/uploads\/sites\/9\/2022\/05\/Dossier-prensa-4-junio-agroalimentacion.pdf\">Dossier prensa 4 junio agroalimentaci\u00f3n<\/a><\/p>\n<p><a href=\"https:\/\/www.asajacyl.com\/soria\/wp-content\/uploads\/sites\/9\/2022\/05\/Dossier-prensa-3-junio-precio-gasoleo.pdf\">Dossier prensa 3 junio precio gas\u00f3leo<\/a><\/p>\n<p><a href=\"https:\/\/www.asajacyl.com\/soria\/wp-content\/uploads\/sites\/9\/2022\/05\/Dossier-prensa-2-junio-NITRATOS.pdf\">Dossier prensa 2 junio NITRATOS<\/a><\/p>\n<p><a href=\"https:\/\/www.asajacyl.com\/soria\/wp-content\/uploads\/sites\/9\/2022\/05\/Dossier-prensa-1-junio-SEQUIA.pdf\">Dossier prensa 1 junio SEQU\u00cdA<\/a><\/p>\n<p><a href=\"https:\/\/www.asajacyl.com\/soria\/wp-content\/uploads\/sites\/9\/2022\/05\/Dossier-prensa-31-mayo-NACIONALISMO-ALIMENTARIO.pdf\">Dossier prensa 31 mayo NACIONALISMO ALIMENTARIO<\/a><\/p>\n<p><a href=\"https:\/\/www.asajacyl.com\/soria\/wp-content\/uploads\/sites\/9\/2022\/05\/Dossier-prensa-30-mayo.pdf\">Dossier prensa 30 mayo<\/a><\/p>\n<p><a href=\"https:\/\/www.asajacyl.com\/soria\/wp-content\/uploads\/sites\/9\/2022\/05\/Dossier-prensa-27-mayo-piensos.pdf\">Dossier prensa 27 mayo piensos<\/a><\/p>\n<p><a href=\"https:\/\/www.asajacyl.com\/soria\/wp-content\/uploads\/sites\/9\/2022\/05\/Mundo-Agrario-23-mayo-lechazo-y-porcino.pdf\">Mundo Agrario 23 mayo lechazo y porcino<\/a><\/p>\n<p><a href=\"https:\/\/www.asajacyl.com\/soria\/wp-content\/uploads\/sites\/9\/2022\/05\/Dossier-prensa-22-mayo-menor-cosecha.pdf\">Dossier prensa 22 mayo menor cosecha<\/a><\/p>\n<p><a href=\"https:\/\/www.asajacyl.com\/soria\/wp-content\/uploads\/sites\/9\/2022\/05\/Dossier-prensa-21-mayo-Garzon-contra-la-carne.pdf\">Dossier prensa 21 mayo Garz\u00f3n contra la carne<\/a><\/p>\n<p><a href=\"https:\/\/www.asajacyl.com\/soria\/wp-content\/uploads\/sites\/9\/2022\/05\/Dossier-prensa-20-mayo-SEQUIA.pdf\">Dossier prensa 20 mayo SEQU\u00cdA<\/a><\/p>\n<p><a href=\"https:\/\/www.asajacyl.com\/soria\/wp-content\/uploads\/sites\/9\/2022\/05\/202205160831-Odieta.pdf\">202205160831 Odieta<\/a><\/p>\n<p><a href=\"https:\/\/www.asajacyl.com\/soria\/wp-content\/uploads\/sites\/9\/2022\/05\/202205160832-regadio.pdf\">202205160832 regad\u00edo<\/a><\/p>\n<p><a href=\"https:\/\/www.asajacyl.com\/soria\/wp-content\/uploads\/sites\/9\/2022\/05\/asamblea.pdf\">asamblea<\/a><\/p>\n<p><a href=\"https:\/\/www.asajacyl.com\/soria\/wp-content\/uploads\/sites\/9\/2022\/05\/Consejero-agri.pdf\">Consejero agri<\/a><\/p>\n<p><a href=\"https:\/\/www.asajacyl.com\/soria\/wp-content\/uploads\/sites\/9\/2022\/05\/colza.pdf\">colza<\/a><\/p>\n<p><a href=\"https:\/\/www.asajacyl.com\/soria\/wp-content\/uploads\/sites\/9\/2022\/05\/crisis-alimentos.pdf\">crisis alimentos<\/a><\/p>\n<p><a href=\"https:\/\/www.asajacyl.com\/soria\/wp-content\/uploads\/sites\/9\/2022\/05\/diccionario-PAC-y-altos-costes-de-produccion.pdf\">diccionario PAC y altos costes de producci\u00f3n<\/a><\/p>\n<p><a href=\"https:\/\/www.asajacyl.com\/soria\/wp-content\/uploads\/sites\/9\/2022\/05\/Dossier-prensa-18-mayo-ola-calor-India.pdf\">Dossier prensa 18 mayo ola calor India<\/a><\/p>\n<p><a href=\"https:\/\/www.asajacyl.com\/soria\/wp-content\/uploads\/sites\/9\/2022\/05\/El-Mundo-Soria-15_05_2022-35-ASAJA.pdf\">El Mundo-Soria-15_05_2022-35-ASAJA<\/a><\/p>\n<p><a href=\"https:\/\/www.asajacyl.com\/soria\/wp-content\/uploads\/sites\/9\/2022\/05\/FERIA-ALMAZAN-VISITANTES.pdf\">FERIA ALMAZ\u00c1N VISITANTES<\/a><\/p>\n<p><a href=\"https:\/\/www.asajacyl.com\/soria\/wp-content\/uploads\/sites\/9\/2022\/05\/feria-de-Almazan.pdf\">feria de Almaz\u00e1n<\/a><\/p>\n<p><a href=\"https:\/\/www.asajacyl.com\/soria\/wp-content\/uploads\/sites\/9\/2022\/05\/jornada-sobre-viticultura.pdf\">jornada sobre viticultura<\/a><\/p>\n<p><a href=\"https:\/\/www.asajacyl.com\/soria\/wp-content\/uploads\/sites\/9\/2022\/05\/vacuno.pdf\">vacuno<\/a><\/p>\n","protected":false},"excerpt":{"rendered":"<p>asamblea asaja Mundo Agrario Dossier prensa 3 mayo Cultum suplemento agrario 28 abril REDUCCI\u00d3N M\u00d3DULOS Dossier prensa 26 abril DESCUENTO EN IRPF RADAR PREDICCI\u00d3N LLUVIAS Dossier prensa 22 abril titularidad compartida Dossier prensa 21 abril SECTOR PIDE FLEXIBILIDAD EN LA PAC PARA GASTAR MENOS Dossier prensa 19 abril SEQU\u00cdA 202304200847 ayudas fertilizantes 202304210908 c\u00e1mara agraria [&hellip;]<\/p>\n","protected":false},"author":12,"featured_media":5208,"comment_status":"open","ping_status":"open","sticky":false,"template":"","format":"standard","meta":{"footnotes":""},"categories":[37,9],"tags":[],"yoast_head":"<!-- This site is optimized with the Yoast SEO plugin v24.5 - https:\/\/yoast.com\/wordpress\/plugins\/seo\/ -->\n<title>Recortes de prensa 2022-2023 - ASAJA Soria<\/title>\n<meta name=\"description\" content=\"asamblea asaja Mundo Agrario Dossier prensa 3 mayo Cultum suplemento agrario 28 abril REDUCCI\u00d3N M\u00d3DULOS Dossier prensa 26 abril DESCUENTO EN IRPF RADAR\" \/>\n<meta name=\"robots\" content=\"index, follow, max-snippet:-1, max-image-preview:large, max-video-preview:-1\" \/>\n<link rel=\"canonical\" href=\"https:\/\/www.asajacyl.com\/soria\/servicios-socio\/recortes-de-prensa-2022-2023\" \/>\n<meta property=\"og:locale\" content=\"es_ES\" \/>\n<meta property=\"og:type\" content=\"article\" \/>\n<meta property=\"og:title\" content=\"Recortes de prensa 2022-2023 - ASAJA Soria\" \/>\n<meta property=\"og:description\" content=\"asamblea asaja Mundo Agrario Dossier prensa 3 mayo Cultum suplemento agrario 28 abril REDUCCI\u00d3N M\u00d3DULOS Dossier prensa 26 abril DESCUENTO EN IRPF RADAR\" \/>\n<meta property=\"og:url\" content=\"https:\/\/www.asajacyl.com\/soria\/servicios-socio\/recortes-de-prensa-2022-2023\" \/>\n<meta property=\"og:site_name\" content=\"ASAJA Soria\" \/>\n<meta property=\"article:published_time\" content=\"2023-04-17T07:16:11+00:00\" \/>\n<meta property=\"article:modified_time\" content=\"2023-05-04T16:44:55+00:00\" \/>\n<meta property=\"og:image\" content=\"https:\/\/www.asajacyl.com\/soria\/wp-content\/uploads\/sites\/9\/2022\/01\/PHOTO-2022-01-21-14-56-04.jpg\" \/>\n\t<meta property=\"og:image:width\" content=\"2048\" \/>\n\t<meta property=\"og:image:height\" content=\"1536\" \/>\n\t<meta property=\"og:image:type\" content=\"image\/jpeg\" \/>\n<meta name=\"author\" content=\"Juan Ignacio Prieto Nieto\" \/>\n<meta name=\"twitter:card\" content=\"summary_large_image\" \/>\n<meta name=\"twitter:label1\" content=\"Escrito por\" \/>\n\t<meta name=\"twitter:data1\" content=\"Juan Ignacio Prieto Nieto\" \/>\n\t<meta name=\"twitter:label2\" content=\"Tiempo de lectura\" \/>\n\t<meta name=\"twitter:data2\" content=\"3 minutos\" \/>\n<script type=\"application\/ld+json\" class=\"yoast-schema-graph\">{\"@context\":\"https:\/\/schema.org\",\"@graph\":[{\"@type\":\"WebPage\",\"@id\":\"https:\/\/www.asajacyl.com\/soria\/servicios-socio\/recortes-de-prensa-2022-2023\",\"url\":\"https:\/\/www.asajacyl.com\/soria\/servicios-socio\/recortes-de-prensa-2022-2023\",\"name\":\"Recortes de prensa 2022-2023 - ASAJA Soria\",\"isPartOf\":{\"@id\":\"https:\/\/www.asajacyl.com\/soria\/#website\"},\"primaryImageOfPage\":{\"@id\":\"https:\/\/www.asajacyl.com\/soria\/servicios-socio\/recortes-de-prensa-2022-2023#primaryimage\"},\"image\":{\"@id\":\"https:\/\/www.asajacyl.com\/soria\/servicios-socio\/recortes-de-prensa-2022-2023#primaryimage\"},\"thumbnailUrl\":\"https:\/\/www.asajacyl.com\/soria\/wp-content\/uploads\/sites\/9\/2022\/01\/PHOTO-2022-01-21-14-56-04.jpg\",\"datePublished\":\"2023-04-17T07:16:11+00:00\",\"dateModified\":\"2023-05-04T16:44:55+00:00\",\"author\":{\"@id\":\"https:\/\/www.asajacyl.com\/soria\/#\/schema\/person\/fd3081c40255119ce8133b87e6aedfab\"},\"description\":\"asamblea asaja Mundo Agrario Dossier prensa 3 mayo Cultum suplemento agrario 28 abril REDUCCI\u00d3N M\u00d3DULOS Dossier prensa 26 abril DESCUENTO EN IRPF RADAR\",\"breadcrumb\":{\"@id\":\"https:\/\/www.asajacyl.com\/soria\/servicios-socio\/recortes-de-prensa-2022-2023#breadcrumb\"},\"inLanguage\":\"es\",\"potentialAction\":[{\"@type\":\"ReadAction\",\"target\":[\"https:\/\/www.asajacyl.com\/soria\/servicios-socio\/recortes-de-prensa-2022-2023\"]}]},{\"@type\":\"ImageObject\",\"inLanguage\":\"es\",\"@id\":\"https:\/\/www.asajacyl.com\/soria\/servicios-socio\/recortes-de-prensa-2022-2023#primaryimage\",\"url\":\"https:\/\/www.asajacyl.com\/soria\/wp-content\/uploads\/sites\/9\/2022\/01\/PHOTO-2022-01-21-14-56-04.jpg\",\"contentUrl\":\"https:\/\/www.asajacyl.com\/soria\/wp-content\/uploads\/sites\/9\/2022\/01\/PHOTO-2022-01-21-14-56-04.jpg\",\"width\":2048,\"height\":1536},{\"@type\":\"BreadcrumbList\",\"@id\":\"https:\/\/www.asajacyl.com\/soria\/servicios-socio\/recortes-de-prensa-2022-2023#breadcrumb\",\"itemListElement\":[{\"@type\":\"ListItem\",\"position\":1,\"name\":\"Portada\",\"item\":\"https:\/\/www.asajacyl.com\/soria\/\"},{\"@type\":\"ListItem\",\"position\":2,\"name\":\"Recortes de prensa 2022-2023\"}]},{\"@type\":\"WebSite\",\"@id\":\"https:\/\/www.asajacyl.com\/soria\/#website\",\"url\":\"https:\/\/www.asajacyl.com\/soria\/\",\"name\":\"ASAJA Soria\",\"description\":\"Otro sitio m\u00e1s de Provincias ASAJA Castilla y Le\u00f3n\",\"potentialAction\":[{\"@type\":\"SearchAction\",\"target\":{\"@type\":\"EntryPoint\",\"urlTemplate\":\"https:\/\/www.asajacyl.com\/soria\/?s={search_term_string}\"},\"query-input\":{\"@type\":\"PropertyValueSpecification\",\"valueRequired\":true,\"valueName\":\"search_term_string\"}}],\"inLanguage\":\"es\"},{\"@type\":\"Person\",\"@id\":\"https:\/\/www.asajacyl.com\/soria\/#\/schema\/person\/fd3081c40255119ce8133b87e6aedfab\",\"name\":\"Juan Ignacio Prieto Nieto\",\"image\":{\"@type\":\"ImageObject\",\"inLanguage\":\"es\",\"@id\":\"https:\/\/www.asajacyl.com\/soria\/#\/schema\/person\/image\/\",\"url\":\"https:\/\/secure.gravatar.com\/avatar\/8266b36e4d9001acb4700699a2468dc8?s=96&d=mm&r=g\",\"contentUrl\":\"https:\/\/secure.gravatar.com\/avatar\/8266b36e4d9001acb4700699a2468dc8?s=96&d=mm&r=g\",\"caption\":\"Juan Ignacio Prieto Nieto\"},\"url\":\"https:\/\/www.asajacyl.com\/soria\/author\/juanfranciscoby\"}]}<\/script>\n<!-- \/ Yoast SEO plugin. -->","yoast_head_json":{"title":"Recortes de prensa 2022-2023 - ASAJA Soria","description":"asamblea asaja Mundo Agrario Dossier prensa 3 mayo Cultum suplemento agrario 28 abril REDUCCI\u00d3N M\u00d3DULOS Dossier prensa 26 abril DESCUENTO EN IRPF RADAR","robots":{"index":"index","follow":"follow","max-snippet":"max-snippet:-1","max-image-preview":"max-image-preview:large","max-video-preview":"max-video-preview:-1"},"canonical":"https:\/\/www.asajacyl.com\/soria\/servicios-socio\/recortes-de-prensa-2022-2023","og_locale":"es_ES","og_type":"article","og_title":"Recortes de prensa 2022-2023 - ASAJA Soria","og_description":"asamblea asaja Mundo Agrario Dossier prensa 3 mayo Cultum suplemento agrario 28 abril REDUCCI\u00d3N M\u00d3DULOS Dossier prensa 26 abril DESCUENTO EN IRPF RADAR","og_url":"https:\/\/www.asajacyl.com\/soria\/servicios-socio\/recortes-de-prensa-2022-2023","og_site_name":"ASAJA Soria","article_published_time":"2023-04-17T07:16:11+00:00","article_modified_time":"2023-05-04T16:44:55+00:00","og_image":[{"width":2048,"height":1536,"url":"https:\/\/www.asajacyl.com\/soria\/wp-content\/uploads\/sites\/9\/2022\/01\/PHOTO-2022-01-21-14-56-04.jpg","type":"image\/jpeg"}],"author":"Juan Ignacio Prieto Nieto","twitter_card":"summary_large_image","twitter_misc":{"Escrito por":"Juan Ignacio Prieto Nieto","Tiempo de lectura":"3 minutos"},"schema":{"@context":"https:\/\/schema.org","@graph":[{"@type":"WebPage","@id":"https:\/\/www.asajacyl.com\/soria\/servicios-socio\/recortes-de-prensa-2022-2023","url":"https:\/\/www.asajacyl.com\/soria\/servicios-socio\/recortes-de-prensa-2022-2023","name":"Recortes de prensa 2022-2023 - ASAJA Soria","isPartOf":{"@id":"https:\/\/www.asajacyl.com\/soria\/#website"},"primaryImageOfPage":{"@id":"https:\/\/www.asajacyl.com\/soria\/servicios-socio\/recortes-de-prensa-2022-2023#primaryimage"},"image":{"@id":"https:\/\/www.asajacyl.com\/soria\/servicios-socio\/recortes-de-prensa-2022-2023#primaryimage"},"thumbnailUrl":"https:\/\/www.asajacyl.com\/soria\/wp-content\/uploads\/sites\/9\/2022\/01\/PHOTO-2022-01-21-14-56-04.jpg","datePublished":"2023-04-17T07:16:11+00:00","dateModified":"2023-05-04T16:44:55+00:00","author":{"@id":"https:\/\/www.asajacyl.com\/soria\/#\/schema\/person\/fd3081c40255119ce8133b87e6aedfab"},"description":"asamblea asaja Mundo Agrario Dossier prensa 3 mayo Cultum suplemento agrario 28 abril REDUCCI\u00d3N M\u00d3DULOS Dossier prensa 26 abril DESCUENTO EN IRPF RADAR","breadcrumb":{"@id":"https:\/\/www.asajacyl.com\/soria\/servicios-socio\/recortes-de-prensa-2022-2023#breadcrumb"},"inLanguage":"es","potentialAction":[{"@type":"ReadAction","target":["https:\/\/www.asajacyl.com\/soria\/servicios-socio\/recortes-de-prensa-2022-2023"]}]},{"@type":"ImageObject","inLanguage":"es","@id":"https:\/\/www.asajacyl.com\/soria\/servicios-socio\/recortes-de-prensa-2022-2023#primaryimage","url":"https:\/\/www.asajacyl.com\/soria\/wp-content\/uploads\/sites\/9\/2022\/01\/PHOTO-2022-01-21-14-56-04.jpg","contentUrl":"https:\/\/www.asajacyl.com\/soria\/wp-content\/uploads\/sites\/9\/2022\/01\/PHOTO-2022-01-21-14-56-04.jpg","width":2048,"height":1536},{"@type":"BreadcrumbList","@id":"https:\/\/www.asajacyl.com\/soria\/servicios-socio\/recortes-de-prensa-2022-2023#breadcrumb","itemListElement":[{"@type":"ListItem","position":1,"name":"Portada","item":"https:\/\/www.asajacyl.com\/soria\/"},{"@type":"ListItem","position":2,"name":"Recortes de prensa 2022-2023"}]},{"@type":"WebSite","@id":"https:\/\/www.asajacyl.com\/soria\/#website","url":"https:\/\/www.asajacyl.com\/soria\/","name":"ASAJA Soria","description":"Otro sitio m\u00e1s de Provincias ASAJA Castilla y Le\u00f3n","potentialAction":[{"@type":"SearchAction","target":{"@type":"EntryPoint","urlTemplate":"https:\/\/www.asajacyl.com\/soria\/?s={search_term_string}"},"query-input":{"@type":"PropertyValueSpecification","valueRequired":true,"valueName":"search_term_string"}}],"inLanguage":"es"},{"@type":"Person","@id":"https:\/\/www.asajacyl.com\/soria\/#\/schema\/person\/fd3081c40255119ce8133b87e6aedfab","name":"Juan Ignacio Prieto Nieto","image":{"@type":"ImageObject","inLanguage":"es","@id":"https:\/\/www.asajacyl.com\/soria\/#\/schema\/person\/image\/","url":"https:\/\/secure.gravatar.com\/avatar\/8266b36e4d9001acb4700699a2468dc8?s=96&d=mm&r=g","contentUrl":"https:\/\/secure.gravatar.com\/avatar\/8266b36e4d9001acb4700699a2468dc8?s=96&d=mm&r=g","caption":"Juan Ignacio Prieto Nieto"},"url":"https:\/\/www.asajacyl.com\/soria\/author\/juanfranciscoby"}]}},"_links":{"self":[{"href":"https:\/\/www.asajacyl.com\/soria\/wp-json\/wp\/v2\/posts\/5620"}],"collection":[{"href":"https:\/\/www.asajacyl.com\/soria\/wp-json\/wp\/v2\/posts"}],"about":[{"href":"https:\/\/www.asajacyl.com\/soria\/wp-json\/wp\/v2\/types\/post"}],"author":[{"embeddable":true,"href":"https:\/\/www.asajacyl.com\/soria\/wp-json\/wp\/v2\/users\/12"}],"replies":[{"embeddable":true,"href":"https:\/\/www.asajacyl.com\/soria\/wp-json\/wp\/v2\/comments?post=5620"}],"version-history":[{"count":30,"href":"https:\/\/www.asajacyl.com\/soria\/wp-json\/wp\/v2\/posts\/5620\/revisions"}],"predecessor-version":[{"id":6776,"href":"https:\/\/www.asajacyl.com\/soria\/wp-json\/wp\/v2\/posts\/5620\/revisions\/6776"}],"wp:featuredmedia":[{"embeddable":true,"href":"https:\/\/www.asajacyl.com\/soria\/wp-json\/wp\/v2\/media\/5208"}],"wp:attachment":[{"href":"https:\/\/www.asajacyl.com\/soria\/wp-json\/wp\/v2\/media?parent=5620"}],"wp:term":[{"taxonomy":"category","embeddable":true,"href":"https:\/\/www.asajacyl.com\/soria\/wp-json\/wp\/v2\/categories?post=5620"},{"taxonomy":"post_tag","embeddable":true,"href":"https:\/\/www.asajacyl.com\/soria\/wp-json\/wp\/v2\/tags?post=5620"}],"curies":[{"name":"wp","href":"https:\/\/api.w.org\/{rel}","templated":true}]}}