{"id":5632,"date":"2022-05-13T08:42:48","date_gmt":"2022-05-13T06:42:48","guid":{"rendered":"https:\/\/www.asajacyl.com\/soria\/?p=5632"},"modified":"2022-05-13T16:45:05","modified_gmt":"2022-05-13T14:45:05","slug":"feria-de-almazan-2","status":"publish","type":"post","link":"https:\/\/www.asajacyl.com\/soria\/asaja-soria-informa\/feria-de-almazan-2","title":{"rendered":"FERIA DE ALMAZ\u00c1N"},"content":{"rendered":"\n<p><img loading=\"lazy\" decoding=\"async\" class=\"aligncenter size-full wp-image-5640\" src=\"https:\/\/www.asajacyl.com\/soria\/wp-content\/uploads\/sites\/9\/2022\/05\/IMG_4402-1.jpg\" alt=\"\" width=\"435\" height=\"327\" srcset=\"https:\/\/www.asajacyl.com\/soria\/wp-content\/uploads\/sites\/9\/2022\/05\/IMG_4402-1.jpg 435w, https:\/\/www.asajacyl.com\/soria\/wp-content\/uploads\/sites\/9\/2022\/05\/IMG_4402-1-300x226.jpg 300w, https:\/\/www.asajacyl.com\/soria\/wp-content\/uploads\/sites\/9\/2022\/05\/IMG_4402-1-80x60.jpg 80w\" sizes=\"(max-width: 435px) 100vw, 435px\" \/><\/p>\n<p>Los d\u00edas 13, 14 y 15 de mayo Almaz\u00e1n vuelve a acoger una nueva edici\u00f3n de la Feria de Muestras en el parque de La Arboleda. Una cita en la que participan cientos de expositores de diversos sectores, como el mueble, la alimentaci\u00f3n, la maquinaria, veh\u00edculos, productos locales, y la artesan\u00eda, entre otros puntos de referencia.<\/p>\n<p><img loading=\"lazy\" decoding=\"async\" class=\"aligncenter size-full wp-image-5637\" src=\"https:\/\/www.asajacyl.com\/soria\/wp-content\/uploads\/sites\/9\/2022\/05\/IMG_4408.jpg\" alt=\"\" width=\"640\" height=\"480\" srcset=\"https:\/\/www.asajacyl.com\/soria\/wp-content\/uploads\/sites\/9\/2022\/05\/IMG_4408.jpg 640w, https:\/\/www.asajacyl.com\/soria\/wp-content\/uploads\/sites\/9\/2022\/05\/IMG_4408-300x225.jpg 300w, https:\/\/www.asajacyl.com\/soria\/wp-content\/uploads\/sites\/9\/2022\/05\/IMG_4408-560x420.jpg 560w, https:\/\/www.asajacyl.com\/soria\/wp-content\/uploads\/sites\/9\/2022\/05\/IMG_4408-80x60.jpg 80w\" sizes=\"(max-width: 640px) 100vw, 640px\" \/><\/p>\n<p>\u00a0<\/p>\n<p>ASAJA Soria, como siempre y desde el principio, fiel a sus ra\u00edces, con los profesionales unidos, sigue y seguir\u00e1 apoyando a la Feria. Una vez m\u00e1s, cuenta con una caseta, que sirve de punto de encuentro y facilita que los profesionales coincidan de nuevo, que compartan inquietudes y experiencias. Es un elemento vertebrador que ofrece visibilidad al sector agr\u00edcola. Adem\u00e1s, el stand es tambi\u00e9n una referencia que ha servido como eje de la reivindicaci\u00f3n para el campo; para todas las reivindicaciones que afectan al d\u00eda a d\u00eda de esta esencial y bella profesi\u00f3n.<\/p>\n<p><img loading=\"lazy\" decoding=\"async\" class=\"aligncenter size-full wp-image-5638\" src=\"https:\/\/www.asajacyl.com\/soria\/wp-content\/uploads\/sites\/9\/2022\/05\/IMG_4431.jpg\" alt=\"\" width=\"640\" height=\"480\" srcset=\"https:\/\/www.asajacyl.com\/soria\/wp-content\/uploads\/sites\/9\/2022\/05\/IMG_4431.jpg 640w, https:\/\/www.asajacyl.com\/soria\/wp-content\/uploads\/sites\/9\/2022\/05\/IMG_4431-300x225.jpg 300w, https:\/\/www.asajacyl.com\/soria\/wp-content\/uploads\/sites\/9\/2022\/05\/IMG_4431-560x420.jpg 560w, https:\/\/www.asajacyl.com\/soria\/wp-content\/uploads\/sites\/9\/2022\/05\/IMG_4431-80x60.jpg 80w\" sizes=\"(max-width: 640px) 100vw, 640px\" \/><\/p>\n<p><img loading=\"lazy\" decoding=\"async\" class=\"aligncenter size-full wp-image-5569\" src=\"https:\/\/www.asajacyl.com\/soria\/wp-content\/uploads\/sites\/9\/2022\/05\/cartel-feria-2022.jpg\" alt=\"\" width=\"723\" height=\"1024\" srcset=\"https:\/\/www.asajacyl.com\/soria\/wp-content\/uploads\/sites\/9\/2022\/05\/cartel-feria-2022.jpg 723w, https:\/\/www.asajacyl.com\/soria\/wp-content\/uploads\/sites\/9\/2022\/05\/cartel-feria-2022-212x300.jpg 212w, https:\/\/www.asajacyl.com\/soria\/wp-content\/uploads\/sites\/9\/2022\/05\/cartel-feria-2022-696x986.jpg 696w, https:\/\/www.asajacyl.com\/soria\/wp-content\/uploads\/sites\/9\/2022\/05\/cartel-feria-2022-297x420.jpg 297w\" sizes=\"(max-width: 723px) 100vw, 723px\" \/><\/p>\n","protected":false},"excerpt":{"rendered":"<p>Los d\u00edas 13, 14 y 15 de mayo Almaz\u00e1n vuelve a acoger una nueva edici\u00f3n de la Feria de Muestras en el parque de La Arboleda. Una cita en la que participan cientos de expositores de diversos sectores, como el mueble, la alimentaci\u00f3n, la maquinaria, veh\u00edculos, productos locales, y la artesan\u00eda, entre otros puntos de [&hellip;]<\/p>\n","protected":false},"author":12,"featured_media":5569,"comment_status":"open","ping_status":"open","sticky":false,"template":"","format":"standard","meta":{"footnotes":""},"categories":[10,25],"tags":[],"yoast_head":"<!-- This site is optimized with the Yoast SEO plugin v24.5 - https:\/\/yoast.com\/wordpress\/plugins\/seo\/ -->\n<title>FERIA DE ALMAZ\u00c1N - ASAJA Soria<\/title>\n<meta name=\"description\" content=\"Los d\u00edas 13, 14 y 15 de mayo Almaz\u00e1n vuelve a acoger una nueva edici\u00f3n de la Feria de Muestras en el parque de La Arboleda. Una cita en la que participan\" \/>\n<meta name=\"robots\" content=\"index, follow, max-snippet:-1, max-image-preview:large, max-video-preview:-1\" \/>\n<link rel=\"canonical\" href=\"https:\/\/www.asajacyl.com\/soria\/asaja-soria-informa\/feria-de-almazan-2\" \/>\n<meta property=\"og:locale\" content=\"es_ES\" \/>\n<meta property=\"og:type\" content=\"article\" \/>\n<meta property=\"og:title\" content=\"FERIA DE ALMAZ\u00c1N - ASAJA Soria\" \/>\n<meta property=\"og:description\" content=\"Los d\u00edas 13, 14 y 15 de mayo Almaz\u00e1n vuelve a acoger una nueva edici\u00f3n de la Feria de Muestras en el parque de La Arboleda. Una cita en la que participan\" \/>\n<meta property=\"og:url\" content=\"https:\/\/www.asajacyl.com\/soria\/asaja-soria-informa\/feria-de-almazan-2\" \/>\n<meta property=\"og:site_name\" content=\"ASAJA Soria\" \/>\n<meta property=\"article:published_time\" content=\"2022-05-13T06:42:48+00:00\" \/>\n<meta property=\"article:modified_time\" content=\"2022-05-13T14:45:05+00:00\" \/>\n<meta property=\"og:image\" content=\"https:\/\/www.asajacyl.com\/soria\/wp-content\/uploads\/sites\/9\/2022\/05\/cartel-feria-2022.jpg\" \/>\n\t<meta property=\"og:image:width\" content=\"723\" \/>\n\t<meta property=\"og:image:height\" content=\"1024\" \/>\n\t<meta property=\"og:image:type\" content=\"image\/jpeg\" \/>\n<meta name=\"author\" content=\"Juan Ignacio Prieto Nieto\" \/>\n<meta name=\"twitter:card\" content=\"summary_large_image\" \/>\n<meta name=\"twitter:label1\" content=\"Escrito por\" \/>\n\t<meta name=\"twitter:data1\" content=\"Juan Ignacio Prieto Nieto\" \/>\n\t<meta name=\"twitter:label2\" content=\"Tiempo de lectura\" \/>\n\t<meta name=\"twitter:data2\" content=\"2 minutos\" \/>\n<script type=\"application\/ld+json\" class=\"yoast-schema-graph\">{\"@context\":\"https:\/\/schema.org\",\"@graph\":[{\"@type\":\"WebPage\",\"@id\":\"https:\/\/www.asajacyl.com\/soria\/asaja-soria-informa\/feria-de-almazan-2\",\"url\":\"https:\/\/www.asajacyl.com\/soria\/asaja-soria-informa\/feria-de-almazan-2\",\"name\":\"FERIA DE ALMAZ\u00c1N - ASAJA Soria\",\"isPartOf\":{\"@id\":\"https:\/\/www.asajacyl.com\/soria\/#website\"},\"primaryImageOfPage\":{\"@id\":\"https:\/\/www.asajacyl.com\/soria\/asaja-soria-informa\/feria-de-almazan-2#primaryimage\"},\"image\":{\"@id\":\"https:\/\/www.asajacyl.com\/soria\/asaja-soria-informa\/feria-de-almazan-2#primaryimage\"},\"thumbnailUrl\":\"https:\/\/www.asajacyl.com\/soria\/wp-content\/uploads\/sites\/9\/2022\/05\/cartel-feria-2022.jpg\",\"datePublished\":\"2022-05-13T06:42:48+00:00\",\"dateModified\":\"2022-05-13T14:45:05+00:00\",\"author\":{\"@id\":\"https:\/\/www.asajacyl.com\/soria\/#\/schema\/person\/fd3081c40255119ce8133b87e6aedfab\"},\"description\":\"Los d\u00edas 13, 14 y 15 de mayo Almaz\u00e1n vuelve a acoger una nueva edici\u00f3n de la Feria de Muestras en el parque de La Arboleda. Una cita en la que participan\",\"breadcrumb\":{\"@id\":\"https:\/\/www.asajacyl.com\/soria\/asaja-soria-informa\/feria-de-almazan-2#breadcrumb\"},\"inLanguage\":\"es\",\"potentialAction\":[{\"@type\":\"ReadAction\",\"target\":[\"https:\/\/www.asajacyl.com\/soria\/asaja-soria-informa\/feria-de-almazan-2\"]}]},{\"@type\":\"ImageObject\",\"inLanguage\":\"es\",\"@id\":\"https:\/\/www.asajacyl.com\/soria\/asaja-soria-informa\/feria-de-almazan-2#primaryimage\",\"url\":\"https:\/\/www.asajacyl.com\/soria\/wp-content\/uploads\/sites\/9\/2022\/05\/cartel-feria-2022.jpg\",\"contentUrl\":\"https:\/\/www.asajacyl.com\/soria\/wp-content\/uploads\/sites\/9\/2022\/05\/cartel-feria-2022.jpg\",\"width\":723,\"height\":1024},{\"@type\":\"BreadcrumbList\",\"@id\":\"https:\/\/www.asajacyl.com\/soria\/asaja-soria-informa\/feria-de-almazan-2#breadcrumb\",\"itemListElement\":[{\"@type\":\"ListItem\",\"position\":1,\"name\":\"Portada\",\"item\":\"https:\/\/www.asajacyl.com\/soria\/\"},{\"@type\":\"ListItem\",\"position\":2,\"name\":\"FERIA DE ALMAZ\u00c1N\"}]},{\"@type\":\"WebSite\",\"@id\":\"https:\/\/www.asajacyl.com\/soria\/#website\",\"url\":\"https:\/\/www.asajacyl.com\/soria\/\",\"name\":\"ASAJA Soria\",\"description\":\"Otro sitio m\u00e1s de Provincias ASAJA Castilla y Le\u00f3n\",\"potentialAction\":[{\"@type\":\"SearchAction\",\"target\":{\"@type\":\"EntryPoint\",\"urlTemplate\":\"https:\/\/www.asajacyl.com\/soria\/?s={search_term_string}\"},\"query-input\":{\"@type\":\"PropertyValueSpecification\",\"valueRequired\":true,\"valueName\":\"search_term_string\"}}],\"inLanguage\":\"es\"},{\"@type\":\"Person\",\"@id\":\"https:\/\/www.asajacyl.com\/soria\/#\/schema\/person\/fd3081c40255119ce8133b87e6aedfab\",\"name\":\"Juan Ignacio Prieto Nieto\",\"image\":{\"@type\":\"ImageObject\",\"inLanguage\":\"es\",\"@id\":\"https:\/\/www.asajacyl.com\/soria\/#\/schema\/person\/image\/\",\"url\":\"https:\/\/secure.gravatar.com\/avatar\/8266b36e4d9001acb4700699a2468dc8?s=96&d=mm&r=g\",\"contentUrl\":\"https:\/\/secure.gravatar.com\/avatar\/8266b36e4d9001acb4700699a2468dc8?s=96&d=mm&r=g\",\"caption\":\"Juan Ignacio Prieto Nieto\"},\"url\":\"https:\/\/www.asajacyl.com\/soria\/author\/juanfranciscoby\"}]}<\/script>\n<!-- \/ Yoast SEO plugin. -->","yoast_head_json":{"title":"FERIA DE ALMAZ\u00c1N - ASAJA Soria","description":"Los d\u00edas 13, 14 y 15 de mayo Almaz\u00e1n vuelve a acoger una nueva edici\u00f3n de la Feria de Muestras en el parque de La Arboleda. Una cita en la que participan","robots":{"index":"index","follow":"follow","max-snippet":"max-snippet:-1","max-image-preview":"max-image-preview:large","max-video-preview":"max-video-preview:-1"},"canonical":"https:\/\/www.asajacyl.com\/soria\/asaja-soria-informa\/feria-de-almazan-2","og_locale":"es_ES","og_type":"article","og_title":"FERIA DE ALMAZ\u00c1N - ASAJA Soria","og_description":"Los d\u00edas 13, 14 y 15 de mayo Almaz\u00e1n vuelve a acoger una nueva edici\u00f3n de la Feria de Muestras en el parque de La Arboleda. Una cita en la que participan","og_url":"https:\/\/www.asajacyl.com\/soria\/asaja-soria-informa\/feria-de-almazan-2","og_site_name":"ASAJA Soria","article_published_time":"2022-05-13T06:42:48+00:00","article_modified_time":"2022-05-13T14:45:05+00:00","og_image":[{"width":723,"height":1024,"url":"https:\/\/www.asajacyl.com\/soria\/wp-content\/uploads\/sites\/9\/2022\/05\/cartel-feria-2022.jpg","type":"image\/jpeg"}],"author":"Juan Ignacio Prieto Nieto","twitter_card":"summary_large_image","twitter_misc":{"Escrito por":"Juan Ignacio Prieto Nieto","Tiempo de lectura":"2 minutos"},"schema":{"@context":"https:\/\/schema.org","@graph":[{"@type":"WebPage","@id":"https:\/\/www.asajacyl.com\/soria\/asaja-soria-informa\/feria-de-almazan-2","url":"https:\/\/www.asajacyl.com\/soria\/asaja-soria-informa\/feria-de-almazan-2","name":"FERIA DE ALMAZ\u00c1N - ASAJA Soria","isPartOf":{"@id":"https:\/\/www.asajacyl.com\/soria\/#website"},"primaryImageOfPage":{"@id":"https:\/\/www.asajacyl.com\/soria\/asaja-soria-informa\/feria-de-almazan-2#primaryimage"},"image":{"@id":"https:\/\/www.asajacyl.com\/soria\/asaja-soria-informa\/feria-de-almazan-2#primaryimage"},"thumbnailUrl":"https:\/\/www.asajacyl.com\/soria\/wp-content\/uploads\/sites\/9\/2022\/05\/cartel-feria-2022.jpg","datePublished":"2022-05-13T06:42:48+00:00","dateModified":"2022-05-13T14:45:05+00:00","author":{"@id":"https:\/\/www.asajacyl.com\/soria\/#\/schema\/person\/fd3081c40255119ce8133b87e6aedfab"},"description":"Los d\u00edas 13, 14 y 15 de mayo Almaz\u00e1n vuelve a acoger una nueva edici\u00f3n de la Feria de Muestras en el parque de La Arboleda. Una cita en la que participan","breadcrumb":{"@id":"https:\/\/www.asajacyl.com\/soria\/asaja-soria-informa\/feria-de-almazan-2#breadcrumb"},"inLanguage":"es","potentialAction":[{"@type":"ReadAction","target":["https:\/\/www.asajacyl.com\/soria\/asaja-soria-informa\/feria-de-almazan-2"]}]},{"@type":"ImageObject","inLanguage":"es","@id":"https:\/\/www.asajacyl.com\/soria\/asaja-soria-informa\/feria-de-almazan-2#primaryimage","url":"https:\/\/www.asajacyl.com\/soria\/wp-content\/uploads\/sites\/9\/2022\/05\/cartel-feria-2022.jpg","contentUrl":"https:\/\/www.asajacyl.com\/soria\/wp-content\/uploads\/sites\/9\/2022\/05\/cartel-feria-2022.jpg","width":723,"height":1024},{"@type":"BreadcrumbList","@id":"https:\/\/www.asajacyl.com\/soria\/asaja-soria-informa\/feria-de-almazan-2#breadcrumb","itemListElement":[{"@type":"ListItem","position":1,"name":"Portada","item":"https:\/\/www.asajacyl.com\/soria\/"},{"@type":"ListItem","position":2,"name":"FERIA DE ALMAZ\u00c1N"}]},{"@type":"WebSite","@id":"https:\/\/www.asajacyl.com\/soria\/#website","url":"https:\/\/www.asajacyl.com\/soria\/","name":"ASAJA Soria","description":"Otro sitio m\u00e1s de Provincias ASAJA Castilla y Le\u00f3n","potentialAction":[{"@type":"SearchAction","target":{"@type":"EntryPoint","urlTemplate":"https:\/\/www.asajacyl.com\/soria\/?s={search_term_string}"},"query-input":{"@type":"PropertyValueSpecification","valueRequired":true,"valueName":"search_term_string"}}],"inLanguage":"es"},{"@type":"Person","@id":"https:\/\/www.asajacyl.com\/soria\/#\/schema\/person\/fd3081c40255119ce8133b87e6aedfab","name":"Juan Ignacio Prieto Nieto","image":{"@type":"ImageObject","inLanguage":"es","@id":"https:\/\/www.asajacyl.com\/soria\/#\/schema\/person\/image\/","url":"https:\/\/secure.gravatar.com\/avatar\/8266b36e4d9001acb4700699a2468dc8?s=96&d=mm&r=g","contentUrl":"https:\/\/secure.gravatar.com\/avatar\/8266b36e4d9001acb4700699a2468dc8?s=96&d=mm&r=g","caption":"Juan Ignacio Prieto Nieto"},"url":"https:\/\/www.asajacyl.com\/soria\/author\/juanfranciscoby"}]}},"_links":{"self":[{"href":"https:\/\/www.asajacyl.com\/soria\/wp-json\/wp\/v2\/posts\/5632"}],"collection":[{"href":"https:\/\/www.asajacyl.com\/soria\/wp-json\/wp\/v2\/posts"}],"about":[{"href":"https:\/\/www.asajacyl.com\/soria\/wp-json\/wp\/v2\/types\/post"}],"author":[{"embeddable":true,"href":"https:\/\/www.asajacyl.com\/soria\/wp-json\/wp\/v2\/users\/12"}],"replies":[{"embeddable":true,"href":"https:\/\/www.asajacyl.com\/soria\/wp-json\/wp\/v2\/comments?post=5632"}],"version-history":[{"count":4,"href":"https:\/\/www.asajacyl.com\/soria\/wp-json\/wp\/v2\/posts\/5632\/revisions"}],"predecessor-version":[{"id":5641,"href":"https:\/\/www.asajacyl.com\/soria\/wp-json\/wp\/v2\/posts\/5632\/revisions\/5641"}],"wp:featuredmedia":[{"embeddable":true,"href":"https:\/\/www.asajacyl.com\/soria\/wp-json\/wp\/v2\/media\/5569"}],"wp:attachment":[{"href":"https:\/\/www.asajacyl.com\/soria\/wp-json\/wp\/v2\/media?parent=5632"}],"wp:term":[{"taxonomy":"category","embeddable":true,"href":"https:\/\/www.asajacyl.com\/soria\/wp-json\/wp\/v2\/categories?post=5632"},{"taxonomy":"post_tag","embeddable":true,"href":"https:\/\/www.asajacyl.com\/soria\/wp-json\/wp\/v2\/tags?post=5632"}],"curies":[{"name":"wp","href":"https:\/\/api.w.org\/{rel}","templated":true}]}}