{"id":5643,"date":"2022-05-14T09:02:29","date_gmt":"2022-05-14T07:02:29","guid":{"rendered":"https:\/\/www.asajacyl.com\/soria\/?p=5643"},"modified":"2022-05-19T09:19:50","modified_gmt":"2022-05-19T07:19:50","slug":"asaja-apoya-como-todos-los-anos-la-feria-de-almazan-y-en-esta-60-edicion-organiza-el-asado-de-una-ternera","status":"publish","type":"post","link":"https:\/\/www.asajacyl.com\/soria\/asaja-soria-informa\/asaja-apoya-como-todos-los-anos-la-feria-de-almazan-y-en-esta-60-edicion-organiza-el-asado-de-una-ternera","title":{"rendered":"ASAJA apoya como todos los a\u00f1os la Feria de Almaz\u00e1n y en esta 60 edici\u00f3n organiza el asado de una ternera"},"content":{"rendered":"\n<h2 class=\"western\" align=\"justify\"><span style=\"font-size: large\"><i>El reparto tuvo lugar en La Arboleda. La OPA pretend\u00eda dar protagonismo a los excelentes profesionales del sector de vacuno de carne de Soria<\/i><\/span><\/h2>\n<p><img loading=\"lazy\" decoding=\"async\" class=\"aligncenter size-full wp-image-5644\" src=\"https:\/\/www.asajacyl.com\/soria\/wp-content\/uploads\/sites\/9\/2022\/05\/IMG_4435.jpg\" alt=\"\" width=\"900\" height=\"900\" srcset=\"https:\/\/www.asajacyl.com\/soria\/wp-content\/uploads\/sites\/9\/2022\/05\/IMG_4435.jpg 900w, https:\/\/www.asajacyl.com\/soria\/wp-content\/uploads\/sites\/9\/2022\/05\/IMG_4435-300x300.jpg 300w, https:\/\/www.asajacyl.com\/soria\/wp-content\/uploads\/sites\/9\/2022\/05\/IMG_4435-150x150.jpg 150w, https:\/\/www.asajacyl.com\/soria\/wp-content\/uploads\/sites\/9\/2022\/05\/IMG_4435-768x768.jpg 768w, https:\/\/www.asajacyl.com\/soria\/wp-content\/uploads\/sites\/9\/2022\/05\/IMG_4435-696x696.jpg 696w, https:\/\/www.asajacyl.com\/soria\/wp-content\/uploads\/sites\/9\/2022\/05\/IMG_4435-420x420.jpg 420w\" sizes=\"(max-width: 900px) 100vw, 900px\" \/><\/p>\n<p class=\"western\" align=\"justify\">ASAJA Soria, en el \u00e1nimo como siempre de impulsar y colaborar con la feria adnamantina, ha colocado como protagonista este a\u00f1o al sector de vacuno soriano de carne. Para ello, el afamado cocinero Karlos Ibarrondo es el encargado de asar entera una excelente ternera de uno de nuestros ganaderos en la tarde de la jornada central de la feria. <span style=\"color: #000000\">El asado se lleva a cabo con la t\u00e9cnica conocida como burduntzi. Se trata de un aparejo de acero inoxidable que permite asar la pieza entera al calor del carb\u00f3n vegetal. Es una especie de cruz que atraviesa el animal por el lomo y sujeta las extremidades y la columna a esa estructura met\u00e1lica. El animal se pone a unos 70 cent\u00edmetros de las brasas y as\u00ed se logra un calor m\u00e1s suave, pero m\u00e1s constante. El reparto de la carne, con prioridad para los socios, tuvo lugar en la zona central de La Arboleda, muy cerca de la caseta de ASAJA.<\/span><\/p>\n<p align=\"justify\"><img loading=\"lazy\" decoding=\"async\" class=\"aligncenter size-full wp-image-5655\" src=\"https:\/\/www.asajacyl.com\/soria\/wp-content\/uploads\/sites\/9\/2022\/05\/6eae91bb-991e-43bb-a8e5-9f621f0d5262.jpg\" alt=\"\" width=\"1280\" height=\"958\" srcset=\"https:\/\/www.asajacyl.com\/soria\/wp-content\/uploads\/sites\/9\/2022\/05\/6eae91bb-991e-43bb-a8e5-9f621f0d5262.jpg 1280w, https:\/\/www.asajacyl.com\/soria\/wp-content\/uploads\/sites\/9\/2022\/05\/6eae91bb-991e-43bb-a8e5-9f621f0d5262-300x225.jpg 300w, https:\/\/www.asajacyl.com\/soria\/wp-content\/uploads\/sites\/9\/2022\/05\/6eae91bb-991e-43bb-a8e5-9f621f0d5262-1024x766.jpg 1024w, https:\/\/www.asajacyl.com\/soria\/wp-content\/uploads\/sites\/9\/2022\/05\/6eae91bb-991e-43bb-a8e5-9f621f0d5262-768x575.jpg 768w, https:\/\/www.asajacyl.com\/soria\/wp-content\/uploads\/sites\/9\/2022\/05\/6eae91bb-991e-43bb-a8e5-9f621f0d5262-696x521.jpg 696w, https:\/\/www.asajacyl.com\/soria\/wp-content\/uploads\/sites\/9\/2022\/05\/6eae91bb-991e-43bb-a8e5-9f621f0d5262-1068x799.jpg 1068w, https:\/\/www.asajacyl.com\/soria\/wp-content\/uploads\/sites\/9\/2022\/05\/6eae91bb-991e-43bb-a8e5-9f621f0d5262-561x420.jpg 561w, https:\/\/www.asajacyl.com\/soria\/wp-content\/uploads\/sites\/9\/2022\/05\/6eae91bb-991e-43bb-a8e5-9f621f0d5262-80x60.jpg 80w\" sizes=\"(max-width: 1280px) 100vw, 1280px\" \/><\/p>\n<p align=\"justify\">Sobre el sector de carne de vacuno hay que apuntar que, si bien no tiene un gran peso relativo dentro de todo el sector regional, s\u00ed es cierto que en Soria la calidad es lo que destaca frente a la cantidad. Adem\u00e1s, no hay que pasar por alto que es la aliada fundamental para el cuidado del recurso micol\u00f3gico de nuestra provincia en esas \u00e1reas y para la prevenci\u00f3n de incendios.<\/p>\n<p class=\"western\" align=\"justify\">Con este acto festivo, ASAJA quiere destacar, tambi\u00e9n, la labor de los buenos profesionales, y reclama atenci\u00f3n sobre este sector del vacuno de carne, que es din\u00e1mico y sobre el que queda mucho camino para impulsar, asunto que no debe quedar fuera de la agenda de las administraciones.<\/p>\n<p align=\"justify\"><img loading=\"lazy\" decoding=\"async\" class=\"aligncenter size-full wp-image-5658\" src=\"https:\/\/www.asajacyl.com\/soria\/wp-content\/uploads\/sites\/9\/2022\/05\/d11e2315-4a4a-454f-9829-f1faae602c37.jpg\" alt=\"\" width=\"1280\" height=\"720\" srcset=\"https:\/\/www.asajacyl.com\/soria\/wp-content\/uploads\/sites\/9\/2022\/05\/d11e2315-4a4a-454f-9829-f1faae602c37.jpg 1280w, https:\/\/www.asajacyl.com\/soria\/wp-content\/uploads\/sites\/9\/2022\/05\/d11e2315-4a4a-454f-9829-f1faae602c37-300x169.jpg 300w, https:\/\/www.asajacyl.com\/soria\/wp-content\/uploads\/sites\/9\/2022\/05\/d11e2315-4a4a-454f-9829-f1faae602c37-1024x576.jpg 1024w, https:\/\/www.asajacyl.com\/soria\/wp-content\/uploads\/sites\/9\/2022\/05\/d11e2315-4a4a-454f-9829-f1faae602c37-768x432.jpg 768w, https:\/\/www.asajacyl.com\/soria\/wp-content\/uploads\/sites\/9\/2022\/05\/d11e2315-4a4a-454f-9829-f1faae602c37-696x392.jpg 696w, https:\/\/www.asajacyl.com\/soria\/wp-content\/uploads\/sites\/9\/2022\/05\/d11e2315-4a4a-454f-9829-f1faae602c37-1068x601.jpg 1068w, https:\/\/www.asajacyl.com\/soria\/wp-content\/uploads\/sites\/9\/2022\/05\/d11e2315-4a4a-454f-9829-f1faae602c37-747x420.jpg 747w\" sizes=\"(max-width: 1280px) 100vw, 1280px\" \/><\/p>\n<p align=\"justify\">\u00a0<\/p>\n<p align=\"justify\">ASAJA destaca tambi\u00e9n que la Feria de Almaz\u00e1n sigue siendo un referente y un punto de encuentro fundamental para el mundo agroganadero dentro de la provincia; es algo que trasciende lo econ\u00f3mico para se\u00f1alarse como un acto de encuentro y de reivindicaci\u00f3n del sector.<\/p>\n<p align=\"justify\">ASAJA quiere agradecer la puntualidad y diligencia de la carnicer\u00eda Medrano, de Vinuesa, en esta iniciativa que pone hoy en valor y en el foco principal a la sectorial de vacuno de carne de Soria.<\/p>\n<p align=\"justify\"><img loading=\"lazy\" decoding=\"async\" class=\"aligncenter size-full wp-image-5656\" src=\"https:\/\/www.asajacyl.com\/soria\/wp-content\/uploads\/sites\/9\/2022\/05\/d6c7c745-9656-44b6-92ba-340c9af70b7f.jpg\" alt=\"\" width=\"1280\" height=\"720\" srcset=\"https:\/\/www.asajacyl.com\/soria\/wp-content\/uploads\/sites\/9\/2022\/05\/d6c7c745-9656-44b6-92ba-340c9af70b7f.jpg 1280w, https:\/\/www.asajacyl.com\/soria\/wp-content\/uploads\/sites\/9\/2022\/05\/d6c7c745-9656-44b6-92ba-340c9af70b7f-300x169.jpg 300w, https:\/\/www.asajacyl.com\/soria\/wp-content\/uploads\/sites\/9\/2022\/05\/d6c7c745-9656-44b6-92ba-340c9af70b7f-1024x576.jpg 1024w, https:\/\/www.asajacyl.com\/soria\/wp-content\/uploads\/sites\/9\/2022\/05\/d6c7c745-9656-44b6-92ba-340c9af70b7f-768x432.jpg 768w, https:\/\/www.asajacyl.com\/soria\/wp-content\/uploads\/sites\/9\/2022\/05\/d6c7c745-9656-44b6-92ba-340c9af70b7f-696x392.jpg 696w, https:\/\/www.asajacyl.com\/soria\/wp-content\/uploads\/sites\/9\/2022\/05\/d6c7c745-9656-44b6-92ba-340c9af70b7f-1068x601.jpg 1068w, https:\/\/www.asajacyl.com\/soria\/wp-content\/uploads\/sites\/9\/2022\/05\/d6c7c745-9656-44b6-92ba-340c9af70b7f-747x420.jpg 747w\" sizes=\"(max-width: 1280px) 100vw, 1280px\" \/><\/p>\n<p align=\"justify\"><strong>Apoyo y presencia del presidente regional de ASAJA y del presidente de ASAJA Burgos<\/strong><\/p>\n<p align=\"justify\">En este acto l\u00fadico y a la vez reivindicativo tambi\u00e9n estuvieron presentes el presidente de ASAJA Burgos, Esteban Mart\u00ednez, y el presidente de ASAJA de Castilla y Le\u00f3n, Donaciano Dujo, quien apunt\u00f3 que \u00abestamos defendiendo la calidad de la carne, estamos defendiendo una forma de vida que alimenta a la sociedad y adem\u00e1s protege al medio ambiente de manera sostenible. Estamos con el conjunto del sector ganadero de Castilla y Le\u00f3n y en contra de algunas propuestas o medidas de ministros como el de Consumo, el se\u00f1or Garz\u00f3n, que lejos de favorecer al sector lo que hace es criminalizarlo\u00bb.<\/p>\n<p align=\"justify\"><img loading=\"lazy\" decoding=\"async\" class=\"aligncenter size-full wp-image-5663\" src=\"https:\/\/www.asajacyl.com\/soria\/wp-content\/uploads\/sites\/9\/2022\/05\/IMG_4471.jpg\" alt=\"\" width=\"384\" height=\"512\" srcset=\"https:\/\/www.asajacyl.com\/soria\/wp-content\/uploads\/sites\/9\/2022\/05\/IMG_4471.jpg 384w, https:\/\/www.asajacyl.com\/soria\/wp-content\/uploads\/sites\/9\/2022\/05\/IMG_4471-225x300.jpg 225w, https:\/\/www.asajacyl.com\/soria\/wp-content\/uploads\/sites\/9\/2022\/05\/IMG_4471-315x420.jpg 315w\" sizes=\"(max-width: 384px) 100vw, 384px\" \/><img loading=\"lazy\" decoding=\"async\" class=\"aligncenter size-full wp-image-5666\" src=\"https:\/\/www.asajacyl.com\/soria\/wp-content\/uploads\/sites\/9\/2022\/05\/IMG_4490.jpg\" alt=\"\" width=\"512\" height=\"384\" srcset=\"https:\/\/www.asajacyl.com\/soria\/wp-content\/uploads\/sites\/9\/2022\/05\/IMG_4490.jpg 512w, https:\/\/www.asajacyl.com\/soria\/wp-content\/uploads\/sites\/9\/2022\/05\/IMG_4490-300x225.jpg 300w, https:\/\/www.asajacyl.com\/soria\/wp-content\/uploads\/sites\/9\/2022\/05\/IMG_4490-80x60.jpg 80w\" sizes=\"(max-width: 512px) 100vw, 512px\" \/><img loading=\"lazy\" decoding=\"async\" class=\"aligncenter size-full wp-image-5667\" src=\"https:\/\/www.asajacyl.com\/soria\/wp-content\/uploads\/sites\/9\/2022\/05\/IMG_4483.jpg\" alt=\"\" width=\"512\" height=\"384\" srcset=\"https:\/\/www.asajacyl.com\/soria\/wp-content\/uploads\/sites\/9\/2022\/05\/IMG_4483.jpg 512w, https:\/\/www.asajacyl.com\/soria\/wp-content\/uploads\/sites\/9\/2022\/05\/IMG_4483-300x225.jpg 300w, https:\/\/www.asajacyl.com\/soria\/wp-content\/uploads\/sites\/9\/2022\/05\/IMG_4483-80x60.jpg 80w\" sizes=\"(max-width: 512px) 100vw, 512px\" \/><\/p>\n<p align=\"justify\"><img loading=\"lazy\" decoding=\"async\" class=\"aligncenter size-full wp-image-5668\" src=\"https:\/\/www.asajacyl.com\/soria\/wp-content\/uploads\/sites\/9\/2022\/05\/IMG_4491.jpg\" alt=\"\" width=\"512\" height=\"484\" srcset=\"https:\/\/www.asajacyl.com\/soria\/wp-content\/uploads\/sites\/9\/2022\/05\/IMG_4491.jpg 512w, https:\/\/www.asajacyl.com\/soria\/wp-content\/uploads\/sites\/9\/2022\/05\/IMG_4491-300x284.jpg 300w, https:\/\/www.asajacyl.com\/soria\/wp-content\/uploads\/sites\/9\/2022\/05\/IMG_4491-444x420.jpg 444w\" sizes=\"(max-width: 512px) 100vw, 512px\" \/><\/p>\n<p align=\"justify\">\u00a0<\/p>\n","protected":false},"excerpt":{"rendered":"<p>El reparto tuvo lugar en La Arboleda. La OPA pretend\u00eda dar protagonismo a los excelentes profesionales del sector de vacuno de carne de Soria ASAJA Soria, en el \u00e1nimo como siempre de impulsar y colaborar con la feria adnamantina, ha colocado como protagonista este a\u00f1o al sector de vacuno soriano de carne. Para ello, el [&hellip;]<\/p>\n","protected":false},"author":12,"featured_media":5661,"comment_status":"open","ping_status":"open","sticky":false,"template":"","format":"standard","meta":{"footnotes":""},"categories":[10,25],"tags":[],"yoast_head":"<!-- This site is optimized with the Yoast SEO plugin v24.5 - https:\/\/yoast.com\/wordpress\/plugins\/seo\/ -->\n<title>ASAJA apoya como todos los a\u00f1os la Feria de Almaz\u00e1n y en esta 60 edici\u00f3n organiza el asado de una ternera - ASAJA Soria<\/title>\n<meta name=\"description\" content=\"El reparto tuvo lugar en La Arboleda. La OPA pretend\u00eda dar protagonismo a los excelentes profesionales del sector de vacuno de carne de Soria ASAJA Soria,\" \/>\n<meta name=\"robots\" content=\"index, follow, max-snippet:-1, max-image-preview:large, max-video-preview:-1\" \/>\n<link rel=\"canonical\" href=\"https:\/\/www.asajacyl.com\/soria\/asaja-soria-informa\/asaja-apoya-como-todos-los-anos-la-feria-de-almazan-y-en-esta-60-edicion-organiza-el-asado-de-una-ternera\" \/>\n<meta property=\"og:locale\" content=\"es_ES\" \/>\n<meta property=\"og:type\" content=\"article\" \/>\n<meta property=\"og:title\" content=\"ASAJA apoya como todos los a\u00f1os la Feria de Almaz\u00e1n y en esta 60 edici\u00f3n organiza el asado de una ternera - ASAJA Soria\" \/>\n<meta property=\"og:description\" content=\"El reparto tuvo lugar en La Arboleda. La OPA pretend\u00eda dar protagonismo a los excelentes profesionales del sector de vacuno de carne de Soria ASAJA Soria,\" \/>\n<meta property=\"og:url\" content=\"https:\/\/www.asajacyl.com\/soria\/asaja-soria-informa\/asaja-apoya-como-todos-los-anos-la-feria-de-almazan-y-en-esta-60-edicion-organiza-el-asado-de-una-ternera\" \/>\n<meta property=\"og:site_name\" content=\"ASAJA Soria\" \/>\n<meta property=\"article:published_time\" content=\"2022-05-14T07:02:29+00:00\" \/>\n<meta property=\"article:modified_time\" content=\"2022-05-19T07:19:50+00:00\" \/>\n<meta property=\"og:image\" content=\"https:\/\/www.asajacyl.com\/soria\/wp-content\/uploads\/sites\/9\/2022\/05\/IMG_4496.jpg\" \/>\n\t<meta property=\"og:image:width\" content=\"512\" \/>\n\t<meta property=\"og:image:height\" content=\"384\" \/>\n\t<meta property=\"og:image:type\" content=\"image\/jpeg\" \/>\n<meta name=\"author\" content=\"Juan Ignacio Prieto Nieto\" \/>\n<meta name=\"twitter:card\" content=\"summary_large_image\" \/>\n<meta name=\"twitter:label1\" content=\"Escrito por\" \/>\n\t<meta name=\"twitter:data1\" content=\"Juan Ignacio Prieto Nieto\" \/>\n\t<meta name=\"twitter:label2\" content=\"Tiempo de lectura\" \/>\n\t<meta name=\"twitter:data2\" content=\"4 minutos\" \/>\n<script type=\"application\/ld+json\" class=\"yoast-schema-graph\">{\"@context\":\"https:\/\/schema.org\",\"@graph\":[{\"@type\":\"WebPage\",\"@id\":\"https:\/\/www.asajacyl.com\/soria\/asaja-soria-informa\/asaja-apoya-como-todos-los-anos-la-feria-de-almazan-y-en-esta-60-edicion-organiza-el-asado-de-una-ternera\",\"url\":\"https:\/\/www.asajacyl.com\/soria\/asaja-soria-informa\/asaja-apoya-como-todos-los-anos-la-feria-de-almazan-y-en-esta-60-edicion-organiza-el-asado-de-una-ternera\",\"name\":\"ASAJA apoya como todos los a\u00f1os la Feria de Almaz\u00e1n y en esta 60 edici\u00f3n organiza el asado de una ternera - ASAJA Soria\",\"isPartOf\":{\"@id\":\"https:\/\/www.asajacyl.com\/soria\/#website\"},\"primaryImageOfPage\":{\"@id\":\"https:\/\/www.asajacyl.com\/soria\/asaja-soria-informa\/asaja-apoya-como-todos-los-anos-la-feria-de-almazan-y-en-esta-60-edicion-organiza-el-asado-de-una-ternera#primaryimage\"},\"image\":{\"@id\":\"https:\/\/www.asajacyl.com\/soria\/asaja-soria-informa\/asaja-apoya-como-todos-los-anos-la-feria-de-almazan-y-en-esta-60-edicion-organiza-el-asado-de-una-ternera#primaryimage\"},\"thumbnailUrl\":\"https:\/\/www.asajacyl.com\/soria\/wp-content\/uploads\/sites\/9\/2022\/05\/IMG_4496.jpg\",\"datePublished\":\"2022-05-14T07:02:29+00:00\",\"dateModified\":\"2022-05-19T07:19:50+00:00\",\"author\":{\"@id\":\"https:\/\/www.asajacyl.com\/soria\/#\/schema\/person\/fd3081c40255119ce8133b87e6aedfab\"},\"description\":\"El reparto tuvo lugar en La Arboleda. La OPA pretend\u00eda dar protagonismo a los excelentes profesionales del sector de vacuno de carne de Soria ASAJA Soria,\",\"breadcrumb\":{\"@id\":\"https:\/\/www.asajacyl.com\/soria\/asaja-soria-informa\/asaja-apoya-como-todos-los-anos-la-feria-de-almazan-y-en-esta-60-edicion-organiza-el-asado-de-una-ternera#breadcrumb\"},\"inLanguage\":\"es\",\"potentialAction\":[{\"@type\":\"ReadAction\",\"target\":[\"https:\/\/www.asajacyl.com\/soria\/asaja-soria-informa\/asaja-apoya-como-todos-los-anos-la-feria-de-almazan-y-en-esta-60-edicion-organiza-el-asado-de-una-ternera\"]}]},{\"@type\":\"ImageObject\",\"inLanguage\":\"es\",\"@id\":\"https:\/\/www.asajacyl.com\/soria\/asaja-soria-informa\/asaja-apoya-como-todos-los-anos-la-feria-de-almazan-y-en-esta-60-edicion-organiza-el-asado-de-una-ternera#primaryimage\",\"url\":\"https:\/\/www.asajacyl.com\/soria\/wp-content\/uploads\/sites\/9\/2022\/05\/IMG_4496.jpg\",\"contentUrl\":\"https:\/\/www.asajacyl.com\/soria\/wp-content\/uploads\/sites\/9\/2022\/05\/IMG_4496.jpg\",\"width\":512,\"height\":384},{\"@type\":\"BreadcrumbList\",\"@id\":\"https:\/\/www.asajacyl.com\/soria\/asaja-soria-informa\/asaja-apoya-como-todos-los-anos-la-feria-de-almazan-y-en-esta-60-edicion-organiza-el-asado-de-una-ternera#breadcrumb\",\"itemListElement\":[{\"@type\":\"ListItem\",\"position\":1,\"name\":\"Portada\",\"item\":\"https:\/\/www.asajacyl.com\/soria\/\"},{\"@type\":\"ListItem\",\"position\":2,\"name\":\"ASAJA apoya como todos los a\u00f1os la Feria de Almaz\u00e1n y en esta 60 edici\u00f3n organiza el asado de una ternera\"}]},{\"@type\":\"WebSite\",\"@id\":\"https:\/\/www.asajacyl.com\/soria\/#website\",\"url\":\"https:\/\/www.asajacyl.com\/soria\/\",\"name\":\"ASAJA Soria\",\"description\":\"Otro sitio m\u00e1s de Provincias ASAJA Castilla y Le\u00f3n\",\"potentialAction\":[{\"@type\":\"SearchAction\",\"target\":{\"@type\":\"EntryPoint\",\"urlTemplate\":\"https:\/\/www.asajacyl.com\/soria\/?s={search_term_string}\"},\"query-input\":{\"@type\":\"PropertyValueSpecification\",\"valueRequired\":true,\"valueName\":\"search_term_string\"}}],\"inLanguage\":\"es\"},{\"@type\":\"Person\",\"@id\":\"https:\/\/www.asajacyl.com\/soria\/#\/schema\/person\/fd3081c40255119ce8133b87e6aedfab\",\"name\":\"Juan Ignacio Prieto Nieto\",\"image\":{\"@type\":\"ImageObject\",\"inLanguage\":\"es\",\"@id\":\"https:\/\/www.asajacyl.com\/soria\/#\/schema\/person\/image\/\",\"url\":\"https:\/\/secure.gravatar.com\/avatar\/8266b36e4d9001acb4700699a2468dc8?s=96&d=mm&r=g\",\"contentUrl\":\"https:\/\/secure.gravatar.com\/avatar\/8266b36e4d9001acb4700699a2468dc8?s=96&d=mm&r=g\",\"caption\":\"Juan Ignacio Prieto Nieto\"},\"url\":\"https:\/\/www.asajacyl.com\/soria\/author\/juanfranciscoby\"}]}<\/script>\n<!-- \/ Yoast SEO plugin. -->","yoast_head_json":{"title":"ASAJA apoya como todos los a\u00f1os la Feria de Almaz\u00e1n y en esta 60 edici\u00f3n organiza el asado de una ternera - ASAJA Soria","description":"El reparto tuvo lugar en La Arboleda. La OPA pretend\u00eda dar protagonismo a los excelentes profesionales del sector de vacuno de carne de Soria ASAJA Soria,","robots":{"index":"index","follow":"follow","max-snippet":"max-snippet:-1","max-image-preview":"max-image-preview:large","max-video-preview":"max-video-preview:-1"},"canonical":"https:\/\/www.asajacyl.com\/soria\/asaja-soria-informa\/asaja-apoya-como-todos-los-anos-la-feria-de-almazan-y-en-esta-60-edicion-organiza-el-asado-de-una-ternera","og_locale":"es_ES","og_type":"article","og_title":"ASAJA apoya como todos los a\u00f1os la Feria de Almaz\u00e1n y en esta 60 edici\u00f3n organiza el asado de una ternera - ASAJA Soria","og_description":"El reparto tuvo lugar en La Arboleda. La OPA pretend\u00eda dar protagonismo a los excelentes profesionales del sector de vacuno de carne de Soria ASAJA Soria,","og_url":"https:\/\/www.asajacyl.com\/soria\/asaja-soria-informa\/asaja-apoya-como-todos-los-anos-la-feria-de-almazan-y-en-esta-60-edicion-organiza-el-asado-de-una-ternera","og_site_name":"ASAJA Soria","article_published_time":"2022-05-14T07:02:29+00:00","article_modified_time":"2022-05-19T07:19:50+00:00","og_image":[{"width":512,"height":384,"url":"https:\/\/www.asajacyl.com\/soria\/wp-content\/uploads\/sites\/9\/2022\/05\/IMG_4496.jpg","type":"image\/jpeg"}],"author":"Juan Ignacio Prieto Nieto","twitter_card":"summary_large_image","twitter_misc":{"Escrito por":"Juan Ignacio Prieto Nieto","Tiempo de lectura":"4 minutos"},"schema":{"@context":"https:\/\/schema.org","@graph":[{"@type":"WebPage","@id":"https:\/\/www.asajacyl.com\/soria\/asaja-soria-informa\/asaja-apoya-como-todos-los-anos-la-feria-de-almazan-y-en-esta-60-edicion-organiza-el-asado-de-una-ternera","url":"https:\/\/www.asajacyl.com\/soria\/asaja-soria-informa\/asaja-apoya-como-todos-los-anos-la-feria-de-almazan-y-en-esta-60-edicion-organiza-el-asado-de-una-ternera","name":"ASAJA apoya como todos los a\u00f1os la Feria de Almaz\u00e1n y en esta 60 edici\u00f3n organiza el asado de una ternera - ASAJA Soria","isPartOf":{"@id":"https:\/\/www.asajacyl.com\/soria\/#website"},"primaryImageOfPage":{"@id":"https:\/\/www.asajacyl.com\/soria\/asaja-soria-informa\/asaja-apoya-como-todos-los-anos-la-feria-de-almazan-y-en-esta-60-edicion-organiza-el-asado-de-una-ternera#primaryimage"},"image":{"@id":"https:\/\/www.asajacyl.com\/soria\/asaja-soria-informa\/asaja-apoya-como-todos-los-anos-la-feria-de-almazan-y-en-esta-60-edicion-organiza-el-asado-de-una-ternera#primaryimage"},"thumbnailUrl":"https:\/\/www.asajacyl.com\/soria\/wp-content\/uploads\/sites\/9\/2022\/05\/IMG_4496.jpg","datePublished":"2022-05-14T07:02:29+00:00","dateModified":"2022-05-19T07:19:50+00:00","author":{"@id":"https:\/\/www.asajacyl.com\/soria\/#\/schema\/person\/fd3081c40255119ce8133b87e6aedfab"},"description":"El reparto tuvo lugar en La Arboleda. La OPA pretend\u00eda dar protagonismo a los excelentes profesionales del sector de vacuno de carne de Soria ASAJA Soria,","breadcrumb":{"@id":"https:\/\/www.asajacyl.com\/soria\/asaja-soria-informa\/asaja-apoya-como-todos-los-anos-la-feria-de-almazan-y-en-esta-60-edicion-organiza-el-asado-de-una-ternera#breadcrumb"},"inLanguage":"es","potentialAction":[{"@type":"ReadAction","target":["https:\/\/www.asajacyl.com\/soria\/asaja-soria-informa\/asaja-apoya-como-todos-los-anos-la-feria-de-almazan-y-en-esta-60-edicion-organiza-el-asado-de-una-ternera"]}]},{"@type":"ImageObject","inLanguage":"es","@id":"https:\/\/www.asajacyl.com\/soria\/asaja-soria-informa\/asaja-apoya-como-todos-los-anos-la-feria-de-almazan-y-en-esta-60-edicion-organiza-el-asado-de-una-ternera#primaryimage","url":"https:\/\/www.asajacyl.com\/soria\/wp-content\/uploads\/sites\/9\/2022\/05\/IMG_4496.jpg","contentUrl":"https:\/\/www.asajacyl.com\/soria\/wp-content\/uploads\/sites\/9\/2022\/05\/IMG_4496.jpg","width":512,"height":384},{"@type":"BreadcrumbList","@id":"https:\/\/www.asajacyl.com\/soria\/asaja-soria-informa\/asaja-apoya-como-todos-los-anos-la-feria-de-almazan-y-en-esta-60-edicion-organiza-el-asado-de-una-ternera#breadcrumb","itemListElement":[{"@type":"ListItem","position":1,"name":"Portada","item":"https:\/\/www.asajacyl.com\/soria\/"},{"@type":"ListItem","position":2,"name":"ASAJA apoya como todos los a\u00f1os la Feria de Almaz\u00e1n y en esta 60 edici\u00f3n organiza el asado de una ternera"}]},{"@type":"WebSite","@id":"https:\/\/www.asajacyl.com\/soria\/#website","url":"https:\/\/www.asajacyl.com\/soria\/","name":"ASAJA Soria","description":"Otro sitio m\u00e1s de Provincias ASAJA Castilla y Le\u00f3n","potentialAction":[{"@type":"SearchAction","target":{"@type":"EntryPoint","urlTemplate":"https:\/\/www.asajacyl.com\/soria\/?s={search_term_string}"},"query-input":{"@type":"PropertyValueSpecification","valueRequired":true,"valueName":"search_term_string"}}],"inLanguage":"es"},{"@type":"Person","@id":"https:\/\/www.asajacyl.com\/soria\/#\/schema\/person\/fd3081c40255119ce8133b87e6aedfab","name":"Juan Ignacio Prieto Nieto","image":{"@type":"ImageObject","inLanguage":"es","@id":"https:\/\/www.asajacyl.com\/soria\/#\/schema\/person\/image\/","url":"https:\/\/secure.gravatar.com\/avatar\/8266b36e4d9001acb4700699a2468dc8?s=96&d=mm&r=g","contentUrl":"https:\/\/secure.gravatar.com\/avatar\/8266b36e4d9001acb4700699a2468dc8?s=96&d=mm&r=g","caption":"Juan Ignacio Prieto Nieto"},"url":"https:\/\/www.asajacyl.com\/soria\/author\/juanfranciscoby"}]}},"_links":{"self":[{"href":"https:\/\/www.asajacyl.com\/soria\/wp-json\/wp\/v2\/posts\/5643"}],"collection":[{"href":"https:\/\/www.asajacyl.com\/soria\/wp-json\/wp\/v2\/posts"}],"about":[{"href":"https:\/\/www.asajacyl.com\/soria\/wp-json\/wp\/v2\/types\/post"}],"author":[{"embeddable":true,"href":"https:\/\/www.asajacyl.com\/soria\/wp-json\/wp\/v2\/users\/12"}],"replies":[{"embeddable":true,"href":"https:\/\/www.asajacyl.com\/soria\/wp-json\/wp\/v2\/comments?post=5643"}],"version-history":[{"count":10,"href":"https:\/\/www.asajacyl.com\/soria\/wp-json\/wp\/v2\/posts\/5643\/revisions"}],"predecessor-version":[{"id":5672,"href":"https:\/\/www.asajacyl.com\/soria\/wp-json\/wp\/v2\/posts\/5643\/revisions\/5672"}],"wp:featuredmedia":[{"embeddable":true,"href":"https:\/\/www.asajacyl.com\/soria\/wp-json\/wp\/v2\/media\/5661"}],"wp:attachment":[{"href":"https:\/\/www.asajacyl.com\/soria\/wp-json\/wp\/v2\/media?parent=5643"}],"wp:term":[{"taxonomy":"category","embeddable":true,"href":"https:\/\/www.asajacyl.com\/soria\/wp-json\/wp\/v2\/categories?post=5643"},{"taxonomy":"post_tag","embeddable":true,"href":"https:\/\/www.asajacyl.com\/soria\/wp-json\/wp\/v2\/tags?post=5643"}],"curies":[{"name":"wp","href":"https:\/\/api.w.org\/{rel}","templated":true}]}}