{"id":5698,"date":"2022-05-19T09:22:44","date_gmt":"2022-05-19T07:22:44","guid":{"rendered":"https:\/\/www.asajacyl.com\/soria\/?p=5698"},"modified":"2022-05-19T09:28:53","modified_gmt":"2022-05-19T07:28:53","slug":"planas-aboga-por-un-seguimiento-constante-de-la-situacion-de-los-mercados-para-conocer-el-efecto-de-la-guerra-y-decidir-nuevas-actuaciones","status":"publish","type":"post","link":"https:\/\/www.asajacyl.com\/soria\/asaja-soria-informa\/planas-aboga-por-un-seguimiento-constante-de-la-situacion-de-los-mercados-para-conocer-el-efecto-de-la-guerra-y-decidir-nuevas-actuaciones","title":{"rendered":"Planas aboga por un seguimiento constante de la situaci\u00f3n de los mercados para conocer el efecto de la guerra y decidir nuevas actuaciones"},"content":{"rendered":"\n<p class=\"Rpido\"><span lang=\"ES-TRAD\" xml:lang=\"ES-TRAD\">El ministro de Agricultura, Pesca y Alimentaci\u00f3n, Luis Planas, ha abogado hoy por llevar a cabo un seguimiento constante de la situaci\u00f3n del mercado europeo en todos los \u00e1mbitos para conocer el efecto de las medidas adoptadas para mitigar los efectos de la guerra en Ucrania, por si fuera preciso la adopci\u00f3n de nuevas medidas.<\/span><\/p>\n<p class=\"Rpido\"><span lang=\"ES-TRAD\" xml:lang=\"ES-TRAD\">\u00a0<\/span><span lang=\"ES-TRAD\" xml:lang=\"ES-TRAD\">El ministro ha presidido esta tarde la reuni\u00f3n del Consejo Consultivo de Pol\u00edtica Agr\u00edcola para Asuntos Comunitarios, celebrado por videoconferencia, en el que ha apuntado que en el Consejo de Ministros de Agricultura, que se celebrar\u00e1 el pr\u00f3ximo martes, 24 de mayo, en Bruselas, se analizar\u00e1 la evoluci\u00f3n de las consecuencias de la guerra en los distintos sectores, as\u00ed como de las medidas adoptadas por la Comisi\u00f3n Europea para ayudar a la agricultura y ganader\u00eda en este contexto.<\/span><\/p>\n<p class=\"Rpido\"><span lang=\"ES-TRAD\" xml:lang=\"ES-TRAD\">\u00a0<\/span><span lang=\"ES-TRAD\" xml:lang=\"ES-TRAD\">El ministro -aunque ha precisado que a\u00fan es pronto para evaluar el efecto que tendr\u00e1 la medida de posibilitar el uso de tierras de barbecho para cultivo- ha se\u00f1alado que es previsible que se produzca un incremento de la superficie de girasol, producto que ofrece ventajas como la poca necesidad de agua y disfrutar actualmente buenas cotizaciones. Esta medida de flexibilizaci\u00f3n que permite cultivar las tierras de barbecho para incrementar la producci\u00f3n de cereales y oleaginosas de forma temporal y compensar la p\u00e9rdida de la que se importaba de Ucrania.<\/span><\/p>\n<p class=\"Rpido\"><span lang=\"ES-TRAD\" xml:lang=\"ES-TRAD\">\u00a0<\/span><span lang=\"ES-TRAD\" xml:lang=\"ES-TRAD\">Luis Planas ha reiterado la necesidad de que la Comisi\u00f3n Europea adopte medidas de flexibilidad en los mecanismos de gesti\u00f3n de crisis en los programas operativos de las organizaciones de productores de frutas y hortalizas, para que el sector pueda afrontar mejor una temporada marcada por la incertidumbre de la situaci\u00f3n en los mercados derivada de la invasi\u00f3n rusa de Ucrania y la p\u00e9rdida de producci\u00f3n como consecuencia de las heladas y otros episodios climatol\u00f3gicos ocurridos en primavera.<\/span><\/p>\n<p>Fuente: nota de prensa del MAPAMA.<\/p>\n","protected":false},"excerpt":{"rendered":"<p>El ministro de Agricultura, Pesca y Alimentaci\u00f3n, Luis Planas, ha abogado hoy por llevar a cabo un seguimiento constante de la situaci\u00f3n del mercado europeo en todos los \u00e1mbitos para conocer el efecto de las medidas adoptadas para mitigar los efectos de la guerra en Ucrania, por si fuera preciso la adopci\u00f3n de nuevas medidas. [&hellip;]<\/p>\n","protected":false},"author":12,"featured_media":4660,"comment_status":"open","ping_status":"open","sticky":false,"template":"","format":"standard","meta":{"footnotes":""},"categories":[10,25],"tags":[],"yoast_head":"<!-- This site is optimized with the Yoast SEO plugin v24.5 - https:\/\/yoast.com\/wordpress\/plugins\/seo\/ -->\n<title>Planas aboga por un seguimiento constante de la situaci\u00f3n de los mercados para conocer el efecto de la guerra y decidir nuevas actuaciones - ASAJA Soria<\/title>\n<meta name=\"description\" content=\"El ministro de Agricultura, Pesca y Alimentaci\u00f3n, Luis Planas, ha abogado hoy por llevar a cabo un seguimiento constante de la situaci\u00f3n del mercado\" \/>\n<meta name=\"robots\" content=\"index, follow, max-snippet:-1, max-image-preview:large, max-video-preview:-1\" \/>\n<link rel=\"canonical\" href=\"https:\/\/www.asajacyl.com\/soria\/asaja-soria-informa\/planas-aboga-por-un-seguimiento-constante-de-la-situacion-de-los-mercados-para-conocer-el-efecto-de-la-guerra-y-decidir-nuevas-actuaciones\" \/>\n<meta property=\"og:locale\" content=\"es_ES\" \/>\n<meta property=\"og:type\" content=\"article\" \/>\n<meta property=\"og:title\" content=\"Planas aboga por un seguimiento constante de la situaci\u00f3n de los mercados para conocer el efecto de la guerra y decidir nuevas actuaciones - ASAJA Soria\" \/>\n<meta property=\"og:description\" content=\"El ministro de Agricultura, Pesca y Alimentaci\u00f3n, Luis Planas, ha abogado hoy por llevar a cabo un seguimiento constante de la situaci\u00f3n del mercado\" \/>\n<meta property=\"og:url\" content=\"https:\/\/www.asajacyl.com\/soria\/asaja-soria-informa\/planas-aboga-por-un-seguimiento-constante-de-la-situacion-de-los-mercados-para-conocer-el-efecto-de-la-guerra-y-decidir-nuevas-actuaciones\" \/>\n<meta property=\"og:site_name\" content=\"ASAJA Soria\" \/>\n<meta property=\"article:published_time\" content=\"2022-05-19T07:22:44+00:00\" \/>\n<meta property=\"article:modified_time\" content=\"2022-05-19T07:28:53+00:00\" \/>\n<meta property=\"og:image\" content=\"https:\/\/www.asajacyl.com\/soria\/wp-content\/uploads\/sites\/9\/2021\/07\/PLANAS-Y-CARMELO.jpg\" \/>\n\t<meta property=\"og:image:width\" content=\"2500\" \/>\n\t<meta property=\"og:image:height\" content=\"1877\" \/>\n\t<meta property=\"og:image:type\" content=\"image\/jpeg\" \/>\n<meta name=\"author\" content=\"Juan Ignacio Prieto Nieto\" \/>\n<meta name=\"twitter:card\" content=\"summary_large_image\" \/>\n<meta name=\"twitter:label1\" content=\"Escrito por\" \/>\n\t<meta name=\"twitter:data1\" content=\"Juan Ignacio Prieto Nieto\" \/>\n\t<meta name=\"twitter:label2\" content=\"Tiempo de lectura\" \/>\n\t<meta name=\"twitter:data2\" content=\"2 minutos\" \/>\n<script type=\"application\/ld+json\" class=\"yoast-schema-graph\">{\"@context\":\"https:\/\/schema.org\",\"@graph\":[{\"@type\":\"WebPage\",\"@id\":\"https:\/\/www.asajacyl.com\/soria\/asaja-soria-informa\/planas-aboga-por-un-seguimiento-constante-de-la-situacion-de-los-mercados-para-conocer-el-efecto-de-la-guerra-y-decidir-nuevas-actuaciones\",\"url\":\"https:\/\/www.asajacyl.com\/soria\/asaja-soria-informa\/planas-aboga-por-un-seguimiento-constante-de-la-situacion-de-los-mercados-para-conocer-el-efecto-de-la-guerra-y-decidir-nuevas-actuaciones\",\"name\":\"Planas aboga por un seguimiento constante de la situaci\u00f3n de los mercados para conocer el efecto de la guerra y decidir nuevas actuaciones - ASAJA Soria\",\"isPartOf\":{\"@id\":\"https:\/\/www.asajacyl.com\/soria\/#website\"},\"primaryImageOfPage\":{\"@id\":\"https:\/\/www.asajacyl.com\/soria\/asaja-soria-informa\/planas-aboga-por-un-seguimiento-constante-de-la-situacion-de-los-mercados-para-conocer-el-efecto-de-la-guerra-y-decidir-nuevas-actuaciones#primaryimage\"},\"image\":{\"@id\":\"https:\/\/www.asajacyl.com\/soria\/asaja-soria-informa\/planas-aboga-por-un-seguimiento-constante-de-la-situacion-de-los-mercados-para-conocer-el-efecto-de-la-guerra-y-decidir-nuevas-actuaciones#primaryimage\"},\"thumbnailUrl\":\"https:\/\/www.asajacyl.com\/soria\/wp-content\/uploads\/sites\/9\/2021\/07\/PLANAS-Y-CARMELO.jpg\",\"datePublished\":\"2022-05-19T07:22:44+00:00\",\"dateModified\":\"2022-05-19T07:28:53+00:00\",\"author\":{\"@id\":\"https:\/\/www.asajacyl.com\/soria\/#\/schema\/person\/fd3081c40255119ce8133b87e6aedfab\"},\"description\":\"El ministro de Agricultura, Pesca y Alimentaci\u00f3n, Luis Planas, ha abogado hoy por llevar a cabo un seguimiento constante de la situaci\u00f3n del mercado\",\"breadcrumb\":{\"@id\":\"https:\/\/www.asajacyl.com\/soria\/asaja-soria-informa\/planas-aboga-por-un-seguimiento-constante-de-la-situacion-de-los-mercados-para-conocer-el-efecto-de-la-guerra-y-decidir-nuevas-actuaciones#breadcrumb\"},\"inLanguage\":\"es\",\"potentialAction\":[{\"@type\":\"ReadAction\",\"target\":[\"https:\/\/www.asajacyl.com\/soria\/asaja-soria-informa\/planas-aboga-por-un-seguimiento-constante-de-la-situacion-de-los-mercados-para-conocer-el-efecto-de-la-guerra-y-decidir-nuevas-actuaciones\"]}]},{\"@type\":\"ImageObject\",\"inLanguage\":\"es\",\"@id\":\"https:\/\/www.asajacyl.com\/soria\/asaja-soria-informa\/planas-aboga-por-un-seguimiento-constante-de-la-situacion-de-los-mercados-para-conocer-el-efecto-de-la-guerra-y-decidir-nuevas-actuaciones#primaryimage\",\"url\":\"https:\/\/www.asajacyl.com\/soria\/wp-content\/uploads\/sites\/9\/2021\/07\/PLANAS-Y-CARMELO.jpg\",\"contentUrl\":\"https:\/\/www.asajacyl.com\/soria\/wp-content\/uploads\/sites\/9\/2021\/07\/PLANAS-Y-CARMELO.jpg\",\"width\":2500,\"height\":1877},{\"@type\":\"BreadcrumbList\",\"@id\":\"https:\/\/www.asajacyl.com\/soria\/asaja-soria-informa\/planas-aboga-por-un-seguimiento-constante-de-la-situacion-de-los-mercados-para-conocer-el-efecto-de-la-guerra-y-decidir-nuevas-actuaciones#breadcrumb\",\"itemListElement\":[{\"@type\":\"ListItem\",\"position\":1,\"name\":\"Portada\",\"item\":\"https:\/\/www.asajacyl.com\/soria\/\"},{\"@type\":\"ListItem\",\"position\":2,\"name\":\"Planas aboga por un seguimiento constante de la situaci\u00f3n de los mercados para conocer el efecto de la guerra y decidir nuevas actuaciones\"}]},{\"@type\":\"WebSite\",\"@id\":\"https:\/\/www.asajacyl.com\/soria\/#website\",\"url\":\"https:\/\/www.asajacyl.com\/soria\/\",\"name\":\"ASAJA Soria\",\"description\":\"Otro sitio m\u00e1s de Provincias ASAJA Castilla y Le\u00f3n\",\"potentialAction\":[{\"@type\":\"SearchAction\",\"target\":{\"@type\":\"EntryPoint\",\"urlTemplate\":\"https:\/\/www.asajacyl.com\/soria\/?s={search_term_string}\"},\"query-input\":{\"@type\":\"PropertyValueSpecification\",\"valueRequired\":true,\"valueName\":\"search_term_string\"}}],\"inLanguage\":\"es\"},{\"@type\":\"Person\",\"@id\":\"https:\/\/www.asajacyl.com\/soria\/#\/schema\/person\/fd3081c40255119ce8133b87e6aedfab\",\"name\":\"Juan Ignacio Prieto Nieto\",\"image\":{\"@type\":\"ImageObject\",\"inLanguage\":\"es\",\"@id\":\"https:\/\/www.asajacyl.com\/soria\/#\/schema\/person\/image\/\",\"url\":\"https:\/\/secure.gravatar.com\/avatar\/8266b36e4d9001acb4700699a2468dc8?s=96&d=mm&r=g\",\"contentUrl\":\"https:\/\/secure.gravatar.com\/avatar\/8266b36e4d9001acb4700699a2468dc8?s=96&d=mm&r=g\",\"caption\":\"Juan Ignacio Prieto Nieto\"},\"url\":\"https:\/\/www.asajacyl.com\/soria\/author\/juanfranciscoby\"}]}<\/script>\n<!-- \/ Yoast SEO plugin. -->","yoast_head_json":{"title":"Planas aboga por un seguimiento constante de la situaci\u00f3n de los mercados para conocer el efecto de la guerra y decidir nuevas actuaciones - ASAJA Soria","description":"El ministro de Agricultura, Pesca y Alimentaci\u00f3n, Luis Planas, ha abogado hoy por llevar a cabo un seguimiento constante de la situaci\u00f3n del mercado","robots":{"index":"index","follow":"follow","max-snippet":"max-snippet:-1","max-image-preview":"max-image-preview:large","max-video-preview":"max-video-preview:-1"},"canonical":"https:\/\/www.asajacyl.com\/soria\/asaja-soria-informa\/planas-aboga-por-un-seguimiento-constante-de-la-situacion-de-los-mercados-para-conocer-el-efecto-de-la-guerra-y-decidir-nuevas-actuaciones","og_locale":"es_ES","og_type":"article","og_title":"Planas aboga por un seguimiento constante de la situaci\u00f3n de los mercados para conocer el efecto de la guerra y decidir nuevas actuaciones - ASAJA Soria","og_description":"El ministro de Agricultura, Pesca y Alimentaci\u00f3n, Luis Planas, ha abogado hoy por llevar a cabo un seguimiento constante de la situaci\u00f3n del mercado","og_url":"https:\/\/www.asajacyl.com\/soria\/asaja-soria-informa\/planas-aboga-por-un-seguimiento-constante-de-la-situacion-de-los-mercados-para-conocer-el-efecto-de-la-guerra-y-decidir-nuevas-actuaciones","og_site_name":"ASAJA Soria","article_published_time":"2022-05-19T07:22:44+00:00","article_modified_time":"2022-05-19T07:28:53+00:00","og_image":[{"width":2500,"height":1877,"url":"https:\/\/www.asajacyl.com\/soria\/wp-content\/uploads\/sites\/9\/2021\/07\/PLANAS-Y-CARMELO.jpg","type":"image\/jpeg"}],"author":"Juan Ignacio Prieto Nieto","twitter_card":"summary_large_image","twitter_misc":{"Escrito por":"Juan Ignacio Prieto Nieto","Tiempo de lectura":"2 minutos"},"schema":{"@context":"https:\/\/schema.org","@graph":[{"@type":"WebPage","@id":"https:\/\/www.asajacyl.com\/soria\/asaja-soria-informa\/planas-aboga-por-un-seguimiento-constante-de-la-situacion-de-los-mercados-para-conocer-el-efecto-de-la-guerra-y-decidir-nuevas-actuaciones","url":"https:\/\/www.asajacyl.com\/soria\/asaja-soria-informa\/planas-aboga-por-un-seguimiento-constante-de-la-situacion-de-los-mercados-para-conocer-el-efecto-de-la-guerra-y-decidir-nuevas-actuaciones","name":"Planas aboga por un seguimiento constante de la situaci\u00f3n de los mercados para conocer el efecto de la guerra y decidir nuevas actuaciones - ASAJA Soria","isPartOf":{"@id":"https:\/\/www.asajacyl.com\/soria\/#website"},"primaryImageOfPage":{"@id":"https:\/\/www.asajacyl.com\/soria\/asaja-soria-informa\/planas-aboga-por-un-seguimiento-constante-de-la-situacion-de-los-mercados-para-conocer-el-efecto-de-la-guerra-y-decidir-nuevas-actuaciones#primaryimage"},"image":{"@id":"https:\/\/www.asajacyl.com\/soria\/asaja-soria-informa\/planas-aboga-por-un-seguimiento-constante-de-la-situacion-de-los-mercados-para-conocer-el-efecto-de-la-guerra-y-decidir-nuevas-actuaciones#primaryimage"},"thumbnailUrl":"https:\/\/www.asajacyl.com\/soria\/wp-content\/uploads\/sites\/9\/2021\/07\/PLANAS-Y-CARMELO.jpg","datePublished":"2022-05-19T07:22:44+00:00","dateModified":"2022-05-19T07:28:53+00:00","author":{"@id":"https:\/\/www.asajacyl.com\/soria\/#\/schema\/person\/fd3081c40255119ce8133b87e6aedfab"},"description":"El ministro de Agricultura, Pesca y Alimentaci\u00f3n, Luis Planas, ha abogado hoy por llevar a cabo un seguimiento constante de la situaci\u00f3n del mercado","breadcrumb":{"@id":"https:\/\/www.asajacyl.com\/soria\/asaja-soria-informa\/planas-aboga-por-un-seguimiento-constante-de-la-situacion-de-los-mercados-para-conocer-el-efecto-de-la-guerra-y-decidir-nuevas-actuaciones#breadcrumb"},"inLanguage":"es","potentialAction":[{"@type":"ReadAction","target":["https:\/\/www.asajacyl.com\/soria\/asaja-soria-informa\/planas-aboga-por-un-seguimiento-constante-de-la-situacion-de-los-mercados-para-conocer-el-efecto-de-la-guerra-y-decidir-nuevas-actuaciones"]}]},{"@type":"ImageObject","inLanguage":"es","@id":"https:\/\/www.asajacyl.com\/soria\/asaja-soria-informa\/planas-aboga-por-un-seguimiento-constante-de-la-situacion-de-los-mercados-para-conocer-el-efecto-de-la-guerra-y-decidir-nuevas-actuaciones#primaryimage","url":"https:\/\/www.asajacyl.com\/soria\/wp-content\/uploads\/sites\/9\/2021\/07\/PLANAS-Y-CARMELO.jpg","contentUrl":"https:\/\/www.asajacyl.com\/soria\/wp-content\/uploads\/sites\/9\/2021\/07\/PLANAS-Y-CARMELO.jpg","width":2500,"height":1877},{"@type":"BreadcrumbList","@id":"https:\/\/www.asajacyl.com\/soria\/asaja-soria-informa\/planas-aboga-por-un-seguimiento-constante-de-la-situacion-de-los-mercados-para-conocer-el-efecto-de-la-guerra-y-decidir-nuevas-actuaciones#breadcrumb","itemListElement":[{"@type":"ListItem","position":1,"name":"Portada","item":"https:\/\/www.asajacyl.com\/soria\/"},{"@type":"ListItem","position":2,"name":"Planas aboga por un seguimiento constante de la situaci\u00f3n de los mercados para conocer el efecto de la guerra y decidir nuevas actuaciones"}]},{"@type":"WebSite","@id":"https:\/\/www.asajacyl.com\/soria\/#website","url":"https:\/\/www.asajacyl.com\/soria\/","name":"ASAJA Soria","description":"Otro sitio m\u00e1s de Provincias ASAJA Castilla y Le\u00f3n","potentialAction":[{"@type":"SearchAction","target":{"@type":"EntryPoint","urlTemplate":"https:\/\/www.asajacyl.com\/soria\/?s={search_term_string}"},"query-input":{"@type":"PropertyValueSpecification","valueRequired":true,"valueName":"search_term_string"}}],"inLanguage":"es"},{"@type":"Person","@id":"https:\/\/www.asajacyl.com\/soria\/#\/schema\/person\/fd3081c40255119ce8133b87e6aedfab","name":"Juan Ignacio Prieto Nieto","image":{"@type":"ImageObject","inLanguage":"es","@id":"https:\/\/www.asajacyl.com\/soria\/#\/schema\/person\/image\/","url":"https:\/\/secure.gravatar.com\/avatar\/8266b36e4d9001acb4700699a2468dc8?s=96&d=mm&r=g","contentUrl":"https:\/\/secure.gravatar.com\/avatar\/8266b36e4d9001acb4700699a2468dc8?s=96&d=mm&r=g","caption":"Juan Ignacio Prieto Nieto"},"url":"https:\/\/www.asajacyl.com\/soria\/author\/juanfranciscoby"}]}},"_links":{"self":[{"href":"https:\/\/www.asajacyl.com\/soria\/wp-json\/wp\/v2\/posts\/5698"}],"collection":[{"href":"https:\/\/www.asajacyl.com\/soria\/wp-json\/wp\/v2\/posts"}],"about":[{"href":"https:\/\/www.asajacyl.com\/soria\/wp-json\/wp\/v2\/types\/post"}],"author":[{"embeddable":true,"href":"https:\/\/www.asajacyl.com\/soria\/wp-json\/wp\/v2\/users\/12"}],"replies":[{"embeddable":true,"href":"https:\/\/www.asajacyl.com\/soria\/wp-json\/wp\/v2\/comments?post=5698"}],"version-history":[{"count":1,"href":"https:\/\/www.asajacyl.com\/soria\/wp-json\/wp\/v2\/posts\/5698\/revisions"}],"predecessor-version":[{"id":5699,"href":"https:\/\/www.asajacyl.com\/soria\/wp-json\/wp\/v2\/posts\/5698\/revisions\/5699"}],"wp:featuredmedia":[{"embeddable":true,"href":"https:\/\/www.asajacyl.com\/soria\/wp-json\/wp\/v2\/media\/4660"}],"wp:attachment":[{"href":"https:\/\/www.asajacyl.com\/soria\/wp-json\/wp\/v2\/media?parent=5698"}],"wp:term":[{"taxonomy":"category","embeddable":true,"href":"https:\/\/www.asajacyl.com\/soria\/wp-json\/wp\/v2\/categories?post=5698"},{"taxonomy":"post_tag","embeddable":true,"href":"https:\/\/www.asajacyl.com\/soria\/wp-json\/wp\/v2\/tags?post=5698"}],"curies":[{"name":"wp","href":"https:\/\/api.w.org\/{rel}","templated":true}]}}