{"id":5700,"date":"2022-05-19T09:27:36","date_gmt":"2022-05-19T07:27:36","guid":{"rendered":"https:\/\/www.asajacyl.com\/soria\/?p=5700"},"modified":"2022-05-27T13:00:59","modified_gmt":"2022-05-27T11:00:59","slug":"espana-apoyara-que-los-paises-de-la-ue-informen-mensualmente-de-su-stock-cereales","status":"publish","type":"post","link":"https:\/\/www.asajacyl.com\/soria\/asaja-soria-informa\/espana-apoyara-que-los-paises-de-la-ue-informen-mensualmente-de-su-stock-cereales","title":{"rendered":"Espa\u00f1a apoyar\u00e1 que los pa\u00edses de la UE informen mensualmente de su stock cereales"},"content":{"rendered":"\n<p>En una rueda de prensa previa al consejo consultivo\u00a0y conferencia sectorial que mantendr\u00e1 de forma telem\u00e1tica esta tarde con las autonom\u00edas, Planas ha avanzado que en la reuni\u00f3n con el resto de los ministros de Agricultura de la UE del pr\u00f3ximo martes volver\u00e1n a hacer un seguimiento de c\u00f3mo sigue afectando la guerra en Ucrania a los mercados agr\u00edcolas, especialmente a la provisi\u00f3n de cereales.<\/p>\n<p>Dentro del\u00a0\u00e1mbito cerealista, ha informado de que est\u00e1n a la espera de que se publique la modificaci\u00f3n del Reglamento de Transparencia de la UE por el que se obligar\u00e1 a hacer esas\u00a0declaraciones mensuales de \u00abstock\u00bb.<\/p>\n<p>Planas cree que se dar\u00e1 as\u00ed\u00a0\u00abuna mayor transparencia e informaci\u00f3n ante la toma de decisiones\u00bb\u00a0de cara a gestionar los abastecimientos de los mercados intra y extracomunitarios.<\/p>\n<p>El ministro ha criticado que haya hasta\u00a0\u00ab23 pa\u00edses del mundo\u00bb que est\u00e1n restringiendo sus exportaciones, principalmente de cereales y oleaginosas, en el contexto generado tras la guerra, algo que \u00abcontribuye\u00bb a las subidas de los precios y a que se produzcan \u00abdisrupciones\u00bb en el funcionamiento de los mercados.<\/p>\n<p>Ha valorado que esas medidas de restricci\u00f3n no est\u00e9n admitidas en la UE a pesar de que \u00abalg\u00fan Estado miembro las haya sondeado durante la pandemia y ahora con la guerra\u00bb.<\/p>\n","protected":false},"excerpt":{"rendered":"<p>En una rueda de prensa previa al consejo consultivo\u00a0y conferencia sectorial que mantendr\u00e1 de forma telem\u00e1tica esta tarde con las autonom\u00edas, Planas ha avanzado que en la reuni\u00f3n con el resto de los ministros de Agricultura de la UE del pr\u00f3ximo martes volver\u00e1n a hacer un seguimiento de c\u00f3mo sigue afectando la guerra en Ucrania [&hellip;]<\/p>\n","protected":false},"author":12,"featured_media":4683,"comment_status":"open","ping_status":"open","sticky":false,"template":"","format":"standard","meta":{"footnotes":""},"categories":[10,25],"tags":[],"yoast_head":"<!-- This site is optimized with the Yoast SEO plugin v24.5 - https:\/\/yoast.com\/wordpress\/plugins\/seo\/ -->\n<title>Espa\u00f1a apoyar\u00e1 que los pa\u00edses de la UE informen mensualmente de su stock cereales - ASAJA Soria<\/title>\n<meta name=\"description\" content=\"En una rueda de prensa previa al consejo consultivo\u00a0y conferencia sectorial que mantendr\u00e1 de forma telem\u00e1tica esta tarde con las autonom\u00edas, Planas ha\" \/>\n<meta name=\"robots\" content=\"index, follow, max-snippet:-1, max-image-preview:large, max-video-preview:-1\" \/>\n<link rel=\"canonical\" href=\"https:\/\/www.asajacyl.com\/soria\/asaja-soria-informa\/espana-apoyara-que-los-paises-de-la-ue-informen-mensualmente-de-su-stock-cereales\" \/>\n<meta property=\"og:locale\" content=\"es_ES\" \/>\n<meta property=\"og:type\" content=\"article\" \/>\n<meta property=\"og:title\" content=\"Espa\u00f1a apoyar\u00e1 que los pa\u00edses de la UE informen mensualmente de su stock cereales - ASAJA Soria\" \/>\n<meta property=\"og:description\" content=\"En una rueda de prensa previa al consejo consultivo\u00a0y conferencia sectorial que mantendr\u00e1 de forma telem\u00e1tica esta tarde con las autonom\u00edas, Planas ha\" \/>\n<meta property=\"og:url\" content=\"https:\/\/www.asajacyl.com\/soria\/asaja-soria-informa\/espana-apoyara-que-los-paises-de-la-ue-informen-mensualmente-de-su-stock-cereales\" \/>\n<meta property=\"og:site_name\" content=\"ASAJA Soria\" \/>\n<meta property=\"article:published_time\" content=\"2022-05-19T07:27:36+00:00\" \/>\n<meta property=\"article:modified_time\" content=\"2022-05-27T11:00:59+00:00\" \/>\n<meta property=\"og:image\" content=\"https:\/\/www.asajacyl.com\/soria\/wp-content\/uploads\/sites\/9\/2021\/07\/IMG_2109.jpg\" \/>\n\t<meta property=\"og:image:width\" content=\"2016\" \/>\n\t<meta property=\"og:image:height\" content=\"1512\" \/>\n\t<meta property=\"og:image:type\" content=\"image\/jpeg\" \/>\n<meta name=\"author\" content=\"Juan Ignacio Prieto Nieto\" \/>\n<meta name=\"twitter:card\" content=\"summary_large_image\" \/>\n<meta name=\"twitter:label1\" content=\"Escrito por\" \/>\n\t<meta name=\"twitter:data1\" content=\"Juan Ignacio Prieto Nieto\" \/>\n\t<meta name=\"twitter:label2\" content=\"Tiempo de lectura\" \/>\n\t<meta name=\"twitter:data2\" content=\"1 minuto\" \/>\n<script type=\"application\/ld+json\" class=\"yoast-schema-graph\">{\"@context\":\"https:\/\/schema.org\",\"@graph\":[{\"@type\":\"WebPage\",\"@id\":\"https:\/\/www.asajacyl.com\/soria\/asaja-soria-informa\/espana-apoyara-que-los-paises-de-la-ue-informen-mensualmente-de-su-stock-cereales\",\"url\":\"https:\/\/www.asajacyl.com\/soria\/asaja-soria-informa\/espana-apoyara-que-los-paises-de-la-ue-informen-mensualmente-de-su-stock-cereales\",\"name\":\"Espa\u00f1a apoyar\u00e1 que los pa\u00edses de la UE informen mensualmente de su stock cereales - ASAJA Soria\",\"isPartOf\":{\"@id\":\"https:\/\/www.asajacyl.com\/soria\/#website\"},\"primaryImageOfPage\":{\"@id\":\"https:\/\/www.asajacyl.com\/soria\/asaja-soria-informa\/espana-apoyara-que-los-paises-de-la-ue-informen-mensualmente-de-su-stock-cereales#primaryimage\"},\"image\":{\"@id\":\"https:\/\/www.asajacyl.com\/soria\/asaja-soria-informa\/espana-apoyara-que-los-paises-de-la-ue-informen-mensualmente-de-su-stock-cereales#primaryimage\"},\"thumbnailUrl\":\"https:\/\/www.asajacyl.com\/soria\/wp-content\/uploads\/sites\/9\/2021\/07\/IMG_2109.jpg\",\"datePublished\":\"2022-05-19T07:27:36+00:00\",\"dateModified\":\"2022-05-27T11:00:59+00:00\",\"author\":{\"@id\":\"https:\/\/www.asajacyl.com\/soria\/#\/schema\/person\/fd3081c40255119ce8133b87e6aedfab\"},\"description\":\"En una rueda de prensa previa al consejo consultivo\u00a0y conferencia sectorial que mantendr\u00e1 de forma telem\u00e1tica esta tarde con las autonom\u00edas, Planas ha\",\"breadcrumb\":{\"@id\":\"https:\/\/www.asajacyl.com\/soria\/asaja-soria-informa\/espana-apoyara-que-los-paises-de-la-ue-informen-mensualmente-de-su-stock-cereales#breadcrumb\"},\"inLanguage\":\"es\",\"potentialAction\":[{\"@type\":\"ReadAction\",\"target\":[\"https:\/\/www.asajacyl.com\/soria\/asaja-soria-informa\/espana-apoyara-que-los-paises-de-la-ue-informen-mensualmente-de-su-stock-cereales\"]}]},{\"@type\":\"ImageObject\",\"inLanguage\":\"es\",\"@id\":\"https:\/\/www.asajacyl.com\/soria\/asaja-soria-informa\/espana-apoyara-que-los-paises-de-la-ue-informen-mensualmente-de-su-stock-cereales#primaryimage\",\"url\":\"https:\/\/www.asajacyl.com\/soria\/wp-content\/uploads\/sites\/9\/2021\/07\/IMG_2109.jpg\",\"contentUrl\":\"https:\/\/www.asajacyl.com\/soria\/wp-content\/uploads\/sites\/9\/2021\/07\/IMG_2109.jpg\",\"width\":2016,\"height\":1512},{\"@type\":\"BreadcrumbList\",\"@id\":\"https:\/\/www.asajacyl.com\/soria\/asaja-soria-informa\/espana-apoyara-que-los-paises-de-la-ue-informen-mensualmente-de-su-stock-cereales#breadcrumb\",\"itemListElement\":[{\"@type\":\"ListItem\",\"position\":1,\"name\":\"Portada\",\"item\":\"https:\/\/www.asajacyl.com\/soria\/\"},{\"@type\":\"ListItem\",\"position\":2,\"name\":\"Espa\u00f1a apoyar\u00e1 que los pa\u00edses de la UE informen mensualmente de su stock cereales\"}]},{\"@type\":\"WebSite\",\"@id\":\"https:\/\/www.asajacyl.com\/soria\/#website\",\"url\":\"https:\/\/www.asajacyl.com\/soria\/\",\"name\":\"ASAJA Soria\",\"description\":\"Otro sitio m\u00e1s de Provincias ASAJA Castilla y Le\u00f3n\",\"potentialAction\":[{\"@type\":\"SearchAction\",\"target\":{\"@type\":\"EntryPoint\",\"urlTemplate\":\"https:\/\/www.asajacyl.com\/soria\/?s={search_term_string}\"},\"query-input\":{\"@type\":\"PropertyValueSpecification\",\"valueRequired\":true,\"valueName\":\"search_term_string\"}}],\"inLanguage\":\"es\"},{\"@type\":\"Person\",\"@id\":\"https:\/\/www.asajacyl.com\/soria\/#\/schema\/person\/fd3081c40255119ce8133b87e6aedfab\",\"name\":\"Juan Ignacio Prieto Nieto\",\"image\":{\"@type\":\"ImageObject\",\"inLanguage\":\"es\",\"@id\":\"https:\/\/www.asajacyl.com\/soria\/#\/schema\/person\/image\/\",\"url\":\"https:\/\/secure.gravatar.com\/avatar\/8266b36e4d9001acb4700699a2468dc8?s=96&d=mm&r=g\",\"contentUrl\":\"https:\/\/secure.gravatar.com\/avatar\/8266b36e4d9001acb4700699a2468dc8?s=96&d=mm&r=g\",\"caption\":\"Juan Ignacio Prieto Nieto\"},\"url\":\"https:\/\/www.asajacyl.com\/soria\/author\/juanfranciscoby\"}]}<\/script>\n<!-- \/ Yoast SEO plugin. -->","yoast_head_json":{"title":"Espa\u00f1a apoyar\u00e1 que los pa\u00edses de la UE informen mensualmente de su stock cereales - ASAJA Soria","description":"En una rueda de prensa previa al consejo consultivo\u00a0y conferencia sectorial que mantendr\u00e1 de forma telem\u00e1tica esta tarde con las autonom\u00edas, Planas ha","robots":{"index":"index","follow":"follow","max-snippet":"max-snippet:-1","max-image-preview":"max-image-preview:large","max-video-preview":"max-video-preview:-1"},"canonical":"https:\/\/www.asajacyl.com\/soria\/asaja-soria-informa\/espana-apoyara-que-los-paises-de-la-ue-informen-mensualmente-de-su-stock-cereales","og_locale":"es_ES","og_type":"article","og_title":"Espa\u00f1a apoyar\u00e1 que los pa\u00edses de la UE informen mensualmente de su stock cereales - ASAJA Soria","og_description":"En una rueda de prensa previa al consejo consultivo\u00a0y conferencia sectorial que mantendr\u00e1 de forma telem\u00e1tica esta tarde con las autonom\u00edas, Planas ha","og_url":"https:\/\/www.asajacyl.com\/soria\/asaja-soria-informa\/espana-apoyara-que-los-paises-de-la-ue-informen-mensualmente-de-su-stock-cereales","og_site_name":"ASAJA Soria","article_published_time":"2022-05-19T07:27:36+00:00","article_modified_time":"2022-05-27T11:00:59+00:00","og_image":[{"width":2016,"height":1512,"url":"https:\/\/www.asajacyl.com\/soria\/wp-content\/uploads\/sites\/9\/2021\/07\/IMG_2109.jpg","type":"image\/jpeg"}],"author":"Juan Ignacio Prieto Nieto","twitter_card":"summary_large_image","twitter_misc":{"Escrito por":"Juan Ignacio Prieto Nieto","Tiempo de lectura":"1 minuto"},"schema":{"@context":"https:\/\/schema.org","@graph":[{"@type":"WebPage","@id":"https:\/\/www.asajacyl.com\/soria\/asaja-soria-informa\/espana-apoyara-que-los-paises-de-la-ue-informen-mensualmente-de-su-stock-cereales","url":"https:\/\/www.asajacyl.com\/soria\/asaja-soria-informa\/espana-apoyara-que-los-paises-de-la-ue-informen-mensualmente-de-su-stock-cereales","name":"Espa\u00f1a apoyar\u00e1 que los pa\u00edses de la UE informen mensualmente de su stock cereales - ASAJA Soria","isPartOf":{"@id":"https:\/\/www.asajacyl.com\/soria\/#website"},"primaryImageOfPage":{"@id":"https:\/\/www.asajacyl.com\/soria\/asaja-soria-informa\/espana-apoyara-que-los-paises-de-la-ue-informen-mensualmente-de-su-stock-cereales#primaryimage"},"image":{"@id":"https:\/\/www.asajacyl.com\/soria\/asaja-soria-informa\/espana-apoyara-que-los-paises-de-la-ue-informen-mensualmente-de-su-stock-cereales#primaryimage"},"thumbnailUrl":"https:\/\/www.asajacyl.com\/soria\/wp-content\/uploads\/sites\/9\/2021\/07\/IMG_2109.jpg","datePublished":"2022-05-19T07:27:36+00:00","dateModified":"2022-05-27T11:00:59+00:00","author":{"@id":"https:\/\/www.asajacyl.com\/soria\/#\/schema\/person\/fd3081c40255119ce8133b87e6aedfab"},"description":"En una rueda de prensa previa al consejo consultivo\u00a0y conferencia sectorial que mantendr\u00e1 de forma telem\u00e1tica esta tarde con las autonom\u00edas, Planas ha","breadcrumb":{"@id":"https:\/\/www.asajacyl.com\/soria\/asaja-soria-informa\/espana-apoyara-que-los-paises-de-la-ue-informen-mensualmente-de-su-stock-cereales#breadcrumb"},"inLanguage":"es","potentialAction":[{"@type":"ReadAction","target":["https:\/\/www.asajacyl.com\/soria\/asaja-soria-informa\/espana-apoyara-que-los-paises-de-la-ue-informen-mensualmente-de-su-stock-cereales"]}]},{"@type":"ImageObject","inLanguage":"es","@id":"https:\/\/www.asajacyl.com\/soria\/asaja-soria-informa\/espana-apoyara-que-los-paises-de-la-ue-informen-mensualmente-de-su-stock-cereales#primaryimage","url":"https:\/\/www.asajacyl.com\/soria\/wp-content\/uploads\/sites\/9\/2021\/07\/IMG_2109.jpg","contentUrl":"https:\/\/www.asajacyl.com\/soria\/wp-content\/uploads\/sites\/9\/2021\/07\/IMG_2109.jpg","width":2016,"height":1512},{"@type":"BreadcrumbList","@id":"https:\/\/www.asajacyl.com\/soria\/asaja-soria-informa\/espana-apoyara-que-los-paises-de-la-ue-informen-mensualmente-de-su-stock-cereales#breadcrumb","itemListElement":[{"@type":"ListItem","position":1,"name":"Portada","item":"https:\/\/www.asajacyl.com\/soria\/"},{"@type":"ListItem","position":2,"name":"Espa\u00f1a apoyar\u00e1 que los pa\u00edses de la UE informen mensualmente de su stock cereales"}]},{"@type":"WebSite","@id":"https:\/\/www.asajacyl.com\/soria\/#website","url":"https:\/\/www.asajacyl.com\/soria\/","name":"ASAJA Soria","description":"Otro sitio m\u00e1s de Provincias ASAJA Castilla y Le\u00f3n","potentialAction":[{"@type":"SearchAction","target":{"@type":"EntryPoint","urlTemplate":"https:\/\/www.asajacyl.com\/soria\/?s={search_term_string}"},"query-input":{"@type":"PropertyValueSpecification","valueRequired":true,"valueName":"search_term_string"}}],"inLanguage":"es"},{"@type":"Person","@id":"https:\/\/www.asajacyl.com\/soria\/#\/schema\/person\/fd3081c40255119ce8133b87e6aedfab","name":"Juan Ignacio Prieto Nieto","image":{"@type":"ImageObject","inLanguage":"es","@id":"https:\/\/www.asajacyl.com\/soria\/#\/schema\/person\/image\/","url":"https:\/\/secure.gravatar.com\/avatar\/8266b36e4d9001acb4700699a2468dc8?s=96&d=mm&r=g","contentUrl":"https:\/\/secure.gravatar.com\/avatar\/8266b36e4d9001acb4700699a2468dc8?s=96&d=mm&r=g","caption":"Juan Ignacio Prieto Nieto"},"url":"https:\/\/www.asajacyl.com\/soria\/author\/juanfranciscoby"}]}},"_links":{"self":[{"href":"https:\/\/www.asajacyl.com\/soria\/wp-json\/wp\/v2\/posts\/5700"}],"collection":[{"href":"https:\/\/www.asajacyl.com\/soria\/wp-json\/wp\/v2\/posts"}],"about":[{"href":"https:\/\/www.asajacyl.com\/soria\/wp-json\/wp\/v2\/types\/post"}],"author":[{"embeddable":true,"href":"https:\/\/www.asajacyl.com\/soria\/wp-json\/wp\/v2\/users\/12"}],"replies":[{"embeddable":true,"href":"https:\/\/www.asajacyl.com\/soria\/wp-json\/wp\/v2\/comments?post=5700"}],"version-history":[{"count":1,"href":"https:\/\/www.asajacyl.com\/soria\/wp-json\/wp\/v2\/posts\/5700\/revisions"}],"predecessor-version":[{"id":5701,"href":"https:\/\/www.asajacyl.com\/soria\/wp-json\/wp\/v2\/posts\/5700\/revisions\/5701"}],"wp:featuredmedia":[{"embeddable":true,"href":"https:\/\/www.asajacyl.com\/soria\/wp-json\/wp\/v2\/media\/4683"}],"wp:attachment":[{"href":"https:\/\/www.asajacyl.com\/soria\/wp-json\/wp\/v2\/media?parent=5700"}],"wp:term":[{"taxonomy":"category","embeddable":true,"href":"https:\/\/www.asajacyl.com\/soria\/wp-json\/wp\/v2\/categories?post=5700"},{"taxonomy":"post_tag","embeddable":true,"href":"https:\/\/www.asajacyl.com\/soria\/wp-json\/wp\/v2\/tags?post=5700"}],"curies":[{"name":"wp","href":"https:\/\/api.w.org\/{rel}","templated":true}]}}