{"id":5749,"date":"2022-05-27T13:26:31","date_gmt":"2022-05-27T11:26:31","guid":{"rendered":"https:\/\/www.asajacyl.com\/soria\/?p=5749"},"modified":"2022-05-27T13:26:33","modified_gmt":"2022-05-27T11:26:33","slug":"luis-planas-la-seguridad-del-suministro-alimentario-debe-constituir-nuestra-prioridad-en-este-momento","status":"publish","type":"post","link":"https:\/\/www.asajacyl.com\/soria\/asaja-soria-informa\/luis-planas-la-seguridad-del-suministro-alimentario-debe-constituir-nuestra-prioridad-en-este-momento","title":{"rendered":"Luis Planas: \u201cLa seguridad del suministro alimentario debe constituir nuestra prioridad en este momento\u201d"},"content":{"rendered":"\n<p style=\"font-weight: 400\">El ministro ha se\u00f1alado, seg\u00fan puede leerse en la web del MAPAMA, la necesidad de aunar esfuerzos en los foros de cooperaci\u00f3n multilaterales para evitar la proliferaci\u00f3n de medidas que limiten o proh\u00edban las exportaciones de materias primas agrarias y alimentos<\/p>\n<p style=\"font-weight: 400\">Planas ha solicitado a la Comisi\u00f3n la aplicaci\u00f3n del protocolo de tratamiento en fr\u00edo a las importaciones de c\u00edtricos en la UE, para evitar el riesgo fitosanitario de entrada de determinadas plagas<\/p>\n<p style=\"font-weight: 400\">El ministro de Agricultura, Pesca y Alimentaci\u00f3n, Luis Planas, ha afirmado hoy que asegurar el suministro alimentario debe ser la prioridad en el momento actual, marcado por las consecuencias de la invasi\u00f3n rusa de Ucrania que ha supuesto un encarecimiento de las materias primas y dificultades de abastecimiento en los mercados m\u00e1s dependientes de estos dos pa\u00edses. El ministro ha abogado por la cooperaci\u00f3n y el multilateralismo para superar la crisis.<\/p>\n<p style=\"font-weight: 400\">Luis Planas ha participado hoy en el Consejo de Ministros de Agricultura de la UE, en el que se ha abordado, como asunto central, la situaci\u00f3n de los mercados agr\u00edcolas en el contexto de la crisis alimentaria provocada por la guerra en Ucrania, con referencias a la reuni\u00f3n mantenida recientemente por el G7 sobre este mismo asunto.\u00a0 As\u00ed mismo se ha tratado un punto relativo a la Conferencia Ministerial de la Organizaci\u00f3n Mundial de Comercio (OMC), que tendr\u00e1 lugar el pr\u00f3ximo mes de junio en Ginebra, que abordar\u00e1 los aspectos comerciales internacional derivados de la crisis en Ucrania.<\/p>\n<p style=\"font-weight: 400\">El ministro ha trasladado la necesidad que los Estados miembros y la Comisi\u00f3n Europea, conjuntamente, pongan en marcha todas las medidas a su alcance, sobre todo a trav\u00e9s de los mecanismos multilaterales de cooperaci\u00f3n, para evitar que se impongan medidas unilaterales de limitaci\u00f3n o prohibici\u00f3n de las exportaciones de materias primas y productos alimentarios, con especial hincapi\u00e9 al uso desproporcionado de las reservas estrat\u00e9gicas por algunos pa\u00edses. El ministro ha puesto de manifiesto igualmente la necesidad de asegurar la disponibilidad de fertilizantes, mejorar su uso y buscar fuentes alternativas para evitar que su carencia produzca un descenso de las producciones en el momento en que son m\u00e1s necesarias. Igualmente ha hecho referencia a la necesidad de facilitar las compras de alimentos por parte del Programa Mundial de Alimentos.<\/p>\n<p style=\"font-weight: 400\">El ministro ha agradecido a la Comisi\u00f3n Europea las medidas adoptadas en el marco de esta crisis, al amparo de las cuales ha sido posible habilitar en Espa\u00f1a un paquete de ayudas a los sectores m\u00e1s afectados con un presupuesto de 362 millones de euros. As\u00ed mismo ha valorado la reciente decisi\u00f3n que permitir\u00e1 emplear hasta un 5 % de los importes de 2021- 2022 del Fondo Europeos Agr\u00edcola de Desarrollo Rural (FEADER), para conceder ayudas a los sectores y productores m\u00e1s afectados por las consecuencias de la guerra en Ucrania.<\/p>\n<p style=\"font-weight: 400\">\u00a0<\/p>\n","protected":false},"excerpt":{"rendered":"<p>El ministro ha se\u00f1alado, seg\u00fan puede leerse en la web del MAPAMA, la necesidad de aunar esfuerzos en los foros de cooperaci\u00f3n multilaterales para evitar la proliferaci\u00f3n de medidas que limiten o proh\u00edban las exportaciones de materias primas agrarias y alimentos Planas ha solicitado a la Comisi\u00f3n la aplicaci\u00f3n del protocolo de tratamiento en fr\u00edo [&hellip;]<\/p>\n","protected":false},"author":12,"featured_media":5658,"comment_status":"open","ping_status":"open","sticky":false,"template":"","format":"standard","meta":{"footnotes":""},"categories":[10,25],"tags":[],"yoast_head":"<!-- This site is optimized with the Yoast SEO plugin v24.5 - https:\/\/yoast.com\/wordpress\/plugins\/seo\/ -->\n<title>Luis Planas: \u201cLa seguridad del suministro alimentario debe constituir nuestra prioridad en este momento\u201d - ASAJA Soria<\/title>\n<meta name=\"description\" content=\"El ministro ha se\u00f1alado, seg\u00fan puede leerse en la web del MAPAMA, la necesidad de aunar esfuerzos en los foros de cooperaci\u00f3n multilaterales para evitar\" \/>\n<meta name=\"robots\" content=\"index, follow, max-snippet:-1, max-image-preview:large, max-video-preview:-1\" \/>\n<link rel=\"canonical\" href=\"https:\/\/www.asajacyl.com\/soria\/asaja-soria-informa\/luis-planas-la-seguridad-del-suministro-alimentario-debe-constituir-nuestra-prioridad-en-este-momento\" \/>\n<meta property=\"og:locale\" content=\"es_ES\" \/>\n<meta property=\"og:type\" content=\"article\" \/>\n<meta property=\"og:title\" content=\"Luis Planas: \u201cLa seguridad del suministro alimentario debe constituir nuestra prioridad en este momento\u201d - ASAJA Soria\" \/>\n<meta property=\"og:description\" content=\"El ministro ha se\u00f1alado, seg\u00fan puede leerse en la web del MAPAMA, la necesidad de aunar esfuerzos en los foros de cooperaci\u00f3n multilaterales para evitar\" \/>\n<meta property=\"og:url\" content=\"https:\/\/www.asajacyl.com\/soria\/asaja-soria-informa\/luis-planas-la-seguridad-del-suministro-alimentario-debe-constituir-nuestra-prioridad-en-este-momento\" \/>\n<meta property=\"og:site_name\" content=\"ASAJA Soria\" \/>\n<meta property=\"article:published_time\" content=\"2022-05-27T11:26:31+00:00\" \/>\n<meta property=\"article:modified_time\" content=\"2022-05-27T11:26:33+00:00\" \/>\n<meta property=\"og:image\" content=\"https:\/\/www.asajacyl.com\/soria\/wp-content\/uploads\/sites\/9\/2022\/05\/d11e2315-4a4a-454f-9829-f1faae602c37.jpg\" \/>\n\t<meta property=\"og:image:width\" content=\"1280\" \/>\n\t<meta property=\"og:image:height\" content=\"720\" \/>\n\t<meta property=\"og:image:type\" content=\"image\/jpeg\" \/>\n<meta name=\"author\" content=\"Juan Ignacio Prieto Nieto\" \/>\n<meta name=\"twitter:card\" content=\"summary_large_image\" \/>\n<meta name=\"twitter:label1\" content=\"Escrito por\" \/>\n\t<meta name=\"twitter:data1\" content=\"Juan Ignacio Prieto Nieto\" \/>\n\t<meta name=\"twitter:label2\" content=\"Tiempo de lectura\" \/>\n\t<meta name=\"twitter:data2\" content=\"3 minutos\" \/>\n<script type=\"application\/ld+json\" class=\"yoast-schema-graph\">{\"@context\":\"https:\/\/schema.org\",\"@graph\":[{\"@type\":\"WebPage\",\"@id\":\"https:\/\/www.asajacyl.com\/soria\/asaja-soria-informa\/luis-planas-la-seguridad-del-suministro-alimentario-debe-constituir-nuestra-prioridad-en-este-momento\",\"url\":\"https:\/\/www.asajacyl.com\/soria\/asaja-soria-informa\/luis-planas-la-seguridad-del-suministro-alimentario-debe-constituir-nuestra-prioridad-en-este-momento\",\"name\":\"Luis Planas: \u201cLa seguridad del suministro alimentario debe constituir nuestra prioridad en este momento\u201d - ASAJA Soria\",\"isPartOf\":{\"@id\":\"https:\/\/www.asajacyl.com\/soria\/#website\"},\"primaryImageOfPage\":{\"@id\":\"https:\/\/www.asajacyl.com\/soria\/asaja-soria-informa\/luis-planas-la-seguridad-del-suministro-alimentario-debe-constituir-nuestra-prioridad-en-este-momento#primaryimage\"},\"image\":{\"@id\":\"https:\/\/www.asajacyl.com\/soria\/asaja-soria-informa\/luis-planas-la-seguridad-del-suministro-alimentario-debe-constituir-nuestra-prioridad-en-este-momento#primaryimage\"},\"thumbnailUrl\":\"https:\/\/www.asajacyl.com\/soria\/wp-content\/uploads\/sites\/9\/2022\/05\/d11e2315-4a4a-454f-9829-f1faae602c37.jpg\",\"datePublished\":\"2022-05-27T11:26:31+00:00\",\"dateModified\":\"2022-05-27T11:26:33+00:00\",\"author\":{\"@id\":\"https:\/\/www.asajacyl.com\/soria\/#\/schema\/person\/fd3081c40255119ce8133b87e6aedfab\"},\"description\":\"El ministro ha se\u00f1alado, seg\u00fan puede leerse en la web del MAPAMA, la necesidad de aunar esfuerzos en los foros de cooperaci\u00f3n multilaterales para evitar\",\"breadcrumb\":{\"@id\":\"https:\/\/www.asajacyl.com\/soria\/asaja-soria-informa\/luis-planas-la-seguridad-del-suministro-alimentario-debe-constituir-nuestra-prioridad-en-este-momento#breadcrumb\"},\"inLanguage\":\"es\",\"potentialAction\":[{\"@type\":\"ReadAction\",\"target\":[\"https:\/\/www.asajacyl.com\/soria\/asaja-soria-informa\/luis-planas-la-seguridad-del-suministro-alimentario-debe-constituir-nuestra-prioridad-en-este-momento\"]}]},{\"@type\":\"ImageObject\",\"inLanguage\":\"es\",\"@id\":\"https:\/\/www.asajacyl.com\/soria\/asaja-soria-informa\/luis-planas-la-seguridad-del-suministro-alimentario-debe-constituir-nuestra-prioridad-en-este-momento#primaryimage\",\"url\":\"https:\/\/www.asajacyl.com\/soria\/wp-content\/uploads\/sites\/9\/2022\/05\/d11e2315-4a4a-454f-9829-f1faae602c37.jpg\",\"contentUrl\":\"https:\/\/www.asajacyl.com\/soria\/wp-content\/uploads\/sites\/9\/2022\/05\/d11e2315-4a4a-454f-9829-f1faae602c37.jpg\",\"width\":1280,\"height\":720},{\"@type\":\"BreadcrumbList\",\"@id\":\"https:\/\/www.asajacyl.com\/soria\/asaja-soria-informa\/luis-planas-la-seguridad-del-suministro-alimentario-debe-constituir-nuestra-prioridad-en-este-momento#breadcrumb\",\"itemListElement\":[{\"@type\":\"ListItem\",\"position\":1,\"name\":\"Portada\",\"item\":\"https:\/\/www.asajacyl.com\/soria\/\"},{\"@type\":\"ListItem\",\"position\":2,\"name\":\"Luis Planas: \u201cLa seguridad del suministro alimentario debe constituir nuestra prioridad en este momento\u201d\"}]},{\"@type\":\"WebSite\",\"@id\":\"https:\/\/www.asajacyl.com\/soria\/#website\",\"url\":\"https:\/\/www.asajacyl.com\/soria\/\",\"name\":\"ASAJA Soria\",\"description\":\"Otro sitio m\u00e1s de Provincias ASAJA Castilla y Le\u00f3n\",\"potentialAction\":[{\"@type\":\"SearchAction\",\"target\":{\"@type\":\"EntryPoint\",\"urlTemplate\":\"https:\/\/www.asajacyl.com\/soria\/?s={search_term_string}\"},\"query-input\":{\"@type\":\"PropertyValueSpecification\",\"valueRequired\":true,\"valueName\":\"search_term_string\"}}],\"inLanguage\":\"es\"},{\"@type\":\"Person\",\"@id\":\"https:\/\/www.asajacyl.com\/soria\/#\/schema\/person\/fd3081c40255119ce8133b87e6aedfab\",\"name\":\"Juan Ignacio Prieto Nieto\",\"image\":{\"@type\":\"ImageObject\",\"inLanguage\":\"es\",\"@id\":\"https:\/\/www.asajacyl.com\/soria\/#\/schema\/person\/image\/\",\"url\":\"https:\/\/secure.gravatar.com\/avatar\/8266b36e4d9001acb4700699a2468dc8?s=96&d=mm&r=g\",\"contentUrl\":\"https:\/\/secure.gravatar.com\/avatar\/8266b36e4d9001acb4700699a2468dc8?s=96&d=mm&r=g\",\"caption\":\"Juan Ignacio Prieto Nieto\"},\"url\":\"https:\/\/www.asajacyl.com\/soria\/author\/juanfranciscoby\"}]}<\/script>\n<!-- \/ Yoast SEO plugin. -->","yoast_head_json":{"title":"Luis Planas: \u201cLa seguridad del suministro alimentario debe constituir nuestra prioridad en este momento\u201d - ASAJA Soria","description":"El ministro ha se\u00f1alado, seg\u00fan puede leerse en la web del MAPAMA, la necesidad de aunar esfuerzos en los foros de cooperaci\u00f3n multilaterales para evitar","robots":{"index":"index","follow":"follow","max-snippet":"max-snippet:-1","max-image-preview":"max-image-preview:large","max-video-preview":"max-video-preview:-1"},"canonical":"https:\/\/www.asajacyl.com\/soria\/asaja-soria-informa\/luis-planas-la-seguridad-del-suministro-alimentario-debe-constituir-nuestra-prioridad-en-este-momento","og_locale":"es_ES","og_type":"article","og_title":"Luis Planas: \u201cLa seguridad del suministro alimentario debe constituir nuestra prioridad en este momento\u201d - ASAJA Soria","og_description":"El ministro ha se\u00f1alado, seg\u00fan puede leerse en la web del MAPAMA, la necesidad de aunar esfuerzos en los foros de cooperaci\u00f3n multilaterales para evitar","og_url":"https:\/\/www.asajacyl.com\/soria\/asaja-soria-informa\/luis-planas-la-seguridad-del-suministro-alimentario-debe-constituir-nuestra-prioridad-en-este-momento","og_site_name":"ASAJA Soria","article_published_time":"2022-05-27T11:26:31+00:00","article_modified_time":"2022-05-27T11:26:33+00:00","og_image":[{"width":1280,"height":720,"url":"https:\/\/www.asajacyl.com\/soria\/wp-content\/uploads\/sites\/9\/2022\/05\/d11e2315-4a4a-454f-9829-f1faae602c37.jpg","type":"image\/jpeg"}],"author":"Juan Ignacio Prieto Nieto","twitter_card":"summary_large_image","twitter_misc":{"Escrito por":"Juan Ignacio Prieto Nieto","Tiempo de lectura":"3 minutos"},"schema":{"@context":"https:\/\/schema.org","@graph":[{"@type":"WebPage","@id":"https:\/\/www.asajacyl.com\/soria\/asaja-soria-informa\/luis-planas-la-seguridad-del-suministro-alimentario-debe-constituir-nuestra-prioridad-en-este-momento","url":"https:\/\/www.asajacyl.com\/soria\/asaja-soria-informa\/luis-planas-la-seguridad-del-suministro-alimentario-debe-constituir-nuestra-prioridad-en-este-momento","name":"Luis Planas: \u201cLa seguridad del suministro alimentario debe constituir nuestra prioridad en este momento\u201d - ASAJA Soria","isPartOf":{"@id":"https:\/\/www.asajacyl.com\/soria\/#website"},"primaryImageOfPage":{"@id":"https:\/\/www.asajacyl.com\/soria\/asaja-soria-informa\/luis-planas-la-seguridad-del-suministro-alimentario-debe-constituir-nuestra-prioridad-en-este-momento#primaryimage"},"image":{"@id":"https:\/\/www.asajacyl.com\/soria\/asaja-soria-informa\/luis-planas-la-seguridad-del-suministro-alimentario-debe-constituir-nuestra-prioridad-en-este-momento#primaryimage"},"thumbnailUrl":"https:\/\/www.asajacyl.com\/soria\/wp-content\/uploads\/sites\/9\/2022\/05\/d11e2315-4a4a-454f-9829-f1faae602c37.jpg","datePublished":"2022-05-27T11:26:31+00:00","dateModified":"2022-05-27T11:26:33+00:00","author":{"@id":"https:\/\/www.asajacyl.com\/soria\/#\/schema\/person\/fd3081c40255119ce8133b87e6aedfab"},"description":"El ministro ha se\u00f1alado, seg\u00fan puede leerse en la web del MAPAMA, la necesidad de aunar esfuerzos en los foros de cooperaci\u00f3n multilaterales para evitar","breadcrumb":{"@id":"https:\/\/www.asajacyl.com\/soria\/asaja-soria-informa\/luis-planas-la-seguridad-del-suministro-alimentario-debe-constituir-nuestra-prioridad-en-este-momento#breadcrumb"},"inLanguage":"es","potentialAction":[{"@type":"ReadAction","target":["https:\/\/www.asajacyl.com\/soria\/asaja-soria-informa\/luis-planas-la-seguridad-del-suministro-alimentario-debe-constituir-nuestra-prioridad-en-este-momento"]}]},{"@type":"ImageObject","inLanguage":"es","@id":"https:\/\/www.asajacyl.com\/soria\/asaja-soria-informa\/luis-planas-la-seguridad-del-suministro-alimentario-debe-constituir-nuestra-prioridad-en-este-momento#primaryimage","url":"https:\/\/www.asajacyl.com\/soria\/wp-content\/uploads\/sites\/9\/2022\/05\/d11e2315-4a4a-454f-9829-f1faae602c37.jpg","contentUrl":"https:\/\/www.asajacyl.com\/soria\/wp-content\/uploads\/sites\/9\/2022\/05\/d11e2315-4a4a-454f-9829-f1faae602c37.jpg","width":1280,"height":720},{"@type":"BreadcrumbList","@id":"https:\/\/www.asajacyl.com\/soria\/asaja-soria-informa\/luis-planas-la-seguridad-del-suministro-alimentario-debe-constituir-nuestra-prioridad-en-este-momento#breadcrumb","itemListElement":[{"@type":"ListItem","position":1,"name":"Portada","item":"https:\/\/www.asajacyl.com\/soria\/"},{"@type":"ListItem","position":2,"name":"Luis Planas: \u201cLa seguridad del suministro alimentario debe constituir nuestra prioridad en este momento\u201d"}]},{"@type":"WebSite","@id":"https:\/\/www.asajacyl.com\/soria\/#website","url":"https:\/\/www.asajacyl.com\/soria\/","name":"ASAJA Soria","description":"Otro sitio m\u00e1s de Provincias ASAJA Castilla y Le\u00f3n","potentialAction":[{"@type":"SearchAction","target":{"@type":"EntryPoint","urlTemplate":"https:\/\/www.asajacyl.com\/soria\/?s={search_term_string}"},"query-input":{"@type":"PropertyValueSpecification","valueRequired":true,"valueName":"search_term_string"}}],"inLanguage":"es"},{"@type":"Person","@id":"https:\/\/www.asajacyl.com\/soria\/#\/schema\/person\/fd3081c40255119ce8133b87e6aedfab","name":"Juan Ignacio Prieto Nieto","image":{"@type":"ImageObject","inLanguage":"es","@id":"https:\/\/www.asajacyl.com\/soria\/#\/schema\/person\/image\/","url":"https:\/\/secure.gravatar.com\/avatar\/8266b36e4d9001acb4700699a2468dc8?s=96&d=mm&r=g","contentUrl":"https:\/\/secure.gravatar.com\/avatar\/8266b36e4d9001acb4700699a2468dc8?s=96&d=mm&r=g","caption":"Juan Ignacio Prieto Nieto"},"url":"https:\/\/www.asajacyl.com\/soria\/author\/juanfranciscoby"}]}},"_links":{"self":[{"href":"https:\/\/www.asajacyl.com\/soria\/wp-json\/wp\/v2\/posts\/5749"}],"collection":[{"href":"https:\/\/www.asajacyl.com\/soria\/wp-json\/wp\/v2\/posts"}],"about":[{"href":"https:\/\/www.asajacyl.com\/soria\/wp-json\/wp\/v2\/types\/post"}],"author":[{"embeddable":true,"href":"https:\/\/www.asajacyl.com\/soria\/wp-json\/wp\/v2\/users\/12"}],"replies":[{"embeddable":true,"href":"https:\/\/www.asajacyl.com\/soria\/wp-json\/wp\/v2\/comments?post=5749"}],"version-history":[{"count":1,"href":"https:\/\/www.asajacyl.com\/soria\/wp-json\/wp\/v2\/posts\/5749\/revisions"}],"predecessor-version":[{"id":5750,"href":"https:\/\/www.asajacyl.com\/soria\/wp-json\/wp\/v2\/posts\/5749\/revisions\/5750"}],"wp:featuredmedia":[{"embeddable":true,"href":"https:\/\/www.asajacyl.com\/soria\/wp-json\/wp\/v2\/media\/5658"}],"wp:attachment":[{"href":"https:\/\/www.asajacyl.com\/soria\/wp-json\/wp\/v2\/media?parent=5749"}],"wp:term":[{"taxonomy":"category","embeddable":true,"href":"https:\/\/www.asajacyl.com\/soria\/wp-json\/wp\/v2\/categories?post=5749"},{"taxonomy":"post_tag","embeddable":true,"href":"https:\/\/www.asajacyl.com\/soria\/wp-json\/wp\/v2\/tags?post=5749"}],"curies":[{"name":"wp","href":"https:\/\/api.w.org\/{rel}","templated":true}]}}