{"id":5755,"date":"2022-05-27T13:35:12","date_gmt":"2022-05-27T11:35:12","guid":{"rendered":"https:\/\/www.asajacyl.com\/soria\/?p=5755"},"modified":"2022-05-27T13:35:13","modified_gmt":"2022-05-27T11:35:13","slug":"la-comision-europa-valora-flexibilizar-las-normas-de-la-nueva-pac-sobre-rotacion-de-cultivos","status":"publish","type":"post","link":"https:\/\/www.asajacyl.com\/soria\/asaja-soria-informa\/la-comision-europa-valora-flexibilizar-las-normas-de-la-nueva-pac-sobre-rotacion-de-cultivos","title":{"rendered":"La Comisi\u00f3n Europa valora flexibilizar las normas de la nueva PAC sobre rotaci\u00f3n de cultivos"},"content":{"rendered":"\n<p>La Comisi\u00f3n Europea se ha mostrado receptiva a una propuesta alemana, respaldada por Espa\u00f1a, para retrasar las nuevas reglas de la Uni\u00f3n Europea sobre la rotaci\u00f3n de cultivos para aumentar la producci\u00f3n de trigo, debido a la guerra en Ucrania. Asimismo, ve con buenos ojos ampliar el uso de tierras de barbecho y de las superficies de inter\u00e9s ecol\u00f3gico (SIE), respaldado por varios estados miembros.<\/p>\n<p>El ministro alem\u00e1n de agricultura pidi\u00f3 a primeros de mayo a la UE que retrasara temporalmente las nuevas reglas sobre rotaci\u00f3n de cultivos, que entrar\u00e1n en vigor a partir de 2023, con la reforma de la nueva Pol\u00edtica Agr\u00edcola Com\u00fan (PAC).<\/p>\n<p>Esto significar\u00eda que los agricultores que cultivaron trigo o girasol en un campo este a\u00f1o podr\u00edan volver a cultivarlos en el mismo terreno en la pr\u00f3xima temporada, lo que permitir\u00eda m\u00e1s espacio para la producci\u00f3n de granos.<\/p>\n<p>La iniciativa fue presentada a los ministros de agricultura de la UE el 24 de mayo durante una reuni\u00f3n en Bruselas y el comisario de Agricultura de la UE, Janusz Wojciechowski, afirm\u00f3 estar abierto a la propuesta, apuntando que la CE actualmente est\u00e1 analizando la sugerencia, aunque a\u00fan no se han tomado decisiones definitivas.<\/p>\n<p>A pesar de que el Comisionado admiti\u00f3 que, desde una perspectiva agron\u00f3mica, no es una situaci\u00f3n deseable producir los mismos cultivos en la misma tierra en la pr\u00f3xima temporada de cultivo, dijo que \u201csi necesitamos aumentar la producci\u00f3n, eso deber\u00eda permitirse\u201d.\u00a0\u00a0\u201cLa seguridad alimentaria est\u00e1 en juego, no en Europa, pero estamos hablando de la interrupci\u00f3n de las cadenas de suministro de cereales a algunas regiones del mundo, como el norte de \u00c1frica o Oriente Medio. As\u00ed que realmente necesitamos pensar en una amplia gama de posibles acciones a tomar\u201d, dijo. El Comisario tambi\u00e9n afirm\u00f3 que la idea cuenta con el apoyo de la mayor\u00eda de los Estados miembros, seg\u00fan Euractiv, y como recoge agroclm.com.<\/p>\n","protected":false},"excerpt":{"rendered":"<p>La Comisi\u00f3n Europea se ha mostrado receptiva a una propuesta alemana, respaldada por Espa\u00f1a, para retrasar las nuevas reglas de la Uni\u00f3n Europea sobre la rotaci\u00f3n de cultivos para aumentar la producci\u00f3n de trigo, debido a la guerra en Ucrania. Asimismo, ve con buenos ojos ampliar el uso de tierras de barbecho y de las [&hellip;]<\/p>\n","protected":false},"author":12,"featured_media":4318,"comment_status":"open","ping_status":"open","sticky":false,"template":"","format":"standard","meta":{"footnotes":""},"categories":[10,25],"tags":[],"yoast_head":"<!-- This site is optimized with the Yoast SEO plugin v24.5 - https:\/\/yoast.com\/wordpress\/plugins\/seo\/ -->\n<title>La Comisi\u00f3n Europa valora flexibilizar las normas de la nueva PAC sobre rotaci\u00f3n de cultivos - ASAJA Soria<\/title>\n<meta name=\"description\" content=\"La Comisi\u00f3n Europea se ha mostrado receptiva a una propuesta alemana, respaldada por Espa\u00f1a, para retrasar las nuevas reglas de la Uni\u00f3n Europea sobre la\" \/>\n<meta name=\"robots\" content=\"index, follow, max-snippet:-1, max-image-preview:large, max-video-preview:-1\" \/>\n<link rel=\"canonical\" href=\"https:\/\/www.asajacyl.com\/soria\/asaja-soria-informa\/la-comision-europa-valora-flexibilizar-las-normas-de-la-nueva-pac-sobre-rotacion-de-cultivos\" \/>\n<meta property=\"og:locale\" content=\"es_ES\" \/>\n<meta property=\"og:type\" content=\"article\" \/>\n<meta property=\"og:title\" content=\"La Comisi\u00f3n Europa valora flexibilizar las normas de la nueva PAC sobre rotaci\u00f3n de cultivos - ASAJA Soria\" \/>\n<meta property=\"og:description\" content=\"La Comisi\u00f3n Europea se ha mostrado receptiva a una propuesta alemana, respaldada por Espa\u00f1a, para retrasar las nuevas reglas de la Uni\u00f3n Europea sobre la\" \/>\n<meta property=\"og:url\" content=\"https:\/\/www.asajacyl.com\/soria\/asaja-soria-informa\/la-comision-europa-valora-flexibilizar-las-normas-de-la-nueva-pac-sobre-rotacion-de-cultivos\" \/>\n<meta property=\"og:site_name\" content=\"ASAJA Soria\" \/>\n<meta property=\"article:published_time\" content=\"2022-05-27T11:35:12+00:00\" \/>\n<meta property=\"article:modified_time\" content=\"2022-05-27T11:35:13+00:00\" \/>\n<meta property=\"og:image\" content=\"https:\/\/www.asajacyl.com\/soria\/wp-content\/uploads\/sites\/9\/2021\/03\/IMG_5423.jpg\" \/>\n\t<meta property=\"og:image:width\" content=\"2500\" \/>\n\t<meta property=\"og:image:height\" content=\"1875\" \/>\n\t<meta property=\"og:image:type\" content=\"image\/jpeg\" \/>\n<meta name=\"author\" content=\"Juan Ignacio Prieto Nieto\" \/>\n<meta name=\"twitter:card\" content=\"summary_large_image\" \/>\n<meta name=\"twitter:label1\" content=\"Escrito por\" \/>\n\t<meta name=\"twitter:data1\" content=\"Juan Ignacio Prieto Nieto\" \/>\n\t<meta name=\"twitter:label2\" content=\"Tiempo de lectura\" \/>\n\t<meta name=\"twitter:data2\" content=\"2 minutos\" \/>\n<script type=\"application\/ld+json\" class=\"yoast-schema-graph\">{\"@context\":\"https:\/\/schema.org\",\"@graph\":[{\"@type\":\"WebPage\",\"@id\":\"https:\/\/www.asajacyl.com\/soria\/asaja-soria-informa\/la-comision-europa-valora-flexibilizar-las-normas-de-la-nueva-pac-sobre-rotacion-de-cultivos\",\"url\":\"https:\/\/www.asajacyl.com\/soria\/asaja-soria-informa\/la-comision-europa-valora-flexibilizar-las-normas-de-la-nueva-pac-sobre-rotacion-de-cultivos\",\"name\":\"La Comisi\u00f3n Europa valora flexibilizar las normas de la nueva PAC sobre rotaci\u00f3n de cultivos - ASAJA Soria\",\"isPartOf\":{\"@id\":\"https:\/\/www.asajacyl.com\/soria\/#website\"},\"primaryImageOfPage\":{\"@id\":\"https:\/\/www.asajacyl.com\/soria\/asaja-soria-informa\/la-comision-europa-valora-flexibilizar-las-normas-de-la-nueva-pac-sobre-rotacion-de-cultivos#primaryimage\"},\"image\":{\"@id\":\"https:\/\/www.asajacyl.com\/soria\/asaja-soria-informa\/la-comision-europa-valora-flexibilizar-las-normas-de-la-nueva-pac-sobre-rotacion-de-cultivos#primaryimage\"},\"thumbnailUrl\":\"https:\/\/www.asajacyl.com\/soria\/wp-content\/uploads\/sites\/9\/2021\/03\/IMG_5423.jpg\",\"datePublished\":\"2022-05-27T11:35:12+00:00\",\"dateModified\":\"2022-05-27T11:35:13+00:00\",\"author\":{\"@id\":\"https:\/\/www.asajacyl.com\/soria\/#\/schema\/person\/fd3081c40255119ce8133b87e6aedfab\"},\"description\":\"La Comisi\u00f3n Europea se ha mostrado receptiva a una propuesta alemana, respaldada por Espa\u00f1a, para retrasar las nuevas reglas de la Uni\u00f3n Europea sobre la\",\"breadcrumb\":{\"@id\":\"https:\/\/www.asajacyl.com\/soria\/asaja-soria-informa\/la-comision-europa-valora-flexibilizar-las-normas-de-la-nueva-pac-sobre-rotacion-de-cultivos#breadcrumb\"},\"inLanguage\":\"es\",\"potentialAction\":[{\"@type\":\"ReadAction\",\"target\":[\"https:\/\/www.asajacyl.com\/soria\/asaja-soria-informa\/la-comision-europa-valora-flexibilizar-las-normas-de-la-nueva-pac-sobre-rotacion-de-cultivos\"]}]},{\"@type\":\"ImageObject\",\"inLanguage\":\"es\",\"@id\":\"https:\/\/www.asajacyl.com\/soria\/asaja-soria-informa\/la-comision-europa-valora-flexibilizar-las-normas-de-la-nueva-pac-sobre-rotacion-de-cultivos#primaryimage\",\"url\":\"https:\/\/www.asajacyl.com\/soria\/wp-content\/uploads\/sites\/9\/2021\/03\/IMG_5423.jpg\",\"contentUrl\":\"https:\/\/www.asajacyl.com\/soria\/wp-content\/uploads\/sites\/9\/2021\/03\/IMG_5423.jpg\",\"width\":2500,\"height\":1875},{\"@type\":\"BreadcrumbList\",\"@id\":\"https:\/\/www.asajacyl.com\/soria\/asaja-soria-informa\/la-comision-europa-valora-flexibilizar-las-normas-de-la-nueva-pac-sobre-rotacion-de-cultivos#breadcrumb\",\"itemListElement\":[{\"@type\":\"ListItem\",\"position\":1,\"name\":\"Portada\",\"item\":\"https:\/\/www.asajacyl.com\/soria\/\"},{\"@type\":\"ListItem\",\"position\":2,\"name\":\"La Comisi\u00f3n Europa valora flexibilizar las normas de la nueva PAC sobre rotaci\u00f3n de cultivos\"}]},{\"@type\":\"WebSite\",\"@id\":\"https:\/\/www.asajacyl.com\/soria\/#website\",\"url\":\"https:\/\/www.asajacyl.com\/soria\/\",\"name\":\"ASAJA Soria\",\"description\":\"Otro sitio m\u00e1s de Provincias ASAJA Castilla y Le\u00f3n\",\"potentialAction\":[{\"@type\":\"SearchAction\",\"target\":{\"@type\":\"EntryPoint\",\"urlTemplate\":\"https:\/\/www.asajacyl.com\/soria\/?s={search_term_string}\"},\"query-input\":{\"@type\":\"PropertyValueSpecification\",\"valueRequired\":true,\"valueName\":\"search_term_string\"}}],\"inLanguage\":\"es\"},{\"@type\":\"Person\",\"@id\":\"https:\/\/www.asajacyl.com\/soria\/#\/schema\/person\/fd3081c40255119ce8133b87e6aedfab\",\"name\":\"Juan Ignacio Prieto Nieto\",\"image\":{\"@type\":\"ImageObject\",\"inLanguage\":\"es\",\"@id\":\"https:\/\/www.asajacyl.com\/soria\/#\/schema\/person\/image\/\",\"url\":\"https:\/\/secure.gravatar.com\/avatar\/8266b36e4d9001acb4700699a2468dc8?s=96&d=mm&r=g\",\"contentUrl\":\"https:\/\/secure.gravatar.com\/avatar\/8266b36e4d9001acb4700699a2468dc8?s=96&d=mm&r=g\",\"caption\":\"Juan Ignacio Prieto Nieto\"},\"url\":\"https:\/\/www.asajacyl.com\/soria\/author\/juanfranciscoby\"}]}<\/script>\n<!-- \/ Yoast SEO plugin. -->","yoast_head_json":{"title":"La Comisi\u00f3n Europa valora flexibilizar las normas de la nueva PAC sobre rotaci\u00f3n de cultivos - ASAJA Soria","description":"La Comisi\u00f3n Europea se ha mostrado receptiva a una propuesta alemana, respaldada por Espa\u00f1a, para retrasar las nuevas reglas de la Uni\u00f3n Europea sobre la","robots":{"index":"index","follow":"follow","max-snippet":"max-snippet:-1","max-image-preview":"max-image-preview:large","max-video-preview":"max-video-preview:-1"},"canonical":"https:\/\/www.asajacyl.com\/soria\/asaja-soria-informa\/la-comision-europa-valora-flexibilizar-las-normas-de-la-nueva-pac-sobre-rotacion-de-cultivos","og_locale":"es_ES","og_type":"article","og_title":"La Comisi\u00f3n Europa valora flexibilizar las normas de la nueva PAC sobre rotaci\u00f3n de cultivos - ASAJA Soria","og_description":"La Comisi\u00f3n Europea se ha mostrado receptiva a una propuesta alemana, respaldada por Espa\u00f1a, para retrasar las nuevas reglas de la Uni\u00f3n Europea sobre la","og_url":"https:\/\/www.asajacyl.com\/soria\/asaja-soria-informa\/la-comision-europa-valora-flexibilizar-las-normas-de-la-nueva-pac-sobre-rotacion-de-cultivos","og_site_name":"ASAJA Soria","article_published_time":"2022-05-27T11:35:12+00:00","article_modified_time":"2022-05-27T11:35:13+00:00","og_image":[{"width":2500,"height":1875,"url":"https:\/\/www.asajacyl.com\/soria\/wp-content\/uploads\/sites\/9\/2021\/03\/IMG_5423.jpg","type":"image\/jpeg"}],"author":"Juan Ignacio Prieto Nieto","twitter_card":"summary_large_image","twitter_misc":{"Escrito por":"Juan Ignacio Prieto Nieto","Tiempo de lectura":"2 minutos"},"schema":{"@context":"https:\/\/schema.org","@graph":[{"@type":"WebPage","@id":"https:\/\/www.asajacyl.com\/soria\/asaja-soria-informa\/la-comision-europa-valora-flexibilizar-las-normas-de-la-nueva-pac-sobre-rotacion-de-cultivos","url":"https:\/\/www.asajacyl.com\/soria\/asaja-soria-informa\/la-comision-europa-valora-flexibilizar-las-normas-de-la-nueva-pac-sobre-rotacion-de-cultivos","name":"La Comisi\u00f3n Europa valora flexibilizar las normas de la nueva PAC sobre rotaci\u00f3n de cultivos - ASAJA Soria","isPartOf":{"@id":"https:\/\/www.asajacyl.com\/soria\/#website"},"primaryImageOfPage":{"@id":"https:\/\/www.asajacyl.com\/soria\/asaja-soria-informa\/la-comision-europa-valora-flexibilizar-las-normas-de-la-nueva-pac-sobre-rotacion-de-cultivos#primaryimage"},"image":{"@id":"https:\/\/www.asajacyl.com\/soria\/asaja-soria-informa\/la-comision-europa-valora-flexibilizar-las-normas-de-la-nueva-pac-sobre-rotacion-de-cultivos#primaryimage"},"thumbnailUrl":"https:\/\/www.asajacyl.com\/soria\/wp-content\/uploads\/sites\/9\/2021\/03\/IMG_5423.jpg","datePublished":"2022-05-27T11:35:12+00:00","dateModified":"2022-05-27T11:35:13+00:00","author":{"@id":"https:\/\/www.asajacyl.com\/soria\/#\/schema\/person\/fd3081c40255119ce8133b87e6aedfab"},"description":"La Comisi\u00f3n Europea se ha mostrado receptiva a una propuesta alemana, respaldada por Espa\u00f1a, para retrasar las nuevas reglas de la Uni\u00f3n Europea sobre la","breadcrumb":{"@id":"https:\/\/www.asajacyl.com\/soria\/asaja-soria-informa\/la-comision-europa-valora-flexibilizar-las-normas-de-la-nueva-pac-sobre-rotacion-de-cultivos#breadcrumb"},"inLanguage":"es","potentialAction":[{"@type":"ReadAction","target":["https:\/\/www.asajacyl.com\/soria\/asaja-soria-informa\/la-comision-europa-valora-flexibilizar-las-normas-de-la-nueva-pac-sobre-rotacion-de-cultivos"]}]},{"@type":"ImageObject","inLanguage":"es","@id":"https:\/\/www.asajacyl.com\/soria\/asaja-soria-informa\/la-comision-europa-valora-flexibilizar-las-normas-de-la-nueva-pac-sobre-rotacion-de-cultivos#primaryimage","url":"https:\/\/www.asajacyl.com\/soria\/wp-content\/uploads\/sites\/9\/2021\/03\/IMG_5423.jpg","contentUrl":"https:\/\/www.asajacyl.com\/soria\/wp-content\/uploads\/sites\/9\/2021\/03\/IMG_5423.jpg","width":2500,"height":1875},{"@type":"BreadcrumbList","@id":"https:\/\/www.asajacyl.com\/soria\/asaja-soria-informa\/la-comision-europa-valora-flexibilizar-las-normas-de-la-nueva-pac-sobre-rotacion-de-cultivos#breadcrumb","itemListElement":[{"@type":"ListItem","position":1,"name":"Portada","item":"https:\/\/www.asajacyl.com\/soria\/"},{"@type":"ListItem","position":2,"name":"La Comisi\u00f3n Europa valora flexibilizar las normas de la nueva PAC sobre rotaci\u00f3n de cultivos"}]},{"@type":"WebSite","@id":"https:\/\/www.asajacyl.com\/soria\/#website","url":"https:\/\/www.asajacyl.com\/soria\/","name":"ASAJA Soria","description":"Otro sitio m\u00e1s de Provincias ASAJA Castilla y Le\u00f3n","potentialAction":[{"@type":"SearchAction","target":{"@type":"EntryPoint","urlTemplate":"https:\/\/www.asajacyl.com\/soria\/?s={search_term_string}"},"query-input":{"@type":"PropertyValueSpecification","valueRequired":true,"valueName":"search_term_string"}}],"inLanguage":"es"},{"@type":"Person","@id":"https:\/\/www.asajacyl.com\/soria\/#\/schema\/person\/fd3081c40255119ce8133b87e6aedfab","name":"Juan Ignacio Prieto Nieto","image":{"@type":"ImageObject","inLanguage":"es","@id":"https:\/\/www.asajacyl.com\/soria\/#\/schema\/person\/image\/","url":"https:\/\/secure.gravatar.com\/avatar\/8266b36e4d9001acb4700699a2468dc8?s=96&d=mm&r=g","contentUrl":"https:\/\/secure.gravatar.com\/avatar\/8266b36e4d9001acb4700699a2468dc8?s=96&d=mm&r=g","caption":"Juan Ignacio Prieto Nieto"},"url":"https:\/\/www.asajacyl.com\/soria\/author\/juanfranciscoby"}]}},"_links":{"self":[{"href":"https:\/\/www.asajacyl.com\/soria\/wp-json\/wp\/v2\/posts\/5755"}],"collection":[{"href":"https:\/\/www.asajacyl.com\/soria\/wp-json\/wp\/v2\/posts"}],"about":[{"href":"https:\/\/www.asajacyl.com\/soria\/wp-json\/wp\/v2\/types\/post"}],"author":[{"embeddable":true,"href":"https:\/\/www.asajacyl.com\/soria\/wp-json\/wp\/v2\/users\/12"}],"replies":[{"embeddable":true,"href":"https:\/\/www.asajacyl.com\/soria\/wp-json\/wp\/v2\/comments?post=5755"}],"version-history":[{"count":1,"href":"https:\/\/www.asajacyl.com\/soria\/wp-json\/wp\/v2\/posts\/5755\/revisions"}],"predecessor-version":[{"id":5756,"href":"https:\/\/www.asajacyl.com\/soria\/wp-json\/wp\/v2\/posts\/5755\/revisions\/5756"}],"wp:featuredmedia":[{"embeddable":true,"href":"https:\/\/www.asajacyl.com\/soria\/wp-json\/wp\/v2\/media\/4318"}],"wp:attachment":[{"href":"https:\/\/www.asajacyl.com\/soria\/wp-json\/wp\/v2\/media?parent=5755"}],"wp:term":[{"taxonomy":"category","embeddable":true,"href":"https:\/\/www.asajacyl.com\/soria\/wp-json\/wp\/v2\/categories?post=5755"},{"taxonomy":"post_tag","embeddable":true,"href":"https:\/\/www.asajacyl.com\/soria\/wp-json\/wp\/v2\/tags?post=5755"}],"curies":[{"name":"wp","href":"https:\/\/api.w.org\/{rel}","templated":true}]}}