{"id":5758,"date":"2022-05-27T13:42:41","date_gmt":"2022-05-27T11:42:41","guid":{"rendered":"https:\/\/www.asajacyl.com\/soria\/?p=5758"},"modified":"2022-05-27T13:42:42","modified_gmt":"2022-05-27T11:42:42","slug":"ribera-del-duero-la-anada-2021-de-los-vinos-es-excelente","status":"publish","type":"post","link":"https:\/\/www.asajacyl.com\/soria\/asaja-soria-informa\/ribera-del-duero-la-anada-2021-de-los-vinos-es-excelente","title":{"rendered":"Ribera del Duero: la a\u00f1ada 2021 de los vinos es \u00abexcelente\u00bb"},"content":{"rendered":"\n<p>El Consejo Regulador de la Denominaci\u00f3n de Origen Ribera del Duero reuni\u00f3 a primeros de mayo, un a\u00f1o m\u00e1s, a un grupo de expertos profesionales en un Comit\u00e9 Excepcional que se ha encargado de calificar como \u00abexcelente\u00bb la a\u00f1ada 2021 de los vinos y la calidad de la uva procedente de la \u00faltima cosecha, como recoge elindependiente.com.\u00a0<\/p>\n<p>Seg\u00fan el presidente del Consejo Regulador, Enrique Pascual, la vendimia 2021 ha sido \u00abespecialmente buena\u00bb ya que ofrece vinos \u00abcon gran potencia de color, jugosos, disfrutables en boca e intensos en su expresi\u00f3n\u00bb por lo que ser\u00e1n \u00abgrandes vinos, con infinitas posibilidades de envejecimiento, vinos potentes y longevos, representantes de la mejor Ribera del Duero\u00bb.<\/p>\n","protected":false},"excerpt":{"rendered":"<p>El Consejo Regulador de la Denominaci\u00f3n de Origen Ribera del Duero reuni\u00f3 a primeros de mayo, un a\u00f1o m\u00e1s, a un grupo de expertos profesionales en un Comit\u00e9 Excepcional que se ha encargado de calificar como \u00abexcelente\u00bb la a\u00f1ada 2021 de los vinos y la calidad de la uva procedente de la \u00faltima cosecha, como [&hellip;]<\/p>\n","protected":false},"author":12,"featured_media":5007,"comment_status":"open","ping_status":"open","sticky":false,"template":"","format":"standard","meta":{"footnotes":""},"categories":[10,25],"tags":[],"yoast_head":"<!-- This site is optimized with the Yoast SEO plugin v24.5 - https:\/\/yoast.com\/wordpress\/plugins\/seo\/ -->\n<title>Ribera del Duero: la a\u00f1ada 2021 de los vinos es &quot;excelente&quot; - ASAJA Soria<\/title>\n<meta name=\"description\" content=\"El Consejo Regulador de la Denominaci\u00f3n de Origen Ribera del Duero reuni\u00f3 a primeros de mayo, un a\u00f1o m\u00e1s, a un grupo de expertos profesionales en un\" \/>\n<meta name=\"robots\" content=\"index, follow, max-snippet:-1, max-image-preview:large, max-video-preview:-1\" \/>\n<link rel=\"canonical\" href=\"https:\/\/www.asajacyl.com\/soria\/asaja-soria-informa\/ribera-del-duero-la-anada-2021-de-los-vinos-es-excelente\" \/>\n<meta property=\"og:locale\" content=\"es_ES\" \/>\n<meta property=\"og:type\" content=\"article\" \/>\n<meta property=\"og:title\" content=\"Ribera del Duero: la a\u00f1ada 2021 de los vinos es &quot;excelente&quot; - ASAJA Soria\" \/>\n<meta property=\"og:description\" content=\"El Consejo Regulador de la Denominaci\u00f3n de Origen Ribera del Duero reuni\u00f3 a primeros de mayo, un a\u00f1o m\u00e1s, a un grupo de expertos profesionales en un\" \/>\n<meta property=\"og:url\" content=\"https:\/\/www.asajacyl.com\/soria\/asaja-soria-informa\/ribera-del-duero-la-anada-2021-de-los-vinos-es-excelente\" \/>\n<meta property=\"og:site_name\" content=\"ASAJA Soria\" \/>\n<meta property=\"article:published_time\" content=\"2022-05-27T11:42:41+00:00\" \/>\n<meta property=\"article:modified_time\" content=\"2022-05-27T11:42:42+00:00\" \/>\n<meta property=\"og:image\" content=\"https:\/\/www.asajacyl.com\/soria\/wp-content\/uploads\/sites\/9\/2021\/10\/helada-vina.jpg\" \/>\n\t<meta property=\"og:image:width\" content=\"901\" \/>\n\t<meta property=\"og:image:height\" content=\"826\" \/>\n\t<meta property=\"og:image:type\" content=\"image\/jpeg\" \/>\n<meta name=\"author\" content=\"Juan Ignacio Prieto Nieto\" \/>\n<meta name=\"twitter:card\" content=\"summary_large_image\" \/>\n<meta name=\"twitter:label1\" content=\"Escrito por\" \/>\n\t<meta name=\"twitter:data1\" content=\"Juan Ignacio Prieto Nieto\" \/>\n\t<meta name=\"twitter:label2\" content=\"Tiempo de lectura\" \/>\n\t<meta name=\"twitter:data2\" content=\"1 minuto\" \/>\n<script type=\"application\/ld+json\" class=\"yoast-schema-graph\">{\"@context\":\"https:\/\/schema.org\",\"@graph\":[{\"@type\":\"WebPage\",\"@id\":\"https:\/\/www.asajacyl.com\/soria\/asaja-soria-informa\/ribera-del-duero-la-anada-2021-de-los-vinos-es-excelente\",\"url\":\"https:\/\/www.asajacyl.com\/soria\/asaja-soria-informa\/ribera-del-duero-la-anada-2021-de-los-vinos-es-excelente\",\"name\":\"Ribera del Duero: la a\u00f1ada 2021 de los vinos es \\\"excelente\\\" - ASAJA Soria\",\"isPartOf\":{\"@id\":\"https:\/\/www.asajacyl.com\/soria\/#website\"},\"primaryImageOfPage\":{\"@id\":\"https:\/\/www.asajacyl.com\/soria\/asaja-soria-informa\/ribera-del-duero-la-anada-2021-de-los-vinos-es-excelente#primaryimage\"},\"image\":{\"@id\":\"https:\/\/www.asajacyl.com\/soria\/asaja-soria-informa\/ribera-del-duero-la-anada-2021-de-los-vinos-es-excelente#primaryimage\"},\"thumbnailUrl\":\"https:\/\/www.asajacyl.com\/soria\/wp-content\/uploads\/sites\/9\/2021\/10\/helada-vina.jpg\",\"datePublished\":\"2022-05-27T11:42:41+00:00\",\"dateModified\":\"2022-05-27T11:42:42+00:00\",\"author\":{\"@id\":\"https:\/\/www.asajacyl.com\/soria\/#\/schema\/person\/fd3081c40255119ce8133b87e6aedfab\"},\"description\":\"El Consejo Regulador de la Denominaci\u00f3n de Origen Ribera del Duero reuni\u00f3 a primeros de mayo, un a\u00f1o m\u00e1s, a un grupo de expertos profesionales en un\",\"breadcrumb\":{\"@id\":\"https:\/\/www.asajacyl.com\/soria\/asaja-soria-informa\/ribera-del-duero-la-anada-2021-de-los-vinos-es-excelente#breadcrumb\"},\"inLanguage\":\"es\",\"potentialAction\":[{\"@type\":\"ReadAction\",\"target\":[\"https:\/\/www.asajacyl.com\/soria\/asaja-soria-informa\/ribera-del-duero-la-anada-2021-de-los-vinos-es-excelente\"]}]},{\"@type\":\"ImageObject\",\"inLanguage\":\"es\",\"@id\":\"https:\/\/www.asajacyl.com\/soria\/asaja-soria-informa\/ribera-del-duero-la-anada-2021-de-los-vinos-es-excelente#primaryimage\",\"url\":\"https:\/\/www.asajacyl.com\/soria\/wp-content\/uploads\/sites\/9\/2021\/10\/helada-vina.jpg\",\"contentUrl\":\"https:\/\/www.asajacyl.com\/soria\/wp-content\/uploads\/sites\/9\/2021\/10\/helada-vina.jpg\",\"width\":901,\"height\":826},{\"@type\":\"BreadcrumbList\",\"@id\":\"https:\/\/www.asajacyl.com\/soria\/asaja-soria-informa\/ribera-del-duero-la-anada-2021-de-los-vinos-es-excelente#breadcrumb\",\"itemListElement\":[{\"@type\":\"ListItem\",\"position\":1,\"name\":\"Portada\",\"item\":\"https:\/\/www.asajacyl.com\/soria\/\"},{\"@type\":\"ListItem\",\"position\":2,\"name\":\"Ribera del Duero: la a\u00f1ada 2021 de los vinos es \u00abexcelente\u00bb\"}]},{\"@type\":\"WebSite\",\"@id\":\"https:\/\/www.asajacyl.com\/soria\/#website\",\"url\":\"https:\/\/www.asajacyl.com\/soria\/\",\"name\":\"ASAJA Soria\",\"description\":\"Otro sitio m\u00e1s de Provincias ASAJA Castilla y Le\u00f3n\",\"potentialAction\":[{\"@type\":\"SearchAction\",\"target\":{\"@type\":\"EntryPoint\",\"urlTemplate\":\"https:\/\/www.asajacyl.com\/soria\/?s={search_term_string}\"},\"query-input\":{\"@type\":\"PropertyValueSpecification\",\"valueRequired\":true,\"valueName\":\"search_term_string\"}}],\"inLanguage\":\"es\"},{\"@type\":\"Person\",\"@id\":\"https:\/\/www.asajacyl.com\/soria\/#\/schema\/person\/fd3081c40255119ce8133b87e6aedfab\",\"name\":\"Juan Ignacio Prieto Nieto\",\"image\":{\"@type\":\"ImageObject\",\"inLanguage\":\"es\",\"@id\":\"https:\/\/www.asajacyl.com\/soria\/#\/schema\/person\/image\/\",\"url\":\"https:\/\/secure.gravatar.com\/avatar\/8266b36e4d9001acb4700699a2468dc8?s=96&d=mm&r=g\",\"contentUrl\":\"https:\/\/secure.gravatar.com\/avatar\/8266b36e4d9001acb4700699a2468dc8?s=96&d=mm&r=g\",\"caption\":\"Juan Ignacio Prieto Nieto\"},\"url\":\"https:\/\/www.asajacyl.com\/soria\/author\/juanfranciscoby\"}]}<\/script>\n<!-- \/ Yoast SEO plugin. -->","yoast_head_json":{"title":"Ribera del Duero: la a\u00f1ada 2021 de los vinos es \"excelente\" - ASAJA Soria","description":"El Consejo Regulador de la Denominaci\u00f3n de Origen Ribera del Duero reuni\u00f3 a primeros de mayo, un a\u00f1o m\u00e1s, a un grupo de expertos profesionales en un","robots":{"index":"index","follow":"follow","max-snippet":"max-snippet:-1","max-image-preview":"max-image-preview:large","max-video-preview":"max-video-preview:-1"},"canonical":"https:\/\/www.asajacyl.com\/soria\/asaja-soria-informa\/ribera-del-duero-la-anada-2021-de-los-vinos-es-excelente","og_locale":"es_ES","og_type":"article","og_title":"Ribera del Duero: la a\u00f1ada 2021 de los vinos es \"excelente\" - ASAJA Soria","og_description":"El Consejo Regulador de la Denominaci\u00f3n de Origen Ribera del Duero reuni\u00f3 a primeros de mayo, un a\u00f1o m\u00e1s, a un grupo de expertos profesionales en un","og_url":"https:\/\/www.asajacyl.com\/soria\/asaja-soria-informa\/ribera-del-duero-la-anada-2021-de-los-vinos-es-excelente","og_site_name":"ASAJA Soria","article_published_time":"2022-05-27T11:42:41+00:00","article_modified_time":"2022-05-27T11:42:42+00:00","og_image":[{"width":901,"height":826,"url":"https:\/\/www.asajacyl.com\/soria\/wp-content\/uploads\/sites\/9\/2021\/10\/helada-vina.jpg","type":"image\/jpeg"}],"author":"Juan Ignacio Prieto Nieto","twitter_card":"summary_large_image","twitter_misc":{"Escrito por":"Juan Ignacio Prieto Nieto","Tiempo de lectura":"1 minuto"},"schema":{"@context":"https:\/\/schema.org","@graph":[{"@type":"WebPage","@id":"https:\/\/www.asajacyl.com\/soria\/asaja-soria-informa\/ribera-del-duero-la-anada-2021-de-los-vinos-es-excelente","url":"https:\/\/www.asajacyl.com\/soria\/asaja-soria-informa\/ribera-del-duero-la-anada-2021-de-los-vinos-es-excelente","name":"Ribera del Duero: la a\u00f1ada 2021 de los vinos es \"excelente\" - ASAJA Soria","isPartOf":{"@id":"https:\/\/www.asajacyl.com\/soria\/#website"},"primaryImageOfPage":{"@id":"https:\/\/www.asajacyl.com\/soria\/asaja-soria-informa\/ribera-del-duero-la-anada-2021-de-los-vinos-es-excelente#primaryimage"},"image":{"@id":"https:\/\/www.asajacyl.com\/soria\/asaja-soria-informa\/ribera-del-duero-la-anada-2021-de-los-vinos-es-excelente#primaryimage"},"thumbnailUrl":"https:\/\/www.asajacyl.com\/soria\/wp-content\/uploads\/sites\/9\/2021\/10\/helada-vina.jpg","datePublished":"2022-05-27T11:42:41+00:00","dateModified":"2022-05-27T11:42:42+00:00","author":{"@id":"https:\/\/www.asajacyl.com\/soria\/#\/schema\/person\/fd3081c40255119ce8133b87e6aedfab"},"description":"El Consejo Regulador de la Denominaci\u00f3n de Origen Ribera del Duero reuni\u00f3 a primeros de mayo, un a\u00f1o m\u00e1s, a un grupo de expertos profesionales en un","breadcrumb":{"@id":"https:\/\/www.asajacyl.com\/soria\/asaja-soria-informa\/ribera-del-duero-la-anada-2021-de-los-vinos-es-excelente#breadcrumb"},"inLanguage":"es","potentialAction":[{"@type":"ReadAction","target":["https:\/\/www.asajacyl.com\/soria\/asaja-soria-informa\/ribera-del-duero-la-anada-2021-de-los-vinos-es-excelente"]}]},{"@type":"ImageObject","inLanguage":"es","@id":"https:\/\/www.asajacyl.com\/soria\/asaja-soria-informa\/ribera-del-duero-la-anada-2021-de-los-vinos-es-excelente#primaryimage","url":"https:\/\/www.asajacyl.com\/soria\/wp-content\/uploads\/sites\/9\/2021\/10\/helada-vina.jpg","contentUrl":"https:\/\/www.asajacyl.com\/soria\/wp-content\/uploads\/sites\/9\/2021\/10\/helada-vina.jpg","width":901,"height":826},{"@type":"BreadcrumbList","@id":"https:\/\/www.asajacyl.com\/soria\/asaja-soria-informa\/ribera-del-duero-la-anada-2021-de-los-vinos-es-excelente#breadcrumb","itemListElement":[{"@type":"ListItem","position":1,"name":"Portada","item":"https:\/\/www.asajacyl.com\/soria\/"},{"@type":"ListItem","position":2,"name":"Ribera del Duero: la a\u00f1ada 2021 de los vinos es \u00abexcelente\u00bb"}]},{"@type":"WebSite","@id":"https:\/\/www.asajacyl.com\/soria\/#website","url":"https:\/\/www.asajacyl.com\/soria\/","name":"ASAJA Soria","description":"Otro sitio m\u00e1s de Provincias ASAJA Castilla y Le\u00f3n","potentialAction":[{"@type":"SearchAction","target":{"@type":"EntryPoint","urlTemplate":"https:\/\/www.asajacyl.com\/soria\/?s={search_term_string}"},"query-input":{"@type":"PropertyValueSpecification","valueRequired":true,"valueName":"search_term_string"}}],"inLanguage":"es"},{"@type":"Person","@id":"https:\/\/www.asajacyl.com\/soria\/#\/schema\/person\/fd3081c40255119ce8133b87e6aedfab","name":"Juan Ignacio Prieto Nieto","image":{"@type":"ImageObject","inLanguage":"es","@id":"https:\/\/www.asajacyl.com\/soria\/#\/schema\/person\/image\/","url":"https:\/\/secure.gravatar.com\/avatar\/8266b36e4d9001acb4700699a2468dc8?s=96&d=mm&r=g","contentUrl":"https:\/\/secure.gravatar.com\/avatar\/8266b36e4d9001acb4700699a2468dc8?s=96&d=mm&r=g","caption":"Juan Ignacio Prieto Nieto"},"url":"https:\/\/www.asajacyl.com\/soria\/author\/juanfranciscoby"}]}},"_links":{"self":[{"href":"https:\/\/www.asajacyl.com\/soria\/wp-json\/wp\/v2\/posts\/5758"}],"collection":[{"href":"https:\/\/www.asajacyl.com\/soria\/wp-json\/wp\/v2\/posts"}],"about":[{"href":"https:\/\/www.asajacyl.com\/soria\/wp-json\/wp\/v2\/types\/post"}],"author":[{"embeddable":true,"href":"https:\/\/www.asajacyl.com\/soria\/wp-json\/wp\/v2\/users\/12"}],"replies":[{"embeddable":true,"href":"https:\/\/www.asajacyl.com\/soria\/wp-json\/wp\/v2\/comments?post=5758"}],"version-history":[{"count":1,"href":"https:\/\/www.asajacyl.com\/soria\/wp-json\/wp\/v2\/posts\/5758\/revisions"}],"predecessor-version":[{"id":5759,"href":"https:\/\/www.asajacyl.com\/soria\/wp-json\/wp\/v2\/posts\/5758\/revisions\/5759"}],"wp:featuredmedia":[{"embeddable":true,"href":"https:\/\/www.asajacyl.com\/soria\/wp-json\/wp\/v2\/media\/5007"}],"wp:attachment":[{"href":"https:\/\/www.asajacyl.com\/soria\/wp-json\/wp\/v2\/media?parent=5758"}],"wp:term":[{"taxonomy":"category","embeddable":true,"href":"https:\/\/www.asajacyl.com\/soria\/wp-json\/wp\/v2\/categories?post=5758"},{"taxonomy":"post_tag","embeddable":true,"href":"https:\/\/www.asajacyl.com\/soria\/wp-json\/wp\/v2\/tags?post=5758"}],"curies":[{"name":"wp","href":"https:\/\/api.w.org\/{rel}","templated":true}]}}