{"id":5775,"date":"2022-05-31T18:10:31","date_gmt":"2022-05-31T16:10:31","guid":{"rendered":"https:\/\/www.asajacyl.com\/soria\/?p=5775"},"modified":"2022-06-03T14:16:57","modified_gmt":"2022-06-03T12:16:57","slug":"las-cooperativas-piden-una-pausa-en-las-politicas-de-sostenibilidad-europeas","status":"publish","type":"post","link":"https:\/\/www.asajacyl.com\/soria\/asaja-soria-informa\/las-cooperativas-piden-una-pausa-en-las-politicas-de-sostenibilidad-europeas","title":{"rendered":"Las cooperativas creen que en este momento es m\u00e1s prudente no avanzar en la estrategia comunitaria \u2018De la granja a la mesa\u2019"},"content":{"rendered":"\n<p>Seg\u00fan recoge Efeagro, las Cooperativas Agro-alimentarias de Espa\u00f1a han pedido este martes una pausa en determinadas pol\u00edticas de sostenibilidad europeas para favorecer la rentabilidad de las agrupaciones, de forma que \u00e9stas puedan garantizar la producci\u00f3n suficiente para proveer de alimentos a los ciudadanos.<\/p>\n<p>As\u00ed lo ha solicitado el presidente de Cooperativas Agro-alimentarias de Espa\u00f1a, \u00c1ngel Villafranca, durante su intervenci\u00f3n en la Asamblea General de esta agrupaci\u00f3n, como una ayuda para afrontar un contexto actual \u00abmuy complicado\u00bb por las inclemencias meteorol\u00f3gicas -entre\u00a0heladas\u00a0y\u00a0sequ\u00edas-, la guerra en Ucrania y una pandemia que a\u00fan no termina.<\/p>\n<p>\u00abEs un escenario que nos ha llevado a un incremento de costes generalizados, una\u00a0situaci\u00f3n muy complicada para la superviviencia de muchas explotaciones ganaderas\u00a0y agr\u00edcolas y de muchas dificultades para nuestras cooperativas\u00bb, ha expresado.<\/p>\n<p>Por ello, y delante del ministro de Agricultura, Pesca y Alimentaci\u00f3n, Luis Planas, que tambi\u00e9n ha acudido al evento, Villafranca ha dicho que \u00abquiz\u00e1s en este momento ser\u00eda m\u00e1s prudente no\u00a0avanzar en la estrategia comunitaria \u2018De la granja a la mesa&#8217;\u00bb.<\/p>\n<p>En lugar de poner el foco en esta pol\u00edtica europea, que aboga por una producci\u00f3n, transporte, distribuci\u00f3n y comercializaci\u00f3n de alimentos con impacto positivo en el medio ambiente, habr\u00eda que estar m\u00e1s preocupados de alimentar a los ciudadanos, ha continuado el representante de las cooperativas.<\/p>\n<p>Villafraca ha abundado que\u00a0el sector se encuentra en un momento de \u00abtransici\u00f3n medioambiental\u00bb\u00a0y que no concibe un modelo productivo que no sea sostenible, pero que \u00abhay que medir los tiempos\u00bb porque \u00abla agricultura tiene que tener n\u00fameros verdes para abordar estos problemas\u00bb.<\/p>\n","protected":false},"excerpt":{"rendered":"<p>Seg\u00fan recoge Efeagro, las Cooperativas Agro-alimentarias de Espa\u00f1a han pedido este martes una pausa en determinadas pol\u00edticas de sostenibilidad europeas para favorecer la rentabilidad de las agrupaciones, de forma que \u00e9stas puedan garantizar la producci\u00f3n suficiente para proveer de alimentos a los ciudadanos. As\u00ed lo ha solicitado el presidente de Cooperativas Agro-alimentarias de Espa\u00f1a, \u00c1ngel [&hellip;]<\/p>\n","protected":false},"author":12,"featured_media":4683,"comment_status":"open","ping_status":"open","sticky":false,"template":"","format":"standard","meta":{"footnotes":""},"categories":[10,25],"tags":[],"yoast_head":"<!-- This site is optimized with the Yoast SEO plugin v24.5 - https:\/\/yoast.com\/wordpress\/plugins\/seo\/ -->\n<title>Las cooperativas creen que en este momento es m\u00e1s prudente no avanzar en la estrategia comunitaria \u2018De la granja a la mesa\u2019 - ASAJA Soria<\/title>\n<meta name=\"description\" content=\"Seg\u00fan recoge Efeagro, las Cooperativas Agro-alimentarias de Espa\u00f1a han pedido este martes una pausa en determinadas pol\u00edticas de sostenibilidad europeas\" \/>\n<meta name=\"robots\" content=\"index, follow, max-snippet:-1, max-image-preview:large, max-video-preview:-1\" \/>\n<link rel=\"canonical\" href=\"https:\/\/www.asajacyl.com\/soria\/asaja-soria-informa\/las-cooperativas-piden-una-pausa-en-las-politicas-de-sostenibilidad-europeas\" \/>\n<meta property=\"og:locale\" content=\"es_ES\" \/>\n<meta property=\"og:type\" content=\"article\" \/>\n<meta property=\"og:title\" content=\"Las cooperativas creen que en este momento es m\u00e1s prudente no avanzar en la estrategia comunitaria \u2018De la granja a la mesa\u2019 - ASAJA Soria\" \/>\n<meta property=\"og:description\" content=\"Seg\u00fan recoge Efeagro, las Cooperativas Agro-alimentarias de Espa\u00f1a han pedido este martes una pausa en determinadas pol\u00edticas de sostenibilidad europeas\" \/>\n<meta property=\"og:url\" content=\"https:\/\/www.asajacyl.com\/soria\/asaja-soria-informa\/las-cooperativas-piden-una-pausa-en-las-politicas-de-sostenibilidad-europeas\" \/>\n<meta property=\"og:site_name\" content=\"ASAJA Soria\" \/>\n<meta property=\"article:published_time\" content=\"2022-05-31T16:10:31+00:00\" \/>\n<meta property=\"article:modified_time\" content=\"2022-06-03T12:16:57+00:00\" \/>\n<meta property=\"og:image\" content=\"https:\/\/www.asajacyl.com\/soria\/wp-content\/uploads\/sites\/9\/2021\/07\/IMG_2109.jpg\" \/>\n\t<meta property=\"og:image:width\" content=\"2016\" \/>\n\t<meta property=\"og:image:height\" content=\"1512\" \/>\n\t<meta property=\"og:image:type\" content=\"image\/jpeg\" \/>\n<meta name=\"author\" content=\"Juan Ignacio Prieto Nieto\" \/>\n<meta name=\"twitter:card\" content=\"summary_large_image\" \/>\n<meta name=\"twitter:label1\" content=\"Escrito por\" \/>\n\t<meta name=\"twitter:data1\" content=\"Juan Ignacio Prieto Nieto\" \/>\n\t<meta name=\"twitter:label2\" content=\"Tiempo de lectura\" \/>\n\t<meta name=\"twitter:data2\" content=\"2 minutos\" \/>\n<script type=\"application\/ld+json\" class=\"yoast-schema-graph\">{\"@context\":\"https:\/\/schema.org\",\"@graph\":[{\"@type\":\"WebPage\",\"@id\":\"https:\/\/www.asajacyl.com\/soria\/asaja-soria-informa\/las-cooperativas-piden-una-pausa-en-las-politicas-de-sostenibilidad-europeas\",\"url\":\"https:\/\/www.asajacyl.com\/soria\/asaja-soria-informa\/las-cooperativas-piden-una-pausa-en-las-politicas-de-sostenibilidad-europeas\",\"name\":\"Las cooperativas creen que en este momento es m\u00e1s prudente no avanzar en la estrategia comunitaria \u2018De la granja a la mesa\u2019 - ASAJA Soria\",\"isPartOf\":{\"@id\":\"https:\/\/www.asajacyl.com\/soria\/#website\"},\"primaryImageOfPage\":{\"@id\":\"https:\/\/www.asajacyl.com\/soria\/asaja-soria-informa\/las-cooperativas-piden-una-pausa-en-las-politicas-de-sostenibilidad-europeas#primaryimage\"},\"image\":{\"@id\":\"https:\/\/www.asajacyl.com\/soria\/asaja-soria-informa\/las-cooperativas-piden-una-pausa-en-las-politicas-de-sostenibilidad-europeas#primaryimage\"},\"thumbnailUrl\":\"https:\/\/www.asajacyl.com\/soria\/wp-content\/uploads\/sites\/9\/2021\/07\/IMG_2109.jpg\",\"datePublished\":\"2022-05-31T16:10:31+00:00\",\"dateModified\":\"2022-06-03T12:16:57+00:00\",\"author\":{\"@id\":\"https:\/\/www.asajacyl.com\/soria\/#\/schema\/person\/fd3081c40255119ce8133b87e6aedfab\"},\"description\":\"Seg\u00fan recoge Efeagro, las Cooperativas Agro-alimentarias de Espa\u00f1a han pedido este martes una pausa en determinadas pol\u00edticas de sostenibilidad europeas\",\"breadcrumb\":{\"@id\":\"https:\/\/www.asajacyl.com\/soria\/asaja-soria-informa\/las-cooperativas-piden-una-pausa-en-las-politicas-de-sostenibilidad-europeas#breadcrumb\"},\"inLanguage\":\"es\",\"potentialAction\":[{\"@type\":\"ReadAction\",\"target\":[\"https:\/\/www.asajacyl.com\/soria\/asaja-soria-informa\/las-cooperativas-piden-una-pausa-en-las-politicas-de-sostenibilidad-europeas\"]}]},{\"@type\":\"ImageObject\",\"inLanguage\":\"es\",\"@id\":\"https:\/\/www.asajacyl.com\/soria\/asaja-soria-informa\/las-cooperativas-piden-una-pausa-en-las-politicas-de-sostenibilidad-europeas#primaryimage\",\"url\":\"https:\/\/www.asajacyl.com\/soria\/wp-content\/uploads\/sites\/9\/2021\/07\/IMG_2109.jpg\",\"contentUrl\":\"https:\/\/www.asajacyl.com\/soria\/wp-content\/uploads\/sites\/9\/2021\/07\/IMG_2109.jpg\",\"width\":2016,\"height\":1512},{\"@type\":\"BreadcrumbList\",\"@id\":\"https:\/\/www.asajacyl.com\/soria\/asaja-soria-informa\/las-cooperativas-piden-una-pausa-en-las-politicas-de-sostenibilidad-europeas#breadcrumb\",\"itemListElement\":[{\"@type\":\"ListItem\",\"position\":1,\"name\":\"Portada\",\"item\":\"https:\/\/www.asajacyl.com\/soria\/\"},{\"@type\":\"ListItem\",\"position\":2,\"name\":\"Las cooperativas creen que en este momento es m\u00e1s prudente no avanzar en la estrategia comunitaria \u2018De la granja a la mesa\u2019\"}]},{\"@type\":\"WebSite\",\"@id\":\"https:\/\/www.asajacyl.com\/soria\/#website\",\"url\":\"https:\/\/www.asajacyl.com\/soria\/\",\"name\":\"ASAJA Soria\",\"description\":\"Otro sitio m\u00e1s de Provincias ASAJA Castilla y Le\u00f3n\",\"potentialAction\":[{\"@type\":\"SearchAction\",\"target\":{\"@type\":\"EntryPoint\",\"urlTemplate\":\"https:\/\/www.asajacyl.com\/soria\/?s={search_term_string}\"},\"query-input\":{\"@type\":\"PropertyValueSpecification\",\"valueRequired\":true,\"valueName\":\"search_term_string\"}}],\"inLanguage\":\"es\"},{\"@type\":\"Person\",\"@id\":\"https:\/\/www.asajacyl.com\/soria\/#\/schema\/person\/fd3081c40255119ce8133b87e6aedfab\",\"name\":\"Juan Ignacio Prieto Nieto\",\"image\":{\"@type\":\"ImageObject\",\"inLanguage\":\"es\",\"@id\":\"https:\/\/www.asajacyl.com\/soria\/#\/schema\/person\/image\/\",\"url\":\"https:\/\/secure.gravatar.com\/avatar\/8266b36e4d9001acb4700699a2468dc8?s=96&d=mm&r=g\",\"contentUrl\":\"https:\/\/secure.gravatar.com\/avatar\/8266b36e4d9001acb4700699a2468dc8?s=96&d=mm&r=g\",\"caption\":\"Juan Ignacio Prieto Nieto\"},\"url\":\"https:\/\/www.asajacyl.com\/soria\/author\/juanfranciscoby\"}]}<\/script>\n<!-- \/ Yoast SEO plugin. -->","yoast_head_json":{"title":"Las cooperativas creen que en este momento es m\u00e1s prudente no avanzar en la estrategia comunitaria \u2018De la granja a la mesa\u2019 - ASAJA Soria","description":"Seg\u00fan recoge Efeagro, las Cooperativas Agro-alimentarias de Espa\u00f1a han pedido este martes una pausa en determinadas pol\u00edticas de sostenibilidad europeas","robots":{"index":"index","follow":"follow","max-snippet":"max-snippet:-1","max-image-preview":"max-image-preview:large","max-video-preview":"max-video-preview:-1"},"canonical":"https:\/\/www.asajacyl.com\/soria\/asaja-soria-informa\/las-cooperativas-piden-una-pausa-en-las-politicas-de-sostenibilidad-europeas","og_locale":"es_ES","og_type":"article","og_title":"Las cooperativas creen que en este momento es m\u00e1s prudente no avanzar en la estrategia comunitaria \u2018De la granja a la mesa\u2019 - ASAJA Soria","og_description":"Seg\u00fan recoge Efeagro, las Cooperativas Agro-alimentarias de Espa\u00f1a han pedido este martes una pausa en determinadas pol\u00edticas de sostenibilidad europeas","og_url":"https:\/\/www.asajacyl.com\/soria\/asaja-soria-informa\/las-cooperativas-piden-una-pausa-en-las-politicas-de-sostenibilidad-europeas","og_site_name":"ASAJA Soria","article_published_time":"2022-05-31T16:10:31+00:00","article_modified_time":"2022-06-03T12:16:57+00:00","og_image":[{"width":2016,"height":1512,"url":"https:\/\/www.asajacyl.com\/soria\/wp-content\/uploads\/sites\/9\/2021\/07\/IMG_2109.jpg","type":"image\/jpeg"}],"author":"Juan Ignacio Prieto Nieto","twitter_card":"summary_large_image","twitter_misc":{"Escrito por":"Juan Ignacio Prieto Nieto","Tiempo de lectura":"2 minutos"},"schema":{"@context":"https:\/\/schema.org","@graph":[{"@type":"WebPage","@id":"https:\/\/www.asajacyl.com\/soria\/asaja-soria-informa\/las-cooperativas-piden-una-pausa-en-las-politicas-de-sostenibilidad-europeas","url":"https:\/\/www.asajacyl.com\/soria\/asaja-soria-informa\/las-cooperativas-piden-una-pausa-en-las-politicas-de-sostenibilidad-europeas","name":"Las cooperativas creen que en este momento es m\u00e1s prudente no avanzar en la estrategia comunitaria \u2018De la granja a la mesa\u2019 - ASAJA Soria","isPartOf":{"@id":"https:\/\/www.asajacyl.com\/soria\/#website"},"primaryImageOfPage":{"@id":"https:\/\/www.asajacyl.com\/soria\/asaja-soria-informa\/las-cooperativas-piden-una-pausa-en-las-politicas-de-sostenibilidad-europeas#primaryimage"},"image":{"@id":"https:\/\/www.asajacyl.com\/soria\/asaja-soria-informa\/las-cooperativas-piden-una-pausa-en-las-politicas-de-sostenibilidad-europeas#primaryimage"},"thumbnailUrl":"https:\/\/www.asajacyl.com\/soria\/wp-content\/uploads\/sites\/9\/2021\/07\/IMG_2109.jpg","datePublished":"2022-05-31T16:10:31+00:00","dateModified":"2022-06-03T12:16:57+00:00","author":{"@id":"https:\/\/www.asajacyl.com\/soria\/#\/schema\/person\/fd3081c40255119ce8133b87e6aedfab"},"description":"Seg\u00fan recoge Efeagro, las Cooperativas Agro-alimentarias de Espa\u00f1a han pedido este martes una pausa en determinadas pol\u00edticas de sostenibilidad europeas","breadcrumb":{"@id":"https:\/\/www.asajacyl.com\/soria\/asaja-soria-informa\/las-cooperativas-piden-una-pausa-en-las-politicas-de-sostenibilidad-europeas#breadcrumb"},"inLanguage":"es","potentialAction":[{"@type":"ReadAction","target":["https:\/\/www.asajacyl.com\/soria\/asaja-soria-informa\/las-cooperativas-piden-una-pausa-en-las-politicas-de-sostenibilidad-europeas"]}]},{"@type":"ImageObject","inLanguage":"es","@id":"https:\/\/www.asajacyl.com\/soria\/asaja-soria-informa\/las-cooperativas-piden-una-pausa-en-las-politicas-de-sostenibilidad-europeas#primaryimage","url":"https:\/\/www.asajacyl.com\/soria\/wp-content\/uploads\/sites\/9\/2021\/07\/IMG_2109.jpg","contentUrl":"https:\/\/www.asajacyl.com\/soria\/wp-content\/uploads\/sites\/9\/2021\/07\/IMG_2109.jpg","width":2016,"height":1512},{"@type":"BreadcrumbList","@id":"https:\/\/www.asajacyl.com\/soria\/asaja-soria-informa\/las-cooperativas-piden-una-pausa-en-las-politicas-de-sostenibilidad-europeas#breadcrumb","itemListElement":[{"@type":"ListItem","position":1,"name":"Portada","item":"https:\/\/www.asajacyl.com\/soria\/"},{"@type":"ListItem","position":2,"name":"Las cooperativas creen que en este momento es m\u00e1s prudente no avanzar en la estrategia comunitaria \u2018De la granja a la mesa\u2019"}]},{"@type":"WebSite","@id":"https:\/\/www.asajacyl.com\/soria\/#website","url":"https:\/\/www.asajacyl.com\/soria\/","name":"ASAJA Soria","description":"Otro sitio m\u00e1s de Provincias ASAJA Castilla y Le\u00f3n","potentialAction":[{"@type":"SearchAction","target":{"@type":"EntryPoint","urlTemplate":"https:\/\/www.asajacyl.com\/soria\/?s={search_term_string}"},"query-input":{"@type":"PropertyValueSpecification","valueRequired":true,"valueName":"search_term_string"}}],"inLanguage":"es"},{"@type":"Person","@id":"https:\/\/www.asajacyl.com\/soria\/#\/schema\/person\/fd3081c40255119ce8133b87e6aedfab","name":"Juan Ignacio Prieto Nieto","image":{"@type":"ImageObject","inLanguage":"es","@id":"https:\/\/www.asajacyl.com\/soria\/#\/schema\/person\/image\/","url":"https:\/\/secure.gravatar.com\/avatar\/8266b36e4d9001acb4700699a2468dc8?s=96&d=mm&r=g","contentUrl":"https:\/\/secure.gravatar.com\/avatar\/8266b36e4d9001acb4700699a2468dc8?s=96&d=mm&r=g","caption":"Juan Ignacio Prieto Nieto"},"url":"https:\/\/www.asajacyl.com\/soria\/author\/juanfranciscoby"}]}},"_links":{"self":[{"href":"https:\/\/www.asajacyl.com\/soria\/wp-json\/wp\/v2\/posts\/5775"}],"collection":[{"href":"https:\/\/www.asajacyl.com\/soria\/wp-json\/wp\/v2\/posts"}],"about":[{"href":"https:\/\/www.asajacyl.com\/soria\/wp-json\/wp\/v2\/types\/post"}],"author":[{"embeddable":true,"href":"https:\/\/www.asajacyl.com\/soria\/wp-json\/wp\/v2\/users\/12"}],"replies":[{"embeddable":true,"href":"https:\/\/www.asajacyl.com\/soria\/wp-json\/wp\/v2\/comments?post=5775"}],"version-history":[{"count":2,"href":"https:\/\/www.asajacyl.com\/soria\/wp-json\/wp\/v2\/posts\/5775\/revisions"}],"predecessor-version":[{"id":5777,"href":"https:\/\/www.asajacyl.com\/soria\/wp-json\/wp\/v2\/posts\/5775\/revisions\/5777"}],"wp:featuredmedia":[{"embeddable":true,"href":"https:\/\/www.asajacyl.com\/soria\/wp-json\/wp\/v2\/media\/4683"}],"wp:attachment":[{"href":"https:\/\/www.asajacyl.com\/soria\/wp-json\/wp\/v2\/media?parent=5775"}],"wp:term":[{"taxonomy":"category","embeddable":true,"href":"https:\/\/www.asajacyl.com\/soria\/wp-json\/wp\/v2\/categories?post=5775"},{"taxonomy":"post_tag","embeddable":true,"href":"https:\/\/www.asajacyl.com\/soria\/wp-json\/wp\/v2\/tags?post=5775"}],"curies":[{"name":"wp","href":"https:\/\/api.w.org\/{rel}","templated":true}]}}