{"id":5802,"date":"2022-06-09T14:55:00","date_gmt":"2022-06-09T12:55:00","guid":{"rendered":"https:\/\/www.asajacyl.com\/soria\/?p=5802"},"modified":"2022-06-21T19:14:28","modified_gmt":"2022-06-21T17:14:28","slug":"ana-pastor-entra-a-formar-parte-de-la-ejecutiva-nacional-de-asaja","status":"publish","type":"post","link":"https:\/\/www.asajacyl.com\/soria\/asaja-soria-informa\/ana-pastor-entra-a-formar-parte-de-la-ejecutiva-nacional-de-asaja","title":{"rendered":"Ana Pastor entra a formar parte de la Ejecutiva Nacional de ASAJA"},"content":{"rendered":"\n<h2><em>La actual vicepresidenta de ASAJA Soria fue nombrada vocal el 9 de junio en la Asamblea General en la que se ha reelegido a Pedro Barato como presidente, sin votos en contra<\/em><\/h2>\n<p>La Asociaci\u00f3n Agraria de J\u00f3venes Agricultores (ASAJA) celebr\u00f3 el jueves 9 de junio Asamblea General en Madrid. En ella ha resultado reelegido Pedro Barato Triguero como presidente, sin ning\u00fan voto en contra.<\/p>\n<p><img loading=\"lazy\" decoding=\"async\" class=\"aligncenter size-full wp-image-5803\" src=\"https:\/\/www.asajacyl.com\/soria\/wp-content\/uploads\/sites\/9\/2022\/06\/IMG_5550.jpg\" alt=\"\" width=\"2500\" height=\"1875\" srcset=\"https:\/\/www.asajacyl.com\/soria\/wp-content\/uploads\/sites\/9\/2022\/06\/IMG_5550.jpg 2500w, https:\/\/www.asajacyl.com\/soria\/wp-content\/uploads\/sites\/9\/2022\/06\/IMG_5550-300x225.jpg 300w, https:\/\/www.asajacyl.com\/soria\/wp-content\/uploads\/sites\/9\/2022\/06\/IMG_5550-1024x768.jpg 1024w, https:\/\/www.asajacyl.com\/soria\/wp-content\/uploads\/sites\/9\/2022\/06\/IMG_5550-768x576.jpg 768w, https:\/\/www.asajacyl.com\/soria\/wp-content\/uploads\/sites\/9\/2022\/06\/IMG_5550-1536x1152.jpg 1536w, https:\/\/www.asajacyl.com\/soria\/wp-content\/uploads\/sites\/9\/2022\/06\/IMG_5550-2048x1536.jpg 2048w, https:\/\/www.asajacyl.com\/soria\/wp-content\/uploads\/sites\/9\/2022\/06\/IMG_5550-696x522.jpg 696w, https:\/\/www.asajacyl.com\/soria\/wp-content\/uploads\/sites\/9\/2022\/06\/IMG_5550-1068x801.jpg 1068w, https:\/\/www.asajacyl.com\/soria\/wp-content\/uploads\/sites\/9\/2022\/06\/IMG_5550-1920x1440.jpg 1920w, https:\/\/www.asajacyl.com\/soria\/wp-content\/uploads\/sites\/9\/2022\/06\/IMG_5550-560x420.jpg 560w, https:\/\/www.asajacyl.com\/soria\/wp-content\/uploads\/sites\/9\/2022\/06\/IMG_5550-80x60.jpg 80w\" sizes=\"(max-width: 2500px) 100vw, 2500px\" \/><\/p>\n<p>En el equipo directivo que conformar\u00e1 el nuevo comit\u00e9 ejecutivo nacional, ASAJA Soria vuelve a estar representada; esta vez en la persona de su vicepresidenta, Ana Pastor Soria; que viene a seguir el buen desempe\u00f1o de ocho a\u00f1os como vocal por parte de Carmelo G\u00f3mez Sanz.<\/p>\n<p><img loading=\"lazy\" decoding=\"async\" class=\"aligncenter size-full wp-image-5805\" src=\"https:\/\/www.asajacyl.com\/soria\/wp-content\/uploads\/sites\/9\/2022\/06\/IMG_5565.jpg\" alt=\"\" width=\"2500\" height=\"1875\" srcset=\"https:\/\/www.asajacyl.com\/soria\/wp-content\/uploads\/sites\/9\/2022\/06\/IMG_5565.jpg 2500w, https:\/\/www.asajacyl.com\/soria\/wp-content\/uploads\/sites\/9\/2022\/06\/IMG_5565-300x225.jpg 300w, https:\/\/www.asajacyl.com\/soria\/wp-content\/uploads\/sites\/9\/2022\/06\/IMG_5565-1024x768.jpg 1024w, https:\/\/www.asajacyl.com\/soria\/wp-content\/uploads\/sites\/9\/2022\/06\/IMG_5565-768x576.jpg 768w, https:\/\/www.asajacyl.com\/soria\/wp-content\/uploads\/sites\/9\/2022\/06\/IMG_5565-1536x1152.jpg 1536w, https:\/\/www.asajacyl.com\/soria\/wp-content\/uploads\/sites\/9\/2022\/06\/IMG_5565-2048x1536.jpg 2048w, https:\/\/www.asajacyl.com\/soria\/wp-content\/uploads\/sites\/9\/2022\/06\/IMG_5565-696x522.jpg 696w, https:\/\/www.asajacyl.com\/soria\/wp-content\/uploads\/sites\/9\/2022\/06\/IMG_5565-1068x801.jpg 1068w, https:\/\/www.asajacyl.com\/soria\/wp-content\/uploads\/sites\/9\/2022\/06\/IMG_5565-1920x1440.jpg 1920w, https:\/\/www.asajacyl.com\/soria\/wp-content\/uploads\/sites\/9\/2022\/06\/IMG_5565-560x420.jpg 560w, https:\/\/www.asajacyl.com\/soria\/wp-content\/uploads\/sites\/9\/2022\/06\/IMG_5565-80x60.jpg 80w\" sizes=\"(max-width: 2500px) 100vw, 2500px\" \/><\/p>\n<p>Para ASAJA Soria es un orgullo poder formar parte de la direcci\u00f3n nacional de la OPA, sobre todo por suponer un reconocimiento a la labor de los agricultores y ganaderos de esta provincia. Tener voz de primera mano en Madrid, como la ha tenido en las dos legislaturas anteriores siempre es importante y m\u00e1s con los asuntos clave para la agroganader\u00eda que hay en juego.<\/p>\n<p><img loading=\"lazy\" decoding=\"async\" class=\"aligncenter size-full wp-image-5804\" src=\"https:\/\/www.asajacyl.com\/soria\/wp-content\/uploads\/sites\/9\/2022\/06\/IMG_5564.jpg\" alt=\"\" width=\"2500\" height=\"1875\" srcset=\"https:\/\/www.asajacyl.com\/soria\/wp-content\/uploads\/sites\/9\/2022\/06\/IMG_5564.jpg 2500w, https:\/\/www.asajacyl.com\/soria\/wp-content\/uploads\/sites\/9\/2022\/06\/IMG_5564-300x225.jpg 300w, https:\/\/www.asajacyl.com\/soria\/wp-content\/uploads\/sites\/9\/2022\/06\/IMG_5564-1024x768.jpg 1024w, https:\/\/www.asajacyl.com\/soria\/wp-content\/uploads\/sites\/9\/2022\/06\/IMG_5564-768x576.jpg 768w, https:\/\/www.asajacyl.com\/soria\/wp-content\/uploads\/sites\/9\/2022\/06\/IMG_5564-1536x1152.jpg 1536w, https:\/\/www.asajacyl.com\/soria\/wp-content\/uploads\/sites\/9\/2022\/06\/IMG_5564-2048x1536.jpg 2048w, https:\/\/www.asajacyl.com\/soria\/wp-content\/uploads\/sites\/9\/2022\/06\/IMG_5564-696x522.jpg 696w, https:\/\/www.asajacyl.com\/soria\/wp-content\/uploads\/sites\/9\/2022\/06\/IMG_5564-1068x801.jpg 1068w, https:\/\/www.asajacyl.com\/soria\/wp-content\/uploads\/sites\/9\/2022\/06\/IMG_5564-1920x1440.jpg 1920w, https:\/\/www.asajacyl.com\/soria\/wp-content\/uploads\/sites\/9\/2022\/06\/IMG_5564-560x420.jpg 560w, https:\/\/www.asajacyl.com\/soria\/wp-content\/uploads\/sites\/9\/2022\/06\/IMG_5564-80x60.jpg 80w\" sizes=\"(max-width: 2500px) 100vw, 2500px\" \/><\/p>\n<p>\u00a0<\/p>\n<p>\u00a0<\/p>\n","protected":false},"excerpt":{"rendered":"<p>La actual vicepresidenta de ASAJA Soria fue nombrada vocal el 9 de junio en la Asamblea General en la que se ha reelegido a Pedro Barato como presidente, sin votos en contra La Asociaci\u00f3n Agraria de J\u00f3venes Agricultores (ASAJA) celebr\u00f3 el jueves 9 de junio Asamblea General en Madrid. En ella ha resultado reelegido Pedro [&hellip;]<\/p>\n","protected":false},"author":12,"featured_media":5803,"comment_status":"open","ping_status":"open","sticky":false,"template":"","format":"standard","meta":{"footnotes":""},"categories":[10,25],"tags":[],"yoast_head":"<!-- This site is optimized with the Yoast SEO plugin v24.5 - https:\/\/yoast.com\/wordpress\/plugins\/seo\/ -->\n<title>Ana Pastor entra a formar parte de la Ejecutiva Nacional de ASAJA - ASAJA Soria<\/title>\n<meta name=\"description\" content=\"La actual vicepresidenta de ASAJA Soria fue nombrada vocal el 9 de junio en la Asamblea General en la que se ha reelegido a Pedro Barato como presidente,\" \/>\n<meta name=\"robots\" content=\"index, follow, max-snippet:-1, max-image-preview:large, max-video-preview:-1\" \/>\n<link rel=\"canonical\" href=\"https:\/\/www.asajacyl.com\/soria\/asaja-soria-informa\/ana-pastor-entra-a-formar-parte-de-la-ejecutiva-nacional-de-asaja\" \/>\n<meta property=\"og:locale\" content=\"es_ES\" \/>\n<meta property=\"og:type\" content=\"article\" \/>\n<meta property=\"og:title\" content=\"Ana Pastor entra a formar parte de la Ejecutiva Nacional de ASAJA - ASAJA Soria\" \/>\n<meta property=\"og:description\" content=\"La actual vicepresidenta de ASAJA Soria fue nombrada vocal el 9 de junio en la Asamblea General en la que se ha reelegido a Pedro Barato como presidente,\" \/>\n<meta property=\"og:url\" content=\"https:\/\/www.asajacyl.com\/soria\/asaja-soria-informa\/ana-pastor-entra-a-formar-parte-de-la-ejecutiva-nacional-de-asaja\" \/>\n<meta property=\"og:site_name\" content=\"ASAJA Soria\" \/>\n<meta property=\"article:published_time\" content=\"2022-06-09T12:55:00+00:00\" \/>\n<meta property=\"article:modified_time\" content=\"2022-06-21T17:14:28+00:00\" \/>\n<meta property=\"og:image\" content=\"https:\/\/www.asajacyl.com\/soria\/wp-content\/uploads\/sites\/9\/2022\/06\/IMG_5550.jpg\" \/>\n\t<meta property=\"og:image:width\" content=\"2500\" \/>\n\t<meta property=\"og:image:height\" content=\"1875\" \/>\n\t<meta property=\"og:image:type\" content=\"image\/jpeg\" \/>\n<meta name=\"author\" content=\"Juan Ignacio Prieto Nieto\" \/>\n<meta name=\"twitter:card\" content=\"summary_large_image\" \/>\n<meta name=\"twitter:label1\" content=\"Escrito por\" \/>\n\t<meta name=\"twitter:data1\" content=\"Juan Ignacio Prieto Nieto\" \/>\n\t<meta name=\"twitter:label2\" content=\"Tiempo de lectura\" \/>\n\t<meta name=\"twitter:data2\" content=\"2 minutos\" \/>\n<script type=\"application\/ld+json\" class=\"yoast-schema-graph\">{\"@context\":\"https:\/\/schema.org\",\"@graph\":[{\"@type\":\"WebPage\",\"@id\":\"https:\/\/www.asajacyl.com\/soria\/asaja-soria-informa\/ana-pastor-entra-a-formar-parte-de-la-ejecutiva-nacional-de-asaja\",\"url\":\"https:\/\/www.asajacyl.com\/soria\/asaja-soria-informa\/ana-pastor-entra-a-formar-parte-de-la-ejecutiva-nacional-de-asaja\",\"name\":\"Ana Pastor entra a formar parte de la Ejecutiva Nacional de ASAJA - ASAJA Soria\",\"isPartOf\":{\"@id\":\"https:\/\/www.asajacyl.com\/soria\/#website\"},\"primaryImageOfPage\":{\"@id\":\"https:\/\/www.asajacyl.com\/soria\/asaja-soria-informa\/ana-pastor-entra-a-formar-parte-de-la-ejecutiva-nacional-de-asaja#primaryimage\"},\"image\":{\"@id\":\"https:\/\/www.asajacyl.com\/soria\/asaja-soria-informa\/ana-pastor-entra-a-formar-parte-de-la-ejecutiva-nacional-de-asaja#primaryimage\"},\"thumbnailUrl\":\"https:\/\/www.asajacyl.com\/soria\/wp-content\/uploads\/sites\/9\/2022\/06\/IMG_5550.jpg\",\"datePublished\":\"2022-06-09T12:55:00+00:00\",\"dateModified\":\"2022-06-21T17:14:28+00:00\",\"author\":{\"@id\":\"https:\/\/www.asajacyl.com\/soria\/#\/schema\/person\/fd3081c40255119ce8133b87e6aedfab\"},\"description\":\"La actual vicepresidenta de ASAJA Soria fue nombrada vocal el 9 de junio en la Asamblea General en la que se ha reelegido a Pedro Barato como presidente,\",\"breadcrumb\":{\"@id\":\"https:\/\/www.asajacyl.com\/soria\/asaja-soria-informa\/ana-pastor-entra-a-formar-parte-de-la-ejecutiva-nacional-de-asaja#breadcrumb\"},\"inLanguage\":\"es\",\"potentialAction\":[{\"@type\":\"ReadAction\",\"target\":[\"https:\/\/www.asajacyl.com\/soria\/asaja-soria-informa\/ana-pastor-entra-a-formar-parte-de-la-ejecutiva-nacional-de-asaja\"]}]},{\"@type\":\"ImageObject\",\"inLanguage\":\"es\",\"@id\":\"https:\/\/www.asajacyl.com\/soria\/asaja-soria-informa\/ana-pastor-entra-a-formar-parte-de-la-ejecutiva-nacional-de-asaja#primaryimage\",\"url\":\"https:\/\/www.asajacyl.com\/soria\/wp-content\/uploads\/sites\/9\/2022\/06\/IMG_5550.jpg\",\"contentUrl\":\"https:\/\/www.asajacyl.com\/soria\/wp-content\/uploads\/sites\/9\/2022\/06\/IMG_5550.jpg\",\"width\":2500,\"height\":1875},{\"@type\":\"BreadcrumbList\",\"@id\":\"https:\/\/www.asajacyl.com\/soria\/asaja-soria-informa\/ana-pastor-entra-a-formar-parte-de-la-ejecutiva-nacional-de-asaja#breadcrumb\",\"itemListElement\":[{\"@type\":\"ListItem\",\"position\":1,\"name\":\"Portada\",\"item\":\"https:\/\/www.asajacyl.com\/soria\/\"},{\"@type\":\"ListItem\",\"position\":2,\"name\":\"Ana Pastor entra a formar parte de la Ejecutiva Nacional de ASAJA\"}]},{\"@type\":\"WebSite\",\"@id\":\"https:\/\/www.asajacyl.com\/soria\/#website\",\"url\":\"https:\/\/www.asajacyl.com\/soria\/\",\"name\":\"ASAJA Soria\",\"description\":\"Otro sitio m\u00e1s de Provincias ASAJA Castilla y Le\u00f3n\",\"potentialAction\":[{\"@type\":\"SearchAction\",\"target\":{\"@type\":\"EntryPoint\",\"urlTemplate\":\"https:\/\/www.asajacyl.com\/soria\/?s={search_term_string}\"},\"query-input\":{\"@type\":\"PropertyValueSpecification\",\"valueRequired\":true,\"valueName\":\"search_term_string\"}}],\"inLanguage\":\"es\"},{\"@type\":\"Person\",\"@id\":\"https:\/\/www.asajacyl.com\/soria\/#\/schema\/person\/fd3081c40255119ce8133b87e6aedfab\",\"name\":\"Juan Ignacio Prieto Nieto\",\"image\":{\"@type\":\"ImageObject\",\"inLanguage\":\"es\",\"@id\":\"https:\/\/www.asajacyl.com\/soria\/#\/schema\/person\/image\/\",\"url\":\"https:\/\/secure.gravatar.com\/avatar\/8266b36e4d9001acb4700699a2468dc8?s=96&d=mm&r=g\",\"contentUrl\":\"https:\/\/secure.gravatar.com\/avatar\/8266b36e4d9001acb4700699a2468dc8?s=96&d=mm&r=g\",\"caption\":\"Juan Ignacio Prieto Nieto\"},\"url\":\"https:\/\/www.asajacyl.com\/soria\/author\/juanfranciscoby\"}]}<\/script>\n<!-- \/ Yoast SEO plugin. -->","yoast_head_json":{"title":"Ana Pastor entra a formar parte de la Ejecutiva Nacional de ASAJA - ASAJA Soria","description":"La actual vicepresidenta de ASAJA Soria fue nombrada vocal el 9 de junio en la Asamblea General en la que se ha reelegido a Pedro Barato como presidente,","robots":{"index":"index","follow":"follow","max-snippet":"max-snippet:-1","max-image-preview":"max-image-preview:large","max-video-preview":"max-video-preview:-1"},"canonical":"https:\/\/www.asajacyl.com\/soria\/asaja-soria-informa\/ana-pastor-entra-a-formar-parte-de-la-ejecutiva-nacional-de-asaja","og_locale":"es_ES","og_type":"article","og_title":"Ana Pastor entra a formar parte de la Ejecutiva Nacional de ASAJA - ASAJA Soria","og_description":"La actual vicepresidenta de ASAJA Soria fue nombrada vocal el 9 de junio en la Asamblea General en la que se ha reelegido a Pedro Barato como presidente,","og_url":"https:\/\/www.asajacyl.com\/soria\/asaja-soria-informa\/ana-pastor-entra-a-formar-parte-de-la-ejecutiva-nacional-de-asaja","og_site_name":"ASAJA Soria","article_published_time":"2022-06-09T12:55:00+00:00","article_modified_time":"2022-06-21T17:14:28+00:00","og_image":[{"width":2500,"height":1875,"url":"https:\/\/www.asajacyl.com\/soria\/wp-content\/uploads\/sites\/9\/2022\/06\/IMG_5550.jpg","type":"image\/jpeg"}],"author":"Juan Ignacio Prieto Nieto","twitter_card":"summary_large_image","twitter_misc":{"Escrito por":"Juan Ignacio Prieto Nieto","Tiempo de lectura":"2 minutos"},"schema":{"@context":"https:\/\/schema.org","@graph":[{"@type":"WebPage","@id":"https:\/\/www.asajacyl.com\/soria\/asaja-soria-informa\/ana-pastor-entra-a-formar-parte-de-la-ejecutiva-nacional-de-asaja","url":"https:\/\/www.asajacyl.com\/soria\/asaja-soria-informa\/ana-pastor-entra-a-formar-parte-de-la-ejecutiva-nacional-de-asaja","name":"Ana Pastor entra a formar parte de la Ejecutiva Nacional de ASAJA - ASAJA Soria","isPartOf":{"@id":"https:\/\/www.asajacyl.com\/soria\/#website"},"primaryImageOfPage":{"@id":"https:\/\/www.asajacyl.com\/soria\/asaja-soria-informa\/ana-pastor-entra-a-formar-parte-de-la-ejecutiva-nacional-de-asaja#primaryimage"},"image":{"@id":"https:\/\/www.asajacyl.com\/soria\/asaja-soria-informa\/ana-pastor-entra-a-formar-parte-de-la-ejecutiva-nacional-de-asaja#primaryimage"},"thumbnailUrl":"https:\/\/www.asajacyl.com\/soria\/wp-content\/uploads\/sites\/9\/2022\/06\/IMG_5550.jpg","datePublished":"2022-06-09T12:55:00+00:00","dateModified":"2022-06-21T17:14:28+00:00","author":{"@id":"https:\/\/www.asajacyl.com\/soria\/#\/schema\/person\/fd3081c40255119ce8133b87e6aedfab"},"description":"La actual vicepresidenta de ASAJA Soria fue nombrada vocal el 9 de junio en la Asamblea General en la que se ha reelegido a Pedro Barato como presidente,","breadcrumb":{"@id":"https:\/\/www.asajacyl.com\/soria\/asaja-soria-informa\/ana-pastor-entra-a-formar-parte-de-la-ejecutiva-nacional-de-asaja#breadcrumb"},"inLanguage":"es","potentialAction":[{"@type":"ReadAction","target":["https:\/\/www.asajacyl.com\/soria\/asaja-soria-informa\/ana-pastor-entra-a-formar-parte-de-la-ejecutiva-nacional-de-asaja"]}]},{"@type":"ImageObject","inLanguage":"es","@id":"https:\/\/www.asajacyl.com\/soria\/asaja-soria-informa\/ana-pastor-entra-a-formar-parte-de-la-ejecutiva-nacional-de-asaja#primaryimage","url":"https:\/\/www.asajacyl.com\/soria\/wp-content\/uploads\/sites\/9\/2022\/06\/IMG_5550.jpg","contentUrl":"https:\/\/www.asajacyl.com\/soria\/wp-content\/uploads\/sites\/9\/2022\/06\/IMG_5550.jpg","width":2500,"height":1875},{"@type":"BreadcrumbList","@id":"https:\/\/www.asajacyl.com\/soria\/asaja-soria-informa\/ana-pastor-entra-a-formar-parte-de-la-ejecutiva-nacional-de-asaja#breadcrumb","itemListElement":[{"@type":"ListItem","position":1,"name":"Portada","item":"https:\/\/www.asajacyl.com\/soria\/"},{"@type":"ListItem","position":2,"name":"Ana Pastor entra a formar parte de la Ejecutiva Nacional de ASAJA"}]},{"@type":"WebSite","@id":"https:\/\/www.asajacyl.com\/soria\/#website","url":"https:\/\/www.asajacyl.com\/soria\/","name":"ASAJA Soria","description":"Otro sitio m\u00e1s de Provincias ASAJA Castilla y Le\u00f3n","potentialAction":[{"@type":"SearchAction","target":{"@type":"EntryPoint","urlTemplate":"https:\/\/www.asajacyl.com\/soria\/?s={search_term_string}"},"query-input":{"@type":"PropertyValueSpecification","valueRequired":true,"valueName":"search_term_string"}}],"inLanguage":"es"},{"@type":"Person","@id":"https:\/\/www.asajacyl.com\/soria\/#\/schema\/person\/fd3081c40255119ce8133b87e6aedfab","name":"Juan Ignacio Prieto Nieto","image":{"@type":"ImageObject","inLanguage":"es","@id":"https:\/\/www.asajacyl.com\/soria\/#\/schema\/person\/image\/","url":"https:\/\/secure.gravatar.com\/avatar\/8266b36e4d9001acb4700699a2468dc8?s=96&d=mm&r=g","contentUrl":"https:\/\/secure.gravatar.com\/avatar\/8266b36e4d9001acb4700699a2468dc8?s=96&d=mm&r=g","caption":"Juan Ignacio Prieto Nieto"},"url":"https:\/\/www.asajacyl.com\/soria\/author\/juanfranciscoby"}]}},"_links":{"self":[{"href":"https:\/\/www.asajacyl.com\/soria\/wp-json\/wp\/v2\/posts\/5802"}],"collection":[{"href":"https:\/\/www.asajacyl.com\/soria\/wp-json\/wp\/v2\/posts"}],"about":[{"href":"https:\/\/www.asajacyl.com\/soria\/wp-json\/wp\/v2\/types\/post"}],"author":[{"embeddable":true,"href":"https:\/\/www.asajacyl.com\/soria\/wp-json\/wp\/v2\/users\/12"}],"replies":[{"embeddable":true,"href":"https:\/\/www.asajacyl.com\/soria\/wp-json\/wp\/v2\/comments?post=5802"}],"version-history":[{"count":5,"href":"https:\/\/www.asajacyl.com\/soria\/wp-json\/wp\/v2\/posts\/5802\/revisions"}],"predecessor-version":[{"id":5811,"href":"https:\/\/www.asajacyl.com\/soria\/wp-json\/wp\/v2\/posts\/5802\/revisions\/5811"}],"wp:featuredmedia":[{"embeddable":true,"href":"https:\/\/www.asajacyl.com\/soria\/wp-json\/wp\/v2\/media\/5803"}],"wp:attachment":[{"href":"https:\/\/www.asajacyl.com\/soria\/wp-json\/wp\/v2\/media?parent=5802"}],"wp:term":[{"taxonomy":"category","embeddable":true,"href":"https:\/\/www.asajacyl.com\/soria\/wp-json\/wp\/v2\/categories?post=5802"},{"taxonomy":"post_tag","embeddable":true,"href":"https:\/\/www.asajacyl.com\/soria\/wp-json\/wp\/v2\/tags?post=5802"}],"curies":[{"name":"wp","href":"https:\/\/api.w.org\/{rel}","templated":true}]}}