{"id":5819,"date":"2022-06-14T14:18:39","date_gmt":"2022-06-14T12:18:39","guid":{"rendered":"https:\/\/www.asajacyl.com\/soria\/?p=5819"},"modified":"2022-06-14T14:21:01","modified_gmt":"2022-06-14T12:21:01","slug":"asaja-upa-y-coag-bloquearan-el-proximo-23-de-junio-el-clh-de-santovenia-de-pisuerga-valladolid-en-protesta-por-los-precios-escandalosos-del-gasoleo-agricola","status":"publish","type":"post","link":"https:\/\/www.asajacyl.com\/soria\/asaja-soria-informa\/asaja-upa-y-coag-bloquearan-el-proximo-23-de-junio-el-clh-de-santovenia-de-pisuerga-valladolid-en-protesta-por-los-precios-escandalosos-del-gasoleo-agricola","title":{"rendered":"ASAJA, UPA Y COAG BLOQUEAR\u00c1N EL PR\u00d3XIMO 23 DE JUNIO EL CLH DE VALLADOLID EN PROTESTA POR LOS PRECIOS ESCANDALOSOS DEL GAS\u00d3LEO AGR\u00cdCOLA"},"content":{"rendered":"\n<table width=\"600\">\n<tbody>\n<tr>\n<td>\n<p>*COMUNICADO CONJUNTO:<\/p>\n<p><strong>Valladolid, 14 de junio de 2022<\/strong><\/p>\n<p>Las organizaciones agrarias ASAJA, UPA y COAG bloquear\u00e1n <strong><em>el pr\u00f3ximo 23 de junio<\/em><\/strong> el centro log\u00edstico de hidrocarburos (CLH) de Santovenia de Pisuerga (Valladolid) ante la situaci\u00f3n extremadamente cr\u00edtica que est\u00e1n sufriendo los profesionales del sector agrario por el precio escandaloso del gas\u00f3leo agr\u00edcola.<\/p>\n<p>El gas\u00f3leo B sigue batiendo todos los r\u00e9cords hist\u00f3ricos situ\u00e1ndose actualmente, de media, a 1,57 euros\/litro como consecuencia \u00fanica y exclusivamente de la especulaci\u00f3n y absoluta falta de escr\u00fapulos de las empresas petrol\u00edferas y del mercado mayorista de carburantes de automoci\u00f3n en Espa\u00f1a.<\/p>\n<p>Sirva como ejemplo de esta situaci\u00f3n extrema, que el precio del gas\u00f3leo agr\u00edcola el a\u00f1o pasado por estas fechas se encontraba a 0,83 euros\/litro, casi a la mitad que en la actualidad. Y que en las \u00faltimas semanas la espiral de subida es imparable, ya que en el mes de febrero la cotizaci\u00f3n media estaba en 0,84 euros\/litro; en marzo, a 1,18, y en abril a 1,43 euros\/litro.<\/p>\n<p>ASAJA, UPA y COAG consideran que la escalada del precio del gas\u00f3leo B est\u00e1 poniendo al l\u00edmite la continuidad de la agricultura y la ganader\u00eda familiar y profesional en Castilla y Le\u00f3n, puesto que llenar el dep\u00f3sito de un tractor se est\u00e1 convirtiendo en un acto casi inasumible en las actuales circunstancias, con alt\u00edsimos costes econ\u00f3micos a todos los niveles.<\/p>\n<p>El acto de protesta del d\u00eda 23 en Valladolid es el comienzo de una serie de actuaciones que llevaremos a cabo y mantendremos hasta que no se den soluciones definitivas que respondan a los perjuicios que est\u00e1 provocando la situaci\u00f3n para los agricultores y ganaderos, que no tienen capacidad para poder repercutir la subida de estos costes en los productos comercializados.<\/p>\n<p>Las tres OPA reclamamos al Gobierno que act\u00fae con car\u00e1cter de urgencia y \u201cque ponga en su sitio\u201d a las empresas petrol\u00edferas que vergonzosamente est\u00e1n aprovechando la invasi\u00f3n de Ucrania para incrementar sus m\u00e1rgenes a costa de los profesionales del sector primario y de los consumidores en general, para comerse literalmente los 20 c\u00e9ntimos de euro por litro de ayuda estatal, y en definitiva para aprovecharse vilmente de la situaci\u00f3n cr\u00edtica que atravesamos.<\/p>\n<p>Conviene recordar que los propietarios m\u00e1s importantes de las refiner\u00edas emplazadas en territorio espa\u00f1ol son CEPSA, REPSOL y BP, y que el mercado de refino espa\u00f1ol, a diferencia del europeo, est\u00e1 altamente concentrado en forma de mercado oligopol\u00edstico.<\/p>\n<p>Lo cierto es que la situaci\u00f3n actual no se puede aguantar por mucho tiempo m\u00e1s. El sector agroalimentario atraviesa actualmente un momento extremadamente delicado ante la brutal subida de costes de producci\u00f3n. Piensos, fertilizantes, combustibles y tarifas el\u00e9ctricas lideran el incremento del coste de los insumos, y la sequ\u00eda que estamos padeciendo no ha hecho m\u00e1s que empeorar las cosas con una cosecha de cereal que en t\u00e9rminos de cantidad y calidad ser\u00e1 mala.<\/p>\n<p>ASAJA, UPA Y COAG reclamamos actuaciones urgentes puesto que el sistema actual es inaceptable y debe cambiar. Para ello, el Gobierno central tiene que actuar en consecuencia y adoptar medidas para que los profesionales del campo y los consumidores no asuman el af\u00e1n de las empresas de aumentar m\u00e1s y m\u00e1s sus m\u00e1rgenes a costa de la sociedad en general, y para ello debe actuarse a nivel legislativo para impedir estas pr\u00e1cticas abusivas.<\/p>\n<p>Por este motivo, instamos al Ejecutivo que, ante una situaci\u00f3n excepcional como la actual,\u00a0intervenga el mercado de combustibles, y aplique una modulaci\u00f3n de precios respecto a la cotizaci\u00f3n del barril Brent evitando as\u00ed que las empresas de refino pacten los precios al alza y especulen a costa de los bolsillos de todos los espa\u00f1oles.<\/p>\n<\/td>\n<\/tr>\n<\/tbody>\n<\/table>\n","protected":false},"excerpt":{"rendered":"<p>*COMUNICADO CONJUNTO: Valladolid, 14 de junio de 2022 Las organizaciones agrarias ASAJA, UPA y COAG bloquear\u00e1n el pr\u00f3ximo 23 de junio el centro log\u00edstico de hidrocarburos (CLH) de Santovenia de Pisuerga (Valladolid) ante la situaci\u00f3n extremadamente cr\u00edtica que est\u00e1n sufriendo los profesionales del sector agrario por el precio escandaloso del gas\u00f3leo agr\u00edcola. El gas\u00f3leo B [&hellip;]<\/p>\n","protected":false},"author":12,"featured_media":5820,"comment_status":"open","ping_status":"open","sticky":false,"template":"","format":"standard","meta":{"footnotes":""},"categories":[10,25],"tags":[],"yoast_head":"<!-- This site is optimized with the Yoast SEO plugin v24.5 - https:\/\/yoast.com\/wordpress\/plugins\/seo\/ -->\n<title>ASAJA, UPA Y COAG BLOQUEAR\u00c1N EL PR\u00d3XIMO 23 DE JUNIO EL CLH DE VALLADOLID EN PROTESTA POR LOS PRECIOS ESCANDALOSOS DEL GAS\u00d3LEO AGR\u00cdCOLA - ASAJA Soria<\/title>\n<meta name=\"description\" content=\"*COMUNICADO CONJUNTO: Valladolid, 14 de junio de 2022 Las organizaciones agrarias ASAJA, UPA y COAG bloquear\u00e1n el pr\u00f3ximo 23 de junio el centro log\u00edstico\" \/>\n<meta name=\"robots\" content=\"index, follow, max-snippet:-1, max-image-preview:large, max-video-preview:-1\" \/>\n<link rel=\"canonical\" href=\"https:\/\/www.asajacyl.com\/soria\/asaja-soria-informa\/asaja-upa-y-coag-bloquearan-el-proximo-23-de-junio-el-clh-de-santovenia-de-pisuerga-valladolid-en-protesta-por-los-precios-escandalosos-del-gasoleo-agricola\" \/>\n<meta property=\"og:locale\" content=\"es_ES\" \/>\n<meta property=\"og:type\" content=\"article\" \/>\n<meta property=\"og:title\" content=\"ASAJA, UPA Y COAG BLOQUEAR\u00c1N EL PR\u00d3XIMO 23 DE JUNIO EL CLH DE VALLADOLID EN PROTESTA POR LOS PRECIOS ESCANDALOSOS DEL GAS\u00d3LEO AGR\u00cdCOLA - ASAJA Soria\" \/>\n<meta property=\"og:description\" content=\"*COMUNICADO CONJUNTO: Valladolid, 14 de junio de 2022 Las organizaciones agrarias ASAJA, UPA y COAG bloquear\u00e1n el pr\u00f3ximo 23 de junio el centro log\u00edstico\" \/>\n<meta property=\"og:url\" content=\"https:\/\/www.asajacyl.com\/soria\/asaja-soria-informa\/asaja-upa-y-coag-bloquearan-el-proximo-23-de-junio-el-clh-de-santovenia-de-pisuerga-valladolid-en-protesta-por-los-precios-escandalosos-del-gasoleo-agricola\" \/>\n<meta property=\"og:site_name\" content=\"ASAJA Soria\" \/>\n<meta property=\"article:published_time\" content=\"2022-06-14T12:18:39+00:00\" \/>\n<meta property=\"article:modified_time\" content=\"2022-06-14T12:21:01+00:00\" \/>\n<meta property=\"og:image\" content=\"https:\/\/www.asajacyl.com\/soria\/wp-content\/uploads\/sites\/9\/2022\/06\/CLH.jpg\" \/>\n\t<meta property=\"og:image:width\" content=\"1200\" \/>\n\t<meta property=\"og:image:height\" content=\"776\" \/>\n\t<meta property=\"og:image:type\" content=\"image\/jpeg\" \/>\n<meta name=\"author\" content=\"Juan Ignacio Prieto Nieto\" \/>\n<meta name=\"twitter:card\" content=\"summary_large_image\" \/>\n<meta name=\"twitter:label1\" content=\"Escrito por\" \/>\n\t<meta name=\"twitter:data1\" content=\"Juan Ignacio Prieto Nieto\" \/>\n\t<meta name=\"twitter:label2\" content=\"Tiempo de lectura\" \/>\n\t<meta name=\"twitter:data2\" content=\"3 minutos\" \/>\n<script type=\"application\/ld+json\" class=\"yoast-schema-graph\">{\"@context\":\"https:\/\/schema.org\",\"@graph\":[{\"@type\":\"WebPage\",\"@id\":\"https:\/\/www.asajacyl.com\/soria\/asaja-soria-informa\/asaja-upa-y-coag-bloquearan-el-proximo-23-de-junio-el-clh-de-santovenia-de-pisuerga-valladolid-en-protesta-por-los-precios-escandalosos-del-gasoleo-agricola\",\"url\":\"https:\/\/www.asajacyl.com\/soria\/asaja-soria-informa\/asaja-upa-y-coag-bloquearan-el-proximo-23-de-junio-el-clh-de-santovenia-de-pisuerga-valladolid-en-protesta-por-los-precios-escandalosos-del-gasoleo-agricola\",\"name\":\"ASAJA, UPA Y COAG BLOQUEAR\u00c1N EL PR\u00d3XIMO 23 DE JUNIO EL CLH DE VALLADOLID EN PROTESTA POR LOS PRECIOS ESCANDALOSOS DEL GAS\u00d3LEO AGR\u00cdCOLA - ASAJA Soria\",\"isPartOf\":{\"@id\":\"https:\/\/www.asajacyl.com\/soria\/#website\"},\"primaryImageOfPage\":{\"@id\":\"https:\/\/www.asajacyl.com\/soria\/asaja-soria-informa\/asaja-upa-y-coag-bloquearan-el-proximo-23-de-junio-el-clh-de-santovenia-de-pisuerga-valladolid-en-protesta-por-los-precios-escandalosos-del-gasoleo-agricola#primaryimage\"},\"image\":{\"@id\":\"https:\/\/www.asajacyl.com\/soria\/asaja-soria-informa\/asaja-upa-y-coag-bloquearan-el-proximo-23-de-junio-el-clh-de-santovenia-de-pisuerga-valladolid-en-protesta-por-los-precios-escandalosos-del-gasoleo-agricola#primaryimage\"},\"thumbnailUrl\":\"https:\/\/www.asajacyl.com\/soria\/wp-content\/uploads\/sites\/9\/2022\/06\/CLH.jpg\",\"datePublished\":\"2022-06-14T12:18:39+00:00\",\"dateModified\":\"2022-06-14T12:21:01+00:00\",\"author\":{\"@id\":\"https:\/\/www.asajacyl.com\/soria\/#\/schema\/person\/fd3081c40255119ce8133b87e6aedfab\"},\"description\":\"*COMUNICADO CONJUNTO: Valladolid, 14 de junio de 2022 Las organizaciones agrarias ASAJA, UPA y COAG bloquear\u00e1n el pr\u00f3ximo 23 de junio el centro log\u00edstico\",\"breadcrumb\":{\"@id\":\"https:\/\/www.asajacyl.com\/soria\/asaja-soria-informa\/asaja-upa-y-coag-bloquearan-el-proximo-23-de-junio-el-clh-de-santovenia-de-pisuerga-valladolid-en-protesta-por-los-precios-escandalosos-del-gasoleo-agricola#breadcrumb\"},\"inLanguage\":\"es\",\"potentialAction\":[{\"@type\":\"ReadAction\",\"target\":[\"https:\/\/www.asajacyl.com\/soria\/asaja-soria-informa\/asaja-upa-y-coag-bloquearan-el-proximo-23-de-junio-el-clh-de-santovenia-de-pisuerga-valladolid-en-protesta-por-los-precios-escandalosos-del-gasoleo-agricola\"]}]},{\"@type\":\"ImageObject\",\"inLanguage\":\"es\",\"@id\":\"https:\/\/www.asajacyl.com\/soria\/asaja-soria-informa\/asaja-upa-y-coag-bloquearan-el-proximo-23-de-junio-el-clh-de-santovenia-de-pisuerga-valladolid-en-protesta-por-los-precios-escandalosos-del-gasoleo-agricola#primaryimage\",\"url\":\"https:\/\/www.asajacyl.com\/soria\/wp-content\/uploads\/sites\/9\/2022\/06\/CLH.jpg\",\"contentUrl\":\"https:\/\/www.asajacyl.com\/soria\/wp-content\/uploads\/sites\/9\/2022\/06\/CLH.jpg\",\"width\":1200,\"height\":776},{\"@type\":\"BreadcrumbList\",\"@id\":\"https:\/\/www.asajacyl.com\/soria\/asaja-soria-informa\/asaja-upa-y-coag-bloquearan-el-proximo-23-de-junio-el-clh-de-santovenia-de-pisuerga-valladolid-en-protesta-por-los-precios-escandalosos-del-gasoleo-agricola#breadcrumb\",\"itemListElement\":[{\"@type\":\"ListItem\",\"position\":1,\"name\":\"Portada\",\"item\":\"https:\/\/www.asajacyl.com\/soria\/\"},{\"@type\":\"ListItem\",\"position\":2,\"name\":\"ASAJA, UPA Y COAG BLOQUEAR\u00c1N EL PR\u00d3XIMO 23 DE JUNIO EL CLH DE VALLADOLID EN PROTESTA POR LOS PRECIOS ESCANDALOSOS DEL GAS\u00d3LEO AGR\u00cdCOLA\"}]},{\"@type\":\"WebSite\",\"@id\":\"https:\/\/www.asajacyl.com\/soria\/#website\",\"url\":\"https:\/\/www.asajacyl.com\/soria\/\",\"name\":\"ASAJA Soria\",\"description\":\"Otro sitio m\u00e1s de Provincias ASAJA Castilla y Le\u00f3n\",\"potentialAction\":[{\"@type\":\"SearchAction\",\"target\":{\"@type\":\"EntryPoint\",\"urlTemplate\":\"https:\/\/www.asajacyl.com\/soria\/?s={search_term_string}\"},\"query-input\":{\"@type\":\"PropertyValueSpecification\",\"valueRequired\":true,\"valueName\":\"search_term_string\"}}],\"inLanguage\":\"es\"},{\"@type\":\"Person\",\"@id\":\"https:\/\/www.asajacyl.com\/soria\/#\/schema\/person\/fd3081c40255119ce8133b87e6aedfab\",\"name\":\"Juan Ignacio Prieto Nieto\",\"image\":{\"@type\":\"ImageObject\",\"inLanguage\":\"es\",\"@id\":\"https:\/\/www.asajacyl.com\/soria\/#\/schema\/person\/image\/\",\"url\":\"https:\/\/secure.gravatar.com\/avatar\/8266b36e4d9001acb4700699a2468dc8?s=96&d=mm&r=g\",\"contentUrl\":\"https:\/\/secure.gravatar.com\/avatar\/8266b36e4d9001acb4700699a2468dc8?s=96&d=mm&r=g\",\"caption\":\"Juan Ignacio Prieto Nieto\"},\"url\":\"https:\/\/www.asajacyl.com\/soria\/author\/juanfranciscoby\"}]}<\/script>\n<!-- \/ Yoast SEO plugin. -->","yoast_head_json":{"title":"ASAJA, UPA Y COAG BLOQUEAR\u00c1N EL PR\u00d3XIMO 23 DE JUNIO EL CLH DE VALLADOLID EN PROTESTA POR LOS PRECIOS ESCANDALOSOS DEL GAS\u00d3LEO AGR\u00cdCOLA - ASAJA Soria","description":"*COMUNICADO CONJUNTO: Valladolid, 14 de junio de 2022 Las organizaciones agrarias ASAJA, UPA y COAG bloquear\u00e1n el pr\u00f3ximo 23 de junio el centro log\u00edstico","robots":{"index":"index","follow":"follow","max-snippet":"max-snippet:-1","max-image-preview":"max-image-preview:large","max-video-preview":"max-video-preview:-1"},"canonical":"https:\/\/www.asajacyl.com\/soria\/asaja-soria-informa\/asaja-upa-y-coag-bloquearan-el-proximo-23-de-junio-el-clh-de-santovenia-de-pisuerga-valladolid-en-protesta-por-los-precios-escandalosos-del-gasoleo-agricola","og_locale":"es_ES","og_type":"article","og_title":"ASAJA, UPA Y COAG BLOQUEAR\u00c1N EL PR\u00d3XIMO 23 DE JUNIO EL CLH DE VALLADOLID EN PROTESTA POR LOS PRECIOS ESCANDALOSOS DEL GAS\u00d3LEO AGR\u00cdCOLA - ASAJA Soria","og_description":"*COMUNICADO CONJUNTO: Valladolid, 14 de junio de 2022 Las organizaciones agrarias ASAJA, UPA y COAG bloquear\u00e1n el pr\u00f3ximo 23 de junio el centro log\u00edstico","og_url":"https:\/\/www.asajacyl.com\/soria\/asaja-soria-informa\/asaja-upa-y-coag-bloquearan-el-proximo-23-de-junio-el-clh-de-santovenia-de-pisuerga-valladolid-en-protesta-por-los-precios-escandalosos-del-gasoleo-agricola","og_site_name":"ASAJA Soria","article_published_time":"2022-06-14T12:18:39+00:00","article_modified_time":"2022-06-14T12:21:01+00:00","og_image":[{"width":1200,"height":776,"url":"https:\/\/www.asajacyl.com\/soria\/wp-content\/uploads\/sites\/9\/2022\/06\/CLH.jpg","type":"image\/jpeg"}],"author":"Juan Ignacio Prieto Nieto","twitter_card":"summary_large_image","twitter_misc":{"Escrito por":"Juan Ignacio Prieto Nieto","Tiempo de lectura":"3 minutos"},"schema":{"@context":"https:\/\/schema.org","@graph":[{"@type":"WebPage","@id":"https:\/\/www.asajacyl.com\/soria\/asaja-soria-informa\/asaja-upa-y-coag-bloquearan-el-proximo-23-de-junio-el-clh-de-santovenia-de-pisuerga-valladolid-en-protesta-por-los-precios-escandalosos-del-gasoleo-agricola","url":"https:\/\/www.asajacyl.com\/soria\/asaja-soria-informa\/asaja-upa-y-coag-bloquearan-el-proximo-23-de-junio-el-clh-de-santovenia-de-pisuerga-valladolid-en-protesta-por-los-precios-escandalosos-del-gasoleo-agricola","name":"ASAJA, UPA Y COAG BLOQUEAR\u00c1N EL PR\u00d3XIMO 23 DE JUNIO EL CLH DE VALLADOLID EN PROTESTA POR LOS PRECIOS ESCANDALOSOS DEL GAS\u00d3LEO AGR\u00cdCOLA - ASAJA Soria","isPartOf":{"@id":"https:\/\/www.asajacyl.com\/soria\/#website"},"primaryImageOfPage":{"@id":"https:\/\/www.asajacyl.com\/soria\/asaja-soria-informa\/asaja-upa-y-coag-bloquearan-el-proximo-23-de-junio-el-clh-de-santovenia-de-pisuerga-valladolid-en-protesta-por-los-precios-escandalosos-del-gasoleo-agricola#primaryimage"},"image":{"@id":"https:\/\/www.asajacyl.com\/soria\/asaja-soria-informa\/asaja-upa-y-coag-bloquearan-el-proximo-23-de-junio-el-clh-de-santovenia-de-pisuerga-valladolid-en-protesta-por-los-precios-escandalosos-del-gasoleo-agricola#primaryimage"},"thumbnailUrl":"https:\/\/www.asajacyl.com\/soria\/wp-content\/uploads\/sites\/9\/2022\/06\/CLH.jpg","datePublished":"2022-06-14T12:18:39+00:00","dateModified":"2022-06-14T12:21:01+00:00","author":{"@id":"https:\/\/www.asajacyl.com\/soria\/#\/schema\/person\/fd3081c40255119ce8133b87e6aedfab"},"description":"*COMUNICADO CONJUNTO: Valladolid, 14 de junio de 2022 Las organizaciones agrarias ASAJA, UPA y COAG bloquear\u00e1n el pr\u00f3ximo 23 de junio el centro log\u00edstico","breadcrumb":{"@id":"https:\/\/www.asajacyl.com\/soria\/asaja-soria-informa\/asaja-upa-y-coag-bloquearan-el-proximo-23-de-junio-el-clh-de-santovenia-de-pisuerga-valladolid-en-protesta-por-los-precios-escandalosos-del-gasoleo-agricola#breadcrumb"},"inLanguage":"es","potentialAction":[{"@type":"ReadAction","target":["https:\/\/www.asajacyl.com\/soria\/asaja-soria-informa\/asaja-upa-y-coag-bloquearan-el-proximo-23-de-junio-el-clh-de-santovenia-de-pisuerga-valladolid-en-protesta-por-los-precios-escandalosos-del-gasoleo-agricola"]}]},{"@type":"ImageObject","inLanguage":"es","@id":"https:\/\/www.asajacyl.com\/soria\/asaja-soria-informa\/asaja-upa-y-coag-bloquearan-el-proximo-23-de-junio-el-clh-de-santovenia-de-pisuerga-valladolid-en-protesta-por-los-precios-escandalosos-del-gasoleo-agricola#primaryimage","url":"https:\/\/www.asajacyl.com\/soria\/wp-content\/uploads\/sites\/9\/2022\/06\/CLH.jpg","contentUrl":"https:\/\/www.asajacyl.com\/soria\/wp-content\/uploads\/sites\/9\/2022\/06\/CLH.jpg","width":1200,"height":776},{"@type":"BreadcrumbList","@id":"https:\/\/www.asajacyl.com\/soria\/asaja-soria-informa\/asaja-upa-y-coag-bloquearan-el-proximo-23-de-junio-el-clh-de-santovenia-de-pisuerga-valladolid-en-protesta-por-los-precios-escandalosos-del-gasoleo-agricola#breadcrumb","itemListElement":[{"@type":"ListItem","position":1,"name":"Portada","item":"https:\/\/www.asajacyl.com\/soria\/"},{"@type":"ListItem","position":2,"name":"ASAJA, UPA Y COAG BLOQUEAR\u00c1N EL PR\u00d3XIMO 23 DE JUNIO EL CLH DE VALLADOLID EN PROTESTA POR LOS PRECIOS ESCANDALOSOS DEL GAS\u00d3LEO AGR\u00cdCOLA"}]},{"@type":"WebSite","@id":"https:\/\/www.asajacyl.com\/soria\/#website","url":"https:\/\/www.asajacyl.com\/soria\/","name":"ASAJA Soria","description":"Otro sitio m\u00e1s de Provincias ASAJA Castilla y Le\u00f3n","potentialAction":[{"@type":"SearchAction","target":{"@type":"EntryPoint","urlTemplate":"https:\/\/www.asajacyl.com\/soria\/?s={search_term_string}"},"query-input":{"@type":"PropertyValueSpecification","valueRequired":true,"valueName":"search_term_string"}}],"inLanguage":"es"},{"@type":"Person","@id":"https:\/\/www.asajacyl.com\/soria\/#\/schema\/person\/fd3081c40255119ce8133b87e6aedfab","name":"Juan Ignacio Prieto Nieto","image":{"@type":"ImageObject","inLanguage":"es","@id":"https:\/\/www.asajacyl.com\/soria\/#\/schema\/person\/image\/","url":"https:\/\/secure.gravatar.com\/avatar\/8266b36e4d9001acb4700699a2468dc8?s=96&d=mm&r=g","contentUrl":"https:\/\/secure.gravatar.com\/avatar\/8266b36e4d9001acb4700699a2468dc8?s=96&d=mm&r=g","caption":"Juan Ignacio Prieto Nieto"},"url":"https:\/\/www.asajacyl.com\/soria\/author\/juanfranciscoby"}]}},"_links":{"self":[{"href":"https:\/\/www.asajacyl.com\/soria\/wp-json\/wp\/v2\/posts\/5819"}],"collection":[{"href":"https:\/\/www.asajacyl.com\/soria\/wp-json\/wp\/v2\/posts"}],"about":[{"href":"https:\/\/www.asajacyl.com\/soria\/wp-json\/wp\/v2\/types\/post"}],"author":[{"embeddable":true,"href":"https:\/\/www.asajacyl.com\/soria\/wp-json\/wp\/v2\/users\/12"}],"replies":[{"embeddable":true,"href":"https:\/\/www.asajacyl.com\/soria\/wp-json\/wp\/v2\/comments?post=5819"}],"version-history":[{"count":3,"href":"https:\/\/www.asajacyl.com\/soria\/wp-json\/wp\/v2\/posts\/5819\/revisions"}],"predecessor-version":[{"id":5823,"href":"https:\/\/www.asajacyl.com\/soria\/wp-json\/wp\/v2\/posts\/5819\/revisions\/5823"}],"wp:featuredmedia":[{"embeddable":true,"href":"https:\/\/www.asajacyl.com\/soria\/wp-json\/wp\/v2\/media\/5820"}],"wp:attachment":[{"href":"https:\/\/www.asajacyl.com\/soria\/wp-json\/wp\/v2\/media?parent=5819"}],"wp:term":[{"taxonomy":"category","embeddable":true,"href":"https:\/\/www.asajacyl.com\/soria\/wp-json\/wp\/v2\/categories?post=5819"},{"taxonomy":"post_tag","embeddable":true,"href":"https:\/\/www.asajacyl.com\/soria\/wp-json\/wp\/v2\/tags?post=5819"}],"curies":[{"name":"wp","href":"https:\/\/api.w.org\/{rel}","templated":true}]}}