{"id":5842,"date":"2022-06-21T19:12:17","date_gmt":"2022-06-21T17:12:17","guid":{"rendered":"https:\/\/www.asajacyl.com\/soria\/?p=5842"},"modified":"2022-06-28T10:57:22","modified_gmt":"2022-06-28T08:57:22","slug":"los-campos-de-ensayo-de-asaja-soria-retomaron-en-esta-xxi-edicion-las-visitas-grupales-con-un-programa-completisimo","status":"publish","type":"post","link":"https:\/\/www.asajacyl.com\/soria\/asaja-soria-informa\/los-campos-de-ensayo-de-asaja-soria-retomaron-en-esta-xxi-edicion-las-visitas-grupales-con-un-programa-completisimo","title":{"rendered":"Los campos de ensayo de ASAJA-Soria retomaron en esta XXI edici\u00f3n las visitas grupales con un programa complet\u00edsimo"},"content":{"rendered":"\n<p><em>Se llevaron a cabo el 21 de junio y en ellos destacaron las nuevas experiencias en fertilizaci\u00f3n biol\u00f3gica, bandas multifuncionales, ensayos de micro parcelas, una charla sobre c\u00f3mo rentabilizar el cultivo de carbono y ver una f\u00e1brica de blending<\/em><\/p>\n<p>La pandemia del coronavirus provoc\u00f3 que, en 2020 y 2021, despu\u00e9s de dos d\u00e9cadas de visita grupal para una media de 300 agricultores de toda la provincia a las jornadas de los campos de ensayo -gestionados por los servicios t\u00e9cnicos de ASAJA Soria en Almaz\u00e1n-, la actividad se tuviera que realizar de forma individualizada. Este a\u00f1o ya se pudo acometer una visita en grupo, el martes 21 de junio, en la que los profesionales del agro dispusieron, como siempre, de todos los resultados de la experimentaci\u00f3n en las fincas de Almaz\u00e1n con siembras de diversos cultivos. Los servicios t\u00e9cnicos de ASAJA, encabezados por Jos\u00e9 Ignacio Marcos y Cristina Garc\u00eda, facilitaron todos los datos que los agricultores necesitaban para aprovechar al m\u00e1ximo la visita a los campos de ensayo, adem\u00e1s de resolver cuanto se les requer\u00eda en todas sus dudas sobre laboreo, dosis, cultivos anteriores, fechas, tratamientos, etc\u00e9tera.<\/p>\n<p><img loading=\"lazy\" decoding=\"async\" class=\"aligncenter size-full wp-image-5843\" src=\"https:\/\/www.asajacyl.com\/soria\/wp-content\/uploads\/sites\/9\/2022\/06\/IMG_4710.jpg\" alt=\"\" width=\"2500\" height=\"1875\" srcset=\"https:\/\/www.asajacyl.com\/soria\/wp-content\/uploads\/sites\/9\/2022\/06\/IMG_4710.jpg 2500w, https:\/\/www.asajacyl.com\/soria\/wp-content\/uploads\/sites\/9\/2022\/06\/IMG_4710-300x225.jpg 300w, https:\/\/www.asajacyl.com\/soria\/wp-content\/uploads\/sites\/9\/2022\/06\/IMG_4710-1024x768.jpg 1024w, https:\/\/www.asajacyl.com\/soria\/wp-content\/uploads\/sites\/9\/2022\/06\/IMG_4710-768x576.jpg 768w, https:\/\/www.asajacyl.com\/soria\/wp-content\/uploads\/sites\/9\/2022\/06\/IMG_4710-1536x1152.jpg 1536w, https:\/\/www.asajacyl.com\/soria\/wp-content\/uploads\/sites\/9\/2022\/06\/IMG_4710-2048x1536.jpg 2048w, https:\/\/www.asajacyl.com\/soria\/wp-content\/uploads\/sites\/9\/2022\/06\/IMG_4710-696x522.jpg 696w, https:\/\/www.asajacyl.com\/soria\/wp-content\/uploads\/sites\/9\/2022\/06\/IMG_4710-1068x801.jpg 1068w, https:\/\/www.asajacyl.com\/soria\/wp-content\/uploads\/sites\/9\/2022\/06\/IMG_4710-1920x1440.jpg 1920w, https:\/\/www.asajacyl.com\/soria\/wp-content\/uploads\/sites\/9\/2022\/06\/IMG_4710-560x420.jpg 560w, https:\/\/www.asajacyl.com\/soria\/wp-content\/uploads\/sites\/9\/2022\/06\/IMG_4710-80x60.jpg 80w\" sizes=\"(max-width: 2500px) 100vw, 2500px\" \/><\/p>\n<p>En esta ocasi\u00f3n, el programa de la visita cont\u00f3 con muchas m\u00e1s actividades. En primer lugar, con una nueva experiencia en fertilizaci\u00f3n biol\u00f3gica, a cargo del Departamento T\u00e9cnico de Cultivos de Syngenta. Tambi\u00e9n de bandas multifuncionales (eco-esquemas), del Departamento T\u00e9cnico de Sostenibilidad de Syngenta.<\/p>\n<p><img loading=\"lazy\" decoding=\"async\" class=\"aligncenter size-full wp-image-5845\" src=\"https:\/\/www.asajacyl.com\/soria\/wp-content\/uploads\/sites\/9\/2022\/06\/IMG_4723.jpg\" alt=\"\" width=\"2500\" height=\"1875\" srcset=\"https:\/\/www.asajacyl.com\/soria\/wp-content\/uploads\/sites\/9\/2022\/06\/IMG_4723.jpg 2500w, https:\/\/www.asajacyl.com\/soria\/wp-content\/uploads\/sites\/9\/2022\/06\/IMG_4723-300x225.jpg 300w, https:\/\/www.asajacyl.com\/soria\/wp-content\/uploads\/sites\/9\/2022\/06\/IMG_4723-1024x768.jpg 1024w, https:\/\/www.asajacyl.com\/soria\/wp-content\/uploads\/sites\/9\/2022\/06\/IMG_4723-768x576.jpg 768w, https:\/\/www.asajacyl.com\/soria\/wp-content\/uploads\/sites\/9\/2022\/06\/IMG_4723-1536x1152.jpg 1536w, https:\/\/www.asajacyl.com\/soria\/wp-content\/uploads\/sites\/9\/2022\/06\/IMG_4723-2048x1536.jpg 2048w, https:\/\/www.asajacyl.com\/soria\/wp-content\/uploads\/sites\/9\/2022\/06\/IMG_4723-696x522.jpg 696w, https:\/\/www.asajacyl.com\/soria\/wp-content\/uploads\/sites\/9\/2022\/06\/IMG_4723-1068x801.jpg 1068w, https:\/\/www.asajacyl.com\/soria\/wp-content\/uploads\/sites\/9\/2022\/06\/IMG_4723-1920x1440.jpg 1920w, https:\/\/www.asajacyl.com\/soria\/wp-content\/uploads\/sites\/9\/2022\/06\/IMG_4723-560x420.jpg 560w, https:\/\/www.asajacyl.com\/soria\/wp-content\/uploads\/sites\/9\/2022\/06\/IMG_4723-80x60.jpg 80w\" sizes=\"(max-width: 2500px) 100vw, 2500px\" \/><\/p>\n<p>Tambi\u00e9n hubo oportunidad de ver in situ los ensayos de micro parcelas de Copiso-Ragt. (En este caso, a cargo del Departamento T\u00e9cnico de Cultivos de Copiso). A continuaci\u00f3n, los agricultores se desplazaron hasta el Cine Teatro Calder\u00f3n de Almaz\u00e1n donde pudieron escuchar una charla informativa sobre c\u00f3mo rentabilizar el cultivo de carbono, de la mano del Departamento T\u00e9cnico <em>Agoro Carbon Alliance<\/em>, de Yara). La jornada concluy\u00f3 con una visita guiada a la nueva f\u00e1brica de <em>blending<\/em> de Copiso en Almaz\u00e1n.<\/p>\n<p><img loading=\"lazy\" decoding=\"async\" class=\"aligncenter size-full wp-image-5844\" src=\"https:\/\/www.asajacyl.com\/soria\/wp-content\/uploads\/sites\/9\/2022\/06\/IMG_4730.jpg\" alt=\"\" width=\"2500\" height=\"1875\" srcset=\"https:\/\/www.asajacyl.com\/soria\/wp-content\/uploads\/sites\/9\/2022\/06\/IMG_4730.jpg 2500w, https:\/\/www.asajacyl.com\/soria\/wp-content\/uploads\/sites\/9\/2022\/06\/IMG_4730-300x225.jpg 300w, https:\/\/www.asajacyl.com\/soria\/wp-content\/uploads\/sites\/9\/2022\/06\/IMG_4730-1024x768.jpg 1024w, https:\/\/www.asajacyl.com\/soria\/wp-content\/uploads\/sites\/9\/2022\/06\/IMG_4730-768x576.jpg 768w, https:\/\/www.asajacyl.com\/soria\/wp-content\/uploads\/sites\/9\/2022\/06\/IMG_4730-1536x1152.jpg 1536w, https:\/\/www.asajacyl.com\/soria\/wp-content\/uploads\/sites\/9\/2022\/06\/IMG_4730-2048x1536.jpg 2048w, https:\/\/www.asajacyl.com\/soria\/wp-content\/uploads\/sites\/9\/2022\/06\/IMG_4730-696x522.jpg 696w, https:\/\/www.asajacyl.com\/soria\/wp-content\/uploads\/sites\/9\/2022\/06\/IMG_4730-1068x801.jpg 1068w, https:\/\/www.asajacyl.com\/soria\/wp-content\/uploads\/sites\/9\/2022\/06\/IMG_4730-1920x1440.jpg 1920w, https:\/\/www.asajacyl.com\/soria\/wp-content\/uploads\/sites\/9\/2022\/06\/IMG_4730-560x420.jpg 560w, https:\/\/www.asajacyl.com\/soria\/wp-content\/uploads\/sites\/9\/2022\/06\/IMG_4730-80x60.jpg 80w\" sizes=\"(max-width: 2500px) 100vw, 2500px\" \/><\/p>\n<p><img loading=\"lazy\" decoding=\"async\" class=\"aligncenter size-full wp-image-5846\" src=\"https:\/\/www.asajacyl.com\/soria\/wp-content\/uploads\/sites\/9\/2022\/06\/IMG_4750.jpg\" alt=\"\" width=\"2500\" height=\"1875\" srcset=\"https:\/\/www.asajacyl.com\/soria\/wp-content\/uploads\/sites\/9\/2022\/06\/IMG_4750.jpg 2500w, https:\/\/www.asajacyl.com\/soria\/wp-content\/uploads\/sites\/9\/2022\/06\/IMG_4750-300x225.jpg 300w, https:\/\/www.asajacyl.com\/soria\/wp-content\/uploads\/sites\/9\/2022\/06\/IMG_4750-1024x768.jpg 1024w, https:\/\/www.asajacyl.com\/soria\/wp-content\/uploads\/sites\/9\/2022\/06\/IMG_4750-768x576.jpg 768w, https:\/\/www.asajacyl.com\/soria\/wp-content\/uploads\/sites\/9\/2022\/06\/IMG_4750-1536x1152.jpg 1536w, https:\/\/www.asajacyl.com\/soria\/wp-content\/uploads\/sites\/9\/2022\/06\/IMG_4750-2048x1536.jpg 2048w, https:\/\/www.asajacyl.com\/soria\/wp-content\/uploads\/sites\/9\/2022\/06\/IMG_4750-696x522.jpg 696w, https:\/\/www.asajacyl.com\/soria\/wp-content\/uploads\/sites\/9\/2022\/06\/IMG_4750-1068x801.jpg 1068w, https:\/\/www.asajacyl.com\/soria\/wp-content\/uploads\/sites\/9\/2022\/06\/IMG_4750-1920x1440.jpg 1920w, https:\/\/www.asajacyl.com\/soria\/wp-content\/uploads\/sites\/9\/2022\/06\/IMG_4750-560x420.jpg 560w, https:\/\/www.asajacyl.com\/soria\/wp-content\/uploads\/sites\/9\/2022\/06\/IMG_4750-80x60.jpg 80w\" sizes=\"(max-width: 2500px) 100vw, 2500px\" \/><\/p>\n<p><img loading=\"lazy\" decoding=\"async\" class=\"aligncenter size-full wp-image-5851\" src=\"https:\/\/www.asajacyl.com\/soria\/wp-content\/uploads\/sites\/9\/2022\/06\/IMG_4855.jpg\" alt=\"\" width=\"2500\" height=\"1875\" srcset=\"https:\/\/www.asajacyl.com\/soria\/wp-content\/uploads\/sites\/9\/2022\/06\/IMG_4855.jpg 2500w, https:\/\/www.asajacyl.com\/soria\/wp-content\/uploads\/sites\/9\/2022\/06\/IMG_4855-300x225.jpg 300w, https:\/\/www.asajacyl.com\/soria\/wp-content\/uploads\/sites\/9\/2022\/06\/IMG_4855-1024x768.jpg 1024w, https:\/\/www.asajacyl.com\/soria\/wp-content\/uploads\/sites\/9\/2022\/06\/IMG_4855-768x576.jpg 768w, https:\/\/www.asajacyl.com\/soria\/wp-content\/uploads\/sites\/9\/2022\/06\/IMG_4855-1536x1152.jpg 1536w, https:\/\/www.asajacyl.com\/soria\/wp-content\/uploads\/sites\/9\/2022\/06\/IMG_4855-2048x1536.jpg 2048w, https:\/\/www.asajacyl.com\/soria\/wp-content\/uploads\/sites\/9\/2022\/06\/IMG_4855-696x522.jpg 696w, https:\/\/www.asajacyl.com\/soria\/wp-content\/uploads\/sites\/9\/2022\/06\/IMG_4855-1068x801.jpg 1068w, https:\/\/www.asajacyl.com\/soria\/wp-content\/uploads\/sites\/9\/2022\/06\/IMG_4855-1920x1440.jpg 1920w, https:\/\/www.asajacyl.com\/soria\/wp-content\/uploads\/sites\/9\/2022\/06\/IMG_4855-560x420.jpg 560w, https:\/\/www.asajacyl.com\/soria\/wp-content\/uploads\/sites\/9\/2022\/06\/IMG_4855-80x60.jpg 80w\" sizes=\"(max-width: 2500px) 100vw, 2500px\" \/><\/p>\n<p><strong>G\u00f3mez: \u201cEs un lugar id\u00f3neo para ver l\u00edneas de investigaci\u00f3n \u00fatiles y comprobables<\/strong><strong>\u201d<\/strong><\/p>\n<p>Sin obviar las dificultades climatol\u00f3gicas, con una falta de precipitaciones muy notable que condicion\u00f3 el estado de los campos, y log\u00edsticas para desarrollar este gran laboratorio agrario al aire libre, la junta directiva de la organizaci\u00f3n profesional agraria- con su presidente Carmelo G\u00f3mez, y su vicepresidenta, Ana Pastor, al frente en esta edici\u00f3n tan completa- siempre ha destacado la importancia de esta iniciativa porque aporta soluciones pr\u00e1cticas a los nuevos retos de la agricultura de la provincia y no va a dejar de impulsar nuevos trabajos y estrategias para sucesivas ediciones. Para G\u00f3mez, \u00abhay que estar al d\u00eda y siempre buscar la mejor soluci\u00f3n a los problemas del agricultor y estos grandes ensayos al aire libre son ideales porque vemos novedosas experiencias y l\u00edneas de trabajo serias, \u00fatiles y comprobables\u00bb.<\/p>\n<p><img loading=\"lazy\" decoding=\"async\" class=\"aligncenter size-full wp-image-5848\" src=\"https:\/\/www.asajacyl.com\/soria\/wp-content\/uploads\/sites\/9\/2022\/06\/IMG_4762.jpg\" alt=\"\" width=\"2500\" height=\"1875\" srcset=\"https:\/\/www.asajacyl.com\/soria\/wp-content\/uploads\/sites\/9\/2022\/06\/IMG_4762.jpg 2500w, https:\/\/www.asajacyl.com\/soria\/wp-content\/uploads\/sites\/9\/2022\/06\/IMG_4762-300x225.jpg 300w, https:\/\/www.asajacyl.com\/soria\/wp-content\/uploads\/sites\/9\/2022\/06\/IMG_4762-1024x768.jpg 1024w, https:\/\/www.asajacyl.com\/soria\/wp-content\/uploads\/sites\/9\/2022\/06\/IMG_4762-768x576.jpg 768w, https:\/\/www.asajacyl.com\/soria\/wp-content\/uploads\/sites\/9\/2022\/06\/IMG_4762-1536x1152.jpg 1536w, https:\/\/www.asajacyl.com\/soria\/wp-content\/uploads\/sites\/9\/2022\/06\/IMG_4762-2048x1536.jpg 2048w, https:\/\/www.asajacyl.com\/soria\/wp-content\/uploads\/sites\/9\/2022\/06\/IMG_4762-696x522.jpg 696w, https:\/\/www.asajacyl.com\/soria\/wp-content\/uploads\/sites\/9\/2022\/06\/IMG_4762-1068x801.jpg 1068w, https:\/\/www.asajacyl.com\/soria\/wp-content\/uploads\/sites\/9\/2022\/06\/IMG_4762-1920x1440.jpg 1920w, https:\/\/www.asajacyl.com\/soria\/wp-content\/uploads\/sites\/9\/2022\/06\/IMG_4762-560x420.jpg 560w, https:\/\/www.asajacyl.com\/soria\/wp-content\/uploads\/sites\/9\/2022\/06\/IMG_4762-80x60.jpg 80w\" sizes=\"(max-width: 2500px) 100vw, 2500px\" \/><\/p>\n<p>\u00a0<\/p>\n<p><strong>Dujo: \u201cSe trata de aportar soluciones pr\u00e1cticas y as\u00ed poder decidir sobre hechos confirmados\u201d<\/strong><\/p>\n<p>En ese mismo sentido tambi\u00e9n se pronunci\u00f3 el presidente regional de ASAJA, Donaciano Dujo, quien acudi\u00f3 a esta jornada para comprobar los ensayos preparados y a la vez poder charlar y cambiar pareceres con lo m\u00e1s de 300 profesionales que asistieron. Dujo reconoci\u00f3 que \u201ceste trabajo de prueba que habr\u00eda que hacer en una explotaci\u00f3n privada lo hace ASAJA-Soria y as\u00ed el agricultor puede decidir sobre hechos ya confirmados, y es l\u00f3gico que los agricultores est\u00e9n deseando que llegue el momento de visitar estos campos cada a\u00f1o porque sirven para mucho en la toma de decisiones\u201d.<\/p>\n<p><img loading=\"lazy\" decoding=\"async\" class=\"aligncenter size-full wp-image-5849\" src=\"https:\/\/www.asajacyl.com\/soria\/wp-content\/uploads\/sites\/9\/2022\/06\/IMG_4794.jpg\" alt=\"\" width=\"1875\" height=\"2500\" srcset=\"https:\/\/www.asajacyl.com\/soria\/wp-content\/uploads\/sites\/9\/2022\/06\/IMG_4794.jpg 1875w, https:\/\/www.asajacyl.com\/soria\/wp-content\/uploads\/sites\/9\/2022\/06\/IMG_4794-225x300.jpg 225w, https:\/\/www.asajacyl.com\/soria\/wp-content\/uploads\/sites\/9\/2022\/06\/IMG_4794-768x1024.jpg 768w, https:\/\/www.asajacyl.com\/soria\/wp-content\/uploads\/sites\/9\/2022\/06\/IMG_4794-1152x1536.jpg 1152w, https:\/\/www.asajacyl.com\/soria\/wp-content\/uploads\/sites\/9\/2022\/06\/IMG_4794-1536x2048.jpg 1536w, https:\/\/www.asajacyl.com\/soria\/wp-content\/uploads\/sites\/9\/2022\/06\/IMG_4794-696x928.jpg 696w, https:\/\/www.asajacyl.com\/soria\/wp-content\/uploads\/sites\/9\/2022\/06\/IMG_4794-1068x1424.jpg 1068w, https:\/\/www.asajacyl.com\/soria\/wp-content\/uploads\/sites\/9\/2022\/06\/IMG_4794-315x420.jpg 315w\" sizes=\"(max-width: 1875px) 100vw, 1875px\" \/><\/p>\n<p><strong>Agradecimiento a agricultores colaboradores y a empresas y entidades de primer nivel agron\u00f3mico<\/strong><\/p>\n<p>Los campos de ensayo, situados en las proximidades de la carretera de Mor\u00f3n, est\u00e1n tambi\u00e9n pensados para mejorar la competitividad de las explotaciones. Hay previstas nuevas pruebas para 2023 con el fin de comprobar los resultados de las \u00faltimas incorporaciones en diversas variedades de cultivos y corroborar as\u00ed sus resultados sobre la rentabilidad de la explotaci\u00f3n y con el objetivo de buscar las opciones que mejor se adaptan a los terrenos, sobre la conveniencia de un tipo u otro de semillas desde el punto de vista de los rendimientos, resistencia a enfermedades, dosis de siembra y nivel de germinaci\u00f3n.<\/p>\n<p>ASAJA Soria quiere agradecer el apoyo y respaldo de las empresas y entidades que han permitido que esta jornada pudiera llevarse a cabo, y muy especialmente a los agricultores colaboradores.<\/p>\n<p><img loading=\"lazy\" decoding=\"async\" class=\"aligncenter size-full wp-image-5854\" src=\"https:\/\/www.asajacyl.com\/soria\/wp-content\/uploads\/sites\/9\/2022\/06\/IMG_4892.jpg\" alt=\"\" width=\"2016\" height=\"1512\" srcset=\"https:\/\/www.asajacyl.com\/soria\/wp-content\/uploads\/sites\/9\/2022\/06\/IMG_4892.jpg 2016w, https:\/\/www.asajacyl.com\/soria\/wp-content\/uploads\/sites\/9\/2022\/06\/IMG_4892-300x225.jpg 300w, https:\/\/www.asajacyl.com\/soria\/wp-content\/uploads\/sites\/9\/2022\/06\/IMG_4892-1024x768.jpg 1024w, https:\/\/www.asajacyl.com\/soria\/wp-content\/uploads\/sites\/9\/2022\/06\/IMG_4892-768x576.jpg 768w, https:\/\/www.asajacyl.com\/soria\/wp-content\/uploads\/sites\/9\/2022\/06\/IMG_4892-1536x1152.jpg 1536w, https:\/\/www.asajacyl.com\/soria\/wp-content\/uploads\/sites\/9\/2022\/06\/IMG_4892-696x522.jpg 696w, https:\/\/www.asajacyl.com\/soria\/wp-content\/uploads\/sites\/9\/2022\/06\/IMG_4892-1068x801.jpg 1068w, https:\/\/www.asajacyl.com\/soria\/wp-content\/uploads\/sites\/9\/2022\/06\/IMG_4892-1920x1440.jpg 1920w, https:\/\/www.asajacyl.com\/soria\/wp-content\/uploads\/sites\/9\/2022\/06\/IMG_4892-560x420.jpg 560w, https:\/\/www.asajacyl.com\/soria\/wp-content\/uploads\/sites\/9\/2022\/06\/IMG_4892-80x60.jpg 80w\" sizes=\"(max-width: 2016px) 100vw, 2016px\" \/><\/p>\n<p><img loading=\"lazy\" decoding=\"async\" class=\"aligncenter size-full wp-image-5852\" src=\"https:\/\/www.asajacyl.com\/soria\/wp-content\/uploads\/sites\/9\/2022\/06\/IMG_4880.jpg\" alt=\"\" width=\"2016\" height=\"1512\" srcset=\"https:\/\/www.asajacyl.com\/soria\/wp-content\/uploads\/sites\/9\/2022\/06\/IMG_4880.jpg 2016w, https:\/\/www.asajacyl.com\/soria\/wp-content\/uploads\/sites\/9\/2022\/06\/IMG_4880-300x225.jpg 300w, https:\/\/www.asajacyl.com\/soria\/wp-content\/uploads\/sites\/9\/2022\/06\/IMG_4880-1024x768.jpg 1024w, https:\/\/www.asajacyl.com\/soria\/wp-content\/uploads\/sites\/9\/2022\/06\/IMG_4880-768x576.jpg 768w, https:\/\/www.asajacyl.com\/soria\/wp-content\/uploads\/sites\/9\/2022\/06\/IMG_4880-1536x1152.jpg 1536w, https:\/\/www.asajacyl.com\/soria\/wp-content\/uploads\/sites\/9\/2022\/06\/IMG_4880-696x522.jpg 696w, https:\/\/www.asajacyl.com\/soria\/wp-content\/uploads\/sites\/9\/2022\/06\/IMG_4880-1068x801.jpg 1068w, https:\/\/www.asajacyl.com\/soria\/wp-content\/uploads\/sites\/9\/2022\/06\/IMG_4880-1920x1440.jpg 1920w, https:\/\/www.asajacyl.com\/soria\/wp-content\/uploads\/sites\/9\/2022\/06\/IMG_4880-560x420.jpg 560w, https:\/\/www.asajacyl.com\/soria\/wp-content\/uploads\/sites\/9\/2022\/06\/IMG_4880-80x60.jpg 80w\" sizes=\"(max-width: 2016px) 100vw, 2016px\" \/><\/p>\n<p>\u00a0<\/p>\n<p><img loading=\"lazy\" decoding=\"async\" class=\"aligncenter size-full wp-image-5853\" src=\"https:\/\/www.asajacyl.com\/soria\/wp-content\/uploads\/sites\/9\/2022\/06\/IMG_4883.jpg\" alt=\"\" width=\"2016\" height=\"1512\" srcset=\"https:\/\/www.asajacyl.com\/soria\/wp-content\/uploads\/sites\/9\/2022\/06\/IMG_4883.jpg 2016w, https:\/\/www.asajacyl.com\/soria\/wp-content\/uploads\/sites\/9\/2022\/06\/IMG_4883-300x225.jpg 300w, https:\/\/www.asajacyl.com\/soria\/wp-content\/uploads\/sites\/9\/2022\/06\/IMG_4883-1024x768.jpg 1024w, https:\/\/www.asajacyl.com\/soria\/wp-content\/uploads\/sites\/9\/2022\/06\/IMG_4883-768x576.jpg 768w, https:\/\/www.asajacyl.com\/soria\/wp-content\/uploads\/sites\/9\/2022\/06\/IMG_4883-1536x1152.jpg 1536w, https:\/\/www.asajacyl.com\/soria\/wp-content\/uploads\/sites\/9\/2022\/06\/IMG_4883-696x522.jpg 696w, https:\/\/www.asajacyl.com\/soria\/wp-content\/uploads\/sites\/9\/2022\/06\/IMG_4883-1068x801.jpg 1068w, https:\/\/www.asajacyl.com\/soria\/wp-content\/uploads\/sites\/9\/2022\/06\/IMG_4883-1920x1440.jpg 1920w, https:\/\/www.asajacyl.com\/soria\/wp-content\/uploads\/sites\/9\/2022\/06\/IMG_4883-560x420.jpg 560w, https:\/\/www.asajacyl.com\/soria\/wp-content\/uploads\/sites\/9\/2022\/06\/IMG_4883-80x60.jpg 80w\" sizes=\"(max-width: 2016px) 100vw, 2016px\" \/><\/p>\n","protected":false},"excerpt":{"rendered":"<p>Se llevaron a cabo el 21 de junio y en ellos destacaron las nuevas experiencias en fertilizaci\u00f3n biol\u00f3gica, bandas multifuncionales, ensayos de micro parcelas, una charla sobre c\u00f3mo rentabilizar el cultivo de carbono y ver una f\u00e1brica de blending La pandemia del coronavirus provoc\u00f3 que, en 2020 y 2021, despu\u00e9s de dos d\u00e9cadas de visita [&hellip;]<\/p>\n","protected":false},"author":12,"featured_media":5856,"comment_status":"open","ping_status":"open","sticky":false,"template":"","format":"standard","meta":{"footnotes":""},"categories":[10,25],"tags":[],"yoast_head":"<!-- This site is optimized with the Yoast SEO plugin v24.5 - https:\/\/yoast.com\/wordpress\/plugins\/seo\/ -->\n<title>Los campos de ensayo de ASAJA-Soria retomaron en esta XXI edici\u00f3n las visitas grupales con un programa complet\u00edsimo - ASAJA Soria<\/title>\n<meta name=\"description\" content=\"Se llevaron a cabo el 21 de junio y en ellos destacaron las nuevas experiencias en fertilizaci\u00f3n biol\u00f3gica, bandas multifuncionales, ensayos de micro\" \/>\n<meta name=\"robots\" content=\"index, follow, max-snippet:-1, max-image-preview:large, max-video-preview:-1\" \/>\n<link rel=\"canonical\" href=\"https:\/\/www.asajacyl.com\/soria\/asaja-soria-informa\/los-campos-de-ensayo-de-asaja-soria-retomaron-en-esta-xxi-edicion-las-visitas-grupales-con-un-programa-completisimo\" \/>\n<meta property=\"og:locale\" content=\"es_ES\" \/>\n<meta property=\"og:type\" content=\"article\" \/>\n<meta property=\"og:title\" content=\"Los campos de ensayo de ASAJA-Soria retomaron en esta XXI edici\u00f3n las visitas grupales con un programa complet\u00edsimo - ASAJA Soria\" \/>\n<meta property=\"og:description\" content=\"Se llevaron a cabo el 21 de junio y en ellos destacaron las nuevas experiencias en fertilizaci\u00f3n biol\u00f3gica, bandas multifuncionales, ensayos de micro\" \/>\n<meta property=\"og:url\" content=\"https:\/\/www.asajacyl.com\/soria\/asaja-soria-informa\/los-campos-de-ensayo-de-asaja-soria-retomaron-en-esta-xxi-edicion-las-visitas-grupales-con-un-programa-completisimo\" \/>\n<meta property=\"og:site_name\" content=\"ASAJA Soria\" \/>\n<meta property=\"article:published_time\" content=\"2022-06-21T17:12:17+00:00\" \/>\n<meta property=\"article:modified_time\" content=\"2022-06-28T08:57:22+00:00\" \/>\n<meta property=\"og:image\" content=\"https:\/\/www.asajacyl.com\/soria\/wp-content\/uploads\/sites\/9\/2022\/06\/IMG_4754.jpg\" \/>\n\t<meta property=\"og:image:width\" content=\"2500\" \/>\n\t<meta property=\"og:image:height\" content=\"1875\" \/>\n\t<meta property=\"og:image:type\" content=\"image\/jpeg\" \/>\n<meta name=\"author\" content=\"Juan Ignacio Prieto Nieto\" \/>\n<meta name=\"twitter:card\" content=\"summary_large_image\" \/>\n<meta name=\"twitter:label1\" content=\"Escrito por\" \/>\n\t<meta name=\"twitter:data1\" content=\"Juan Ignacio Prieto Nieto\" \/>\n\t<meta name=\"twitter:label2\" content=\"Tiempo de lectura\" \/>\n\t<meta name=\"twitter:data2\" content=\"6 minutos\" \/>\n<script type=\"application\/ld+json\" class=\"yoast-schema-graph\">{\"@context\":\"https:\/\/schema.org\",\"@graph\":[{\"@type\":\"WebPage\",\"@id\":\"https:\/\/www.asajacyl.com\/soria\/asaja-soria-informa\/los-campos-de-ensayo-de-asaja-soria-retomaron-en-esta-xxi-edicion-las-visitas-grupales-con-un-programa-completisimo\",\"url\":\"https:\/\/www.asajacyl.com\/soria\/asaja-soria-informa\/los-campos-de-ensayo-de-asaja-soria-retomaron-en-esta-xxi-edicion-las-visitas-grupales-con-un-programa-completisimo\",\"name\":\"Los campos de ensayo de ASAJA-Soria retomaron en esta XXI edici\u00f3n las visitas grupales con un programa complet\u00edsimo - ASAJA Soria\",\"isPartOf\":{\"@id\":\"https:\/\/www.asajacyl.com\/soria\/#website\"},\"primaryImageOfPage\":{\"@id\":\"https:\/\/www.asajacyl.com\/soria\/asaja-soria-informa\/los-campos-de-ensayo-de-asaja-soria-retomaron-en-esta-xxi-edicion-las-visitas-grupales-con-un-programa-completisimo#primaryimage\"},\"image\":{\"@id\":\"https:\/\/www.asajacyl.com\/soria\/asaja-soria-informa\/los-campos-de-ensayo-de-asaja-soria-retomaron-en-esta-xxi-edicion-las-visitas-grupales-con-un-programa-completisimo#primaryimage\"},\"thumbnailUrl\":\"https:\/\/www.asajacyl.com\/soria\/wp-content\/uploads\/sites\/9\/2022\/06\/IMG_4754.jpg\",\"datePublished\":\"2022-06-21T17:12:17+00:00\",\"dateModified\":\"2022-06-28T08:57:22+00:00\",\"author\":{\"@id\":\"https:\/\/www.asajacyl.com\/soria\/#\/schema\/person\/fd3081c40255119ce8133b87e6aedfab\"},\"description\":\"Se llevaron a cabo el 21 de junio y en ellos destacaron las nuevas experiencias en fertilizaci\u00f3n biol\u00f3gica, bandas multifuncionales, ensayos de micro\",\"breadcrumb\":{\"@id\":\"https:\/\/www.asajacyl.com\/soria\/asaja-soria-informa\/los-campos-de-ensayo-de-asaja-soria-retomaron-en-esta-xxi-edicion-las-visitas-grupales-con-un-programa-completisimo#breadcrumb\"},\"inLanguage\":\"es\",\"potentialAction\":[{\"@type\":\"ReadAction\",\"target\":[\"https:\/\/www.asajacyl.com\/soria\/asaja-soria-informa\/los-campos-de-ensayo-de-asaja-soria-retomaron-en-esta-xxi-edicion-las-visitas-grupales-con-un-programa-completisimo\"]}]},{\"@type\":\"ImageObject\",\"inLanguage\":\"es\",\"@id\":\"https:\/\/www.asajacyl.com\/soria\/asaja-soria-informa\/los-campos-de-ensayo-de-asaja-soria-retomaron-en-esta-xxi-edicion-las-visitas-grupales-con-un-programa-completisimo#primaryimage\",\"url\":\"https:\/\/www.asajacyl.com\/soria\/wp-content\/uploads\/sites\/9\/2022\/06\/IMG_4754.jpg\",\"contentUrl\":\"https:\/\/www.asajacyl.com\/soria\/wp-content\/uploads\/sites\/9\/2022\/06\/IMG_4754.jpg\",\"width\":2500,\"height\":1875},{\"@type\":\"BreadcrumbList\",\"@id\":\"https:\/\/www.asajacyl.com\/soria\/asaja-soria-informa\/los-campos-de-ensayo-de-asaja-soria-retomaron-en-esta-xxi-edicion-las-visitas-grupales-con-un-programa-completisimo#breadcrumb\",\"itemListElement\":[{\"@type\":\"ListItem\",\"position\":1,\"name\":\"Portada\",\"item\":\"https:\/\/www.asajacyl.com\/soria\/\"},{\"@type\":\"ListItem\",\"position\":2,\"name\":\"Los campos de ensayo de ASAJA-Soria retomaron en esta XXI edici\u00f3n las visitas grupales con un programa complet\u00edsimo\"}]},{\"@type\":\"WebSite\",\"@id\":\"https:\/\/www.asajacyl.com\/soria\/#website\",\"url\":\"https:\/\/www.asajacyl.com\/soria\/\",\"name\":\"ASAJA Soria\",\"description\":\"Otro sitio m\u00e1s de Provincias ASAJA Castilla y Le\u00f3n\",\"potentialAction\":[{\"@type\":\"SearchAction\",\"target\":{\"@type\":\"EntryPoint\",\"urlTemplate\":\"https:\/\/www.asajacyl.com\/soria\/?s={search_term_string}\"},\"query-input\":{\"@type\":\"PropertyValueSpecification\",\"valueRequired\":true,\"valueName\":\"search_term_string\"}}],\"inLanguage\":\"es\"},{\"@type\":\"Person\",\"@id\":\"https:\/\/www.asajacyl.com\/soria\/#\/schema\/person\/fd3081c40255119ce8133b87e6aedfab\",\"name\":\"Juan Ignacio Prieto Nieto\",\"image\":{\"@type\":\"ImageObject\",\"inLanguage\":\"es\",\"@id\":\"https:\/\/www.asajacyl.com\/soria\/#\/schema\/person\/image\/\",\"url\":\"https:\/\/secure.gravatar.com\/avatar\/8266b36e4d9001acb4700699a2468dc8?s=96&d=mm&r=g\",\"contentUrl\":\"https:\/\/secure.gravatar.com\/avatar\/8266b36e4d9001acb4700699a2468dc8?s=96&d=mm&r=g\",\"caption\":\"Juan Ignacio Prieto Nieto\"},\"url\":\"https:\/\/www.asajacyl.com\/soria\/author\/juanfranciscoby\"}]}<\/script>\n<!-- \/ Yoast SEO plugin. -->","yoast_head_json":{"title":"Los campos de ensayo de ASAJA-Soria retomaron en esta XXI edici\u00f3n las visitas grupales con un programa complet\u00edsimo - ASAJA Soria","description":"Se llevaron a cabo el 21 de junio y en ellos destacaron las nuevas experiencias en fertilizaci\u00f3n biol\u00f3gica, bandas multifuncionales, ensayos de micro","robots":{"index":"index","follow":"follow","max-snippet":"max-snippet:-1","max-image-preview":"max-image-preview:large","max-video-preview":"max-video-preview:-1"},"canonical":"https:\/\/www.asajacyl.com\/soria\/asaja-soria-informa\/los-campos-de-ensayo-de-asaja-soria-retomaron-en-esta-xxi-edicion-las-visitas-grupales-con-un-programa-completisimo","og_locale":"es_ES","og_type":"article","og_title":"Los campos de ensayo de ASAJA-Soria retomaron en esta XXI edici\u00f3n las visitas grupales con un programa complet\u00edsimo - ASAJA Soria","og_description":"Se llevaron a cabo el 21 de junio y en ellos destacaron las nuevas experiencias en fertilizaci\u00f3n biol\u00f3gica, bandas multifuncionales, ensayos de micro","og_url":"https:\/\/www.asajacyl.com\/soria\/asaja-soria-informa\/los-campos-de-ensayo-de-asaja-soria-retomaron-en-esta-xxi-edicion-las-visitas-grupales-con-un-programa-completisimo","og_site_name":"ASAJA Soria","article_published_time":"2022-06-21T17:12:17+00:00","article_modified_time":"2022-06-28T08:57:22+00:00","og_image":[{"width":2500,"height":1875,"url":"https:\/\/www.asajacyl.com\/soria\/wp-content\/uploads\/sites\/9\/2022\/06\/IMG_4754.jpg","type":"image\/jpeg"}],"author":"Juan Ignacio Prieto Nieto","twitter_card":"summary_large_image","twitter_misc":{"Escrito por":"Juan Ignacio Prieto Nieto","Tiempo de lectura":"6 minutos"},"schema":{"@context":"https:\/\/schema.org","@graph":[{"@type":"WebPage","@id":"https:\/\/www.asajacyl.com\/soria\/asaja-soria-informa\/los-campos-de-ensayo-de-asaja-soria-retomaron-en-esta-xxi-edicion-las-visitas-grupales-con-un-programa-completisimo","url":"https:\/\/www.asajacyl.com\/soria\/asaja-soria-informa\/los-campos-de-ensayo-de-asaja-soria-retomaron-en-esta-xxi-edicion-las-visitas-grupales-con-un-programa-completisimo","name":"Los campos de ensayo de ASAJA-Soria retomaron en esta XXI edici\u00f3n las visitas grupales con un programa complet\u00edsimo - ASAJA Soria","isPartOf":{"@id":"https:\/\/www.asajacyl.com\/soria\/#website"},"primaryImageOfPage":{"@id":"https:\/\/www.asajacyl.com\/soria\/asaja-soria-informa\/los-campos-de-ensayo-de-asaja-soria-retomaron-en-esta-xxi-edicion-las-visitas-grupales-con-un-programa-completisimo#primaryimage"},"image":{"@id":"https:\/\/www.asajacyl.com\/soria\/asaja-soria-informa\/los-campos-de-ensayo-de-asaja-soria-retomaron-en-esta-xxi-edicion-las-visitas-grupales-con-un-programa-completisimo#primaryimage"},"thumbnailUrl":"https:\/\/www.asajacyl.com\/soria\/wp-content\/uploads\/sites\/9\/2022\/06\/IMG_4754.jpg","datePublished":"2022-06-21T17:12:17+00:00","dateModified":"2022-06-28T08:57:22+00:00","author":{"@id":"https:\/\/www.asajacyl.com\/soria\/#\/schema\/person\/fd3081c40255119ce8133b87e6aedfab"},"description":"Se llevaron a cabo el 21 de junio y en ellos destacaron las nuevas experiencias en fertilizaci\u00f3n biol\u00f3gica, bandas multifuncionales, ensayos de micro","breadcrumb":{"@id":"https:\/\/www.asajacyl.com\/soria\/asaja-soria-informa\/los-campos-de-ensayo-de-asaja-soria-retomaron-en-esta-xxi-edicion-las-visitas-grupales-con-un-programa-completisimo#breadcrumb"},"inLanguage":"es","potentialAction":[{"@type":"ReadAction","target":["https:\/\/www.asajacyl.com\/soria\/asaja-soria-informa\/los-campos-de-ensayo-de-asaja-soria-retomaron-en-esta-xxi-edicion-las-visitas-grupales-con-un-programa-completisimo"]}]},{"@type":"ImageObject","inLanguage":"es","@id":"https:\/\/www.asajacyl.com\/soria\/asaja-soria-informa\/los-campos-de-ensayo-de-asaja-soria-retomaron-en-esta-xxi-edicion-las-visitas-grupales-con-un-programa-completisimo#primaryimage","url":"https:\/\/www.asajacyl.com\/soria\/wp-content\/uploads\/sites\/9\/2022\/06\/IMG_4754.jpg","contentUrl":"https:\/\/www.asajacyl.com\/soria\/wp-content\/uploads\/sites\/9\/2022\/06\/IMG_4754.jpg","width":2500,"height":1875},{"@type":"BreadcrumbList","@id":"https:\/\/www.asajacyl.com\/soria\/asaja-soria-informa\/los-campos-de-ensayo-de-asaja-soria-retomaron-en-esta-xxi-edicion-las-visitas-grupales-con-un-programa-completisimo#breadcrumb","itemListElement":[{"@type":"ListItem","position":1,"name":"Portada","item":"https:\/\/www.asajacyl.com\/soria\/"},{"@type":"ListItem","position":2,"name":"Los campos de ensayo de ASAJA-Soria retomaron en esta XXI edici\u00f3n las visitas grupales con un programa complet\u00edsimo"}]},{"@type":"WebSite","@id":"https:\/\/www.asajacyl.com\/soria\/#website","url":"https:\/\/www.asajacyl.com\/soria\/","name":"ASAJA Soria","description":"Otro sitio m\u00e1s de Provincias ASAJA Castilla y Le\u00f3n","potentialAction":[{"@type":"SearchAction","target":{"@type":"EntryPoint","urlTemplate":"https:\/\/www.asajacyl.com\/soria\/?s={search_term_string}"},"query-input":{"@type":"PropertyValueSpecification","valueRequired":true,"valueName":"search_term_string"}}],"inLanguage":"es"},{"@type":"Person","@id":"https:\/\/www.asajacyl.com\/soria\/#\/schema\/person\/fd3081c40255119ce8133b87e6aedfab","name":"Juan Ignacio Prieto Nieto","image":{"@type":"ImageObject","inLanguage":"es","@id":"https:\/\/www.asajacyl.com\/soria\/#\/schema\/person\/image\/","url":"https:\/\/secure.gravatar.com\/avatar\/8266b36e4d9001acb4700699a2468dc8?s=96&d=mm&r=g","contentUrl":"https:\/\/secure.gravatar.com\/avatar\/8266b36e4d9001acb4700699a2468dc8?s=96&d=mm&r=g","caption":"Juan Ignacio Prieto Nieto"},"url":"https:\/\/www.asajacyl.com\/soria\/author\/juanfranciscoby"}]}},"_links":{"self":[{"href":"https:\/\/www.asajacyl.com\/soria\/wp-json\/wp\/v2\/posts\/5842"}],"collection":[{"href":"https:\/\/www.asajacyl.com\/soria\/wp-json\/wp\/v2\/posts"}],"about":[{"href":"https:\/\/www.asajacyl.com\/soria\/wp-json\/wp\/v2\/types\/post"}],"author":[{"embeddable":true,"href":"https:\/\/www.asajacyl.com\/soria\/wp-json\/wp\/v2\/users\/12"}],"replies":[{"embeddable":true,"href":"https:\/\/www.asajacyl.com\/soria\/wp-json\/wp\/v2\/comments?post=5842"}],"version-history":[{"count":4,"href":"https:\/\/www.asajacyl.com\/soria\/wp-json\/wp\/v2\/posts\/5842\/revisions"}],"predecessor-version":[{"id":5860,"href":"https:\/\/www.asajacyl.com\/soria\/wp-json\/wp\/v2\/posts\/5842\/revisions\/5860"}],"wp:featuredmedia":[{"embeddable":true,"href":"https:\/\/www.asajacyl.com\/soria\/wp-json\/wp\/v2\/media\/5856"}],"wp:attachment":[{"href":"https:\/\/www.asajacyl.com\/soria\/wp-json\/wp\/v2\/media?parent=5842"}],"wp:term":[{"taxonomy":"category","embeddable":true,"href":"https:\/\/www.asajacyl.com\/soria\/wp-json\/wp\/v2\/categories?post=5842"},{"taxonomy":"post_tag","embeddable":true,"href":"https:\/\/www.asajacyl.com\/soria\/wp-json\/wp\/v2\/tags?post=5842"}],"curies":[{"name":"wp","href":"https:\/\/api.w.org\/{rel}","templated":true}]}}