{"id":5863,"date":"2022-06-23T18:53:20","date_gmt":"2022-06-23T16:53:20","guid":{"rendered":"https:\/\/www.asajacyl.com\/soria\/?p=5863"},"modified":"2022-06-23T18:56:47","modified_gmt":"2022-06-23T16:56:47","slug":"asaja-soria-estuvo-muy-presente-en-el-bloqueo-del-centro-de-hidrocarburos-de-valladolid-por-la-ruina-para-el-campo-que-genera-el-precio-del-gasoleo","status":"publish","type":"post","link":"https:\/\/www.asajacyl.com\/soria\/asaja-soria-informa\/asaja-soria-estuvo-muy-presente-en-el-bloqueo-del-centro-de-hidrocarburos-de-valladolid-por-la-ruina-para-el-campo-que-genera-el-precio-del-gasoleo","title":{"rendered":"ASAJA Soria, muy presente en el bloqueo del centro de hidrocarburos de Valladolid por la ruina que genera el precio del gas\u00f3leo"},"content":{"rendered":"\n<p>Una representaci\u00f3n de ASAJA Soria estuvo muy activa en la concentraci\u00f3n de protesta el jueves 23 de junio en el centro log\u00edstico de hidrocarburos (CLH) de Santovenia de Pisuerga (Valladolid), en protesta por los escandalosos precios del gas\u00f3leo agr\u00edcola que, llevan el sector a la ruina absoluta y piden regularlos por ley.<\/p>\n<p>La vicepresidenta, Ana Pastor, y el secretario general, Alejandro Aguado, encabezaron la representaci\u00f3n del campo soriano, con un artilugio conformado por bidones que llam\u00f3 mucho la atenci\u00f3n de los asistentes y de los numerosos medios de comunicaci\u00f3n. En el trascurso de la manifestaci\u00f3n tambi\u00e9n destac\u00f3 una pancarta con el lema: \u201cEl campo se asfixia, las petroleras se forran. Si el tractor para la ciudad no come\u201d.<\/p>\n<p><img loading=\"lazy\" decoding=\"async\" class=\"aligncenter size-full wp-image-5865\" src=\"https:\/\/www.asajacyl.com\/soria\/wp-content\/uploads\/sites\/9\/2022\/06\/IMG_5038.jpg\" alt=\"\" width=\"2016\" height=\"1512\" srcset=\"https:\/\/www.asajacyl.com\/soria\/wp-content\/uploads\/sites\/9\/2022\/06\/IMG_5038.jpg 2016w, https:\/\/www.asajacyl.com\/soria\/wp-content\/uploads\/sites\/9\/2022\/06\/IMG_5038-300x225.jpg 300w, https:\/\/www.asajacyl.com\/soria\/wp-content\/uploads\/sites\/9\/2022\/06\/IMG_5038-1024x768.jpg 1024w, https:\/\/www.asajacyl.com\/soria\/wp-content\/uploads\/sites\/9\/2022\/06\/IMG_5038-768x576.jpg 768w, https:\/\/www.asajacyl.com\/soria\/wp-content\/uploads\/sites\/9\/2022\/06\/IMG_5038-1536x1152.jpg 1536w, https:\/\/www.asajacyl.com\/soria\/wp-content\/uploads\/sites\/9\/2022\/06\/IMG_5038-696x522.jpg 696w, https:\/\/www.asajacyl.com\/soria\/wp-content\/uploads\/sites\/9\/2022\/06\/IMG_5038-1068x801.jpg 1068w, https:\/\/www.asajacyl.com\/soria\/wp-content\/uploads\/sites\/9\/2022\/06\/IMG_5038-1920x1440.jpg 1920w, https:\/\/www.asajacyl.com\/soria\/wp-content\/uploads\/sites\/9\/2022\/06\/IMG_5038-560x420.jpg 560w, https:\/\/www.asajacyl.com\/soria\/wp-content\/uploads\/sites\/9\/2022\/06\/IMG_5038-80x60.jpg 80w\" sizes=\"(max-width: 2016px) 100vw, 2016px\" \/><\/p>\n<p>El presidente de ASAJA en Castilla y Le\u00f3n, Donaciano Dujo, recalc\u00f3 que el sector reivindica un precio \u201cjusto del combustible, que necesitan sus motores, tractores, cosechadoras y las explotaciones ganaderas\u201d y lament\u00f3 que el a\u00f1o pasado \u201cpagaban\u00a080 c\u00e9ntimos por litro\u00a0y hoy en d\u00eda deben abonar 1,6 euros\u201d.<\/p>\n<p><img loading=\"lazy\" decoding=\"async\" class=\"aligncenter size-full wp-image-5864\" src=\"https:\/\/www.asajacyl.com\/soria\/wp-content\/uploads\/sites\/9\/2022\/06\/IMG_4950.jpg\" alt=\"\" width=\"2016\" height=\"1512\" srcset=\"https:\/\/www.asajacyl.com\/soria\/wp-content\/uploads\/sites\/9\/2022\/06\/IMG_4950.jpg 2016w, https:\/\/www.asajacyl.com\/soria\/wp-content\/uploads\/sites\/9\/2022\/06\/IMG_4950-300x225.jpg 300w, https:\/\/www.asajacyl.com\/soria\/wp-content\/uploads\/sites\/9\/2022\/06\/IMG_4950-1024x768.jpg 1024w, https:\/\/www.asajacyl.com\/soria\/wp-content\/uploads\/sites\/9\/2022\/06\/IMG_4950-768x576.jpg 768w, https:\/\/www.asajacyl.com\/soria\/wp-content\/uploads\/sites\/9\/2022\/06\/IMG_4950-1536x1152.jpg 1536w, https:\/\/www.asajacyl.com\/soria\/wp-content\/uploads\/sites\/9\/2022\/06\/IMG_4950-696x522.jpg 696w, https:\/\/www.asajacyl.com\/soria\/wp-content\/uploads\/sites\/9\/2022\/06\/IMG_4950-1068x801.jpg 1068w, https:\/\/www.asajacyl.com\/soria\/wp-content\/uploads\/sites\/9\/2022\/06\/IMG_4950-1920x1440.jpg 1920w, https:\/\/www.asajacyl.com\/soria\/wp-content\/uploads\/sites\/9\/2022\/06\/IMG_4950-560x420.jpg 560w, https:\/\/www.asajacyl.com\/soria\/wp-content\/uploads\/sites\/9\/2022\/06\/IMG_4950-80x60.jpg 80w\" sizes=\"(max-width: 2016px) 100vw, 2016px\" \/><\/p>\n","protected":false},"excerpt":{"rendered":"<p>Una representaci\u00f3n de ASAJA Soria estuvo muy activa en la concentraci\u00f3n de protesta el jueves 23 de junio en el centro log\u00edstico de hidrocarburos (CLH) de Santovenia de Pisuerga (Valladolid), en protesta por los escandalosos precios del gas\u00f3leo agr\u00edcola que, llevan el sector a la ruina absoluta y piden regularlos por ley. La vicepresidenta, Ana [&hellip;]<\/p>\n","protected":false},"author":12,"featured_media":5865,"comment_status":"open","ping_status":"open","sticky":false,"template":"","format":"standard","meta":{"footnotes":""},"categories":[10,25],"tags":[],"yoast_head":"<!-- This site is optimized with the Yoast SEO plugin v24.5 - https:\/\/yoast.com\/wordpress\/plugins\/seo\/ -->\n<title>ASAJA Soria, muy presente en el bloqueo del centro de hidrocarburos de Valladolid por la ruina que genera el precio del gas\u00f3leo - ASAJA Soria<\/title>\n<meta name=\"description\" content=\"Una representaci\u00f3n de ASAJA Soria estuvo muy activa en la concentraci\u00f3n de protesta el jueves 23 de junio en el centro log\u00edstico de hidrocarburos (CLH) de\" \/>\n<meta name=\"robots\" content=\"index, follow, max-snippet:-1, max-image-preview:large, max-video-preview:-1\" \/>\n<link rel=\"canonical\" href=\"https:\/\/www.asajacyl.com\/soria\/asaja-soria-informa\/asaja-soria-estuvo-muy-presente-en-el-bloqueo-del-centro-de-hidrocarburos-de-valladolid-por-la-ruina-para-el-campo-que-genera-el-precio-del-gasoleo\" \/>\n<meta property=\"og:locale\" content=\"es_ES\" \/>\n<meta property=\"og:type\" content=\"article\" \/>\n<meta property=\"og:title\" content=\"ASAJA Soria, muy presente en el bloqueo del centro de hidrocarburos de Valladolid por la ruina que genera el precio del gas\u00f3leo - ASAJA Soria\" \/>\n<meta property=\"og:description\" content=\"Una representaci\u00f3n de ASAJA Soria estuvo muy activa en la concentraci\u00f3n de protesta el jueves 23 de junio en el centro log\u00edstico de hidrocarburos (CLH) de\" \/>\n<meta property=\"og:url\" content=\"https:\/\/www.asajacyl.com\/soria\/asaja-soria-informa\/asaja-soria-estuvo-muy-presente-en-el-bloqueo-del-centro-de-hidrocarburos-de-valladolid-por-la-ruina-para-el-campo-que-genera-el-precio-del-gasoleo\" \/>\n<meta property=\"og:site_name\" content=\"ASAJA Soria\" \/>\n<meta property=\"article:published_time\" content=\"2022-06-23T16:53:20+00:00\" \/>\n<meta property=\"article:modified_time\" content=\"2022-06-23T16:56:47+00:00\" \/>\n<meta property=\"og:image\" content=\"https:\/\/www.asajacyl.com\/soria\/wp-content\/uploads\/sites\/9\/2022\/06\/IMG_5038.jpg\" \/>\n\t<meta property=\"og:image:width\" content=\"2016\" \/>\n\t<meta property=\"og:image:height\" content=\"1512\" \/>\n\t<meta property=\"og:image:type\" content=\"image\/jpeg\" \/>\n<meta name=\"author\" content=\"Juan Ignacio Prieto Nieto\" \/>\n<meta name=\"twitter:card\" content=\"summary_large_image\" \/>\n<meta name=\"twitter:label1\" content=\"Escrito por\" \/>\n\t<meta name=\"twitter:data1\" content=\"Juan Ignacio Prieto Nieto\" \/>\n\t<meta name=\"twitter:label2\" content=\"Tiempo de lectura\" \/>\n\t<meta name=\"twitter:data2\" content=\"2 minutos\" \/>\n<script type=\"application\/ld+json\" class=\"yoast-schema-graph\">{\"@context\":\"https:\/\/schema.org\",\"@graph\":[{\"@type\":\"WebPage\",\"@id\":\"https:\/\/www.asajacyl.com\/soria\/asaja-soria-informa\/asaja-soria-estuvo-muy-presente-en-el-bloqueo-del-centro-de-hidrocarburos-de-valladolid-por-la-ruina-para-el-campo-que-genera-el-precio-del-gasoleo\",\"url\":\"https:\/\/www.asajacyl.com\/soria\/asaja-soria-informa\/asaja-soria-estuvo-muy-presente-en-el-bloqueo-del-centro-de-hidrocarburos-de-valladolid-por-la-ruina-para-el-campo-que-genera-el-precio-del-gasoleo\",\"name\":\"ASAJA Soria, muy presente en el bloqueo del centro de hidrocarburos de Valladolid por la ruina que genera el precio del gas\u00f3leo - ASAJA Soria\",\"isPartOf\":{\"@id\":\"https:\/\/www.asajacyl.com\/soria\/#website\"},\"primaryImageOfPage\":{\"@id\":\"https:\/\/www.asajacyl.com\/soria\/asaja-soria-informa\/asaja-soria-estuvo-muy-presente-en-el-bloqueo-del-centro-de-hidrocarburos-de-valladolid-por-la-ruina-para-el-campo-que-genera-el-precio-del-gasoleo#primaryimage\"},\"image\":{\"@id\":\"https:\/\/www.asajacyl.com\/soria\/asaja-soria-informa\/asaja-soria-estuvo-muy-presente-en-el-bloqueo-del-centro-de-hidrocarburos-de-valladolid-por-la-ruina-para-el-campo-que-genera-el-precio-del-gasoleo#primaryimage\"},\"thumbnailUrl\":\"https:\/\/www.asajacyl.com\/soria\/wp-content\/uploads\/sites\/9\/2022\/06\/IMG_5038.jpg\",\"datePublished\":\"2022-06-23T16:53:20+00:00\",\"dateModified\":\"2022-06-23T16:56:47+00:00\",\"author\":{\"@id\":\"https:\/\/www.asajacyl.com\/soria\/#\/schema\/person\/fd3081c40255119ce8133b87e6aedfab\"},\"description\":\"Una representaci\u00f3n de ASAJA Soria estuvo muy activa en la concentraci\u00f3n de protesta el jueves 23 de junio en el centro log\u00edstico de hidrocarburos (CLH) de\",\"breadcrumb\":{\"@id\":\"https:\/\/www.asajacyl.com\/soria\/asaja-soria-informa\/asaja-soria-estuvo-muy-presente-en-el-bloqueo-del-centro-de-hidrocarburos-de-valladolid-por-la-ruina-para-el-campo-que-genera-el-precio-del-gasoleo#breadcrumb\"},\"inLanguage\":\"es\",\"potentialAction\":[{\"@type\":\"ReadAction\",\"target\":[\"https:\/\/www.asajacyl.com\/soria\/asaja-soria-informa\/asaja-soria-estuvo-muy-presente-en-el-bloqueo-del-centro-de-hidrocarburos-de-valladolid-por-la-ruina-para-el-campo-que-genera-el-precio-del-gasoleo\"]}]},{\"@type\":\"ImageObject\",\"inLanguage\":\"es\",\"@id\":\"https:\/\/www.asajacyl.com\/soria\/asaja-soria-informa\/asaja-soria-estuvo-muy-presente-en-el-bloqueo-del-centro-de-hidrocarburos-de-valladolid-por-la-ruina-para-el-campo-que-genera-el-precio-del-gasoleo#primaryimage\",\"url\":\"https:\/\/www.asajacyl.com\/soria\/wp-content\/uploads\/sites\/9\/2022\/06\/IMG_5038.jpg\",\"contentUrl\":\"https:\/\/www.asajacyl.com\/soria\/wp-content\/uploads\/sites\/9\/2022\/06\/IMG_5038.jpg\",\"width\":2016,\"height\":1512},{\"@type\":\"BreadcrumbList\",\"@id\":\"https:\/\/www.asajacyl.com\/soria\/asaja-soria-informa\/asaja-soria-estuvo-muy-presente-en-el-bloqueo-del-centro-de-hidrocarburos-de-valladolid-por-la-ruina-para-el-campo-que-genera-el-precio-del-gasoleo#breadcrumb\",\"itemListElement\":[{\"@type\":\"ListItem\",\"position\":1,\"name\":\"Portada\",\"item\":\"https:\/\/www.asajacyl.com\/soria\/\"},{\"@type\":\"ListItem\",\"position\":2,\"name\":\"ASAJA Soria, muy presente en el bloqueo del centro de hidrocarburos de Valladolid por la ruina que genera el precio del gas\u00f3leo\"}]},{\"@type\":\"WebSite\",\"@id\":\"https:\/\/www.asajacyl.com\/soria\/#website\",\"url\":\"https:\/\/www.asajacyl.com\/soria\/\",\"name\":\"ASAJA Soria\",\"description\":\"Otro sitio m\u00e1s de Provincias ASAJA Castilla y Le\u00f3n\",\"potentialAction\":[{\"@type\":\"SearchAction\",\"target\":{\"@type\":\"EntryPoint\",\"urlTemplate\":\"https:\/\/www.asajacyl.com\/soria\/?s={search_term_string}\"},\"query-input\":{\"@type\":\"PropertyValueSpecification\",\"valueRequired\":true,\"valueName\":\"search_term_string\"}}],\"inLanguage\":\"es\"},{\"@type\":\"Person\",\"@id\":\"https:\/\/www.asajacyl.com\/soria\/#\/schema\/person\/fd3081c40255119ce8133b87e6aedfab\",\"name\":\"Juan Ignacio Prieto Nieto\",\"image\":{\"@type\":\"ImageObject\",\"inLanguage\":\"es\",\"@id\":\"https:\/\/www.asajacyl.com\/soria\/#\/schema\/person\/image\/\",\"url\":\"https:\/\/secure.gravatar.com\/avatar\/8266b36e4d9001acb4700699a2468dc8?s=96&d=mm&r=g\",\"contentUrl\":\"https:\/\/secure.gravatar.com\/avatar\/8266b36e4d9001acb4700699a2468dc8?s=96&d=mm&r=g\",\"caption\":\"Juan Ignacio Prieto Nieto\"},\"url\":\"https:\/\/www.asajacyl.com\/soria\/author\/juanfranciscoby\"}]}<\/script>\n<!-- \/ Yoast SEO plugin. -->","yoast_head_json":{"title":"ASAJA Soria, muy presente en el bloqueo del centro de hidrocarburos de Valladolid por la ruina que genera el precio del gas\u00f3leo - ASAJA Soria","description":"Una representaci\u00f3n de ASAJA Soria estuvo muy activa en la concentraci\u00f3n de protesta el jueves 23 de junio en el centro log\u00edstico de hidrocarburos (CLH) de","robots":{"index":"index","follow":"follow","max-snippet":"max-snippet:-1","max-image-preview":"max-image-preview:large","max-video-preview":"max-video-preview:-1"},"canonical":"https:\/\/www.asajacyl.com\/soria\/asaja-soria-informa\/asaja-soria-estuvo-muy-presente-en-el-bloqueo-del-centro-de-hidrocarburos-de-valladolid-por-la-ruina-para-el-campo-que-genera-el-precio-del-gasoleo","og_locale":"es_ES","og_type":"article","og_title":"ASAJA Soria, muy presente en el bloqueo del centro de hidrocarburos de Valladolid por la ruina que genera el precio del gas\u00f3leo - ASAJA Soria","og_description":"Una representaci\u00f3n de ASAJA Soria estuvo muy activa en la concentraci\u00f3n de protesta el jueves 23 de junio en el centro log\u00edstico de hidrocarburos (CLH) de","og_url":"https:\/\/www.asajacyl.com\/soria\/asaja-soria-informa\/asaja-soria-estuvo-muy-presente-en-el-bloqueo-del-centro-de-hidrocarburos-de-valladolid-por-la-ruina-para-el-campo-que-genera-el-precio-del-gasoleo","og_site_name":"ASAJA Soria","article_published_time":"2022-06-23T16:53:20+00:00","article_modified_time":"2022-06-23T16:56:47+00:00","og_image":[{"width":2016,"height":1512,"url":"https:\/\/www.asajacyl.com\/soria\/wp-content\/uploads\/sites\/9\/2022\/06\/IMG_5038.jpg","type":"image\/jpeg"}],"author":"Juan Ignacio Prieto Nieto","twitter_card":"summary_large_image","twitter_misc":{"Escrito por":"Juan Ignacio Prieto Nieto","Tiempo de lectura":"2 minutos"},"schema":{"@context":"https:\/\/schema.org","@graph":[{"@type":"WebPage","@id":"https:\/\/www.asajacyl.com\/soria\/asaja-soria-informa\/asaja-soria-estuvo-muy-presente-en-el-bloqueo-del-centro-de-hidrocarburos-de-valladolid-por-la-ruina-para-el-campo-que-genera-el-precio-del-gasoleo","url":"https:\/\/www.asajacyl.com\/soria\/asaja-soria-informa\/asaja-soria-estuvo-muy-presente-en-el-bloqueo-del-centro-de-hidrocarburos-de-valladolid-por-la-ruina-para-el-campo-que-genera-el-precio-del-gasoleo","name":"ASAJA Soria, muy presente en el bloqueo del centro de hidrocarburos de Valladolid por la ruina que genera el precio del gas\u00f3leo - ASAJA Soria","isPartOf":{"@id":"https:\/\/www.asajacyl.com\/soria\/#website"},"primaryImageOfPage":{"@id":"https:\/\/www.asajacyl.com\/soria\/asaja-soria-informa\/asaja-soria-estuvo-muy-presente-en-el-bloqueo-del-centro-de-hidrocarburos-de-valladolid-por-la-ruina-para-el-campo-que-genera-el-precio-del-gasoleo#primaryimage"},"image":{"@id":"https:\/\/www.asajacyl.com\/soria\/asaja-soria-informa\/asaja-soria-estuvo-muy-presente-en-el-bloqueo-del-centro-de-hidrocarburos-de-valladolid-por-la-ruina-para-el-campo-que-genera-el-precio-del-gasoleo#primaryimage"},"thumbnailUrl":"https:\/\/www.asajacyl.com\/soria\/wp-content\/uploads\/sites\/9\/2022\/06\/IMG_5038.jpg","datePublished":"2022-06-23T16:53:20+00:00","dateModified":"2022-06-23T16:56:47+00:00","author":{"@id":"https:\/\/www.asajacyl.com\/soria\/#\/schema\/person\/fd3081c40255119ce8133b87e6aedfab"},"description":"Una representaci\u00f3n de ASAJA Soria estuvo muy activa en la concentraci\u00f3n de protesta el jueves 23 de junio en el centro log\u00edstico de hidrocarburos (CLH) de","breadcrumb":{"@id":"https:\/\/www.asajacyl.com\/soria\/asaja-soria-informa\/asaja-soria-estuvo-muy-presente-en-el-bloqueo-del-centro-de-hidrocarburos-de-valladolid-por-la-ruina-para-el-campo-que-genera-el-precio-del-gasoleo#breadcrumb"},"inLanguage":"es","potentialAction":[{"@type":"ReadAction","target":["https:\/\/www.asajacyl.com\/soria\/asaja-soria-informa\/asaja-soria-estuvo-muy-presente-en-el-bloqueo-del-centro-de-hidrocarburos-de-valladolid-por-la-ruina-para-el-campo-que-genera-el-precio-del-gasoleo"]}]},{"@type":"ImageObject","inLanguage":"es","@id":"https:\/\/www.asajacyl.com\/soria\/asaja-soria-informa\/asaja-soria-estuvo-muy-presente-en-el-bloqueo-del-centro-de-hidrocarburos-de-valladolid-por-la-ruina-para-el-campo-que-genera-el-precio-del-gasoleo#primaryimage","url":"https:\/\/www.asajacyl.com\/soria\/wp-content\/uploads\/sites\/9\/2022\/06\/IMG_5038.jpg","contentUrl":"https:\/\/www.asajacyl.com\/soria\/wp-content\/uploads\/sites\/9\/2022\/06\/IMG_5038.jpg","width":2016,"height":1512},{"@type":"BreadcrumbList","@id":"https:\/\/www.asajacyl.com\/soria\/asaja-soria-informa\/asaja-soria-estuvo-muy-presente-en-el-bloqueo-del-centro-de-hidrocarburos-de-valladolid-por-la-ruina-para-el-campo-que-genera-el-precio-del-gasoleo#breadcrumb","itemListElement":[{"@type":"ListItem","position":1,"name":"Portada","item":"https:\/\/www.asajacyl.com\/soria\/"},{"@type":"ListItem","position":2,"name":"ASAJA Soria, muy presente en el bloqueo del centro de hidrocarburos de Valladolid por la ruina que genera el precio del gas\u00f3leo"}]},{"@type":"WebSite","@id":"https:\/\/www.asajacyl.com\/soria\/#website","url":"https:\/\/www.asajacyl.com\/soria\/","name":"ASAJA Soria","description":"Otro sitio m\u00e1s de Provincias ASAJA Castilla y Le\u00f3n","potentialAction":[{"@type":"SearchAction","target":{"@type":"EntryPoint","urlTemplate":"https:\/\/www.asajacyl.com\/soria\/?s={search_term_string}"},"query-input":{"@type":"PropertyValueSpecification","valueRequired":true,"valueName":"search_term_string"}}],"inLanguage":"es"},{"@type":"Person","@id":"https:\/\/www.asajacyl.com\/soria\/#\/schema\/person\/fd3081c40255119ce8133b87e6aedfab","name":"Juan Ignacio Prieto Nieto","image":{"@type":"ImageObject","inLanguage":"es","@id":"https:\/\/www.asajacyl.com\/soria\/#\/schema\/person\/image\/","url":"https:\/\/secure.gravatar.com\/avatar\/8266b36e4d9001acb4700699a2468dc8?s=96&d=mm&r=g","contentUrl":"https:\/\/secure.gravatar.com\/avatar\/8266b36e4d9001acb4700699a2468dc8?s=96&d=mm&r=g","caption":"Juan Ignacio Prieto Nieto"},"url":"https:\/\/www.asajacyl.com\/soria\/author\/juanfranciscoby"}]}},"_links":{"self":[{"href":"https:\/\/www.asajacyl.com\/soria\/wp-json\/wp\/v2\/posts\/5863"}],"collection":[{"href":"https:\/\/www.asajacyl.com\/soria\/wp-json\/wp\/v2\/posts"}],"about":[{"href":"https:\/\/www.asajacyl.com\/soria\/wp-json\/wp\/v2\/types\/post"}],"author":[{"embeddable":true,"href":"https:\/\/www.asajacyl.com\/soria\/wp-json\/wp\/v2\/users\/12"}],"replies":[{"embeddable":true,"href":"https:\/\/www.asajacyl.com\/soria\/wp-json\/wp\/v2\/comments?post=5863"}],"version-history":[{"count":4,"href":"https:\/\/www.asajacyl.com\/soria\/wp-json\/wp\/v2\/posts\/5863\/revisions"}],"predecessor-version":[{"id":5871,"href":"https:\/\/www.asajacyl.com\/soria\/wp-json\/wp\/v2\/posts\/5863\/revisions\/5871"}],"wp:featuredmedia":[{"embeddable":true,"href":"https:\/\/www.asajacyl.com\/soria\/wp-json\/wp\/v2\/media\/5865"}],"wp:attachment":[{"href":"https:\/\/www.asajacyl.com\/soria\/wp-json\/wp\/v2\/media?parent=5863"}],"wp:term":[{"taxonomy":"category","embeddable":true,"href":"https:\/\/www.asajacyl.com\/soria\/wp-json\/wp\/v2\/categories?post=5863"},{"taxonomy":"post_tag","embeddable":true,"href":"https:\/\/www.asajacyl.com\/soria\/wp-json\/wp\/v2\/tags?post=5863"}],"curies":[{"name":"wp","href":"https:\/\/api.w.org\/{rel}","templated":true}]}}